{"id":1038,"date":"2012-07-27T13:01:50","date_gmt":"2012-07-27T16:01:50","guid":{"rendered":"http:\/\/www.encontraribeiraopreto.com.br\/noticias\/?p=1038"},"modified":"2019-04-15T11:27:02","modified_gmt":"2019-04-15T14:27:02","slug":"transerp-sedia-leilao-de-veiculos-no-sabado-em-ribeirao-preto","status":"publish","type":"post","link":"https:\/\/www.encontraribeiraopreto.com.br\/sobre\/transerp-sedia-leilao-de-veiculos-no-sabado-em-ribeirao-preto\/","title":{"rendered":"Transerp sedia leil\u00e3o de ve\u00edculos no s\u00e1bado em Ribeir\u00e3o Preto"},"content":{"rendered":"<div class=\"cd7ef838bed10b2b4567f853226bc383\" data-index=\"1\" style=\"float: none; margin:0px;\">\n<!-- Anuncio display - global -->\r\n<ins class=\"adsbygoogle\"\r\n     style=\"display:block\"\r\n     data-ad-client=\"ca-pub-8585364105181520\"\r\n     data-ad-slot=\"8789329856\"\r\n     data-ad-format=\"auto\"\r\n     data-full-width-responsive=\"true\"><\/ins>\r\n<script>\r\n     (adsbygoogle = window.adsbygoogle || []).push({});\r\n<\/script>\r\n\n<\/div>\n<p>No s\u00e1bado, 28 de julho, \u00e0s 10h, a Transerp, <a title=\"Empresas de transportes em Ribeir\u00e3o Preto\" href=\"http:\/\/www.encontraribeiraopreto.com.br\/t\/transporte-em-ribeirao-preto.shtml\" target=\"_blank\">empresa<\/a> que gerencia o tr\u00e2nsito e o transporte urbano de Ribeir\u00e3o Preto, vai sediar mais um leil\u00e3o de ve\u00edculos, desta vez com uma novidade, 59 ve\u00edculos com direito a documenta\u00e7\u00e3o. Ser\u00e3o 14 autom\u00f3veis e 45 motocicletas que poder\u00e3o ser utilizados regularmente em vias p\u00fablicas.<\/p>\n<p align=\"left\">No total ser\u00e3o leiloados 570 ve\u00edculos, sendo 120 autom\u00f3veis e 450 motocicletas.\u00a0<em>Os demais ser\u00e3o leiloados no estado em que se encontram, sem direito a documenta\u00e7\u00e3o e, portanto, n\u00e3o podem circular pelas vias p\u00fablicas.<\/em><\/p>\n<p align=\"left\">O leil\u00e3o, de responsabilidade da 15\u00aa Ciretran (Circunscri\u00e7\u00e3o Regional de Tr\u00e2nsito\u00a0de Ribeir\u00e3o Preto), acontecer\u00e1 no P\u00e1tio da Transerp, localizado na rua General C\u00e2mara, 2.910.<\/p>\n<p align=\"left\">Nesta sexta-feira, 27 de julho, a visita\u00e7\u00e3o dos ve\u00edculos poder\u00e1 ser feita das 9h \u00e0s 11h e das 14h \u00e0s 17h. No s\u00e1bado, a visita\u00e7\u00e3o ser\u00e1 das 8h \u00e0s 10h. Mais informa\u00e7\u00f5es pelo telefone (16) 3934-9545.<\/p>\n<p align=\"left\"><em>Fonte: Prefeitura de Ribeir\u00e3o Preto<\/em><\/p>\n\n<div style=\"font-size: 0px; height: 0px; line-height: 0px; margin: 0; padding: 0; clear: both;\"><\/div>","protected":false},"excerpt":{"rendered":"<p>No s\u00e1bado, 28 de julho, \u00e0s 10h, a Transerp, empresa que gerencia o tr\u00e2nsito e o transporte urbano de Ribeir\u00e3o Preto, vai sediar mais um leil\u00e3o de ve\u00edculos, desta vez com uma novidade, 59 ve\u00edculos com direito a documenta\u00e7\u00e3o. Ser\u00e3o 14 autom\u00f3veis e 45 motocicletas que poder\u00e3o ser utilizados regularmente em vias p\u00fablicas. No total ser\u00e3o leiloados 570 ve\u00edculos, sendo 120 autom\u00f3veis e 450 motocicletas.\u00a0Os demais ser\u00e3o leiloados no estado em que se encontram, sem direito a documenta\u00e7\u00e3o e, portanto, n\u00e3o podem circular pelas vias p\u00fablicas. O leil\u00e3o, de responsabilidade da 15\u00aa Ciretran (Circunscri\u00e7\u00e3o Regional de Tr\u00e2nsito\u00a0de Ribeir\u00e3o Preto), acontecer\u00e1 <\/p>\n","protected":false},"author":1,"featured_media":0,"comment_status":"open","ping_status":"closed","sticky":false,"template":"","format":"standard","meta":{"footnotes":""},"categories":[6],"tags":[14],"class_list":["post-1038","post","type-post","status-publish","format-standard","hentry","category-noticias-em-ribeirao-preto","tag-ribeirao-preto"],"aioseo_notices":[],"aioseo_head":"\n\t\t<!-- All in One SEO 5.0.0.1 - aioseo.com -->\n\t<meta name=\"description\" content=\"No s\u00e1bado, 28 de julho, \u00e0s 10h, a Transerp, empresa que gerencia o tr\u00e2nsito e o transporte urbano de Ribeir\u00e3o Preto, vai sediar mais um leil\u00e3o de ve\u00edculos, desta vez com uma novidade, 59 ve\u00edculos com direito a documenta\u00e7\u00e3o. Ser\u00e3o 14 autom\u00f3veis e 45 motocicletas que poder\u00e3o ser utilizados regularmente em vias p\u00fablicas. No total\" \/>\n\t<meta name=\"robots\" content=\"max-image-preview:large\" \/>\n\t<meta name=\"author\" content=\"Encontra Ribeir\u00e3o Preto\"\/>\n\t<link rel=\"canonical\" href=\"https:\/\/www.encontraribeiraopreto.com.br\/sobre\/transerp-sedia-leilao-de-veiculos-no-sabado-em-ribeirao-preto\/\" \/>\n\t<meta name=\"generator\" content=\"All in One SEO (AIOSEO) 5.0.0.1\" \/>\n\t\t<meta property=\"og:locale\" content=\"pt_BR\" \/>\n\t\t<meta property=\"og:site_name\" content=\"Encontra Ribeir\u00e3o Preto - Not\u00edcias, eventos, informa\u00e7\u00f5es e dicas na cidade Ribeir\u00e3o Preto e regi\u00e3o.\" \/>\n\t\t<meta property=\"og:type\" content=\"article\" \/>\n\t\t<meta property=\"og:title\" content=\"Transerp sedia leil\u00e3o de ve\u00edculos no s\u00e1bado em Ribeir\u00e3o Preto - Encontra Ribeir\u00e3o Preto\" \/>\n\t\t<meta property=\"og:description\" content=\"No s\u00e1bado, 28 de julho, \u00e0s 10h, a Transerp, empresa que gerencia o tr\u00e2nsito e o transporte urbano de Ribeir\u00e3o Preto, vai sediar mais um leil\u00e3o de ve\u00edculos, desta vez com uma novidade, 59 ve\u00edculos com direito a documenta\u00e7\u00e3o. Ser\u00e3o 14 autom\u00f3veis e 45 motocicletas que poder\u00e3o ser utilizados regularmente em vias p\u00fablicas. No total\" \/>\n\t\t<meta property=\"og:url\" content=\"https:\/\/www.encontraribeiraopreto.com.br\/sobre\/transerp-sedia-leilao-de-veiculos-no-sabado-em-ribeirao-preto\/\" \/>\n\t\t<meta property=\"article:published_time\" content=\"2012-07-27T16:01:50+00:00\" \/>\n\t\t<meta property=\"article:modified_time\" content=\"2019-04-15T14:27:02+00:00\" \/>\n\t\t<meta name=\"twitter:card\" content=\"summary_large_image\" \/>\n\t\t<meta name=\"twitter:title\" content=\"Transerp sedia leil\u00e3o de ve\u00edculos no s\u00e1bado em Ribeir\u00e3o Preto - Encontra Ribeir\u00e3o Preto\" \/>\n\t\t<meta name=\"twitter:description\" content=\"No s\u00e1bado, 28 de julho, \u00e0s 10h, a Transerp, empresa que gerencia o tr\u00e2nsito e o transporte urbano de Ribeir\u00e3o Preto, vai sediar mais um leil\u00e3o de ve\u00edculos, desta vez com uma novidade, 59 ve\u00edculos com direito a documenta\u00e7\u00e3o. Ser\u00e3o 14 autom\u00f3veis e 45 motocicletas que poder\u00e3o ser utilizados regularmente em vias p\u00fablicas. No total\" \/>\n\t\t<script type=\"application\/ld+json\" class=\"aioseo-schema\">\n\t\t\t{\"@context\":\"https:\\\/\\\/schema.org\",\"@graph\":[{\"@type\":\"BlogPosting\",\"@id\":\"https:\\\/\\\/www.encontraribeiraopreto.com.br\\\/sobre\\\/transerp-sedia-leilao-de-veiculos-no-sabado-em-ribeirao-preto\\\/#blogposting\",\"name\":\"Transerp sedia leil\\u00e3o de ve\\u00edculos no s\\u00e1bado em Ribeir\\u00e3o Preto - Encontra Ribeir\\u00e3o Preto\",\"headline\":\"Transerp sedia leil\\u00e3o de ve\\u00edculos no s\\u00e1bado em Ribeir\\u00e3o Preto\",\"author\":{\"@id\":\"https:\\\/\\\/www.encontraribeiraopreto.com.br\\\/sobre\\\/author\\\/eribeiraopreto\\\/#author\"},\"publisher\":{\"@id\":\"https:\\\/\\\/www.encontraribeiraopreto.com.br\\\/sobre\\\/#organization\"},\"datePublished\":\"2012-07-27T13:01:50-03:00\",\"dateModified\":\"2019-04-15T11:27:02-03:00\",\"inLanguage\":\"pt-BR\",\"mainEntityOfPage\":{\"@id\":\"https:\\\/\\\/www.encontraribeiraopreto.com.br\\\/sobre\\\/transerp-sedia-leilao-de-veiculos-no-sabado-em-ribeirao-preto\\\/#webpage\"},\"isPartOf\":{\"@id\":\"https:\\\/\\\/www.encontraribeiraopreto.com.br\\\/sobre\\\/transerp-sedia-leilao-de-veiculos-no-sabado-em-ribeirao-preto\\\/#webpage\"},\"articleSection\":\"Not\\u00edcias Ribeir\\u00e3o Preto, Ribeir\\u00e3o Preto\"},{\"@type\":\"BreadcrumbList\",\"@id\":\"https:\\\/\\\/www.encontraribeiraopreto.com.br\\\/sobre\\\/transerp-sedia-leilao-de-veiculos-no-sabado-em-ribeirao-preto\\\/#breadcrumblist\",\"itemListElement\":[{\"@type\":\"ListItem\",\"@id\":\"https:\\\/\\\/www.encontraribeiraopreto.com.br\\\/sobre#listItem\",\"position\":1,\"name\":\"In\\u00edcio\",\"item\":\"https:\\\/\\\/www.encontraribeiraopreto.com.br\\\/sobre\",\"nextItem\":{\"@type\":\"ListItem\",\"@id\":\"https:\\\/\\\/www.encontraribeiraopreto.com.br\\\/sobre\\\/noticias-em-ribeirao-preto\\\/#listItem\",\"name\":\"Not\\u00edcias Ribeir\\u00e3o Preto\"}},{\"@type\":\"ListItem\",\"@id\":\"https:\\\/\\\/www.encontraribeiraopreto.com.br\\\/sobre\\\/noticias-em-ribeirao-preto\\\/#listItem\",\"position\":2,\"name\":\"Not\\u00edcias Ribeir\\u00e3o Preto\",\"item\":\"https:\\\/\\\/www.encontraribeiraopreto.com.br\\\/sobre\\\/noticias-em-ribeirao-preto\\\/\",\"nextItem\":{\"@type\":\"ListItem\",\"@id\":\"https:\\\/\\\/www.encontraribeiraopreto.com.br\\\/sobre\\\/transerp-sedia-leilao-de-veiculos-no-sabado-em-ribeirao-preto\\\/#listItem\",\"name\":\"Transerp sedia leil\\u00e3o de ve\\u00edculos no s\\u00e1bado em Ribeir\\u00e3o Preto\"},\"previousItem\":{\"@type\":\"ListItem\",\"@id\":\"https:\\\/\\\/www.encontraribeiraopreto.com.br\\\/sobre#listItem\",\"name\":\"In\\u00edcio\"}},{\"@type\":\"ListItem\",\"@id\":\"https:\\\/\\\/www.encontraribeiraopreto.com.br\\\/sobre\\\/transerp-sedia-leilao-de-veiculos-no-sabado-em-ribeirao-preto\\\/#listItem\",\"position\":3,\"name\":\"Transerp sedia leil\\u00e3o de ve\\u00edculos no s\\u00e1bado em Ribeir\\u00e3o Preto\",\"previousItem\":{\"@type\":\"ListItem\",\"@id\":\"https:\\\/\\\/www.encontraribeiraopreto.com.br\\\/sobre\\\/noticias-em-ribeirao-preto\\\/#listItem\",\"name\":\"Not\\u00edcias Ribeir\\u00e3o Preto\"}}]},{\"@type\":\"Organization\",\"@id\":\"https:\\\/\\\/www.encontraribeiraopreto.com.br\\\/sobre\\\/#organization\",\"name\":\"Encontra Ribeir\\u00e3o Preto\",\"description\":\"Not\\u00edcias, eventos, informa\\u00e7\\u00f5es e dicas na cidade Ribeir\\u00e3o Preto e regi\\u00e3o.\",\"url\":\"https:\\\/\\\/www.encontraribeiraopreto.com.br\\\/sobre\\\/\"},{\"@type\":\"Person\",\"@id\":\"https:\\\/\\\/www.encontraribeiraopreto.com.br\\\/sobre\\\/author\\\/eribeiraopreto\\\/#author\",\"url\":\"https:\\\/\\\/www.encontraribeiraopreto.com.br\\\/sobre\\\/author\\\/eribeiraopreto\\\/\",\"name\":\"Encontra Ribeir\\u00e3o Preto\",\"image\":{\"@type\":\"ImageObject\",\"@id\":\"https:\\\/\\\/www.encontraribeiraopreto.com.br\\\/sobre\\\/transerp-sedia-leilao-de-veiculos-no-sabado-em-ribeirao-preto\\\/#authorImage\",\"url\":\"https:\\\/\\\/secure.gravatar.com\\\/avatar\\\/507340682b8270222e1f208e23198b6ae7e2c6a1033ae84e99bc6bce4f82a387?s=96&d=mm&r=g\",\"width\":96,\"height\":96,\"caption\":\"Encontra Ribeir\\u00e3o Preto\"}},{\"@type\":\"WebPage\",\"@id\":\"https:\\\/\\\/www.encontraribeiraopreto.com.br\\\/sobre\\\/transerp-sedia-leilao-de-veiculos-no-sabado-em-ribeirao-preto\\\/#webpage\",\"url\":\"https:\\\/\\\/www.encontraribeiraopreto.com.br\\\/sobre\\\/transerp-sedia-leilao-de-veiculos-no-sabado-em-ribeirao-preto\\\/\",\"name\":\"Transerp sedia leil\\u00e3o de ve\\u00edculos no s\\u00e1bado em Ribeir\\u00e3o Preto - Encontra Ribeir\\u00e3o Preto\",\"description\":\"No s\\u00e1bado, 28 de julho, \\u00e0s 10h, a Transerp, empresa que gerencia o tr\\u00e2nsito e o transporte urbano de Ribeir\\u00e3o Preto, vai sediar mais um leil\\u00e3o de ve\\u00edculos, desta vez com uma novidade, 59 ve\\u00edculos com direito a documenta\\u00e7\\u00e3o. Ser\\u00e3o 14 autom\\u00f3veis e 45 motocicletas que poder\\u00e3o ser utilizados regularmente em vias p\\u00fablicas. No total\",\"inLanguage\":\"pt-BR\",\"isPartOf\":{\"@id\":\"https:\\\/\\\/www.encontraribeiraopreto.com.br\\\/sobre\\\/#website\"},\"breadcrumb\":{\"@id\":\"https:\\\/\\\/www.encontraribeiraopreto.com.br\\\/sobre\\\/transerp-sedia-leilao-de-veiculos-no-sabado-em-ribeirao-preto\\\/#breadcrumblist\"},\"author\":{\"@id\":\"https:\\\/\\\/www.encontraribeiraopreto.com.br\\\/sobre\\\/author\\\/eribeiraopreto\\\/#author\"},\"creator\":{\"@id\":\"https:\\\/\\\/www.encontraribeiraopreto.com.br\\\/sobre\\\/author\\\/eribeiraopreto\\\/#author\"},\"datePublished\":\"2012-07-27T13:01:50-03:00\",\"dateModified\":\"2019-04-15T11:27:02-03:00\"},{\"@type\":\"WebSite\",\"@id\":\"https:\\\/\\\/www.encontraribeiraopreto.com.br\\\/sobre\\\/#website\",\"url\":\"https:\\\/\\\/www.encontraribeiraopreto.com.br\\\/sobre\\\/\",\"name\":\"Encontra Ribeir\\u00e3o Preto\",\"description\":\"Not\\u00edcias, eventos, informa\\u00e7\\u00f5es e dicas na cidade Ribeir\\u00e3o Preto e regi\\u00e3o.\",\"inLanguage\":\"pt-BR\",\"publisher\":{\"@id\":\"https:\\\/\\\/www.encontraribeiraopreto.com.br\\\/sobre\\\/#organization\"}}]}\n\t\t<\/script>\n\t\t<!-- All in One SEO -->\n\n","aioseo_head_json":{"title":"Transerp sedia leil\u00e3o de ve\u00edculos no s\u00e1bado em Ribeir\u00e3o Preto - Encontra Ribeir\u00e3o Preto","description":"No s\u00e1bado, 28 de julho, \u00e0s 10h, a Transerp, empresa que gerencia o tr\u00e2nsito e o transporte urbano de Ribeir\u00e3o Preto, vai sediar mais um leil\u00e3o de ve\u00edculos, desta vez com uma novidade, 59 ve\u00edculos com direito a documenta\u00e7\u00e3o. Ser\u00e3o 14 autom\u00f3veis e 45 motocicletas que poder\u00e3o ser utilizados regularmente em vias p\u00fablicas. No total","canonical_url":"https:\/\/www.encontraribeiraopreto.com.br\/sobre\/transerp-sedia-leilao-de-veiculos-no-sabado-em-ribeirao-preto\/","robots":"max-image-preview:large","keywords":"","webmasterTools":{"miscellaneous":""},"schema":{"@context":"https:\/\/schema.org","@graph":[{"@type":"BlogPosting","@id":"https:\/\/www.encontraribeiraopreto.com.br\/sobre\/transerp-sedia-leilao-de-veiculos-no-sabado-em-ribeirao-preto\/#blogposting","name":"Transerp sedia leil\u00e3o de ve\u00edculos no s\u00e1bado em Ribeir\u00e3o Preto - Encontra Ribeir\u00e3o Preto","headline":"Transerp sedia leil\u00e3o de ve\u00edculos no s\u00e1bado em Ribeir\u00e3o Preto","author":{"@id":"https:\/\/www.encontraribeiraopreto.com.br\/sobre\/author\/eribeiraopreto\/#author"},"publisher":{"@id":"https:\/\/www.encontraribeiraopreto.com.br\/sobre\/#organization"},"datePublished":"2012-07-27T13:01:50-03:00","dateModified":"2019-04-15T11:27:02-03:00","inLanguage":"pt-BR","mainEntityOfPage":{"@id":"https:\/\/www.encontraribeiraopreto.com.br\/sobre\/transerp-sedia-leilao-de-veiculos-no-sabado-em-ribeirao-preto\/#webpage"},"isPartOf":{"@id":"https:\/\/www.encontraribeiraopreto.com.br\/sobre\/transerp-sedia-leilao-de-veiculos-no-sabado-em-ribeirao-preto\/#webpage"},"articleSection":"Not\u00edcias Ribeir\u00e3o Preto, Ribeir\u00e3o Preto"},{"@type":"BreadcrumbList","@id":"https:\/\/www.encontraribeiraopreto.com.br\/sobre\/transerp-sedia-leilao-de-veiculos-no-sabado-em-ribeirao-preto\/#breadcrumblist","itemListElement":[{"@type":"ListItem","@id":"https:\/\/www.encontraribeiraopreto.com.br\/sobre#listItem","position":1,"name":"In\u00edcio","item":"https:\/\/www.encontraribeiraopreto.com.br\/sobre","nextItem":{"@type":"ListItem","@id":"https:\/\/www.encontraribeiraopreto.com.br\/sobre\/noticias-em-ribeirao-preto\/#listItem","name":"Not\u00edcias Ribeir\u00e3o Preto"}},{"@type":"ListItem","@id":"https:\/\/www.encontraribeiraopreto.com.br\/sobre\/noticias-em-ribeirao-preto\/#listItem","position":2,"name":"Not\u00edcias Ribeir\u00e3o Preto","item":"https:\/\/www.encontraribeiraopreto.com.br\/sobre\/noticias-em-ribeirao-preto\/","nextItem":{"@type":"ListItem","@id":"https:\/\/www.encontraribeiraopreto.com.br\/sobre\/transerp-sedia-leilao-de-veiculos-no-sabado-em-ribeirao-preto\/#listItem","name":"Transerp sedia leil\u00e3o de ve\u00edculos no s\u00e1bado em Ribeir\u00e3o Preto"},"previousItem":{"@type":"ListItem","@id":"https:\/\/www.encontraribeiraopreto.com.br\/sobre#listItem","name":"In\u00edcio"}},{"@type":"ListItem","@id":"https:\/\/www.encontraribeiraopreto.com.br\/sobre\/transerp-sedia-leilao-de-veiculos-no-sabado-em-ribeirao-preto\/#listItem","position":3,"name":"Transerp sedia leil\u00e3o de ve\u00edculos no s\u00e1bado em Ribeir\u00e3o Preto","previousItem":{"@type":"ListItem","@id":"https:\/\/www.encontraribeiraopreto.com.br\/sobre\/noticias-em-ribeirao-preto\/#listItem","name":"Not\u00edcias Ribeir\u00e3o Preto"}}]},{"@type":"Organization","@id":"https:\/\/www.encontraribeiraopreto.com.br\/sobre\/#organization","name":"Encontra Ribeir\u00e3o Preto","description":"Not\u00edcias, eventos, informa\u00e7\u00f5es e dicas na cidade Ribeir\u00e3o Preto e regi\u00e3o.","url":"https:\/\/www.encontraribeiraopreto.com.br\/sobre\/"},{"@type":"Person","@id":"https:\/\/www.encontraribeiraopreto.com.br\/sobre\/author\/eribeiraopreto\/#author","url":"https:\/\/www.encontraribeiraopreto.com.br\/sobre\/author\/eribeiraopreto\/","name":"Encontra Ribeir\u00e3o Preto","image":{"@type":"ImageObject","@id":"https:\/\/www.encontraribeiraopreto.com.br\/sobre\/transerp-sedia-leilao-de-veiculos-no-sabado-em-ribeirao-preto\/#authorImage","url":"https:\/\/secure.gravatar.com\/avatar\/507340682b8270222e1f208e23198b6ae7e2c6a1033ae84e99bc6bce4f82a387?s=96&d=mm&r=g","width":96,"height":96,"caption":"Encontra Ribeir\u00e3o Preto"}},{"@type":"WebPage","@id":"https:\/\/www.encontraribeiraopreto.com.br\/sobre\/transerp-sedia-leilao-de-veiculos-no-sabado-em-ribeirao-preto\/#webpage","url":"https:\/\/www.encontraribeiraopreto.com.br\/sobre\/transerp-sedia-leilao-de-veiculos-no-sabado-em-ribeirao-preto\/","name":"Transerp sedia leil\u00e3o de ve\u00edculos no s\u00e1bado em Ribeir\u00e3o Preto - Encontra Ribeir\u00e3o Preto","description":"No s\u00e1bado, 28 de julho, \u00e0s 10h, a Transerp, empresa que gerencia o tr\u00e2nsito e o transporte urbano de Ribeir\u00e3o Preto, vai sediar mais um leil\u00e3o de ve\u00edculos, desta vez com uma novidade, 59 ve\u00edculos com direito a documenta\u00e7\u00e3o. Ser\u00e3o 14 autom\u00f3veis e 45 motocicletas que poder\u00e3o ser utilizados regularmente em vias p\u00fablicas. No total","inLanguage":"pt-BR","isPartOf":{"@id":"https:\/\/www.encontraribeiraopreto.com.br\/sobre\/#website"},"breadcrumb":{"@id":"https:\/\/www.encontraribeiraopreto.com.br\/sobre\/transerp-sedia-leilao-de-veiculos-no-sabado-em-ribeirao-preto\/#breadcrumblist"},"author":{"@id":"https:\/\/www.encontraribeiraopreto.com.br\/sobre\/author\/eribeiraopreto\/#author"},"creator":{"@id":"https:\/\/www.encontraribeiraopreto.com.br\/sobre\/author\/eribeiraopreto\/#author"},"datePublished":"2012-07-27T13:01:50-03:00","dateModified":"2019-04-15T11:27:02-03:00"},{"@type":"WebSite","@id":"https:\/\/www.encontraribeiraopreto.com.br\/sobre\/#website","url":"https:\/\/www.encontraribeiraopreto.com.br\/sobre\/","name":"Encontra Ribeir\u00e3o Preto","description":"Not\u00edcias, eventos, informa\u00e7\u00f5es e dicas na cidade Ribeir\u00e3o Preto e regi\u00e3o.","inLanguage":"pt-BR","publisher":{"@id":"https:\/\/www.encontraribeiraopreto.com.br\/sobre\/#organization"}}]},"og:locale":"pt_BR","og:site_name":"Encontra Ribeir\u00e3o Preto - Not\u00edcias, eventos, informa\u00e7\u00f5es e dicas na cidade Ribeir\u00e3o Preto e regi\u00e3o.","og:type":"article","og:title":"Transerp sedia leil\u00e3o de ve\u00edculos no s\u00e1bado em Ribeir\u00e3o Preto - Encontra Ribeir\u00e3o Preto","og:description":"No s\u00e1bado, 28 de julho, \u00e0s 10h, a Transerp, empresa que gerencia o tr\u00e2nsito e o transporte urbano de Ribeir\u00e3o Preto, vai sediar mais um leil\u00e3o de ve\u00edculos, desta vez com uma novidade, 59 ve\u00edculos com direito a documenta\u00e7\u00e3o. Ser\u00e3o 14 autom\u00f3veis e 45 motocicletas que poder\u00e3o ser utilizados regularmente em vias p\u00fablicas. No total","og:url":"https:\/\/www.encontraribeiraopreto.com.br\/sobre\/transerp-sedia-leilao-de-veiculos-no-sabado-em-ribeirao-preto\/","article:published_time":"2012-07-27T16:01:50+00:00","article:modified_time":"2019-04-15T14:27:02+00:00","twitter:card":"summary_large_image","twitter:title":"Transerp sedia leil\u00e3o de ve\u00edculos no s\u00e1bado em Ribeir\u00e3o Preto - Encontra Ribeir\u00e3o Preto","twitter:description":"No s\u00e1bado, 28 de julho, \u00e0s 10h, a Transerp, empresa que gerencia o tr\u00e2nsito e o transporte urbano de Ribeir\u00e3o Preto, vai sediar mais um leil\u00e3o de ve\u00edculos, desta vez com uma novidade, 59 ve\u00edculos com direito a documenta\u00e7\u00e3o. Ser\u00e3o 14 autom\u00f3veis e 45 motocicletas que poder\u00e3o ser utilizados regularmente em vias p\u00fablicas. No total"},"aioseo_meta_data":{"post_id":"1038","title":null,"description":null,"keywords":null,"keyphrases":null,"primary_term":null,"canonical_url":null,"og_title":null,"og_description":null,"og_object_type":"default","og_image_type":"default","og_image_url":null,"og_image_width":null,"og_image_height":null,"og_image_custom_url":null,"og_image_custom_fields":null,"og_video":null,"og_custom_url":null,"og_article_section":null,"og_article_tags":null,"twitter_use_og":false,"twitter_card":"default","twitter_image_type":"default","twitter_image_url":null,"twitter_image_custom_url":null,"twitter_image_custom_fields":null,"twitter_title":null,"twitter_description":null,"schema":{"blockGraphs":[],"customGraphs":[],"default":{"data":{"Article":[],"Course":[],"Dataset":[],"FAQPage":[],"Movie":[],"Person":[],"Product":[],"ProductReview":[],"Car":[],"Recipe":[],"Service":[],"SoftwareApplication":[],"WebPage":[]},"graphName":"BlogPosting","isEnabled":true},"graphs":[]},"schema_type":null,"schema_type_options":null,"pillar_content":false,"robots_default":true,"robots_noindex":false,"robots_noarchive":false,"robots_nosnippet":false,"robots_nofollow":false,"robots_noimageindex":false,"robots_noodp":false,"robots_notranslate":false,"robots_max_snippet":null,"robots_max_videopreview":null,"robots_max_imagepreview":"large","priority":null,"frequency":null,"local_seo":null,"limit_modified_date":false,"created":"2021-02-24 13:44:42","updated":"2023-03-07 11:55:17","focus_keyword":null,"additional_keywords":null,"truseo_locale":null,"ai":null,"breadcrumb_settings":null,"seo_analyzer_scan_date":null},"aioseo_breadcrumb":"<div class=\"aioseo-breadcrumbs\"><span class=\"aioseo-breadcrumb\">\n\t\t\t<a href=\"https:\/\/www.encontraribeiraopreto.com.br\/sobre\" title=\"In\u00edcio\">In\u00edcio<\/a>\n\t\t<\/span><span class=\"aioseo-breadcrumb-separator\">&raquo;<\/span><span class=\"aioseo-breadcrumb\">\n\t\t\t<a href=\"https:\/\/www.encontraribeiraopreto.com.br\/sobre\/noticias-em-ribeirao-preto\/\" title=\"Not\u00edcias Ribeir\u00e3o Preto\">Not\u00edcias Ribeir\u00e3o Preto<\/a>\n\t\t<\/span><span class=\"aioseo-breadcrumb-separator\">&raquo;<\/span><span class=\"aioseo-breadcrumb\">\n\t\t\tTranserp sedia leil\u00e3o de ve\u00edculos no s\u00e1bado em Ribeir\u00e3o Preto\n\t\t<\/span><\/div>","aioseo_breadcrumb_json":[{"label":"In\u00edcio","link":"https:\/\/www.encontraribeiraopreto.com.br\/sobre"},{"label":"Not\u00edcias Ribeir\u00e3o Preto","link":"https:\/\/www.encontraribeiraopreto.com.br\/sobre\/noticias-em-ribeirao-preto\/"},{"label":"Transerp sedia leil\u00e3o de ve\u00edculos no s\u00e1bado em Ribeir\u00e3o Preto","link":"https:\/\/www.encontraribeiraopreto.com.br\/sobre\/transerp-sedia-leilao-de-veiculos-no-sabado-em-ribeirao-preto\/"}],"_links":{"self":[{"href":"https:\/\/www.encontraribeiraopreto.com.br\/sobre\/wp-json\/wp\/v2\/posts\/1038","targetHints":{"allow":["GET"]}}],"collection":[{"href":"https:\/\/www.encontraribeiraopreto.com.br\/sobre\/wp-json\/wp\/v2\/posts"}],"about":[{"href":"https:\/\/www.encontraribeiraopreto.com.br\/sobre\/wp-json\/wp\/v2\/types\/post"}],"author":[{"embeddable":true,"href":"https:\/\/www.encontraribeiraopreto.com.br\/sobre\/wp-json\/wp\/v2\/users\/1"}],"replies":[{"embeddable":true,"href":"https:\/\/www.encontraribeiraopreto.com.br\/sobre\/wp-json\/wp\/v2\/comments?post=1038"}],"version-history":[{"count":0,"href":"https:\/\/www.encontraribeiraopreto.com.br\/sobre\/wp-json\/wp\/v2\/posts\/1038\/revisions"}],"wp:attachment":[{"href":"https:\/\/www.encontraribeiraopreto.com.br\/sobre\/wp-json\/wp\/v2\/media?parent=1038"}],"wp:term":[{"taxonomy":"category","embeddable":true,"href":"https:\/\/www.encontraribeiraopreto.com.br\/sobre\/wp-json\/wp\/v2\/categories?post=1038"},{"taxonomy":"post_tag","embeddable":true,"href":"https:\/\/www.encontraribeiraopreto.com.br\/sobre\/wp-json\/wp\/v2\/tags?post=1038"}],"curies":[{"name":"wp","href":"https:\/\/api.w.org\/{rel}","templated":true}]}}