{"id":1090,"date":"2012-08-03T00:20:28","date_gmt":"2012-08-03T03:20:28","guid":{"rendered":"http:\/\/www.encontraribeiraopreto.com.br\/noticias\/?p=1090"},"modified":"2019-04-15T11:27:00","modified_gmt":"2019-04-15T14:27:00","slug":"festival-do-sesi-exibe-filmes-nacionais-premiados-na-regiao-de-ribeirao","status":"publish","type":"post","link":"https:\/\/www.encontraribeiraopreto.com.br\/sobre\/festival-do-sesi-exibe-filmes-nacionais-premiados-na-regiao-de-ribeirao\/","title":{"rendered":"Festival do Sesi exibe filmes nacionais premiados na regi\u00e3o de Ribeir\u00e3o"},"content":{"rendered":"<div class=\"cd7ef838bed10b2b4567f853226bc383\" data-index=\"1\" style=\"float: none; margin:0px;\">\n<!-- Anuncio display - global -->\r\n<ins class=\"adsbygoogle\"\r\n     style=\"display:block\"\r\n     data-ad-client=\"ca-pub-8585364105181520\"\r\n     data-ad-slot=\"8789329856\"\r\n     data-ad-format=\"auto\"\r\n     data-full-width-responsive=\"true\"><\/ins>\r\n<script>\r\n     (adsbygoogle = window.adsbygoogle || []).push({});\r\n<\/script>\r\n\n<\/div>\n<p>Filmes nacionais consagrados pela cr\u00edtica e pelo p\u00fablico podem ser vistos gratuitamente em tr\u00eas cidades da regi\u00e3o de\u00a0Ribeir\u00e3o Preto\u00a0(SP) at\u00e9 31 de agosto, pela s\u00e9tima edi\u00e7\u00e3o do Pr\u00eamio Fiesp\/Sesi do Cinema Paulista.<\/p>\n<p>As unidades da <a href=\"http:\/\/www.encontrafranca.com.br\/\" target=\"_blank\">cidade de Franca<\/a> (SP), Sert\u00e3ozinho (SP) e <a href=\"http:\/\/www.encontraribeiraopreto.com.br\/\" target=\"_blank\">cidade de Ribeir\u00e3o Preto<\/a> (SP) ter\u00e3o exibi\u00e7\u00f5es de 20 produ\u00e7\u00f5es indicadas para categorias como &#8220;melhor filme&#8221;, &#8220;melhor diretor&#8221;, &#8220;melhor roteiro&#8221;, entre outras, por meio de j\u00fari popular. As melhores foram selecionadas por um j\u00fari oficial.<\/p>\n<p>O p\u00fablico poder\u00e1 conferir document\u00e1rios como &#8220;\u00c0 Margem do Lixo&#8221;, de Evaldo Mocarzel, que retrata a vida dos catadores do lixo em S\u00e3o Paulo, al\u00e9m de &#8220;Evo\u00e9! Retrato De Um Antrop\u00f3logo&#8221;, de Tadeu Jungle, e &#8220;Mamonas Pra Sempre&#8221;, sobre a trajet\u00f3ria do grupo Mamonas Assassinas, de Cl\u00e1udio Kahns. A programa\u00e7\u00e3o tamb\u00e9m inclui fic\u00e7\u00f5es como &#8220;Natimorto&#8221;, de Paulo Machline, e o drama &#8220;VIPs&#8221;, de Toniko Melo.<\/p>\n<p><strong>Servi\u00e7o<br \/>\n<\/strong>O Sesi de Ribeir\u00e3o Preto fica na <a href=\"http:\/\/www.encontrasp.com.br\/ribeiraopreto-centro\/guia-de-ruas\/rua-dom-luiz-do-amaral-mousinho.html\" target=\"_blank\">Rua Dom Lu\u00eds do Amaral Mousinho<\/a>, 3.465, no Jardim Castelo Branco. Em\u00a0Franca, a unidade est\u00e1 localizada em Avenida Santa Cruz, 2.870, na Villa Scarabucci. Em\u00a0Sert\u00e3ozinho, o Sesi fica Rua Jos\u00e9 Rodrigues Godinho, 100, na Cohab V.<\/p>\n<p>Confira, abaixo, a programa\u00e7\u00e3o do Pr\u00eamio Fiesp\/Sesi do Cinema Paulista:<\/p>\n<p>&nbsp;<\/p>\n<table width=\"512\" border=\"0\" cellspacing=\"0\" cellpadding=\"0\">\n<colgroup>\n<col width=\"392\" \/>\n<col width=\"120\" \/> <\/colgroup>\n<tbody>\n<tr>\n<td style=\"text-align: center;\" width=\"392\" height=\"46\">FILME<\/td>\n<td width=\"120\">SESI RIBEIR\u00c3O<\/td>\n<\/tr>\n<tr>\n<td width=\"392\" height=\"55\">\u00c0 Margem Do Lixo<span>\u00a0(Evaldo Mocarzel, 2008, document\u00e1rio, 84 minutos)<\/span><\/td>\n<td style=\"text-align: center;\" width=\"120\">9\/8; 18h15<\/td>\n<\/tr>\n<tr>\n<td width=\"392\" height=\"38\">Al\u00e9m Da Estrada<span>\u00a0(Charly Braun<\/span><\/td>\n<td style=\"text-align: center;\" rowspan=\"2\" width=\"120\">23\/8; 22h30<\/td>\n<\/tr>\n<tr>\n<td width=\"392\" height=\"29\">BRA, 2010, fic\u00e7\u00e3o, 86 min)<\/td>\n<\/tr>\n<tr>\n<td width=\"392\" height=\"44\">Amanh\u00e3 Nunca Mais<span>\u00a0(Tadeu Jungle<\/span><\/td>\n<td style=\"text-align: center;\" rowspan=\"2\" width=\"120\">&#8211;<\/td>\n<\/tr>\n<tr>\n<td width=\"392\" height=\"49\">BRA, 2011, com\u00e9dia dram\u00e1tica, 78 minutos, 12 anos)<\/td>\n<\/tr>\n<tr>\n<td width=\"392\" height=\"42\">As Doze Estrelas<span>\u00a0(Luiz Alberto Pereira<\/span><\/td>\n<td style=\"text-align: center;\" rowspan=\"2\" width=\"120\">&#8211;<\/td>\n<\/tr>\n<tr>\n<td width=\"392\" height=\"41\">BRA, 2010, com\u00e9dia, 99 minutos)<\/td>\n<\/tr>\n<tr>\n<td width=\"392\" height=\"50\">\u00c0s Vezes O C\u00e9u \u00c9 Azul<span>\u00a0(Joeli Pimentel, fic\u00e7\u00e3o, 15 minutos)<\/span><\/td>\n<td style=\"text-align: center;\" width=\"120\">9\/8; 18h<\/td>\n<\/tr>\n<tr>\n<td width=\"392\" height=\"50\">Bollywood Dream<span>\u00a0(Beatriz Seigner, 2010, fic\u00e7\u00e3o, 84 minutos, livre)<\/span><\/td>\n<td style=\"text-align: center;\" width=\"120\">&#8211;<\/td>\n<\/tr>\n<tr>\n<td width=\"392\" height=\"36\">Br\u00f3der<span>\u00a0(Jeferson De, 2010, drama, 90 minutos, 14 anos.)<\/span><\/td>\n<td style=\"text-align: center;\" width=\"120\">9\/8; 20h<\/td>\n<\/tr>\n<tr>\n<td width=\"392\" height=\"39\">D. on Ice<span>\u00a0(Ale McHaddo, anima\u00e7\u00e3o, 13 minutos)<\/span><\/td>\n<td style=\"text-align: center;\" width=\"120\">16\/8; 18h<\/td>\n<\/tr>\n<tr>\n<td width=\"392\" height=\"68\">Eu Eu Eu Jos\u00e9 Lewgoy<span>\u00a0(Cla\u00fadio Kahns, 2009, document\u00e1rio, 93 minutos, 10 anos)<\/span><\/td>\n<td style=\"text-align: center;\" width=\"120\">16\/8; 18h15<\/td>\n<\/tr>\n<tr>\n<td width=\"392\" height=\"96\">Evo\u00e9! Retrato De Um Antrop\u00f3logo<span>\u00a0(Tadeu Jungle\/Elaine C\u00e9sar, 2011, document\u00e1rio, 110 minutos, 16 anos)<\/span><\/td>\n<td style=\"text-align: center;\" width=\"120\">2\/8; 19h<\/td>\n<\/tr>\n<tr>\n<td width=\"392\" height=\"58\">Irene<span>\u00a0(Patr\u00edcia Galucci; Victor Nascimento, fic\u00e7\u00e3o, 14 minutos, 18 anos)<\/span><\/td>\n<td style=\"text-align: center;\" width=\"120\">2\/8; 9h50<\/td>\n<\/tr>\n<tr>\n<td width=\"392\" height=\"68\">Mamonas Pra Sempre<span>\u00a0(Cl\u00e1udio Kahns, 2009, document\u00e1rio, 83 minutos)<\/span><\/td>\n<td style=\"text-align: center;\" width=\"120\">&#8211;<\/td>\n<\/tr>\n<tr>\n<td width=\"392\" height=\"45\">M\u00e1scara Negra<span>\u00a0(Rene Brasil, fic\u00e7\u00e3o, 15 minutos)<\/span><\/td>\n<td style=\"text-align: center;\" width=\"120\">23\/8; 17h<\/td>\n<\/tr>\n<tr>\n<td width=\"392\" height=\"48\">Meu Pa\u00eds<span>\u00a0(Andr\u00e9 Ristrum, 2011, drama, 95 minutos)<\/span><\/td>\n<td style=\"text-align: center;\" width=\"120\">23\/8; 21h<\/td>\n<\/tr>\n<tr>\n<td width=\"392\" height=\"52\">Natimorto<span>\u00a0(Paulo Machline, 2009, drama, 92 minutos, 14 anos.)<\/span><\/td>\n<td style=\"text-align: center;\" width=\"120\">&#8211;<\/td>\n<\/tr>\n<tr>\n<td width=\"392\" height=\"51\">No Olho Da Rua<span>\u00a0(Rog\u00e9rio Corr\u00eaa, 2010, drama, 100 minutos)<\/span><\/td>\n<td style=\"text-align: center;\" width=\"120\">23\/8; 19h15<\/td>\n<\/tr>\n<tr>\n<td width=\"392\" height=\"66\">Onde Est\u00e1 A Felicidade<span>\u00a0(Carlos Alberto Riccelli, 2011, com\u00e9dia rom\u00e2ntica, 110 minutos)<\/span><\/td>\n<td style=\"text-align: center;\" width=\"120\">23\/8; 17h15<\/td>\n<\/tr>\n<tr>\n<td width=\"392\" height=\"53\">Os 3<span>\u00a0(Nando Olival, 2011, com\u00e9dia rom\u00e2ntica, 79 minutos)<\/span><\/td>\n<td style=\"text-align: center;\" width=\"120\">16\/8; 20h<\/td>\n<\/tr>\n<tr>\n<td width=\"392\" height=\"51\">Quebradeiras<span>\u00a0(Evaldo Mocarzel, 2008, document\u00e1rio, 71 minutos)<\/span><\/td>\n<td style=\"text-align: center;\" width=\"120\">2\/8; 19h<\/td>\n<\/tr>\n<tr>\n<td width=\"392\" height=\"55\">Trabalhar Cansa<span>\u00a0(Juliana Rojas\/Marco Dutra, 2011, drama, 99 minutos)<\/span><\/td>\n<td style=\"text-align: center;\" width=\"120\">30\/8; 18h15<\/td>\n<\/tr>\n<tr>\n<td width=\"392\" height=\"46\">VIPs<span>\u00a0(Toniko Melo, 2009, drama, 110 min, 12 anos.)<\/span><\/td>\n<td style=\"text-align: center;\" width=\"120\">&#8211;<\/td>\n<\/tr>\n<\/tbody>\n<\/table>\n<p><em> Fonte: G1<\/em><\/p>\n\n<div style=\"font-size: 0px; height: 0px; line-height: 0px; margin: 0; padding: 0; clear: both;\"><\/div>","protected":false},"excerpt":{"rendered":"<p>Filmes nacionais consagrados pela cr\u00edtica e pelo p\u00fablico podem ser vistos gratuitamente em tr\u00eas cidades da regi\u00e3o de\u00a0Ribeir\u00e3o Preto\u00a0(SP) at\u00e9 31 de agosto, pela s\u00e9tima edi\u00e7\u00e3o do Pr\u00eamio Fiesp\/Sesi do Cinema Paulista. As unidades da cidade de Franca (SP), Sert\u00e3ozinho (SP) e cidade de Ribeir\u00e3o Preto (SP) ter\u00e3o exibi\u00e7\u00f5es de 20 produ\u00e7\u00f5es indicadas para categorias como &#8220;melhor filme&#8221;, &#8220;melhor diretor&#8221;, &#8220;melhor roteiro&#8221;, entre outras, por meio de j\u00fari popular. As melhores foram selecionadas por um j\u00fari oficial. O p\u00fablico poder\u00e1 conferir document\u00e1rios como &#8220;\u00c0 Margem do Lixo&#8221;, de Evaldo Mocarzel, que retrata a vida dos catadores do lixo em S\u00e3o <\/p>\n","protected":false},"author":1,"featured_media":0,"comment_status":"open","ping_status":"closed","sticky":false,"template":"","format":"standard","meta":{"footnotes":""},"categories":[6],"tags":[14],"class_list":["post-1090","post","type-post","status-publish","format-standard","hentry","category-noticias-em-ribeirao-preto","tag-ribeirao-preto"],"aioseo_notices":[],"aioseo_head":"\n\t\t<!-- All in One SEO 5.0.0.1 - aioseo.com -->\n\t<meta name=\"description\" content=\"Filmes nacionais consagrados pela cr\u00edtica e pelo p\u00fablico podem ser vistos gratuitamente em tr\u00eas cidades da regi\u00e3o de Ribeir\u00e3o Preto (SP) at\u00e9 31 de agosto, pela s\u00e9tima edi\u00e7\u00e3o do Pr\u00eamio Fiesp\/Sesi do Cinema Paulista. As unidades da cidade de Franca (SP), Sert\u00e3ozinho (SP) e cidade de Ribeir\u00e3o Preto (SP) ter\u00e3o exibi\u00e7\u00f5es de 20 produ\u00e7\u00f5es indicadas para categorias\" \/>\n\t<meta name=\"robots\" content=\"max-image-preview:large\" \/>\n\t<meta name=\"author\" content=\"Encontra Ribeir\u00e3o Preto\"\/>\n\t<link rel=\"canonical\" href=\"https:\/\/www.encontraribeiraopreto.com.br\/sobre\/festival-do-sesi-exibe-filmes-nacionais-premiados-na-regiao-de-ribeirao\/\" \/>\n\t<meta name=\"generator\" content=\"All in One SEO (AIOSEO) 5.0.0.1\" \/>\n\t\t<meta property=\"og:locale\" content=\"pt_BR\" \/>\n\t\t<meta property=\"og:site_name\" content=\"Encontra Ribeir\u00e3o Preto - Not\u00edcias, eventos, informa\u00e7\u00f5es e dicas na cidade Ribeir\u00e3o Preto e regi\u00e3o.\" \/>\n\t\t<meta property=\"og:type\" content=\"article\" \/>\n\t\t<meta property=\"og:title\" content=\"Festival do Sesi exibe filmes nacionais premiados na regi\u00e3o de Ribeir\u00e3o - Encontra Ribeir\u00e3o Preto\" \/>\n\t\t<meta property=\"og:description\" content=\"Filmes nacionais consagrados pela cr\u00edtica e pelo p\u00fablico podem ser vistos gratuitamente em tr\u00eas cidades da regi\u00e3o de Ribeir\u00e3o Preto (SP) at\u00e9 31 de agosto, pela s\u00e9tima edi\u00e7\u00e3o do Pr\u00eamio Fiesp\/Sesi do Cinema Paulista. As unidades da cidade de Franca (SP), Sert\u00e3ozinho (SP) e cidade de Ribeir\u00e3o Preto (SP) ter\u00e3o exibi\u00e7\u00f5es de 20 produ\u00e7\u00f5es indicadas para categorias\" \/>\n\t\t<meta property=\"og:url\" content=\"https:\/\/www.encontraribeiraopreto.com.br\/sobre\/festival-do-sesi-exibe-filmes-nacionais-premiados-na-regiao-de-ribeirao\/\" \/>\n\t\t<meta property=\"article:published_time\" content=\"2012-08-03T03:20:28+00:00\" \/>\n\t\t<meta property=\"article:modified_time\" content=\"2019-04-15T14:27:00+00:00\" \/>\n\t\t<meta name=\"twitter:card\" content=\"summary_large_image\" \/>\n\t\t<meta name=\"twitter:title\" content=\"Festival do Sesi exibe filmes nacionais premiados na regi\u00e3o de Ribeir\u00e3o - Encontra Ribeir\u00e3o Preto\" \/>\n\t\t<meta name=\"twitter:description\" content=\"Filmes nacionais consagrados pela cr\u00edtica e pelo p\u00fablico podem ser vistos gratuitamente em tr\u00eas cidades da regi\u00e3o de Ribeir\u00e3o Preto (SP) at\u00e9 31 de agosto, pela s\u00e9tima edi\u00e7\u00e3o do Pr\u00eamio Fiesp\/Sesi do Cinema Paulista. As unidades da cidade de Franca (SP), Sert\u00e3ozinho (SP) e cidade de Ribeir\u00e3o Preto (SP) ter\u00e3o exibi\u00e7\u00f5es de 20 produ\u00e7\u00f5es indicadas para categorias\" \/>\n\t\t<script type=\"application\/ld+json\" class=\"aioseo-schema\">\n\t\t\t{\"@context\":\"https:\\\/\\\/schema.org\",\"@graph\":[{\"@type\":\"BlogPosting\",\"@id\":\"https:\\\/\\\/www.encontraribeiraopreto.com.br\\\/sobre\\\/festival-do-sesi-exibe-filmes-nacionais-premiados-na-regiao-de-ribeirao\\\/#blogposting\",\"name\":\"Festival do Sesi exibe filmes nacionais premiados na regi\\u00e3o de Ribeir\\u00e3o - Encontra Ribeir\\u00e3o Preto\",\"headline\":\"Festival do Sesi exibe filmes nacionais premiados na regi\\u00e3o de Ribeir\\u00e3o\",\"author\":{\"@id\":\"https:\\\/\\\/www.encontraribeiraopreto.com.br\\\/sobre\\\/author\\\/eribeiraopreto\\\/#author\"},\"publisher\":{\"@id\":\"https:\\\/\\\/www.encontraribeiraopreto.com.br\\\/sobre\\\/#organization\"},\"datePublished\":\"2012-08-03T00:20:28-03:00\",\"dateModified\":\"2019-04-15T11:27:00-03:00\",\"inLanguage\":\"pt-BR\",\"mainEntityOfPage\":{\"@id\":\"https:\\\/\\\/www.encontraribeiraopreto.com.br\\\/sobre\\\/festival-do-sesi-exibe-filmes-nacionais-premiados-na-regiao-de-ribeirao\\\/#webpage\"},\"isPartOf\":{\"@id\":\"https:\\\/\\\/www.encontraribeiraopreto.com.br\\\/sobre\\\/festival-do-sesi-exibe-filmes-nacionais-premiados-na-regiao-de-ribeirao\\\/#webpage\"},\"articleSection\":\"Not\\u00edcias Ribeir\\u00e3o Preto, Ribeir\\u00e3o Preto\"},{\"@type\":\"BreadcrumbList\",\"@id\":\"https:\\\/\\\/www.encontraribeiraopreto.com.br\\\/sobre\\\/festival-do-sesi-exibe-filmes-nacionais-premiados-na-regiao-de-ribeirao\\\/#breadcrumblist\",\"itemListElement\":[{\"@type\":\"ListItem\",\"@id\":\"https:\\\/\\\/www.encontraribeiraopreto.com.br\\\/sobre#listItem\",\"position\":1,\"name\":\"In\\u00edcio\",\"item\":\"https:\\\/\\\/www.encontraribeiraopreto.com.br\\\/sobre\",\"nextItem\":{\"@type\":\"ListItem\",\"@id\":\"https:\\\/\\\/www.encontraribeiraopreto.com.br\\\/sobre\\\/noticias-em-ribeirao-preto\\\/#listItem\",\"name\":\"Not\\u00edcias Ribeir\\u00e3o Preto\"}},{\"@type\":\"ListItem\",\"@id\":\"https:\\\/\\\/www.encontraribeiraopreto.com.br\\\/sobre\\\/noticias-em-ribeirao-preto\\\/#listItem\",\"position\":2,\"name\":\"Not\\u00edcias Ribeir\\u00e3o Preto\",\"item\":\"https:\\\/\\\/www.encontraribeiraopreto.com.br\\\/sobre\\\/noticias-em-ribeirao-preto\\\/\",\"nextItem\":{\"@type\":\"ListItem\",\"@id\":\"https:\\\/\\\/www.encontraribeiraopreto.com.br\\\/sobre\\\/festival-do-sesi-exibe-filmes-nacionais-premiados-na-regiao-de-ribeirao\\\/#listItem\",\"name\":\"Festival do Sesi exibe filmes nacionais premiados na regi\\u00e3o de Ribeir\\u00e3o\"},\"previousItem\":{\"@type\":\"ListItem\",\"@id\":\"https:\\\/\\\/www.encontraribeiraopreto.com.br\\\/sobre#listItem\",\"name\":\"In\\u00edcio\"}},{\"@type\":\"ListItem\",\"@id\":\"https:\\\/\\\/www.encontraribeiraopreto.com.br\\\/sobre\\\/festival-do-sesi-exibe-filmes-nacionais-premiados-na-regiao-de-ribeirao\\\/#listItem\",\"position\":3,\"name\":\"Festival do Sesi exibe filmes nacionais premiados na regi\\u00e3o de Ribeir\\u00e3o\",\"previousItem\":{\"@type\":\"ListItem\",\"@id\":\"https:\\\/\\\/www.encontraribeiraopreto.com.br\\\/sobre\\\/noticias-em-ribeirao-preto\\\/#listItem\",\"name\":\"Not\\u00edcias Ribeir\\u00e3o Preto\"}}]},{\"@type\":\"Organization\",\"@id\":\"https:\\\/\\\/www.encontraribeiraopreto.com.br\\\/sobre\\\/#organization\",\"name\":\"Encontra Ribeir\\u00e3o Preto\",\"description\":\"Not\\u00edcias, eventos, informa\\u00e7\\u00f5es e dicas na cidade Ribeir\\u00e3o Preto e regi\\u00e3o.\",\"url\":\"https:\\\/\\\/www.encontraribeiraopreto.com.br\\\/sobre\\\/\"},{\"@type\":\"Person\",\"@id\":\"https:\\\/\\\/www.encontraribeiraopreto.com.br\\\/sobre\\\/author\\\/eribeiraopreto\\\/#author\",\"url\":\"https:\\\/\\\/www.encontraribeiraopreto.com.br\\\/sobre\\\/author\\\/eribeiraopreto\\\/\",\"name\":\"Encontra Ribeir\\u00e3o Preto\",\"image\":{\"@type\":\"ImageObject\",\"@id\":\"https:\\\/\\\/www.encontraribeiraopreto.com.br\\\/sobre\\\/festival-do-sesi-exibe-filmes-nacionais-premiados-na-regiao-de-ribeirao\\\/#authorImage\",\"url\":\"https:\\\/\\\/secure.gravatar.com\\\/avatar\\\/507340682b8270222e1f208e23198b6ae7e2c6a1033ae84e99bc6bce4f82a387?s=96&d=mm&r=g\",\"width\":96,\"height\":96,\"caption\":\"Encontra Ribeir\\u00e3o Preto\"}},{\"@type\":\"WebPage\",\"@id\":\"https:\\\/\\\/www.encontraribeiraopreto.com.br\\\/sobre\\\/festival-do-sesi-exibe-filmes-nacionais-premiados-na-regiao-de-ribeirao\\\/#webpage\",\"url\":\"https:\\\/\\\/www.encontraribeiraopreto.com.br\\\/sobre\\\/festival-do-sesi-exibe-filmes-nacionais-premiados-na-regiao-de-ribeirao\\\/\",\"name\":\"Festival do Sesi exibe filmes nacionais premiados na regi\\u00e3o de Ribeir\\u00e3o - Encontra Ribeir\\u00e3o Preto\",\"description\":\"Filmes nacionais consagrados pela cr\\u00edtica e pelo p\\u00fablico podem ser vistos gratuitamente em tr\\u00eas cidades da regi\\u00e3o de Ribeir\\u00e3o Preto (SP) at\\u00e9 31 de agosto, pela s\\u00e9tima edi\\u00e7\\u00e3o do Pr\\u00eamio Fiesp\\\/Sesi do Cinema Paulista. As unidades da cidade de Franca (SP), Sert\\u00e3ozinho (SP) e cidade de Ribeir\\u00e3o Preto (SP) ter\\u00e3o exibi\\u00e7\\u00f5es de 20 produ\\u00e7\\u00f5es indicadas para categorias\",\"inLanguage\":\"pt-BR\",\"isPartOf\":{\"@id\":\"https:\\\/\\\/www.encontraribeiraopreto.com.br\\\/sobre\\\/#website\"},\"breadcrumb\":{\"@id\":\"https:\\\/\\\/www.encontraribeiraopreto.com.br\\\/sobre\\\/festival-do-sesi-exibe-filmes-nacionais-premiados-na-regiao-de-ribeirao\\\/#breadcrumblist\"},\"author\":{\"@id\":\"https:\\\/\\\/www.encontraribeiraopreto.com.br\\\/sobre\\\/author\\\/eribeiraopreto\\\/#author\"},\"creator\":{\"@id\":\"https:\\\/\\\/www.encontraribeiraopreto.com.br\\\/sobre\\\/author\\\/eribeiraopreto\\\/#author\"},\"datePublished\":\"2012-08-03T00:20:28-03:00\",\"dateModified\":\"2019-04-15T11:27:00-03:00\"},{\"@type\":\"WebSite\",\"@id\":\"https:\\\/\\\/www.encontraribeiraopreto.com.br\\\/sobre\\\/#website\",\"url\":\"https:\\\/\\\/www.encontraribeiraopreto.com.br\\\/sobre\\\/\",\"name\":\"Encontra Ribeir\\u00e3o Preto\",\"description\":\"Not\\u00edcias, eventos, informa\\u00e7\\u00f5es e dicas na cidade Ribeir\\u00e3o Preto e regi\\u00e3o.\",\"inLanguage\":\"pt-BR\",\"publisher\":{\"@id\":\"https:\\\/\\\/www.encontraribeiraopreto.com.br\\\/sobre\\\/#organization\"}}]}\n\t\t<\/script>\n\t\t<!-- All in One SEO -->\n\n","aioseo_head_json":{"title":"Festival do Sesi exibe filmes nacionais premiados na regi\u00e3o de Ribeir\u00e3o - Encontra Ribeir\u00e3o Preto","description":"Filmes nacionais consagrados pela cr\u00edtica e pelo p\u00fablico podem ser vistos gratuitamente em tr\u00eas cidades da regi\u00e3o de Ribeir\u00e3o Preto (SP) at\u00e9 31 de agosto, pela s\u00e9tima edi\u00e7\u00e3o do Pr\u00eamio Fiesp\/Sesi do Cinema Paulista. As unidades da cidade de Franca (SP), Sert\u00e3ozinho (SP) e cidade de Ribeir\u00e3o Preto (SP) ter\u00e3o exibi\u00e7\u00f5es de 20 produ\u00e7\u00f5es indicadas para categorias","canonical_url":"https:\/\/www.encontraribeiraopreto.com.br\/sobre\/festival-do-sesi-exibe-filmes-nacionais-premiados-na-regiao-de-ribeirao\/","robots":"max-image-preview:large","keywords":"","webmasterTools":{"miscellaneous":""},"schema":{"@context":"https:\/\/schema.org","@graph":[{"@type":"BlogPosting","@id":"https:\/\/www.encontraribeiraopreto.com.br\/sobre\/festival-do-sesi-exibe-filmes-nacionais-premiados-na-regiao-de-ribeirao\/#blogposting","name":"Festival do Sesi exibe filmes nacionais premiados na regi\u00e3o de Ribeir\u00e3o - Encontra Ribeir\u00e3o Preto","headline":"Festival do Sesi exibe filmes nacionais premiados na regi\u00e3o de Ribeir\u00e3o","author":{"@id":"https:\/\/www.encontraribeiraopreto.com.br\/sobre\/author\/eribeiraopreto\/#author"},"publisher":{"@id":"https:\/\/www.encontraribeiraopreto.com.br\/sobre\/#organization"},"datePublished":"2012-08-03T00:20:28-03:00","dateModified":"2019-04-15T11:27:00-03:00","inLanguage":"pt-BR","mainEntityOfPage":{"@id":"https:\/\/www.encontraribeiraopreto.com.br\/sobre\/festival-do-sesi-exibe-filmes-nacionais-premiados-na-regiao-de-ribeirao\/#webpage"},"isPartOf":{"@id":"https:\/\/www.encontraribeiraopreto.com.br\/sobre\/festival-do-sesi-exibe-filmes-nacionais-premiados-na-regiao-de-ribeirao\/#webpage"},"articleSection":"Not\u00edcias Ribeir\u00e3o Preto, Ribeir\u00e3o Preto"},{"@type":"BreadcrumbList","@id":"https:\/\/www.encontraribeiraopreto.com.br\/sobre\/festival-do-sesi-exibe-filmes-nacionais-premiados-na-regiao-de-ribeirao\/#breadcrumblist","itemListElement":[{"@type":"ListItem","@id":"https:\/\/www.encontraribeiraopreto.com.br\/sobre#listItem","position":1,"name":"In\u00edcio","item":"https:\/\/www.encontraribeiraopreto.com.br\/sobre","nextItem":{"@type":"ListItem","@id":"https:\/\/www.encontraribeiraopreto.com.br\/sobre\/noticias-em-ribeirao-preto\/#listItem","name":"Not\u00edcias Ribeir\u00e3o Preto"}},{"@type":"ListItem","@id":"https:\/\/www.encontraribeiraopreto.com.br\/sobre\/noticias-em-ribeirao-preto\/#listItem","position":2,"name":"Not\u00edcias Ribeir\u00e3o Preto","item":"https:\/\/www.encontraribeiraopreto.com.br\/sobre\/noticias-em-ribeirao-preto\/","nextItem":{"@type":"ListItem","@id":"https:\/\/www.encontraribeiraopreto.com.br\/sobre\/festival-do-sesi-exibe-filmes-nacionais-premiados-na-regiao-de-ribeirao\/#listItem","name":"Festival do Sesi exibe filmes nacionais premiados na regi\u00e3o de Ribeir\u00e3o"},"previousItem":{"@type":"ListItem","@id":"https:\/\/www.encontraribeiraopreto.com.br\/sobre#listItem","name":"In\u00edcio"}},{"@type":"ListItem","@id":"https:\/\/www.encontraribeiraopreto.com.br\/sobre\/festival-do-sesi-exibe-filmes-nacionais-premiados-na-regiao-de-ribeirao\/#listItem","position":3,"name":"Festival do Sesi exibe filmes nacionais premiados na regi\u00e3o de Ribeir\u00e3o","previousItem":{"@type":"ListItem","@id":"https:\/\/www.encontraribeiraopreto.com.br\/sobre\/noticias-em-ribeirao-preto\/#listItem","name":"Not\u00edcias Ribeir\u00e3o Preto"}}]},{"@type":"Organization","@id":"https:\/\/www.encontraribeiraopreto.com.br\/sobre\/#organization","name":"Encontra Ribeir\u00e3o Preto","description":"Not\u00edcias, eventos, informa\u00e7\u00f5es e dicas na cidade Ribeir\u00e3o Preto e regi\u00e3o.","url":"https:\/\/www.encontraribeiraopreto.com.br\/sobre\/"},{"@type":"Person","@id":"https:\/\/www.encontraribeiraopreto.com.br\/sobre\/author\/eribeiraopreto\/#author","url":"https:\/\/www.encontraribeiraopreto.com.br\/sobre\/author\/eribeiraopreto\/","name":"Encontra Ribeir\u00e3o Preto","image":{"@type":"ImageObject","@id":"https:\/\/www.encontraribeiraopreto.com.br\/sobre\/festival-do-sesi-exibe-filmes-nacionais-premiados-na-regiao-de-ribeirao\/#authorImage","url":"https:\/\/secure.gravatar.com\/avatar\/507340682b8270222e1f208e23198b6ae7e2c6a1033ae84e99bc6bce4f82a387?s=96&d=mm&r=g","width":96,"height":96,"caption":"Encontra Ribeir\u00e3o Preto"}},{"@type":"WebPage","@id":"https:\/\/www.encontraribeiraopreto.com.br\/sobre\/festival-do-sesi-exibe-filmes-nacionais-premiados-na-regiao-de-ribeirao\/#webpage","url":"https:\/\/www.encontraribeiraopreto.com.br\/sobre\/festival-do-sesi-exibe-filmes-nacionais-premiados-na-regiao-de-ribeirao\/","name":"Festival do Sesi exibe filmes nacionais premiados na regi\u00e3o de Ribeir\u00e3o - Encontra Ribeir\u00e3o Preto","description":"Filmes nacionais consagrados pela cr\u00edtica e pelo p\u00fablico podem ser vistos gratuitamente em tr\u00eas cidades da regi\u00e3o de Ribeir\u00e3o Preto (SP) at\u00e9 31 de agosto, pela s\u00e9tima edi\u00e7\u00e3o do Pr\u00eamio Fiesp\/Sesi do Cinema Paulista. As unidades da cidade de Franca (SP), Sert\u00e3ozinho (SP) e cidade de Ribeir\u00e3o Preto (SP) ter\u00e3o exibi\u00e7\u00f5es de 20 produ\u00e7\u00f5es indicadas para categorias","inLanguage":"pt-BR","isPartOf":{"@id":"https:\/\/www.encontraribeiraopreto.com.br\/sobre\/#website"},"breadcrumb":{"@id":"https:\/\/www.encontraribeiraopreto.com.br\/sobre\/festival-do-sesi-exibe-filmes-nacionais-premiados-na-regiao-de-ribeirao\/#breadcrumblist"},"author":{"@id":"https:\/\/www.encontraribeiraopreto.com.br\/sobre\/author\/eribeiraopreto\/#author"},"creator":{"@id":"https:\/\/www.encontraribeiraopreto.com.br\/sobre\/author\/eribeiraopreto\/#author"},"datePublished":"2012-08-03T00:20:28-03:00","dateModified":"2019-04-15T11:27:00-03:00"},{"@type":"WebSite","@id":"https:\/\/www.encontraribeiraopreto.com.br\/sobre\/#website","url":"https:\/\/www.encontraribeiraopreto.com.br\/sobre\/","name":"Encontra Ribeir\u00e3o Preto","description":"Not\u00edcias, eventos, informa\u00e7\u00f5es e dicas na cidade Ribeir\u00e3o Preto e regi\u00e3o.","inLanguage":"pt-BR","publisher":{"@id":"https:\/\/www.encontraribeiraopreto.com.br\/sobre\/#organization"}}]},"og:locale":"pt_BR","og:site_name":"Encontra Ribeir\u00e3o Preto - Not\u00edcias, eventos, informa\u00e7\u00f5es e dicas na cidade Ribeir\u00e3o Preto e regi\u00e3o.","og:type":"article","og:title":"Festival do Sesi exibe filmes nacionais premiados na regi\u00e3o de Ribeir\u00e3o - Encontra Ribeir\u00e3o Preto","og:description":"Filmes nacionais consagrados pela cr\u00edtica e pelo p\u00fablico podem ser vistos gratuitamente em tr\u00eas cidades da regi\u00e3o de Ribeir\u00e3o Preto (SP) at\u00e9 31 de agosto, pela s\u00e9tima edi\u00e7\u00e3o do Pr\u00eamio Fiesp\/Sesi do Cinema Paulista. As unidades da cidade de Franca (SP), Sert\u00e3ozinho (SP) e cidade de Ribeir\u00e3o Preto (SP) ter\u00e3o exibi\u00e7\u00f5es de 20 produ\u00e7\u00f5es indicadas para categorias","og:url":"https:\/\/www.encontraribeiraopreto.com.br\/sobre\/festival-do-sesi-exibe-filmes-nacionais-premiados-na-regiao-de-ribeirao\/","article:published_time":"2012-08-03T03:20:28+00:00","article:modified_time":"2019-04-15T14:27:00+00:00","twitter:card":"summary_large_image","twitter:title":"Festival do Sesi exibe filmes nacionais premiados na regi\u00e3o de Ribeir\u00e3o - Encontra Ribeir\u00e3o Preto","twitter:description":"Filmes nacionais consagrados pela cr\u00edtica e pelo p\u00fablico podem ser vistos gratuitamente em tr\u00eas cidades da regi\u00e3o de Ribeir\u00e3o Preto (SP) at\u00e9 31 de agosto, pela s\u00e9tima edi\u00e7\u00e3o do Pr\u00eamio Fiesp\/Sesi do Cinema Paulista. As unidades da cidade de Franca (SP), Sert\u00e3ozinho (SP) e cidade de Ribeir\u00e3o Preto (SP) ter\u00e3o exibi\u00e7\u00f5es de 20 produ\u00e7\u00f5es indicadas para categorias"},"aioseo_meta_data":{"post_id":"1090","title":null,"description":null,"keywords":null,"keyphrases":null,"primary_term":null,"canonical_url":null,"og_title":null,"og_description":null,"og_object_type":"default","og_image_type":"default","og_image_url":null,"og_image_width":null,"og_image_height":null,"og_image_custom_url":null,"og_image_custom_fields":null,"og_video":null,"og_custom_url":null,"og_article_section":null,"og_article_tags":null,"twitter_use_og":false,"twitter_card":"default","twitter_image_type":"default","twitter_image_url":null,"twitter_image_custom_url":null,"twitter_image_custom_fields":null,"twitter_title":null,"twitter_description":null,"schema":{"blockGraphs":[],"customGraphs":[],"default":{"data":{"Article":[],"Course":[],"Dataset":[],"FAQPage":[],"Movie":[],"Person":[],"Product":[],"ProductReview":[],"Car":[],"Recipe":[],"Service":[],"SoftwareApplication":[],"WebPage":[]},"graphName":"BlogPosting","isEnabled":true},"graphs":[]},"schema_type":null,"schema_type_options":null,"pillar_content":false,"robots_default":true,"robots_noindex":false,"robots_noarchive":false,"robots_nosnippet":false,"robots_nofollow":false,"robots_noimageindex":false,"robots_noodp":false,"robots_notranslate":false,"robots_max_snippet":null,"robots_max_videopreview":null,"robots_max_imagepreview":"large","priority":null,"frequency":null,"local_seo":null,"limit_modified_date":false,"created":"2021-02-24 13:47:32","updated":"2023-03-07 14:34:10","focus_keyword":null,"additional_keywords":null,"truseo_locale":null,"ai":null,"breadcrumb_settings":null,"seo_analyzer_scan_date":null},"aioseo_breadcrumb":"<div class=\"aioseo-breadcrumbs\"><span class=\"aioseo-breadcrumb\">\n\t\t\t<a href=\"https:\/\/www.encontraribeiraopreto.com.br\/sobre\" title=\"In\u00edcio\">In\u00edcio<\/a>\n\t\t<\/span><span class=\"aioseo-breadcrumb-separator\">&raquo;<\/span><span class=\"aioseo-breadcrumb\">\n\t\t\t<a href=\"https:\/\/www.encontraribeiraopreto.com.br\/sobre\/noticias-em-ribeirao-preto\/\" title=\"Not\u00edcias Ribeir\u00e3o Preto\">Not\u00edcias Ribeir\u00e3o Preto<\/a>\n\t\t<\/span><span class=\"aioseo-breadcrumb-separator\">&raquo;<\/span><span class=\"aioseo-breadcrumb\">\n\t\t\tFestival do Sesi exibe filmes nacionais premiados na regi\u00e3o de Ribeir\u00e3o\n\t\t<\/span><\/div>","aioseo_breadcrumb_json":[{"label":"In\u00edcio","link":"https:\/\/www.encontraribeiraopreto.com.br\/sobre"},{"label":"Not\u00edcias Ribeir\u00e3o Preto","link":"https:\/\/www.encontraribeiraopreto.com.br\/sobre\/noticias-em-ribeirao-preto\/"},{"label":"Festival do Sesi exibe filmes nacionais premiados na regi\u00e3o de Ribeir\u00e3o","link":"https:\/\/www.encontraribeiraopreto.com.br\/sobre\/festival-do-sesi-exibe-filmes-nacionais-premiados-na-regiao-de-ribeirao\/"}],"_links":{"self":[{"href":"https:\/\/www.encontraribeiraopreto.com.br\/sobre\/wp-json\/wp\/v2\/posts\/1090","targetHints":{"allow":["GET"]}}],"collection":[{"href":"https:\/\/www.encontraribeiraopreto.com.br\/sobre\/wp-json\/wp\/v2\/posts"}],"about":[{"href":"https:\/\/www.encontraribeiraopreto.com.br\/sobre\/wp-json\/wp\/v2\/types\/post"}],"author":[{"embeddable":true,"href":"https:\/\/www.encontraribeiraopreto.com.br\/sobre\/wp-json\/wp\/v2\/users\/1"}],"replies":[{"embeddable":true,"href":"https:\/\/www.encontraribeiraopreto.com.br\/sobre\/wp-json\/wp\/v2\/comments?post=1090"}],"version-history":[{"count":0,"href":"https:\/\/www.encontraribeiraopreto.com.br\/sobre\/wp-json\/wp\/v2\/posts\/1090\/revisions"}],"wp:attachment":[{"href":"https:\/\/www.encontraribeiraopreto.com.br\/sobre\/wp-json\/wp\/v2\/media?parent=1090"}],"wp:term":[{"taxonomy":"category","embeddable":true,"href":"https:\/\/www.encontraribeiraopreto.com.br\/sobre\/wp-json\/wp\/v2\/categories?post=1090"},{"taxonomy":"post_tag","embeddable":true,"href":"https:\/\/www.encontraribeiraopreto.com.br\/sobre\/wp-json\/wp\/v2\/tags?post=1090"}],"curies":[{"name":"wp","href":"https:\/\/api.w.org\/{rel}","templated":true}]}}