{"id":119,"date":"2011-02-08T18:25:06","date_gmt":"2011-02-08T18:25:06","guid":{"rendered":"http:\/\/www.encontraribeiraopreto.com.br\/noticias\/?p=119"},"modified":"2019-04-15T11:28:46","modified_gmt":"2019-04-15T14:28:46","slug":"prefeitura-de-ribeirao-preto-fecha-ubs-apos-agressao","status":"publish","type":"post","link":"https:\/\/www.encontraribeiraopreto.com.br\/sobre\/prefeitura-de-ribeirao-preto-fecha-ubs-apos-agressao\/","title":{"rendered":"Prefeitura de Ribeir\u00e3o Preto fecha UBS ap\u00f3s agress\u00e3o"},"content":{"rendered":"<div class=\"cd7ef838bed10b2b4567f853226bc383\" data-index=\"1\" style=\"float: none; margin:0px;\">\n<!-- Anuncio display - global -->\r\n<ins class=\"adsbygoogle\"\r\n     style=\"display:block\"\r\n     data-ad-client=\"ca-pub-8585364105181520\"\r\n     data-ad-slot=\"8789329856\"\r\n     data-ad-format=\"auto\"\r\n     data-full-width-responsive=\"true\"><\/ins>\r\n<script>\r\n     (adsbygoogle = window.adsbygoogle || []).push({});\r\n<\/script>\r\n\n<\/div>\n<p>A UBS (Unidade B\u00e1sica de Sa\u00fade) do Jardim Maria Casagrande, na regi\u00e3o oeste da <a href=\"http:\/\/www.encontraribeiraopreto.com.br\/\" target=\"_blank\">cidade de Ribeir\u00e3o Preto<\/a> (313 km de S\u00e3o Paulo), ficou fechada ontem durante todo per\u00edodo da tarde, ap\u00f3s uma briga entre moradoras do bairro e funcion\u00e1rios da unidade.<\/p>\n<p>Um m\u00e9dico da UBS registrou boletim de ocorr\u00eancia por agress\u00e3o. Segundo o sindicato dos servidores municipais, uma das duas mulheres foi atendida no in\u00edcio da manh\u00e3 e foi orientada a retornar por volta das 11h &#8211;a prefeitura fala em 9h.<\/p>\n<p>Na hor\u00e1rio marcado, a paciente voltou \u00e0 unidade com a irm\u00e3, Ros\u00e2ngela Luiza de Lima, 37, que tamb\u00e9m mora no bairro e utiliza a UBS. Foi quando come\u00e7aram os desentendimentos. Um telefone foi atirado contra o m\u00e9dico.<\/p>\n<p>De acordo com o presidente da seccional da sa\u00fade do sindicato, Noedivaldo Bernardino, Ros\u00e2ngela tem hist\u00f3rico de problemas na UBS. &#8220;Ela aterroriza os trabalhadores com frequ\u00eancia.&#8221;<\/p>\n<p>Logo ap\u00f3s a ocorr\u00eancia, os funcion\u00e1rios da unidade fecharam as portas e interromperam o atendimento. O presidente do sindicato, Wagner Rodrigues, disse que a entidade vai cobrar da Secretaria da Sa\u00fade a solu\u00e7\u00e3o do caso.<\/p>\n<p>Uma reuni\u00e3o entre sindicalistas e funcion\u00e1rios da unidade ocorreu assim que o posto foi fechado. Os servidores relataram que as agress\u00f5es s\u00e3o frequentes.<\/p>\n<p>Uma moradora do bairro que pediu para n\u00e3o ser identificada disse que s\u00e3o constantes as confus\u00f5es causadas por Ros\u00e2ngela. Segundo a moradora, uma m\u00e9dica j\u00e1 deixou de atender no local devido \u00e0s brigas.<\/p>\n<p>De acordo com Rodrigues, o Minist\u00e9rio P\u00fablico ser\u00e1 acionado para garantir a seguran\u00e7a dos servidores. Ele disse que uma alternativa seria a interven\u00e7\u00e3o judicial para que a paciente n\u00e3o entre mais na unidade.<\/p>\n<p>&#8220;Tivemos um caso parecido no in\u00edcio de 1990. A pessoa foi interditada, proibida de ir a qualquer local p\u00fablico&#8221;, afirmou o sindicalista.<\/p>\n<p>\u00c0\u00a0Folha Ros\u00e2ngela negou ter agredido profissionais. &#8220;Hoje eu vim [\u00e0 UBS] na paz. Eles \u00e9 que n\u00e3o gostam da minha fam\u00edlia.&#8221; A prefeitura determinou a reabertura da unidade hoje e disse que vai apurar os fatos.<\/p>\n<p><em>Fonte: Folha Online<\/em><\/p>\n\n<div style=\"font-size: 0px; height: 0px; line-height: 0px; margin: 0; padding: 0; clear: both;\"><\/div>","protected":false},"excerpt":{"rendered":"<p>A UBS (Unidade B\u00e1sica de Sa\u00fade) do Jardim Maria Casagrande, na regi\u00e3o oeste da cidade de Ribeir\u00e3o Preto (313 km de S\u00e3o Paulo), ficou fechada ontem durante todo per\u00edodo da tarde, ap\u00f3s uma briga entre moradoras do bairro e funcion\u00e1rios da unidade. Um m\u00e9dico da UBS registrou boletim de ocorr\u00eancia por agress\u00e3o. Segundo o sindicato dos servidores municipais, uma das duas mulheres foi atendida no in\u00edcio da manh\u00e3 e foi orientada a retornar por volta das 11h &#8211;a prefeitura fala em 9h. Na hor\u00e1rio marcado, a paciente voltou \u00e0 unidade com a irm\u00e3, Ros\u00e2ngela Luiza de Lima, 37, que tamb\u00e9m <\/p>\n","protected":false},"author":1,"featured_media":0,"comment_status":"open","ping_status":"closed","sticky":false,"template":"","format":"standard","meta":{"footnotes":""},"categories":[6],"tags":[14],"class_list":["post-119","post","type-post","status-publish","format-standard","hentry","category-noticias-em-ribeirao-preto","tag-ribeirao-preto"],"aioseo_notices":[],"aioseo_head":"\n\t\t<!-- All in One SEO 5.0.0.1 - aioseo.com -->\n\t<meta name=\"description\" content=\"A UBS (Unidade B\u00e1sica de Sa\u00fade) do Jardim Maria Casagrande, na regi\u00e3o oeste da cidade de Ribeir\u00e3o Preto (313 km de S\u00e3o Paulo), ficou fechada ontem durante todo per\u00edodo da tarde, ap\u00f3s uma briga entre moradoras do bairro e funcion\u00e1rios da unidade. Um m\u00e9dico da UBS registrou boletim de ocorr\u00eancia por agress\u00e3o. Segundo o sindicato\" \/>\n\t<meta name=\"robots\" content=\"max-image-preview:large\" \/>\n\t<meta name=\"author\" content=\"Encontra Ribeir\u00e3o Preto\"\/>\n\t<link rel=\"canonical\" href=\"https:\/\/www.encontraribeiraopreto.com.br\/sobre\/prefeitura-de-ribeirao-preto-fecha-ubs-apos-agressao\/\" \/>\n\t<meta name=\"generator\" content=\"All in One SEO (AIOSEO) 5.0.0.1\" \/>\n\t\t<meta property=\"og:locale\" content=\"pt_BR\" \/>\n\t\t<meta property=\"og:site_name\" content=\"Encontra Ribeir\u00e3o Preto - Not\u00edcias, eventos, informa\u00e7\u00f5es e dicas na cidade Ribeir\u00e3o Preto e regi\u00e3o.\" \/>\n\t\t<meta property=\"og:type\" content=\"article\" \/>\n\t\t<meta property=\"og:title\" content=\"Prefeitura de Ribeir\u00e3o Preto fecha UBS ap\u00f3s agress\u00e3o - Encontra Ribeir\u00e3o Preto\" \/>\n\t\t<meta property=\"og:description\" content=\"A UBS (Unidade B\u00e1sica de Sa\u00fade) do Jardim Maria Casagrande, na regi\u00e3o oeste da cidade de Ribeir\u00e3o Preto (313 km de S\u00e3o Paulo), ficou fechada ontem durante todo per\u00edodo da tarde, ap\u00f3s uma briga entre moradoras do bairro e funcion\u00e1rios da unidade. Um m\u00e9dico da UBS registrou boletim de ocorr\u00eancia por agress\u00e3o. Segundo o sindicato\" \/>\n\t\t<meta property=\"og:url\" content=\"https:\/\/www.encontraribeiraopreto.com.br\/sobre\/prefeitura-de-ribeirao-preto-fecha-ubs-apos-agressao\/\" \/>\n\t\t<meta property=\"article:published_time\" content=\"2011-02-08T18:25:06+00:00\" \/>\n\t\t<meta property=\"article:modified_time\" content=\"2019-04-15T14:28:46+00:00\" \/>\n\t\t<meta name=\"twitter:card\" content=\"summary_large_image\" \/>\n\t\t<meta name=\"twitter:title\" content=\"Prefeitura de Ribeir\u00e3o Preto fecha UBS ap\u00f3s agress\u00e3o - Encontra Ribeir\u00e3o Preto\" \/>\n\t\t<meta name=\"twitter:description\" content=\"A UBS (Unidade B\u00e1sica de Sa\u00fade) do Jardim Maria Casagrande, na regi\u00e3o oeste da cidade de Ribeir\u00e3o Preto (313 km de S\u00e3o Paulo), ficou fechada ontem durante todo per\u00edodo da tarde, ap\u00f3s uma briga entre moradoras do bairro e funcion\u00e1rios da unidade. Um m\u00e9dico da UBS registrou boletim de ocorr\u00eancia por agress\u00e3o. Segundo o sindicato\" \/>\n\t\t<script type=\"application\/ld+json\" class=\"aioseo-schema\">\n\t\t\t{\"@context\":\"https:\\\/\\\/schema.org\",\"@graph\":[{\"@type\":\"BlogPosting\",\"@id\":\"https:\\\/\\\/www.encontraribeiraopreto.com.br\\\/sobre\\\/prefeitura-de-ribeirao-preto-fecha-ubs-apos-agressao\\\/#blogposting\",\"name\":\"Prefeitura de Ribeir\\u00e3o Preto fecha UBS ap\\u00f3s agress\\u00e3o - Encontra Ribeir\\u00e3o Preto\",\"headline\":\"Prefeitura de Ribeir\\u00e3o Preto fecha UBS ap\\u00f3s agress\\u00e3o\",\"author\":{\"@id\":\"https:\\\/\\\/www.encontraribeiraopreto.com.br\\\/sobre\\\/author\\\/eribeiraopreto\\\/#author\"},\"publisher\":{\"@id\":\"https:\\\/\\\/www.encontraribeiraopreto.com.br\\\/sobre\\\/#organization\"},\"datePublished\":\"2011-02-08T18:25:06-03:00\",\"dateModified\":\"2019-04-15T11:28:46-03:00\",\"inLanguage\":\"pt-BR\",\"mainEntityOfPage\":{\"@id\":\"https:\\\/\\\/www.encontraribeiraopreto.com.br\\\/sobre\\\/prefeitura-de-ribeirao-preto-fecha-ubs-apos-agressao\\\/#webpage\"},\"isPartOf\":{\"@id\":\"https:\\\/\\\/www.encontraribeiraopreto.com.br\\\/sobre\\\/prefeitura-de-ribeirao-preto-fecha-ubs-apos-agressao\\\/#webpage\"},\"articleSection\":\"Not\\u00edcias Ribeir\\u00e3o Preto, Ribeir\\u00e3o Preto\"},{\"@type\":\"BreadcrumbList\",\"@id\":\"https:\\\/\\\/www.encontraribeiraopreto.com.br\\\/sobre\\\/prefeitura-de-ribeirao-preto-fecha-ubs-apos-agressao\\\/#breadcrumblist\",\"itemListElement\":[{\"@type\":\"ListItem\",\"@id\":\"https:\\\/\\\/www.encontraribeiraopreto.com.br\\\/sobre#listItem\",\"position\":1,\"name\":\"In\\u00edcio\",\"item\":\"https:\\\/\\\/www.encontraribeiraopreto.com.br\\\/sobre\",\"nextItem\":{\"@type\":\"ListItem\",\"@id\":\"https:\\\/\\\/www.encontraribeiraopreto.com.br\\\/sobre\\\/noticias-em-ribeirao-preto\\\/#listItem\",\"name\":\"Not\\u00edcias Ribeir\\u00e3o Preto\"}},{\"@type\":\"ListItem\",\"@id\":\"https:\\\/\\\/www.encontraribeiraopreto.com.br\\\/sobre\\\/noticias-em-ribeirao-preto\\\/#listItem\",\"position\":2,\"name\":\"Not\\u00edcias Ribeir\\u00e3o Preto\",\"item\":\"https:\\\/\\\/www.encontraribeiraopreto.com.br\\\/sobre\\\/noticias-em-ribeirao-preto\\\/\",\"nextItem\":{\"@type\":\"ListItem\",\"@id\":\"https:\\\/\\\/www.encontraribeiraopreto.com.br\\\/sobre\\\/prefeitura-de-ribeirao-preto-fecha-ubs-apos-agressao\\\/#listItem\",\"name\":\"Prefeitura de Ribeir\\u00e3o Preto fecha UBS ap\\u00f3s agress\\u00e3o\"},\"previousItem\":{\"@type\":\"ListItem\",\"@id\":\"https:\\\/\\\/www.encontraribeiraopreto.com.br\\\/sobre#listItem\",\"name\":\"In\\u00edcio\"}},{\"@type\":\"ListItem\",\"@id\":\"https:\\\/\\\/www.encontraribeiraopreto.com.br\\\/sobre\\\/prefeitura-de-ribeirao-preto-fecha-ubs-apos-agressao\\\/#listItem\",\"position\":3,\"name\":\"Prefeitura de Ribeir\\u00e3o Preto fecha UBS ap\\u00f3s agress\\u00e3o\",\"previousItem\":{\"@type\":\"ListItem\",\"@id\":\"https:\\\/\\\/www.encontraribeiraopreto.com.br\\\/sobre\\\/noticias-em-ribeirao-preto\\\/#listItem\",\"name\":\"Not\\u00edcias Ribeir\\u00e3o Preto\"}}]},{\"@type\":\"Organization\",\"@id\":\"https:\\\/\\\/www.encontraribeiraopreto.com.br\\\/sobre\\\/#organization\",\"name\":\"Encontra Ribeir\\u00e3o Preto\",\"description\":\"Not\\u00edcias, eventos, informa\\u00e7\\u00f5es e dicas na cidade Ribeir\\u00e3o Preto e regi\\u00e3o.\",\"url\":\"https:\\\/\\\/www.encontraribeiraopreto.com.br\\\/sobre\\\/\"},{\"@type\":\"Person\",\"@id\":\"https:\\\/\\\/www.encontraribeiraopreto.com.br\\\/sobre\\\/author\\\/eribeiraopreto\\\/#author\",\"url\":\"https:\\\/\\\/www.encontraribeiraopreto.com.br\\\/sobre\\\/author\\\/eribeiraopreto\\\/\",\"name\":\"Encontra Ribeir\\u00e3o Preto\",\"image\":{\"@type\":\"ImageObject\",\"@id\":\"https:\\\/\\\/www.encontraribeiraopreto.com.br\\\/sobre\\\/prefeitura-de-ribeirao-preto-fecha-ubs-apos-agressao\\\/#authorImage\",\"url\":\"https:\\\/\\\/secure.gravatar.com\\\/avatar\\\/507340682b8270222e1f208e23198b6ae7e2c6a1033ae84e99bc6bce4f82a387?s=96&d=mm&r=g\",\"width\":96,\"height\":96,\"caption\":\"Encontra Ribeir\\u00e3o Preto\"}},{\"@type\":\"WebPage\",\"@id\":\"https:\\\/\\\/www.encontraribeiraopreto.com.br\\\/sobre\\\/prefeitura-de-ribeirao-preto-fecha-ubs-apos-agressao\\\/#webpage\",\"url\":\"https:\\\/\\\/www.encontraribeiraopreto.com.br\\\/sobre\\\/prefeitura-de-ribeirao-preto-fecha-ubs-apos-agressao\\\/\",\"name\":\"Prefeitura de Ribeir\\u00e3o Preto fecha UBS ap\\u00f3s agress\\u00e3o - Encontra Ribeir\\u00e3o Preto\",\"description\":\"A UBS (Unidade B\\u00e1sica de Sa\\u00fade) do Jardim Maria Casagrande, na regi\\u00e3o oeste da cidade de Ribeir\\u00e3o Preto (313 km de S\\u00e3o Paulo), ficou fechada ontem durante todo per\\u00edodo da tarde, ap\\u00f3s uma briga entre moradoras do bairro e funcion\\u00e1rios da unidade. Um m\\u00e9dico da UBS registrou boletim de ocorr\\u00eancia por agress\\u00e3o. Segundo o sindicato\",\"inLanguage\":\"pt-BR\",\"isPartOf\":{\"@id\":\"https:\\\/\\\/www.encontraribeiraopreto.com.br\\\/sobre\\\/#website\"},\"breadcrumb\":{\"@id\":\"https:\\\/\\\/www.encontraribeiraopreto.com.br\\\/sobre\\\/prefeitura-de-ribeirao-preto-fecha-ubs-apos-agressao\\\/#breadcrumblist\"},\"author\":{\"@id\":\"https:\\\/\\\/www.encontraribeiraopreto.com.br\\\/sobre\\\/author\\\/eribeiraopreto\\\/#author\"},\"creator\":{\"@id\":\"https:\\\/\\\/www.encontraribeiraopreto.com.br\\\/sobre\\\/author\\\/eribeiraopreto\\\/#author\"},\"datePublished\":\"2011-02-08T18:25:06-03:00\",\"dateModified\":\"2019-04-15T11:28:46-03:00\"},{\"@type\":\"WebSite\",\"@id\":\"https:\\\/\\\/www.encontraribeiraopreto.com.br\\\/sobre\\\/#website\",\"url\":\"https:\\\/\\\/www.encontraribeiraopreto.com.br\\\/sobre\\\/\",\"name\":\"Encontra Ribeir\\u00e3o Preto\",\"description\":\"Not\\u00edcias, eventos, informa\\u00e7\\u00f5es e dicas na cidade Ribeir\\u00e3o Preto e regi\\u00e3o.\",\"inLanguage\":\"pt-BR\",\"publisher\":{\"@id\":\"https:\\\/\\\/www.encontraribeiraopreto.com.br\\\/sobre\\\/#organization\"}}]}\n\t\t<\/script>\n\t\t<!-- All in One SEO -->\n\n","aioseo_head_json":{"title":"Prefeitura de Ribeir\u00e3o Preto fecha UBS ap\u00f3s agress\u00e3o - Encontra Ribeir\u00e3o Preto","description":"A UBS (Unidade B\u00e1sica de Sa\u00fade) do Jardim Maria Casagrande, na regi\u00e3o oeste da cidade de Ribeir\u00e3o Preto (313 km de S\u00e3o Paulo), ficou fechada ontem durante todo per\u00edodo da tarde, ap\u00f3s uma briga entre moradoras do bairro e funcion\u00e1rios da unidade. Um m\u00e9dico da UBS registrou boletim de ocorr\u00eancia por agress\u00e3o. Segundo o sindicato","canonical_url":"https:\/\/www.encontraribeiraopreto.com.br\/sobre\/prefeitura-de-ribeirao-preto-fecha-ubs-apos-agressao\/","robots":"max-image-preview:large","keywords":"","webmasterTools":{"miscellaneous":""},"schema":{"@context":"https:\/\/schema.org","@graph":[{"@type":"BlogPosting","@id":"https:\/\/www.encontraribeiraopreto.com.br\/sobre\/prefeitura-de-ribeirao-preto-fecha-ubs-apos-agressao\/#blogposting","name":"Prefeitura de Ribeir\u00e3o Preto fecha UBS ap\u00f3s agress\u00e3o - Encontra Ribeir\u00e3o Preto","headline":"Prefeitura de Ribeir\u00e3o Preto fecha UBS ap\u00f3s agress\u00e3o","author":{"@id":"https:\/\/www.encontraribeiraopreto.com.br\/sobre\/author\/eribeiraopreto\/#author"},"publisher":{"@id":"https:\/\/www.encontraribeiraopreto.com.br\/sobre\/#organization"},"datePublished":"2011-02-08T18:25:06-03:00","dateModified":"2019-04-15T11:28:46-03:00","inLanguage":"pt-BR","mainEntityOfPage":{"@id":"https:\/\/www.encontraribeiraopreto.com.br\/sobre\/prefeitura-de-ribeirao-preto-fecha-ubs-apos-agressao\/#webpage"},"isPartOf":{"@id":"https:\/\/www.encontraribeiraopreto.com.br\/sobre\/prefeitura-de-ribeirao-preto-fecha-ubs-apos-agressao\/#webpage"},"articleSection":"Not\u00edcias Ribeir\u00e3o Preto, Ribeir\u00e3o Preto"},{"@type":"BreadcrumbList","@id":"https:\/\/www.encontraribeiraopreto.com.br\/sobre\/prefeitura-de-ribeirao-preto-fecha-ubs-apos-agressao\/#breadcrumblist","itemListElement":[{"@type":"ListItem","@id":"https:\/\/www.encontraribeiraopreto.com.br\/sobre#listItem","position":1,"name":"In\u00edcio","item":"https:\/\/www.encontraribeiraopreto.com.br\/sobre","nextItem":{"@type":"ListItem","@id":"https:\/\/www.encontraribeiraopreto.com.br\/sobre\/noticias-em-ribeirao-preto\/#listItem","name":"Not\u00edcias Ribeir\u00e3o Preto"}},{"@type":"ListItem","@id":"https:\/\/www.encontraribeiraopreto.com.br\/sobre\/noticias-em-ribeirao-preto\/#listItem","position":2,"name":"Not\u00edcias Ribeir\u00e3o Preto","item":"https:\/\/www.encontraribeiraopreto.com.br\/sobre\/noticias-em-ribeirao-preto\/","nextItem":{"@type":"ListItem","@id":"https:\/\/www.encontraribeiraopreto.com.br\/sobre\/prefeitura-de-ribeirao-preto-fecha-ubs-apos-agressao\/#listItem","name":"Prefeitura de Ribeir\u00e3o Preto fecha UBS ap\u00f3s agress\u00e3o"},"previousItem":{"@type":"ListItem","@id":"https:\/\/www.encontraribeiraopreto.com.br\/sobre#listItem","name":"In\u00edcio"}},{"@type":"ListItem","@id":"https:\/\/www.encontraribeiraopreto.com.br\/sobre\/prefeitura-de-ribeirao-preto-fecha-ubs-apos-agressao\/#listItem","position":3,"name":"Prefeitura de Ribeir\u00e3o Preto fecha UBS ap\u00f3s agress\u00e3o","previousItem":{"@type":"ListItem","@id":"https:\/\/www.encontraribeiraopreto.com.br\/sobre\/noticias-em-ribeirao-preto\/#listItem","name":"Not\u00edcias Ribeir\u00e3o Preto"}}]},{"@type":"Organization","@id":"https:\/\/www.encontraribeiraopreto.com.br\/sobre\/#organization","name":"Encontra Ribeir\u00e3o Preto","description":"Not\u00edcias, eventos, informa\u00e7\u00f5es e dicas na cidade Ribeir\u00e3o Preto e regi\u00e3o.","url":"https:\/\/www.encontraribeiraopreto.com.br\/sobre\/"},{"@type":"Person","@id":"https:\/\/www.encontraribeiraopreto.com.br\/sobre\/author\/eribeiraopreto\/#author","url":"https:\/\/www.encontraribeiraopreto.com.br\/sobre\/author\/eribeiraopreto\/","name":"Encontra Ribeir\u00e3o Preto","image":{"@type":"ImageObject","@id":"https:\/\/www.encontraribeiraopreto.com.br\/sobre\/prefeitura-de-ribeirao-preto-fecha-ubs-apos-agressao\/#authorImage","url":"https:\/\/secure.gravatar.com\/avatar\/507340682b8270222e1f208e23198b6ae7e2c6a1033ae84e99bc6bce4f82a387?s=96&d=mm&r=g","width":96,"height":96,"caption":"Encontra Ribeir\u00e3o Preto"}},{"@type":"WebPage","@id":"https:\/\/www.encontraribeiraopreto.com.br\/sobre\/prefeitura-de-ribeirao-preto-fecha-ubs-apos-agressao\/#webpage","url":"https:\/\/www.encontraribeiraopreto.com.br\/sobre\/prefeitura-de-ribeirao-preto-fecha-ubs-apos-agressao\/","name":"Prefeitura de Ribeir\u00e3o Preto fecha UBS ap\u00f3s agress\u00e3o - Encontra Ribeir\u00e3o Preto","description":"A UBS (Unidade B\u00e1sica de Sa\u00fade) do Jardim Maria Casagrande, na regi\u00e3o oeste da cidade de Ribeir\u00e3o Preto (313 km de S\u00e3o Paulo), ficou fechada ontem durante todo per\u00edodo da tarde, ap\u00f3s uma briga entre moradoras do bairro e funcion\u00e1rios da unidade. Um m\u00e9dico da UBS registrou boletim de ocorr\u00eancia por agress\u00e3o. Segundo o sindicato","inLanguage":"pt-BR","isPartOf":{"@id":"https:\/\/www.encontraribeiraopreto.com.br\/sobre\/#website"},"breadcrumb":{"@id":"https:\/\/www.encontraribeiraopreto.com.br\/sobre\/prefeitura-de-ribeirao-preto-fecha-ubs-apos-agressao\/#breadcrumblist"},"author":{"@id":"https:\/\/www.encontraribeiraopreto.com.br\/sobre\/author\/eribeiraopreto\/#author"},"creator":{"@id":"https:\/\/www.encontraribeiraopreto.com.br\/sobre\/author\/eribeiraopreto\/#author"},"datePublished":"2011-02-08T18:25:06-03:00","dateModified":"2019-04-15T11:28:46-03:00"},{"@type":"WebSite","@id":"https:\/\/www.encontraribeiraopreto.com.br\/sobre\/#website","url":"https:\/\/www.encontraribeiraopreto.com.br\/sobre\/","name":"Encontra Ribeir\u00e3o Preto","description":"Not\u00edcias, eventos, informa\u00e7\u00f5es e dicas na cidade Ribeir\u00e3o Preto e regi\u00e3o.","inLanguage":"pt-BR","publisher":{"@id":"https:\/\/www.encontraribeiraopreto.com.br\/sobre\/#organization"}}]},"og:locale":"pt_BR","og:site_name":"Encontra Ribeir\u00e3o Preto - Not\u00edcias, eventos, informa\u00e7\u00f5es e dicas na cidade Ribeir\u00e3o Preto e regi\u00e3o.","og:type":"article","og:title":"Prefeitura de Ribeir\u00e3o Preto fecha UBS ap\u00f3s agress\u00e3o - Encontra Ribeir\u00e3o Preto","og:description":"A UBS (Unidade B\u00e1sica de Sa\u00fade) do Jardim Maria Casagrande, na regi\u00e3o oeste da cidade de Ribeir\u00e3o Preto (313 km de S\u00e3o Paulo), ficou fechada ontem durante todo per\u00edodo da tarde, ap\u00f3s uma briga entre moradoras do bairro e funcion\u00e1rios da unidade. Um m\u00e9dico da UBS registrou boletim de ocorr\u00eancia por agress\u00e3o. Segundo o sindicato","og:url":"https:\/\/www.encontraribeiraopreto.com.br\/sobre\/prefeitura-de-ribeirao-preto-fecha-ubs-apos-agressao\/","article:published_time":"2011-02-08T18:25:06+00:00","article:modified_time":"2019-04-15T14:28:46+00:00","twitter:card":"summary_large_image","twitter:title":"Prefeitura de Ribeir\u00e3o Preto fecha UBS ap\u00f3s agress\u00e3o - Encontra Ribeir\u00e3o Preto","twitter:description":"A UBS (Unidade B\u00e1sica de Sa\u00fade) do Jardim Maria Casagrande, na regi\u00e3o oeste da cidade de Ribeir\u00e3o Preto (313 km de S\u00e3o Paulo), ficou fechada ontem durante todo per\u00edodo da tarde, ap\u00f3s uma briga entre moradoras do bairro e funcion\u00e1rios da unidade. Um m\u00e9dico da UBS registrou boletim de ocorr\u00eancia por agress\u00e3o. Segundo o sindicato"},"aioseo_meta_data":{"post_id":"119","title":null,"description":null,"keywords":null,"keyphrases":null,"primary_term":null,"canonical_url":null,"og_title":null,"og_description":null,"og_object_type":"default","og_image_type":"default","og_image_url":null,"og_image_width":null,"og_image_height":null,"og_image_custom_url":null,"og_image_custom_fields":null,"og_video":null,"og_custom_url":null,"og_article_section":null,"og_article_tags":null,"twitter_use_og":false,"twitter_card":"default","twitter_image_type":"default","twitter_image_url":null,"twitter_image_custom_url":null,"twitter_image_custom_fields":null,"twitter_title":null,"twitter_description":null,"schema":{"blockGraphs":[],"customGraphs":[],"default":{"data":{"Article":[],"Course":[],"Dataset":[],"FAQPage":[],"Movie":[],"Person":[],"Product":[],"ProductReview":[],"Car":[],"Recipe":[],"Service":[],"SoftwareApplication":[],"WebPage":[]},"graphName":"BlogPosting","isEnabled":true},"graphs":[]},"schema_type":null,"schema_type_options":null,"pillar_content":false,"robots_default":true,"robots_noindex":false,"robots_noarchive":false,"robots_nosnippet":false,"robots_nofollow":false,"robots_noimageindex":false,"robots_noodp":false,"robots_notranslate":false,"robots_max_snippet":null,"robots_max_videopreview":null,"robots_max_imagepreview":"large","priority":null,"frequency":null,"local_seo":null,"limit_modified_date":false,"created":"2021-02-24 12:55:03","updated":"2023-03-17 06:09:09","focus_keyword":null,"additional_keywords":null,"truseo_locale":null,"ai":null,"breadcrumb_settings":null,"seo_analyzer_scan_date":null},"aioseo_breadcrumb":"<div class=\"aioseo-breadcrumbs\"><span class=\"aioseo-breadcrumb\">\n\t\t\t<a href=\"https:\/\/www.encontraribeiraopreto.com.br\/sobre\" title=\"In\u00edcio\">In\u00edcio<\/a>\n\t\t<\/span><span class=\"aioseo-breadcrumb-separator\">&raquo;<\/span><span class=\"aioseo-breadcrumb\">\n\t\t\t<a href=\"https:\/\/www.encontraribeiraopreto.com.br\/sobre\/noticias-em-ribeirao-preto\/\" title=\"Not\u00edcias Ribeir\u00e3o Preto\">Not\u00edcias Ribeir\u00e3o Preto<\/a>\n\t\t<\/span><span class=\"aioseo-breadcrumb-separator\">&raquo;<\/span><span class=\"aioseo-breadcrumb\">\n\t\t\tPrefeitura de Ribeir\u00e3o Preto fecha UBS ap\u00f3s agress\u00e3o\n\t\t<\/span><\/div>","aioseo_breadcrumb_json":[{"label":"In\u00edcio","link":"https:\/\/www.encontraribeiraopreto.com.br\/sobre"},{"label":"Not\u00edcias Ribeir\u00e3o Preto","link":"https:\/\/www.encontraribeiraopreto.com.br\/sobre\/noticias-em-ribeirao-preto\/"},{"label":"Prefeitura de Ribeir\u00e3o Preto fecha UBS ap\u00f3s agress\u00e3o","link":"https:\/\/www.encontraribeiraopreto.com.br\/sobre\/prefeitura-de-ribeirao-preto-fecha-ubs-apos-agressao\/"}],"_links":{"self":[{"href":"https:\/\/www.encontraribeiraopreto.com.br\/sobre\/wp-json\/wp\/v2\/posts\/119","targetHints":{"allow":["GET"]}}],"collection":[{"href":"https:\/\/www.encontraribeiraopreto.com.br\/sobre\/wp-json\/wp\/v2\/posts"}],"about":[{"href":"https:\/\/www.encontraribeiraopreto.com.br\/sobre\/wp-json\/wp\/v2\/types\/post"}],"author":[{"embeddable":true,"href":"https:\/\/www.encontraribeiraopreto.com.br\/sobre\/wp-json\/wp\/v2\/users\/1"}],"replies":[{"embeddable":true,"href":"https:\/\/www.encontraribeiraopreto.com.br\/sobre\/wp-json\/wp\/v2\/comments?post=119"}],"version-history":[{"count":0,"href":"https:\/\/www.encontraribeiraopreto.com.br\/sobre\/wp-json\/wp\/v2\/posts\/119\/revisions"}],"wp:attachment":[{"href":"https:\/\/www.encontraribeiraopreto.com.br\/sobre\/wp-json\/wp\/v2\/media?parent=119"}],"wp:term":[{"taxonomy":"category","embeddable":true,"href":"https:\/\/www.encontraribeiraopreto.com.br\/sobre\/wp-json\/wp\/v2\/categories?post=119"},{"taxonomy":"post_tag","embeddable":true,"href":"https:\/\/www.encontraribeiraopreto.com.br\/sobre\/wp-json\/wp\/v2\/tags?post=119"}],"curies":[{"name":"wp","href":"https:\/\/api.w.org\/{rel}","templated":true}]}}