{"id":1207,"date":"2012-09-03T00:20:38","date_gmt":"2012-09-03T03:20:38","guid":{"rendered":"http:\/\/www.encontraribeiraopreto.com.br\/noticias\/?p=1207"},"modified":"2019-04-15T11:26:32","modified_gmt":"2019-04-15T14:26:32","slug":"webjet-deixa-de-operar-em-ribeirao-preto-no-dia-23-de-setembro","status":"publish","type":"post","link":"https:\/\/www.encontraribeiraopreto.com.br\/sobre\/webjet-deixa-de-operar-em-ribeirao-preto-no-dia-23-de-setembro\/","title":{"rendered":"Webjet deixa de operar em Ribeir\u00e3o Preto no dia 23 de setembro"},"content":{"rendered":"<div class=\"cd7ef838bed10b2b4567f853226bc383\" data-index=\"1\" style=\"float: none; margin:0px;\">\n<!-- Anuncio display - global -->\r\n<ins class=\"adsbygoogle\"\r\n     style=\"display:block\"\r\n     data-ad-client=\"ca-pub-8585364105181520\"\r\n     data-ad-slot=\"8789329856\"\r\n     data-ad-format=\"auto\"\r\n     data-full-width-responsive=\"true\"><\/ins>\r\n<script>\r\n     (adsbygoogle = window.adsbygoogle || []).push({});\r\n<\/script>\r\n\n<\/div>\n<p>A <a title=\"Transporte em Ribeir\u00e3o Preto\" href=\"http:\/\/www.encontraribeiraopreto.com.br\/t\/transporte-em-ribeirao-preto.shtml\" target=\"_blank\">empresa <\/a>a\u00e9rea Webjet deixar\u00e1 de operar voos em Ribeir\u00e3o Preto (SP) a partir do dia 23 de setembro. A companhia informou que a decis\u00e3o \u00e9 resultado de uma reestrutura\u00e7\u00e3o na sua malha a\u00e9rea.<\/p>\n<p>Segundo a Webjet, todos os clientes que possuem bilhetes para embarque ou desembarque em Ribeir\u00e3o ser\u00e3o informados. A empresa tamb\u00e9m comunicou que esses passageiros podem escolher entre voar por outra companhia ou receber o valor pago pelo ticket a\u00e9reo.<\/p>\n<p><strong>Sem demanda<\/strong><br \/>\nA desist\u00eancia ocorre, segundo a assessoria de imprensa da Webjet, porque n\u00e3o h\u00e1 demanda suficiente na cidade para a manuten\u00e7\u00e3o dos voos e, por isso, a empresa pretende explorar destinos com melhor potencial de receita.<\/p>\n<p>A empresa possui no munic\u00edpio op\u00e7\u00e3o para nove destinos e os mais procurados s\u00e3o Rio de Janeiro e o <a href=\"http:\/\/www.encontrasaopaulo.com.br\/\" target=\"_blank\">estado de S\u00e3o Paulo <\/a>. O n\u00famero de voos di\u00e1rios em Ribeir\u00e3o Preto n\u00e3o foi divulgado.<\/p>\n<p>N\u00e3o \u00e9 a primeira vez em 2012 que uma grande empresa a\u00e9rea encerra suas opera\u00e7\u00f5es em Ribeir\u00e3o Preto. A Trip, que tinha voos di\u00e1rios, tamb\u00e9m parou de atuar no munic\u00edpio no in\u00edcio deste ano. Com a sa\u00edda da Webjet de Ribeir\u00e3o, permanecem as empresas TAM, Passaredo e Azul.<\/p>\n<p><em>Fonte: G1<\/em><\/p>\n\n<div style=\"font-size: 0px; height: 0px; line-height: 0px; margin: 0; padding: 0; clear: both;\"><\/div>","protected":false},"excerpt":{"rendered":"<p>A empresa a\u00e9rea Webjet deixar\u00e1 de operar voos em Ribeir\u00e3o Preto (SP) a partir do dia 23 de setembro. A companhia informou que a decis\u00e3o \u00e9 resultado de uma reestrutura\u00e7\u00e3o na sua malha a\u00e9rea. Segundo a Webjet, todos os clientes que possuem bilhetes para embarque ou desembarque em Ribeir\u00e3o ser\u00e3o informados. A empresa tamb\u00e9m comunicou que esses passageiros podem escolher entre voar por outra companhia ou receber o valor pago pelo ticket a\u00e9reo. Sem demanda A desist\u00eancia ocorre, segundo a assessoria de imprensa da Webjet, porque n\u00e3o h\u00e1 demanda suficiente na cidade para a manuten\u00e7\u00e3o dos voos e, por isso, <\/p>\n","protected":false},"author":1,"featured_media":0,"comment_status":"open","ping_status":"closed","sticky":false,"template":"","format":"standard","meta":{"footnotes":""},"categories":[6],"tags":[],"class_list":["post-1207","post","type-post","status-publish","format-standard","hentry","category-noticias-em-ribeirao-preto"],"aioseo_notices":[],"aioseo_head":"\n\t\t<!-- All in One SEO 5.0.0.1 - aioseo.com -->\n\t<meta name=\"description\" content=\"A empresa a\u00e9rea Webjet deixar\u00e1 de operar voos em Ribeir\u00e3o Preto (SP) a partir do dia 23 de setembro. A companhia informou que a decis\u00e3o \u00e9 resultado de uma reestrutura\u00e7\u00e3o na sua malha a\u00e9rea. Segundo a Webjet, todos os clientes que possuem bilhetes para embarque ou desembarque em Ribeir\u00e3o ser\u00e3o informados. A empresa tamb\u00e9m comunicou\" \/>\n\t<meta name=\"robots\" content=\"max-image-preview:large\" \/>\n\t<meta name=\"author\" content=\"Encontra Ribeir\u00e3o Preto\"\/>\n\t<link rel=\"canonical\" href=\"https:\/\/www.encontraribeiraopreto.com.br\/sobre\/webjet-deixa-de-operar-em-ribeirao-preto-no-dia-23-de-setembro\/\" \/>\n\t<meta name=\"generator\" content=\"All in One SEO (AIOSEO) 5.0.0.1\" \/>\n\t\t<meta property=\"og:locale\" content=\"pt_BR\" \/>\n\t\t<meta property=\"og:site_name\" content=\"Encontra Ribeir\u00e3o Preto - Not\u00edcias, eventos, informa\u00e7\u00f5es e dicas na cidade Ribeir\u00e3o Preto e regi\u00e3o.\" \/>\n\t\t<meta property=\"og:type\" content=\"article\" \/>\n\t\t<meta property=\"og:title\" content=\"Webjet deixa de operar em Ribeir\u00e3o Preto no dia 23 de setembro - Encontra Ribeir\u00e3o Preto\" \/>\n\t\t<meta property=\"og:description\" content=\"A empresa a\u00e9rea Webjet deixar\u00e1 de operar voos em Ribeir\u00e3o Preto (SP) a partir do dia 23 de setembro. A companhia informou que a decis\u00e3o \u00e9 resultado de uma reestrutura\u00e7\u00e3o na sua malha a\u00e9rea. Segundo a Webjet, todos os clientes que possuem bilhetes para embarque ou desembarque em Ribeir\u00e3o ser\u00e3o informados. A empresa tamb\u00e9m comunicou\" \/>\n\t\t<meta property=\"og:url\" content=\"https:\/\/www.encontraribeiraopreto.com.br\/sobre\/webjet-deixa-de-operar-em-ribeirao-preto-no-dia-23-de-setembro\/\" \/>\n\t\t<meta property=\"article:published_time\" content=\"2012-09-03T03:20:38+00:00\" \/>\n\t\t<meta property=\"article:modified_time\" content=\"2019-04-15T14:26:32+00:00\" \/>\n\t\t<meta name=\"twitter:card\" content=\"summary_large_image\" \/>\n\t\t<meta name=\"twitter:title\" content=\"Webjet deixa de operar em Ribeir\u00e3o Preto no dia 23 de setembro - Encontra Ribeir\u00e3o Preto\" \/>\n\t\t<meta name=\"twitter:description\" content=\"A empresa a\u00e9rea Webjet deixar\u00e1 de operar voos em Ribeir\u00e3o Preto (SP) a partir do dia 23 de setembro. A companhia informou que a decis\u00e3o \u00e9 resultado de uma reestrutura\u00e7\u00e3o na sua malha a\u00e9rea. Segundo a Webjet, todos os clientes que possuem bilhetes para embarque ou desembarque em Ribeir\u00e3o ser\u00e3o informados. A empresa tamb\u00e9m comunicou\" \/>\n\t\t<script type=\"application\/ld+json\" class=\"aioseo-schema\">\n\t\t\t{\"@context\":\"https:\\\/\\\/schema.org\",\"@graph\":[{\"@type\":\"BlogPosting\",\"@id\":\"https:\\\/\\\/www.encontraribeiraopreto.com.br\\\/sobre\\\/webjet-deixa-de-operar-em-ribeirao-preto-no-dia-23-de-setembro\\\/#blogposting\",\"name\":\"Webjet deixa de operar em Ribeir\\u00e3o Preto no dia 23 de setembro - Encontra Ribeir\\u00e3o Preto\",\"headline\":\"Webjet deixa de operar em Ribeir\\u00e3o Preto no dia 23 de setembro\",\"author\":{\"@id\":\"https:\\\/\\\/www.encontraribeiraopreto.com.br\\\/sobre\\\/author\\\/eribeiraopreto\\\/#author\"},\"publisher\":{\"@id\":\"https:\\\/\\\/www.encontraribeiraopreto.com.br\\\/sobre\\\/#organization\"},\"datePublished\":\"2012-09-03T00:20:38-03:00\",\"dateModified\":\"2019-04-15T11:26:32-03:00\",\"inLanguage\":\"pt-BR\",\"mainEntityOfPage\":{\"@id\":\"https:\\\/\\\/www.encontraribeiraopreto.com.br\\\/sobre\\\/webjet-deixa-de-operar-em-ribeirao-preto-no-dia-23-de-setembro\\\/#webpage\"},\"isPartOf\":{\"@id\":\"https:\\\/\\\/www.encontraribeiraopreto.com.br\\\/sobre\\\/webjet-deixa-de-operar-em-ribeirao-preto-no-dia-23-de-setembro\\\/#webpage\"},\"articleSection\":\"Not\\u00edcias Ribeir\\u00e3o Preto\"},{\"@type\":\"BreadcrumbList\",\"@id\":\"https:\\\/\\\/www.encontraribeiraopreto.com.br\\\/sobre\\\/webjet-deixa-de-operar-em-ribeirao-preto-no-dia-23-de-setembro\\\/#breadcrumblist\",\"itemListElement\":[{\"@type\":\"ListItem\",\"@id\":\"https:\\\/\\\/www.encontraribeiraopreto.com.br\\\/sobre#listItem\",\"position\":1,\"name\":\"In\\u00edcio\",\"item\":\"https:\\\/\\\/www.encontraribeiraopreto.com.br\\\/sobre\",\"nextItem\":{\"@type\":\"ListItem\",\"@id\":\"https:\\\/\\\/www.encontraribeiraopreto.com.br\\\/sobre\\\/noticias-em-ribeirao-preto\\\/#listItem\",\"name\":\"Not\\u00edcias Ribeir\\u00e3o Preto\"}},{\"@type\":\"ListItem\",\"@id\":\"https:\\\/\\\/www.encontraribeiraopreto.com.br\\\/sobre\\\/noticias-em-ribeirao-preto\\\/#listItem\",\"position\":2,\"name\":\"Not\\u00edcias Ribeir\\u00e3o Preto\",\"item\":\"https:\\\/\\\/www.encontraribeiraopreto.com.br\\\/sobre\\\/noticias-em-ribeirao-preto\\\/\",\"nextItem\":{\"@type\":\"ListItem\",\"@id\":\"https:\\\/\\\/www.encontraribeiraopreto.com.br\\\/sobre\\\/webjet-deixa-de-operar-em-ribeirao-preto-no-dia-23-de-setembro\\\/#listItem\",\"name\":\"Webjet deixa de operar em Ribeir\\u00e3o Preto no dia 23 de setembro\"},\"previousItem\":{\"@type\":\"ListItem\",\"@id\":\"https:\\\/\\\/www.encontraribeiraopreto.com.br\\\/sobre#listItem\",\"name\":\"In\\u00edcio\"}},{\"@type\":\"ListItem\",\"@id\":\"https:\\\/\\\/www.encontraribeiraopreto.com.br\\\/sobre\\\/webjet-deixa-de-operar-em-ribeirao-preto-no-dia-23-de-setembro\\\/#listItem\",\"position\":3,\"name\":\"Webjet deixa de operar em Ribeir\\u00e3o Preto no dia 23 de setembro\",\"previousItem\":{\"@type\":\"ListItem\",\"@id\":\"https:\\\/\\\/www.encontraribeiraopreto.com.br\\\/sobre\\\/noticias-em-ribeirao-preto\\\/#listItem\",\"name\":\"Not\\u00edcias Ribeir\\u00e3o Preto\"}}]},{\"@type\":\"Organization\",\"@id\":\"https:\\\/\\\/www.encontraribeiraopreto.com.br\\\/sobre\\\/#organization\",\"name\":\"Encontra Ribeir\\u00e3o Preto\",\"description\":\"Not\\u00edcias, eventos, informa\\u00e7\\u00f5es e dicas na cidade Ribeir\\u00e3o Preto e regi\\u00e3o.\",\"url\":\"https:\\\/\\\/www.encontraribeiraopreto.com.br\\\/sobre\\\/\"},{\"@type\":\"Person\",\"@id\":\"https:\\\/\\\/www.encontraribeiraopreto.com.br\\\/sobre\\\/author\\\/eribeiraopreto\\\/#author\",\"url\":\"https:\\\/\\\/www.encontraribeiraopreto.com.br\\\/sobre\\\/author\\\/eribeiraopreto\\\/\",\"name\":\"Encontra Ribeir\\u00e3o Preto\",\"image\":{\"@type\":\"ImageObject\",\"@id\":\"https:\\\/\\\/www.encontraribeiraopreto.com.br\\\/sobre\\\/webjet-deixa-de-operar-em-ribeirao-preto-no-dia-23-de-setembro\\\/#authorImage\",\"url\":\"https:\\\/\\\/secure.gravatar.com\\\/avatar\\\/507340682b8270222e1f208e23198b6ae7e2c6a1033ae84e99bc6bce4f82a387?s=96&d=mm&r=g\",\"width\":96,\"height\":96,\"caption\":\"Encontra Ribeir\\u00e3o Preto\"}},{\"@type\":\"WebPage\",\"@id\":\"https:\\\/\\\/www.encontraribeiraopreto.com.br\\\/sobre\\\/webjet-deixa-de-operar-em-ribeirao-preto-no-dia-23-de-setembro\\\/#webpage\",\"url\":\"https:\\\/\\\/www.encontraribeiraopreto.com.br\\\/sobre\\\/webjet-deixa-de-operar-em-ribeirao-preto-no-dia-23-de-setembro\\\/\",\"name\":\"Webjet deixa de operar em Ribeir\\u00e3o Preto no dia 23 de setembro - Encontra Ribeir\\u00e3o Preto\",\"description\":\"A empresa a\\u00e9rea Webjet deixar\\u00e1 de operar voos em Ribeir\\u00e3o Preto (SP) a partir do dia 23 de setembro. A companhia informou que a decis\\u00e3o \\u00e9 resultado de uma reestrutura\\u00e7\\u00e3o na sua malha a\\u00e9rea. Segundo a Webjet, todos os clientes que possuem bilhetes para embarque ou desembarque em Ribeir\\u00e3o ser\\u00e3o informados. A empresa tamb\\u00e9m comunicou\",\"inLanguage\":\"pt-BR\",\"isPartOf\":{\"@id\":\"https:\\\/\\\/www.encontraribeiraopreto.com.br\\\/sobre\\\/#website\"},\"breadcrumb\":{\"@id\":\"https:\\\/\\\/www.encontraribeiraopreto.com.br\\\/sobre\\\/webjet-deixa-de-operar-em-ribeirao-preto-no-dia-23-de-setembro\\\/#breadcrumblist\"},\"author\":{\"@id\":\"https:\\\/\\\/www.encontraribeiraopreto.com.br\\\/sobre\\\/author\\\/eribeiraopreto\\\/#author\"},\"creator\":{\"@id\":\"https:\\\/\\\/www.encontraribeiraopreto.com.br\\\/sobre\\\/author\\\/eribeiraopreto\\\/#author\"},\"datePublished\":\"2012-09-03T00:20:38-03:00\",\"dateModified\":\"2019-04-15T11:26:32-03:00\"},{\"@type\":\"WebSite\",\"@id\":\"https:\\\/\\\/www.encontraribeiraopreto.com.br\\\/sobre\\\/#website\",\"url\":\"https:\\\/\\\/www.encontraribeiraopreto.com.br\\\/sobre\\\/\",\"name\":\"Encontra Ribeir\\u00e3o Preto\",\"description\":\"Not\\u00edcias, eventos, informa\\u00e7\\u00f5es e dicas na cidade Ribeir\\u00e3o Preto e regi\\u00e3o.\",\"inLanguage\":\"pt-BR\",\"publisher\":{\"@id\":\"https:\\\/\\\/www.encontraribeiraopreto.com.br\\\/sobre\\\/#organization\"}}]}\n\t\t<\/script>\n\t\t<!-- All in One SEO -->\n\n","aioseo_head_json":{"title":"Webjet deixa de operar em Ribeir\u00e3o Preto no dia 23 de setembro - Encontra Ribeir\u00e3o Preto","description":"A empresa a\u00e9rea Webjet deixar\u00e1 de operar voos em Ribeir\u00e3o Preto (SP) a partir do dia 23 de setembro. A companhia informou que a decis\u00e3o \u00e9 resultado de uma reestrutura\u00e7\u00e3o na sua malha a\u00e9rea. Segundo a Webjet, todos os clientes que possuem bilhetes para embarque ou desembarque em Ribeir\u00e3o ser\u00e3o informados. A empresa tamb\u00e9m comunicou","canonical_url":"https:\/\/www.encontraribeiraopreto.com.br\/sobre\/webjet-deixa-de-operar-em-ribeirao-preto-no-dia-23-de-setembro\/","robots":"max-image-preview:large","keywords":"","webmasterTools":{"miscellaneous":""},"schema":{"@context":"https:\/\/schema.org","@graph":[{"@type":"BlogPosting","@id":"https:\/\/www.encontraribeiraopreto.com.br\/sobre\/webjet-deixa-de-operar-em-ribeirao-preto-no-dia-23-de-setembro\/#blogposting","name":"Webjet deixa de operar em Ribeir\u00e3o Preto no dia 23 de setembro - Encontra Ribeir\u00e3o Preto","headline":"Webjet deixa de operar em Ribeir\u00e3o Preto no dia 23 de setembro","author":{"@id":"https:\/\/www.encontraribeiraopreto.com.br\/sobre\/author\/eribeiraopreto\/#author"},"publisher":{"@id":"https:\/\/www.encontraribeiraopreto.com.br\/sobre\/#organization"},"datePublished":"2012-09-03T00:20:38-03:00","dateModified":"2019-04-15T11:26:32-03:00","inLanguage":"pt-BR","mainEntityOfPage":{"@id":"https:\/\/www.encontraribeiraopreto.com.br\/sobre\/webjet-deixa-de-operar-em-ribeirao-preto-no-dia-23-de-setembro\/#webpage"},"isPartOf":{"@id":"https:\/\/www.encontraribeiraopreto.com.br\/sobre\/webjet-deixa-de-operar-em-ribeirao-preto-no-dia-23-de-setembro\/#webpage"},"articleSection":"Not\u00edcias Ribeir\u00e3o Preto"},{"@type":"BreadcrumbList","@id":"https:\/\/www.encontraribeiraopreto.com.br\/sobre\/webjet-deixa-de-operar-em-ribeirao-preto-no-dia-23-de-setembro\/#breadcrumblist","itemListElement":[{"@type":"ListItem","@id":"https:\/\/www.encontraribeiraopreto.com.br\/sobre#listItem","position":1,"name":"In\u00edcio","item":"https:\/\/www.encontraribeiraopreto.com.br\/sobre","nextItem":{"@type":"ListItem","@id":"https:\/\/www.encontraribeiraopreto.com.br\/sobre\/noticias-em-ribeirao-preto\/#listItem","name":"Not\u00edcias Ribeir\u00e3o Preto"}},{"@type":"ListItem","@id":"https:\/\/www.encontraribeiraopreto.com.br\/sobre\/noticias-em-ribeirao-preto\/#listItem","position":2,"name":"Not\u00edcias Ribeir\u00e3o Preto","item":"https:\/\/www.encontraribeiraopreto.com.br\/sobre\/noticias-em-ribeirao-preto\/","nextItem":{"@type":"ListItem","@id":"https:\/\/www.encontraribeiraopreto.com.br\/sobre\/webjet-deixa-de-operar-em-ribeirao-preto-no-dia-23-de-setembro\/#listItem","name":"Webjet deixa de operar em Ribeir\u00e3o Preto no dia 23 de setembro"},"previousItem":{"@type":"ListItem","@id":"https:\/\/www.encontraribeiraopreto.com.br\/sobre#listItem","name":"In\u00edcio"}},{"@type":"ListItem","@id":"https:\/\/www.encontraribeiraopreto.com.br\/sobre\/webjet-deixa-de-operar-em-ribeirao-preto-no-dia-23-de-setembro\/#listItem","position":3,"name":"Webjet deixa de operar em Ribeir\u00e3o Preto no dia 23 de setembro","previousItem":{"@type":"ListItem","@id":"https:\/\/www.encontraribeiraopreto.com.br\/sobre\/noticias-em-ribeirao-preto\/#listItem","name":"Not\u00edcias Ribeir\u00e3o Preto"}}]},{"@type":"Organization","@id":"https:\/\/www.encontraribeiraopreto.com.br\/sobre\/#organization","name":"Encontra Ribeir\u00e3o Preto","description":"Not\u00edcias, eventos, informa\u00e7\u00f5es e dicas na cidade Ribeir\u00e3o Preto e regi\u00e3o.","url":"https:\/\/www.encontraribeiraopreto.com.br\/sobre\/"},{"@type":"Person","@id":"https:\/\/www.encontraribeiraopreto.com.br\/sobre\/author\/eribeiraopreto\/#author","url":"https:\/\/www.encontraribeiraopreto.com.br\/sobre\/author\/eribeiraopreto\/","name":"Encontra Ribeir\u00e3o Preto","image":{"@type":"ImageObject","@id":"https:\/\/www.encontraribeiraopreto.com.br\/sobre\/webjet-deixa-de-operar-em-ribeirao-preto-no-dia-23-de-setembro\/#authorImage","url":"https:\/\/secure.gravatar.com\/avatar\/507340682b8270222e1f208e23198b6ae7e2c6a1033ae84e99bc6bce4f82a387?s=96&d=mm&r=g","width":96,"height":96,"caption":"Encontra Ribeir\u00e3o Preto"}},{"@type":"WebPage","@id":"https:\/\/www.encontraribeiraopreto.com.br\/sobre\/webjet-deixa-de-operar-em-ribeirao-preto-no-dia-23-de-setembro\/#webpage","url":"https:\/\/www.encontraribeiraopreto.com.br\/sobre\/webjet-deixa-de-operar-em-ribeirao-preto-no-dia-23-de-setembro\/","name":"Webjet deixa de operar em Ribeir\u00e3o Preto no dia 23 de setembro - Encontra Ribeir\u00e3o Preto","description":"A empresa a\u00e9rea Webjet deixar\u00e1 de operar voos em Ribeir\u00e3o Preto (SP) a partir do dia 23 de setembro. A companhia informou que a decis\u00e3o \u00e9 resultado de uma reestrutura\u00e7\u00e3o na sua malha a\u00e9rea. Segundo a Webjet, todos os clientes que possuem bilhetes para embarque ou desembarque em Ribeir\u00e3o ser\u00e3o informados. A empresa tamb\u00e9m comunicou","inLanguage":"pt-BR","isPartOf":{"@id":"https:\/\/www.encontraribeiraopreto.com.br\/sobre\/#website"},"breadcrumb":{"@id":"https:\/\/www.encontraribeiraopreto.com.br\/sobre\/webjet-deixa-de-operar-em-ribeirao-preto-no-dia-23-de-setembro\/#breadcrumblist"},"author":{"@id":"https:\/\/www.encontraribeiraopreto.com.br\/sobre\/author\/eribeiraopreto\/#author"},"creator":{"@id":"https:\/\/www.encontraribeiraopreto.com.br\/sobre\/author\/eribeiraopreto\/#author"},"datePublished":"2012-09-03T00:20:38-03:00","dateModified":"2019-04-15T11:26:32-03:00"},{"@type":"WebSite","@id":"https:\/\/www.encontraribeiraopreto.com.br\/sobre\/#website","url":"https:\/\/www.encontraribeiraopreto.com.br\/sobre\/","name":"Encontra Ribeir\u00e3o Preto","description":"Not\u00edcias, eventos, informa\u00e7\u00f5es e dicas na cidade Ribeir\u00e3o Preto e regi\u00e3o.","inLanguage":"pt-BR","publisher":{"@id":"https:\/\/www.encontraribeiraopreto.com.br\/sobre\/#organization"}}]},"og:locale":"pt_BR","og:site_name":"Encontra Ribeir\u00e3o Preto - Not\u00edcias, eventos, informa\u00e7\u00f5es e dicas na cidade Ribeir\u00e3o Preto e regi\u00e3o.","og:type":"article","og:title":"Webjet deixa de operar em Ribeir\u00e3o Preto no dia 23 de setembro - Encontra Ribeir\u00e3o Preto","og:description":"A empresa a\u00e9rea Webjet deixar\u00e1 de operar voos em Ribeir\u00e3o Preto (SP) a partir do dia 23 de setembro. A companhia informou que a decis\u00e3o \u00e9 resultado de uma reestrutura\u00e7\u00e3o na sua malha a\u00e9rea. Segundo a Webjet, todos os clientes que possuem bilhetes para embarque ou desembarque em Ribeir\u00e3o ser\u00e3o informados. A empresa tamb\u00e9m comunicou","og:url":"https:\/\/www.encontraribeiraopreto.com.br\/sobre\/webjet-deixa-de-operar-em-ribeirao-preto-no-dia-23-de-setembro\/","article:published_time":"2012-09-03T03:20:38+00:00","article:modified_time":"2019-04-15T14:26:32+00:00","twitter:card":"summary_large_image","twitter:title":"Webjet deixa de operar em Ribeir\u00e3o Preto no dia 23 de setembro - Encontra Ribeir\u00e3o Preto","twitter:description":"A empresa a\u00e9rea Webjet deixar\u00e1 de operar voos em Ribeir\u00e3o Preto (SP) a partir do dia 23 de setembro. A companhia informou que a decis\u00e3o \u00e9 resultado de uma reestrutura\u00e7\u00e3o na sua malha a\u00e9rea. Segundo a Webjet, todos os clientes que possuem bilhetes para embarque ou desembarque em Ribeir\u00e3o ser\u00e3o informados. A empresa tamb\u00e9m comunicou"},"aioseo_meta_data":{"post_id":"1207","title":null,"description":null,"keywords":null,"keyphrases":null,"primary_term":null,"canonical_url":null,"og_title":null,"og_description":null,"og_object_type":"default","og_image_type":"default","og_image_url":null,"og_image_width":null,"og_image_height":null,"og_image_custom_url":null,"og_image_custom_fields":null,"og_video":null,"og_custom_url":null,"og_article_section":null,"og_article_tags":null,"twitter_use_og":false,"twitter_card":"default","twitter_image_type":"default","twitter_image_url":null,"twitter_image_custom_url":null,"twitter_image_custom_fields":null,"twitter_title":null,"twitter_description":null,"schema":{"blockGraphs":[],"customGraphs":[],"default":{"data":{"Article":[],"Course":[],"Dataset":[],"FAQPage":[],"Movie":[],"Person":[],"Product":[],"ProductReview":[],"Car":[],"Recipe":[],"Service":[],"SoftwareApplication":[],"WebPage":[]},"graphName":"BlogPosting","isEnabled":true},"graphs":[]},"schema_type":null,"schema_type_options":null,"pillar_content":false,"robots_default":true,"robots_noindex":false,"robots_noarchive":false,"robots_nosnippet":false,"robots_nofollow":false,"robots_noimageindex":false,"robots_noodp":false,"robots_notranslate":false,"robots_max_snippet":null,"robots_max_videopreview":null,"robots_max_imagepreview":"large","priority":null,"frequency":null,"local_seo":null,"limit_modified_date":false,"created":"2021-02-24 13:53:47","updated":"2023-03-08 00:15:52","focus_keyword":null,"additional_keywords":null,"truseo_locale":null,"ai":null,"breadcrumb_settings":null,"seo_analyzer_scan_date":null},"aioseo_breadcrumb":"<div class=\"aioseo-breadcrumbs\"><span class=\"aioseo-breadcrumb\">\n\t\t\t<a href=\"https:\/\/www.encontraribeiraopreto.com.br\/sobre\" title=\"In\u00edcio\">In\u00edcio<\/a>\n\t\t<\/span><span class=\"aioseo-breadcrumb-separator\">&raquo;<\/span><span class=\"aioseo-breadcrumb\">\n\t\t\t<a href=\"https:\/\/www.encontraribeiraopreto.com.br\/sobre\/noticias-em-ribeirao-preto\/\" title=\"Not\u00edcias Ribeir\u00e3o Preto\">Not\u00edcias Ribeir\u00e3o Preto<\/a>\n\t\t<\/span><span class=\"aioseo-breadcrumb-separator\">&raquo;<\/span><span class=\"aioseo-breadcrumb\">\n\t\t\tWebjet deixa de operar em Ribeir\u00e3o Preto no dia 23 de setembro\n\t\t<\/span><\/div>","aioseo_breadcrumb_json":[{"label":"In\u00edcio","link":"https:\/\/www.encontraribeiraopreto.com.br\/sobre"},{"label":"Not\u00edcias Ribeir\u00e3o Preto","link":"https:\/\/www.encontraribeiraopreto.com.br\/sobre\/noticias-em-ribeirao-preto\/"},{"label":"Webjet deixa de operar em Ribeir\u00e3o Preto no dia 23 de setembro","link":"https:\/\/www.encontraribeiraopreto.com.br\/sobre\/webjet-deixa-de-operar-em-ribeirao-preto-no-dia-23-de-setembro\/"}],"_links":{"self":[{"href":"https:\/\/www.encontraribeiraopreto.com.br\/sobre\/wp-json\/wp\/v2\/posts\/1207","targetHints":{"allow":["GET"]}}],"collection":[{"href":"https:\/\/www.encontraribeiraopreto.com.br\/sobre\/wp-json\/wp\/v2\/posts"}],"about":[{"href":"https:\/\/www.encontraribeiraopreto.com.br\/sobre\/wp-json\/wp\/v2\/types\/post"}],"author":[{"embeddable":true,"href":"https:\/\/www.encontraribeiraopreto.com.br\/sobre\/wp-json\/wp\/v2\/users\/1"}],"replies":[{"embeddable":true,"href":"https:\/\/www.encontraribeiraopreto.com.br\/sobre\/wp-json\/wp\/v2\/comments?post=1207"}],"version-history":[{"count":0,"href":"https:\/\/www.encontraribeiraopreto.com.br\/sobre\/wp-json\/wp\/v2\/posts\/1207\/revisions"}],"wp:attachment":[{"href":"https:\/\/www.encontraribeiraopreto.com.br\/sobre\/wp-json\/wp\/v2\/media?parent=1207"}],"wp:term":[{"taxonomy":"category","embeddable":true,"href":"https:\/\/www.encontraribeiraopreto.com.br\/sobre\/wp-json\/wp\/v2\/categories?post=1207"},{"taxonomy":"post_tag","embeddable":true,"href":"https:\/\/www.encontraribeiraopreto.com.br\/sobre\/wp-json\/wp\/v2\/tags?post=1207"}],"curies":[{"name":"wp","href":"https:\/\/api.w.org\/{rel}","templated":true}]}}