{"id":1220,"date":"2012-09-05T00:16:53","date_gmt":"2012-09-05T03:16:53","guid":{"rendered":"http:\/\/www.encontraribeiraopreto.com.br\/noticias\/?p=1220"},"modified":"2019-04-15T11:26:32","modified_gmt":"2019-04-15T14:26:32","slug":"clinica-e-suspeita-de-carcere-e-tortura-contra-internos-em-ribeirao-preto","status":"publish","type":"post","link":"https:\/\/www.encontraribeiraopreto.com.br\/sobre\/clinica-e-suspeita-de-carcere-e-tortura-contra-internos-em-ribeirao-preto\/","title":{"rendered":"Cl\u00ednica \u00e9 suspeita de c\u00e1rcere e tortura contra internos em Ribeir\u00e3o Preto"},"content":{"rendered":"<div class=\"cd7ef838bed10b2b4567f853226bc383\" data-index=\"1\" style=\"float: none; margin:0px;\">\n<!-- Anuncio display - global -->\r\n<ins class=\"adsbygoogle\"\r\n     style=\"display:block\"\r\n     data-ad-client=\"ca-pub-8585364105181520\"\r\n     data-ad-slot=\"8789329856\"\r\n     data-ad-format=\"auto\"\r\n     data-full-width-responsive=\"true\"><\/ins>\r\n<script>\r\n     (adsbygoogle = window.adsbygoogle || []).push({});\r\n<\/script>\r\n\n<\/div>\n<p>O dono de uma cl\u00ednica para dependentes qu\u00edmicos foi preso em flagrante acusado de c\u00e1rcere privado nesta ter\u00e7a-feira (4), no Recreio das Ac\u00e1cias, em\u00a0Ribeir\u00e3o Preto\u00a0(SP). A den\u00fancia foi feita pelo setor de intelig\u00eancia da Pol\u00edcia Civil, que investigar\u00e1 tamb\u00e9m crime de tortura contra os internos.<\/p>\n<p>O delegado respons\u00e1vel pelo caso, Jos\u00e9 Luis de Meireles Junior, contou que foi ao local averiguar a den\u00fancia e encontrou cinco internos, entre eles um menor, trancados em um quarto, cuja janela tinha grades. Eles seriam internos involunt\u00e1rios \u2013 que n\u00e3o aceitam o tratamento \u2013 e estariam presos por motivos como tentativa de fuga da <a title=\"Clinica Psic\u00f3loga em Ribeir\u00e3o Preto\" href=\"http:\/\/www.encontraribeiraopreto.com.br\/p\/psicologa-em-ribeirao-preto.shtml\" target=\"_blank\">cl\u00ednica<\/a> ou fumar cigarros a mais que o permitido. \u201cApesar de estarem tranquilos, pairava um medo no ar, possivelmente por j\u00e1 terem sofrido viol\u00eancia f\u00edsica\u201d, afirma o delegado.<\/p>\n<p>Ainda de acordo com ele, a equipe ouviu o depoimento de todos os internos e de um dos monitores do local. \u201cA revolta entre eles era grande e o pr\u00f3prio monitor disse que n\u00e3o internaria um filho ali\u201d, diz Meireles Junior. O propriet\u00e1rio foi encaminhado ao Centro de Deten\u00e7\u00e3o Provis\u00f3ria de Ribeir\u00e3o e a pol\u00edcia dar\u00e1 continuidade \u00e0s investiga\u00e7\u00f5es. Todos os internos passar\u00e3o por exame de corpo de delito.<\/p>\n<div>Sobre o funcionamento da cl\u00ednica, o delegado afirma n\u00e3o ser de sua compet\u00eancia realizar o fechamento, mas que ap\u00f3s a instaura\u00e7\u00e3o do inqu\u00e9rito policial, o Minist\u00e9rio P\u00fablico tomaria conhecimento do caso.<\/div>\n<p><strong>Revolta<\/strong><br \/>\nDurante a visita da reportagem, um dos internos, de 22 anos, que preferiu n\u00e3o ser identificado, arrumou as malas e deixou a cl\u00ednica, confirmando as agress\u00f5es. \u201cEle me obrigava a trabalhar na cozinha e se n\u00e3o trabalhasse eu apanhava, fui agredido por cinta e amarrado em uma maca.\u201d Ele estava internado h\u00e1 um m\u00eas e saiu sem que fosse impedido por nenhum funcion\u00e1rio.<\/p>\n<p><strong>Defesa<\/strong><br \/>\nO advogado da cl\u00ednica, Daniel Rondi, defende o m\u00e9todo da interna\u00e7\u00e3o, afirma que todas as a\u00e7\u00f5es s\u00e3o decididas por m\u00e9dicos, informadas ao Minist\u00e9rio P\u00fablico e que a situa\u00e7\u00e3o relatada pela pol\u00edcia \u00e9 uma \u201cinterpreta\u00e7\u00e3o do delegado\u201d.<\/p>\n<p>Quanto \u00e0 viol\u00eancia, ele afirma que os internos n\u00e3o t\u00eam consci\u00eancia apurada para dar\u00a0 depoimentos absolutamente verdadeiros e que a revolta pode ser entendida como um desabafo. \u201cO tratamento realizado n\u00e3o tem car\u00e1ter punitivo, mas sim terap\u00eautico e n\u00e3o h\u00e1 no local ningu\u00e9m machucado, isso ficar\u00e1 provado com os exames realizados\u201d, garante Rondi.<\/p>\n<p>O gerente comercial Nelson Os\u00f3rio Junior, que \u00e9 pai de um dos internos da cl\u00ednica, tamb\u00e9m defende os m\u00e9todos utilizados no local. Ele explica que o filho, de 21 anos, viciado em coca\u00edna, j\u00e1 precisou ser trancado no quarto, o procedimento foi informado pelo propriet\u00e1rio. \u201cEle precisava ser trancado e eu concordei plenamente\u201d, confirma o pai.<\/p>\n<p><em>Fonte: G1<\/em><\/p>\n\n<div style=\"font-size: 0px; height: 0px; line-height: 0px; margin: 0; padding: 0; clear: both;\"><\/div>","protected":false},"excerpt":{"rendered":"<p>O dono de uma cl\u00ednica para dependentes qu\u00edmicos foi preso em flagrante acusado de c\u00e1rcere privado nesta ter\u00e7a-feira (4), no Recreio das Ac\u00e1cias, em\u00a0Ribeir\u00e3o Preto\u00a0(SP). A den\u00fancia foi feita pelo setor de intelig\u00eancia da Pol\u00edcia Civil, que investigar\u00e1 tamb\u00e9m crime de tortura contra os internos. O delegado respons\u00e1vel pelo caso, Jos\u00e9 Luis de Meireles Junior, contou que foi ao local averiguar a den\u00fancia e encontrou cinco internos, entre eles um menor, trancados em um quarto, cuja janela tinha grades. Eles seriam internos involunt\u00e1rios \u2013 que n\u00e3o aceitam o tratamento \u2013 e estariam presos por motivos como tentativa de fuga da <\/p>\n","protected":false},"author":1,"featured_media":0,"comment_status":"open","ping_status":"closed","sticky":false,"template":"","format":"standard","meta":{"footnotes":""},"categories":[6],"tags":[],"class_list":["post-1220","post","type-post","status-publish","format-standard","hentry","category-noticias-em-ribeirao-preto"],"aioseo_notices":[],"aioseo_head":"\n\t\t<!-- All in One SEO 5.0.0.1 - aioseo.com -->\n\t<meta name=\"description\" content=\"O dono de uma cl\u00ednica para dependentes qu\u00edmicos foi preso em flagrante acusado de c\u00e1rcere privado nesta ter\u00e7a-feira (4), no Recreio das Ac\u00e1cias, em Ribeir\u00e3o Preto (SP). A den\u00fancia foi feita pelo setor de intelig\u00eancia da Pol\u00edcia Civil, que investigar\u00e1 tamb\u00e9m crime de tortura contra os internos. O delegado respons\u00e1vel pelo caso, Jos\u00e9 Luis de Meireles Junior,\" \/>\n\t<meta name=\"robots\" content=\"max-image-preview:large\" \/>\n\t<meta name=\"author\" content=\"Encontra Ribeir\u00e3o Preto\"\/>\n\t<link rel=\"canonical\" href=\"https:\/\/www.encontraribeiraopreto.com.br\/sobre\/clinica-e-suspeita-de-carcere-e-tortura-contra-internos-em-ribeirao-preto\/\" \/>\n\t<meta name=\"generator\" content=\"All in One SEO (AIOSEO) 5.0.0.1\" \/>\n\t\t<meta property=\"og:locale\" content=\"pt_BR\" \/>\n\t\t<meta property=\"og:site_name\" content=\"Encontra Ribeir\u00e3o Preto - Not\u00edcias, eventos, informa\u00e7\u00f5es e dicas na cidade Ribeir\u00e3o Preto e regi\u00e3o.\" \/>\n\t\t<meta property=\"og:type\" content=\"article\" \/>\n\t\t<meta property=\"og:title\" content=\"Cl\u00ednica \u00e9 suspeita de c\u00e1rcere e tortura contra internos em Ribeir\u00e3o Preto - Encontra Ribeir\u00e3o Preto\" \/>\n\t\t<meta property=\"og:description\" content=\"O dono de uma cl\u00ednica para dependentes qu\u00edmicos foi preso em flagrante acusado de c\u00e1rcere privado nesta ter\u00e7a-feira (4), no Recreio das Ac\u00e1cias, em Ribeir\u00e3o Preto (SP). A den\u00fancia foi feita pelo setor de intelig\u00eancia da Pol\u00edcia Civil, que investigar\u00e1 tamb\u00e9m crime de tortura contra os internos. O delegado respons\u00e1vel pelo caso, Jos\u00e9 Luis de Meireles Junior,\" \/>\n\t\t<meta property=\"og:url\" content=\"https:\/\/www.encontraribeiraopreto.com.br\/sobre\/clinica-e-suspeita-de-carcere-e-tortura-contra-internos-em-ribeirao-preto\/\" \/>\n\t\t<meta property=\"article:published_time\" content=\"2012-09-05T03:16:53+00:00\" \/>\n\t\t<meta property=\"article:modified_time\" content=\"2019-04-15T14:26:32+00:00\" \/>\n\t\t<meta name=\"twitter:card\" content=\"summary_large_image\" \/>\n\t\t<meta name=\"twitter:title\" content=\"Cl\u00ednica \u00e9 suspeita de c\u00e1rcere e tortura contra internos em Ribeir\u00e3o Preto - Encontra Ribeir\u00e3o Preto\" \/>\n\t\t<meta name=\"twitter:description\" content=\"O dono de uma cl\u00ednica para dependentes qu\u00edmicos foi preso em flagrante acusado de c\u00e1rcere privado nesta ter\u00e7a-feira (4), no Recreio das Ac\u00e1cias, em Ribeir\u00e3o Preto (SP). A den\u00fancia foi feita pelo setor de intelig\u00eancia da Pol\u00edcia Civil, que investigar\u00e1 tamb\u00e9m crime de tortura contra os internos. O delegado respons\u00e1vel pelo caso, Jos\u00e9 Luis de Meireles Junior,\" \/>\n\t\t<script type=\"application\/ld+json\" class=\"aioseo-schema\">\n\t\t\t{\"@context\":\"https:\\\/\\\/schema.org\",\"@graph\":[{\"@type\":\"BlogPosting\",\"@id\":\"https:\\\/\\\/www.encontraribeiraopreto.com.br\\\/sobre\\\/clinica-e-suspeita-de-carcere-e-tortura-contra-internos-em-ribeirao-preto\\\/#blogposting\",\"name\":\"Cl\\u00ednica \\u00e9 suspeita de c\\u00e1rcere e tortura contra internos em Ribeir\\u00e3o Preto - Encontra Ribeir\\u00e3o Preto\",\"headline\":\"Cl\\u00ednica \\u00e9 suspeita de c\\u00e1rcere e tortura contra internos em Ribeir\\u00e3o Preto\",\"author\":{\"@id\":\"https:\\\/\\\/www.encontraribeiraopreto.com.br\\\/sobre\\\/author\\\/eribeiraopreto\\\/#author\"},\"publisher\":{\"@id\":\"https:\\\/\\\/www.encontraribeiraopreto.com.br\\\/sobre\\\/#organization\"},\"datePublished\":\"2012-09-05T00:16:53-03:00\",\"dateModified\":\"2019-04-15T11:26:32-03:00\",\"inLanguage\":\"pt-BR\",\"commentCount\":1,\"mainEntityOfPage\":{\"@id\":\"https:\\\/\\\/www.encontraribeiraopreto.com.br\\\/sobre\\\/clinica-e-suspeita-de-carcere-e-tortura-contra-internos-em-ribeirao-preto\\\/#webpage\"},\"isPartOf\":{\"@id\":\"https:\\\/\\\/www.encontraribeiraopreto.com.br\\\/sobre\\\/clinica-e-suspeita-de-carcere-e-tortura-contra-internos-em-ribeirao-preto\\\/#webpage\"},\"articleSection\":\"Not\\u00edcias Ribeir\\u00e3o Preto\"},{\"@type\":\"BreadcrumbList\",\"@id\":\"https:\\\/\\\/www.encontraribeiraopreto.com.br\\\/sobre\\\/clinica-e-suspeita-de-carcere-e-tortura-contra-internos-em-ribeirao-preto\\\/#breadcrumblist\",\"itemListElement\":[{\"@type\":\"ListItem\",\"@id\":\"https:\\\/\\\/www.encontraribeiraopreto.com.br\\\/sobre#listItem\",\"position\":1,\"name\":\"In\\u00edcio\",\"item\":\"https:\\\/\\\/www.encontraribeiraopreto.com.br\\\/sobre\",\"nextItem\":{\"@type\":\"ListItem\",\"@id\":\"https:\\\/\\\/www.encontraribeiraopreto.com.br\\\/sobre\\\/noticias-em-ribeirao-preto\\\/#listItem\",\"name\":\"Not\\u00edcias Ribeir\\u00e3o Preto\"}},{\"@type\":\"ListItem\",\"@id\":\"https:\\\/\\\/www.encontraribeiraopreto.com.br\\\/sobre\\\/noticias-em-ribeirao-preto\\\/#listItem\",\"position\":2,\"name\":\"Not\\u00edcias Ribeir\\u00e3o Preto\",\"item\":\"https:\\\/\\\/www.encontraribeiraopreto.com.br\\\/sobre\\\/noticias-em-ribeirao-preto\\\/\",\"nextItem\":{\"@type\":\"ListItem\",\"@id\":\"https:\\\/\\\/www.encontraribeiraopreto.com.br\\\/sobre\\\/clinica-e-suspeita-de-carcere-e-tortura-contra-internos-em-ribeirao-preto\\\/#listItem\",\"name\":\"Cl\\u00ednica \\u00e9 suspeita de c\\u00e1rcere e tortura contra internos em Ribeir\\u00e3o Preto\"},\"previousItem\":{\"@type\":\"ListItem\",\"@id\":\"https:\\\/\\\/www.encontraribeiraopreto.com.br\\\/sobre#listItem\",\"name\":\"In\\u00edcio\"}},{\"@type\":\"ListItem\",\"@id\":\"https:\\\/\\\/www.encontraribeiraopreto.com.br\\\/sobre\\\/clinica-e-suspeita-de-carcere-e-tortura-contra-internos-em-ribeirao-preto\\\/#listItem\",\"position\":3,\"name\":\"Cl\\u00ednica \\u00e9 suspeita de c\\u00e1rcere e tortura contra internos em Ribeir\\u00e3o Preto\",\"previousItem\":{\"@type\":\"ListItem\",\"@id\":\"https:\\\/\\\/www.encontraribeiraopreto.com.br\\\/sobre\\\/noticias-em-ribeirao-preto\\\/#listItem\",\"name\":\"Not\\u00edcias Ribeir\\u00e3o Preto\"}}]},{\"@type\":\"Organization\",\"@id\":\"https:\\\/\\\/www.encontraribeiraopreto.com.br\\\/sobre\\\/#organization\",\"name\":\"Encontra Ribeir\\u00e3o Preto\",\"description\":\"Not\\u00edcias, eventos, informa\\u00e7\\u00f5es e dicas na cidade Ribeir\\u00e3o Preto e regi\\u00e3o.\",\"url\":\"https:\\\/\\\/www.encontraribeiraopreto.com.br\\\/sobre\\\/\"},{\"@type\":\"Person\",\"@id\":\"https:\\\/\\\/www.encontraribeiraopreto.com.br\\\/sobre\\\/author\\\/eribeiraopreto\\\/#author\",\"url\":\"https:\\\/\\\/www.encontraribeiraopreto.com.br\\\/sobre\\\/author\\\/eribeiraopreto\\\/\",\"name\":\"Encontra Ribeir\\u00e3o Preto\",\"image\":{\"@type\":\"ImageObject\",\"@id\":\"https:\\\/\\\/www.encontraribeiraopreto.com.br\\\/sobre\\\/clinica-e-suspeita-de-carcere-e-tortura-contra-internos-em-ribeirao-preto\\\/#authorImage\",\"url\":\"https:\\\/\\\/secure.gravatar.com\\\/avatar\\\/507340682b8270222e1f208e23198b6ae7e2c6a1033ae84e99bc6bce4f82a387?s=96&d=mm&r=g\",\"width\":96,\"height\":96,\"caption\":\"Encontra Ribeir\\u00e3o Preto\"}},{\"@type\":\"WebPage\",\"@id\":\"https:\\\/\\\/www.encontraribeiraopreto.com.br\\\/sobre\\\/clinica-e-suspeita-de-carcere-e-tortura-contra-internos-em-ribeirao-preto\\\/#webpage\",\"url\":\"https:\\\/\\\/www.encontraribeiraopreto.com.br\\\/sobre\\\/clinica-e-suspeita-de-carcere-e-tortura-contra-internos-em-ribeirao-preto\\\/\",\"name\":\"Cl\\u00ednica \\u00e9 suspeita de c\\u00e1rcere e tortura contra internos em Ribeir\\u00e3o Preto - Encontra Ribeir\\u00e3o Preto\",\"description\":\"O dono de uma cl\\u00ednica para dependentes qu\\u00edmicos foi preso em flagrante acusado de c\\u00e1rcere privado nesta ter\\u00e7a-feira (4), no Recreio das Ac\\u00e1cias, em Ribeir\\u00e3o Preto (SP). A den\\u00fancia foi feita pelo setor de intelig\\u00eancia da Pol\\u00edcia Civil, que investigar\\u00e1 tamb\\u00e9m crime de tortura contra os internos. O delegado respons\\u00e1vel pelo caso, Jos\\u00e9 Luis de Meireles Junior,\",\"inLanguage\":\"pt-BR\",\"isPartOf\":{\"@id\":\"https:\\\/\\\/www.encontraribeiraopreto.com.br\\\/sobre\\\/#website\"},\"breadcrumb\":{\"@id\":\"https:\\\/\\\/www.encontraribeiraopreto.com.br\\\/sobre\\\/clinica-e-suspeita-de-carcere-e-tortura-contra-internos-em-ribeirao-preto\\\/#breadcrumblist\"},\"author\":{\"@id\":\"https:\\\/\\\/www.encontraribeiraopreto.com.br\\\/sobre\\\/author\\\/eribeiraopreto\\\/#author\"},\"creator\":{\"@id\":\"https:\\\/\\\/www.encontraribeiraopreto.com.br\\\/sobre\\\/author\\\/eribeiraopreto\\\/#author\"},\"datePublished\":\"2012-09-05T00:16:53-03:00\",\"dateModified\":\"2019-04-15T11:26:32-03:00\"},{\"@type\":\"WebSite\",\"@id\":\"https:\\\/\\\/www.encontraribeiraopreto.com.br\\\/sobre\\\/#website\",\"url\":\"https:\\\/\\\/www.encontraribeiraopreto.com.br\\\/sobre\\\/\",\"name\":\"Encontra Ribeir\\u00e3o Preto\",\"description\":\"Not\\u00edcias, eventos, informa\\u00e7\\u00f5es e dicas na cidade Ribeir\\u00e3o Preto e regi\\u00e3o.\",\"inLanguage\":\"pt-BR\",\"publisher\":{\"@id\":\"https:\\\/\\\/www.encontraribeiraopreto.com.br\\\/sobre\\\/#organization\"}}]}\n\t\t<\/script>\n\t\t<!-- All in One SEO -->\n\n","aioseo_head_json":{"title":"Cl\u00ednica \u00e9 suspeita de c\u00e1rcere e tortura contra internos em Ribeir\u00e3o Preto - Encontra Ribeir\u00e3o Preto","description":"O dono de uma cl\u00ednica para dependentes qu\u00edmicos foi preso em flagrante acusado de c\u00e1rcere privado nesta ter\u00e7a-feira (4), no Recreio das Ac\u00e1cias, em Ribeir\u00e3o Preto (SP). A den\u00fancia foi feita pelo setor de intelig\u00eancia da Pol\u00edcia Civil, que investigar\u00e1 tamb\u00e9m crime de tortura contra os internos. O delegado respons\u00e1vel pelo caso, Jos\u00e9 Luis de Meireles Junior,","canonical_url":"https:\/\/www.encontraribeiraopreto.com.br\/sobre\/clinica-e-suspeita-de-carcere-e-tortura-contra-internos-em-ribeirao-preto\/","robots":"max-image-preview:large","keywords":"","webmasterTools":{"miscellaneous":""},"schema":{"@context":"https:\/\/schema.org","@graph":[{"@type":"BlogPosting","@id":"https:\/\/www.encontraribeiraopreto.com.br\/sobre\/clinica-e-suspeita-de-carcere-e-tortura-contra-internos-em-ribeirao-preto\/#blogposting","name":"Cl\u00ednica \u00e9 suspeita de c\u00e1rcere e tortura contra internos em Ribeir\u00e3o Preto - Encontra Ribeir\u00e3o Preto","headline":"Cl\u00ednica \u00e9 suspeita de c\u00e1rcere e tortura contra internos em Ribeir\u00e3o Preto","author":{"@id":"https:\/\/www.encontraribeiraopreto.com.br\/sobre\/author\/eribeiraopreto\/#author"},"publisher":{"@id":"https:\/\/www.encontraribeiraopreto.com.br\/sobre\/#organization"},"datePublished":"2012-09-05T00:16:53-03:00","dateModified":"2019-04-15T11:26:32-03:00","inLanguage":"pt-BR","commentCount":1,"mainEntityOfPage":{"@id":"https:\/\/www.encontraribeiraopreto.com.br\/sobre\/clinica-e-suspeita-de-carcere-e-tortura-contra-internos-em-ribeirao-preto\/#webpage"},"isPartOf":{"@id":"https:\/\/www.encontraribeiraopreto.com.br\/sobre\/clinica-e-suspeita-de-carcere-e-tortura-contra-internos-em-ribeirao-preto\/#webpage"},"articleSection":"Not\u00edcias Ribeir\u00e3o Preto"},{"@type":"BreadcrumbList","@id":"https:\/\/www.encontraribeiraopreto.com.br\/sobre\/clinica-e-suspeita-de-carcere-e-tortura-contra-internos-em-ribeirao-preto\/#breadcrumblist","itemListElement":[{"@type":"ListItem","@id":"https:\/\/www.encontraribeiraopreto.com.br\/sobre#listItem","position":1,"name":"In\u00edcio","item":"https:\/\/www.encontraribeiraopreto.com.br\/sobre","nextItem":{"@type":"ListItem","@id":"https:\/\/www.encontraribeiraopreto.com.br\/sobre\/noticias-em-ribeirao-preto\/#listItem","name":"Not\u00edcias Ribeir\u00e3o Preto"}},{"@type":"ListItem","@id":"https:\/\/www.encontraribeiraopreto.com.br\/sobre\/noticias-em-ribeirao-preto\/#listItem","position":2,"name":"Not\u00edcias Ribeir\u00e3o Preto","item":"https:\/\/www.encontraribeiraopreto.com.br\/sobre\/noticias-em-ribeirao-preto\/","nextItem":{"@type":"ListItem","@id":"https:\/\/www.encontraribeiraopreto.com.br\/sobre\/clinica-e-suspeita-de-carcere-e-tortura-contra-internos-em-ribeirao-preto\/#listItem","name":"Cl\u00ednica \u00e9 suspeita de c\u00e1rcere e tortura contra internos em Ribeir\u00e3o Preto"},"previousItem":{"@type":"ListItem","@id":"https:\/\/www.encontraribeiraopreto.com.br\/sobre#listItem","name":"In\u00edcio"}},{"@type":"ListItem","@id":"https:\/\/www.encontraribeiraopreto.com.br\/sobre\/clinica-e-suspeita-de-carcere-e-tortura-contra-internos-em-ribeirao-preto\/#listItem","position":3,"name":"Cl\u00ednica \u00e9 suspeita de c\u00e1rcere e tortura contra internos em Ribeir\u00e3o Preto","previousItem":{"@type":"ListItem","@id":"https:\/\/www.encontraribeiraopreto.com.br\/sobre\/noticias-em-ribeirao-preto\/#listItem","name":"Not\u00edcias Ribeir\u00e3o Preto"}}]},{"@type":"Organization","@id":"https:\/\/www.encontraribeiraopreto.com.br\/sobre\/#organization","name":"Encontra Ribeir\u00e3o Preto","description":"Not\u00edcias, eventos, informa\u00e7\u00f5es e dicas na cidade Ribeir\u00e3o Preto e regi\u00e3o.","url":"https:\/\/www.encontraribeiraopreto.com.br\/sobre\/"},{"@type":"Person","@id":"https:\/\/www.encontraribeiraopreto.com.br\/sobre\/author\/eribeiraopreto\/#author","url":"https:\/\/www.encontraribeiraopreto.com.br\/sobre\/author\/eribeiraopreto\/","name":"Encontra Ribeir\u00e3o Preto","image":{"@type":"ImageObject","@id":"https:\/\/www.encontraribeiraopreto.com.br\/sobre\/clinica-e-suspeita-de-carcere-e-tortura-contra-internos-em-ribeirao-preto\/#authorImage","url":"https:\/\/secure.gravatar.com\/avatar\/507340682b8270222e1f208e23198b6ae7e2c6a1033ae84e99bc6bce4f82a387?s=96&d=mm&r=g","width":96,"height":96,"caption":"Encontra Ribeir\u00e3o Preto"}},{"@type":"WebPage","@id":"https:\/\/www.encontraribeiraopreto.com.br\/sobre\/clinica-e-suspeita-de-carcere-e-tortura-contra-internos-em-ribeirao-preto\/#webpage","url":"https:\/\/www.encontraribeiraopreto.com.br\/sobre\/clinica-e-suspeita-de-carcere-e-tortura-contra-internos-em-ribeirao-preto\/","name":"Cl\u00ednica \u00e9 suspeita de c\u00e1rcere e tortura contra internos em Ribeir\u00e3o Preto - Encontra Ribeir\u00e3o Preto","description":"O dono de uma cl\u00ednica para dependentes qu\u00edmicos foi preso em flagrante acusado de c\u00e1rcere privado nesta ter\u00e7a-feira (4), no Recreio das Ac\u00e1cias, em Ribeir\u00e3o Preto (SP). A den\u00fancia foi feita pelo setor de intelig\u00eancia da Pol\u00edcia Civil, que investigar\u00e1 tamb\u00e9m crime de tortura contra os internos. O delegado respons\u00e1vel pelo caso, Jos\u00e9 Luis de Meireles Junior,","inLanguage":"pt-BR","isPartOf":{"@id":"https:\/\/www.encontraribeiraopreto.com.br\/sobre\/#website"},"breadcrumb":{"@id":"https:\/\/www.encontraribeiraopreto.com.br\/sobre\/clinica-e-suspeita-de-carcere-e-tortura-contra-internos-em-ribeirao-preto\/#breadcrumblist"},"author":{"@id":"https:\/\/www.encontraribeiraopreto.com.br\/sobre\/author\/eribeiraopreto\/#author"},"creator":{"@id":"https:\/\/www.encontraribeiraopreto.com.br\/sobre\/author\/eribeiraopreto\/#author"},"datePublished":"2012-09-05T00:16:53-03:00","dateModified":"2019-04-15T11:26:32-03:00"},{"@type":"WebSite","@id":"https:\/\/www.encontraribeiraopreto.com.br\/sobre\/#website","url":"https:\/\/www.encontraribeiraopreto.com.br\/sobre\/","name":"Encontra Ribeir\u00e3o Preto","description":"Not\u00edcias, eventos, informa\u00e7\u00f5es e dicas na cidade Ribeir\u00e3o Preto e regi\u00e3o.","inLanguage":"pt-BR","publisher":{"@id":"https:\/\/www.encontraribeiraopreto.com.br\/sobre\/#organization"}}]},"og:locale":"pt_BR","og:site_name":"Encontra Ribeir\u00e3o Preto - Not\u00edcias, eventos, informa\u00e7\u00f5es e dicas na cidade Ribeir\u00e3o Preto e regi\u00e3o.","og:type":"article","og:title":"Cl\u00ednica \u00e9 suspeita de c\u00e1rcere e tortura contra internos em Ribeir\u00e3o Preto - Encontra Ribeir\u00e3o Preto","og:description":"O dono de uma cl\u00ednica para dependentes qu\u00edmicos foi preso em flagrante acusado de c\u00e1rcere privado nesta ter\u00e7a-feira (4), no Recreio das Ac\u00e1cias, em Ribeir\u00e3o Preto (SP). A den\u00fancia foi feita pelo setor de intelig\u00eancia da Pol\u00edcia Civil, que investigar\u00e1 tamb\u00e9m crime de tortura contra os internos. O delegado respons\u00e1vel pelo caso, Jos\u00e9 Luis de Meireles Junior,","og:url":"https:\/\/www.encontraribeiraopreto.com.br\/sobre\/clinica-e-suspeita-de-carcere-e-tortura-contra-internos-em-ribeirao-preto\/","article:published_time":"2012-09-05T03:16:53+00:00","article:modified_time":"2019-04-15T14:26:32+00:00","twitter:card":"summary_large_image","twitter:title":"Cl\u00ednica \u00e9 suspeita de c\u00e1rcere e tortura contra internos em Ribeir\u00e3o Preto - Encontra Ribeir\u00e3o Preto","twitter:description":"O dono de uma cl\u00ednica para dependentes qu\u00edmicos foi preso em flagrante acusado de c\u00e1rcere privado nesta ter\u00e7a-feira (4), no Recreio das Ac\u00e1cias, em Ribeir\u00e3o Preto (SP). A den\u00fancia foi feita pelo setor de intelig\u00eancia da Pol\u00edcia Civil, que investigar\u00e1 tamb\u00e9m crime de tortura contra os internos. O delegado respons\u00e1vel pelo caso, Jos\u00e9 Luis de Meireles Junior,"},"aioseo_meta_data":{"post_id":"1220","title":null,"description":null,"keywords":null,"keyphrases":null,"primary_term":null,"canonical_url":null,"og_title":null,"og_description":null,"og_object_type":"default","og_image_type":"default","og_image_url":null,"og_image_width":null,"og_image_height":null,"og_image_custom_url":null,"og_image_custom_fields":null,"og_video":null,"og_custom_url":null,"og_article_section":null,"og_article_tags":null,"twitter_use_og":false,"twitter_card":"default","twitter_image_type":"default","twitter_image_url":null,"twitter_image_custom_url":null,"twitter_image_custom_fields":null,"twitter_title":null,"twitter_description":null,"schema":{"blockGraphs":[],"customGraphs":[],"default":{"data":{"Article":[],"Course":[],"Dataset":[],"FAQPage":[],"Movie":[],"Person":[],"Product":[],"ProductReview":[],"Car":[],"Recipe":[],"Service":[],"SoftwareApplication":[],"WebPage":[]},"graphName":"BlogPosting","isEnabled":true},"graphs":[]},"schema_type":null,"schema_type_options":null,"pillar_content":false,"robots_default":true,"robots_noindex":false,"robots_noarchive":false,"robots_nosnippet":false,"robots_nofollow":false,"robots_noimageindex":false,"robots_noodp":false,"robots_notranslate":false,"robots_max_snippet":null,"robots_max_videopreview":null,"robots_max_imagepreview":"large","priority":null,"frequency":null,"local_seo":null,"limit_modified_date":false,"created":"2021-02-24 13:53:47","updated":"2023-03-02 02:19:43","focus_keyword":null,"additional_keywords":null,"truseo_locale":null,"ai":null,"breadcrumb_settings":null,"seo_analyzer_scan_date":null},"aioseo_breadcrumb":"<div class=\"aioseo-breadcrumbs\"><span class=\"aioseo-breadcrumb\">\n\t\t\t<a href=\"https:\/\/www.encontraribeiraopreto.com.br\/sobre\" title=\"In\u00edcio\">In\u00edcio<\/a>\n\t\t<\/span><span class=\"aioseo-breadcrumb-separator\">&raquo;<\/span><span class=\"aioseo-breadcrumb\">\n\t\t\t<a href=\"https:\/\/www.encontraribeiraopreto.com.br\/sobre\/noticias-em-ribeirao-preto\/\" title=\"Not\u00edcias Ribeir\u00e3o Preto\">Not\u00edcias Ribeir\u00e3o Preto<\/a>\n\t\t<\/span><span class=\"aioseo-breadcrumb-separator\">&raquo;<\/span><span class=\"aioseo-breadcrumb\">\n\t\t\tCl\u00ednica \u00e9 suspeita de c\u00e1rcere e tortura contra internos em Ribeir\u00e3o Preto\n\t\t<\/span><\/div>","aioseo_breadcrumb_json":[{"label":"In\u00edcio","link":"https:\/\/www.encontraribeiraopreto.com.br\/sobre"},{"label":"Not\u00edcias Ribeir\u00e3o Preto","link":"https:\/\/www.encontraribeiraopreto.com.br\/sobre\/noticias-em-ribeirao-preto\/"},{"label":"Cl\u00ednica \u00e9 suspeita de c\u00e1rcere e tortura contra internos em Ribeir\u00e3o Preto","link":"https:\/\/www.encontraribeiraopreto.com.br\/sobre\/clinica-e-suspeita-de-carcere-e-tortura-contra-internos-em-ribeirao-preto\/"}],"_links":{"self":[{"href":"https:\/\/www.encontraribeiraopreto.com.br\/sobre\/wp-json\/wp\/v2\/posts\/1220","targetHints":{"allow":["GET"]}}],"collection":[{"href":"https:\/\/www.encontraribeiraopreto.com.br\/sobre\/wp-json\/wp\/v2\/posts"}],"about":[{"href":"https:\/\/www.encontraribeiraopreto.com.br\/sobre\/wp-json\/wp\/v2\/types\/post"}],"author":[{"embeddable":true,"href":"https:\/\/www.encontraribeiraopreto.com.br\/sobre\/wp-json\/wp\/v2\/users\/1"}],"replies":[{"embeddable":true,"href":"https:\/\/www.encontraribeiraopreto.com.br\/sobre\/wp-json\/wp\/v2\/comments?post=1220"}],"version-history":[{"count":0,"href":"https:\/\/www.encontraribeiraopreto.com.br\/sobre\/wp-json\/wp\/v2\/posts\/1220\/revisions"}],"wp:attachment":[{"href":"https:\/\/www.encontraribeiraopreto.com.br\/sobre\/wp-json\/wp\/v2\/media?parent=1220"}],"wp:term":[{"taxonomy":"category","embeddable":true,"href":"https:\/\/www.encontraribeiraopreto.com.br\/sobre\/wp-json\/wp\/v2\/categories?post=1220"},{"taxonomy":"post_tag","embeddable":true,"href":"https:\/\/www.encontraribeiraopreto.com.br\/sobre\/wp-json\/wp\/v2\/tags?post=1220"}],"curies":[{"name":"wp","href":"https:\/\/api.w.org\/{rel}","templated":true}]}}