{"id":1381,"date":"2012-10-03T00:25:03","date_gmt":"2012-10-03T03:25:03","guid":{"rendered":"http:\/\/www.encontraribeiraopreto.com.br\/noticias\/?p=1381"},"modified":"2019-04-15T11:26:28","modified_gmt":"2019-04-15T14:26:28","slug":"menino-de-5-anos-ganha-na-justica-direito-a-onibus-adaptado-em-ribeirao","status":"publish","type":"post","link":"https:\/\/www.encontraribeiraopreto.com.br\/sobre\/menino-de-5-anos-ganha-na-justica-direito-a-onibus-adaptado-em-ribeirao\/","title":{"rendered":"Menino de 5 anos ganha na Justi\u00e7a direito a \u00f4nibus adaptado em Ribeir\u00e3o"},"content":{"rendered":"<div class=\"cd7ef838bed10b2b4567f853226bc383\" data-index=\"1\" style=\"float: none; margin:0px;\">\n<!-- Anuncio display - global -->\r\n<ins class=\"adsbygoogle\"\r\n     style=\"display:block\"\r\n     data-ad-client=\"ca-pub-8585364105181520\"\r\n     data-ad-slot=\"8789329856\"\r\n     data-ad-format=\"auto\"\r\n     data-full-width-responsive=\"true\"><\/ins>\r\n<script>\r\n     (adsbygoogle = window.adsbygoogle || []).push({});\r\n<\/script>\r\n\n<\/div>\n<p>Uma dona de casa obteve na Justi\u00e7a uma liminar que obriga a Prefeitura de Ribeir\u00e3o Preto (SP) a fornecer <a title=\"Transporte em Ribeir\u00e3o Preto\" href=\"http:\/\/www.encontraribeiraopreto.com.br\/t\/transporte-em-ribeirao-preto.shtml\" target=\"_blank\">transporte<\/a> adaptado gratuitamente para o filho de 5 anos, que \u00e9 deficiente intelectual e depende de \u00f4nibus urbano para realizar os tratamentos m\u00e9dicos.<\/p>\n<p>Eva Maria Chivite conta que sempre enfrentou dificuldade para levar o garoto \u00e0 escola e \u00e0s aulas de equoterapia porque o bairro onde a fam\u00edlia mora, na Zona Norte da cidade, n\u00e3o \u00e9 atendido por ve\u00edculos especiais. \u201cComo eu vou lev\u00e1-lo numa cadeira de rodas sem um \u00f4nibus adequado?\u201d, questiona.<\/p>\n<p>A m\u00e3e disse que procurou a Prefeitura e preencheu um requerimento solicitando que uma linha especial atendesse o bairro, mas n\u00e3o obteve resposta. \u201cTudo \u00e9 muito burocr\u00e1tico. \u00c0s vezes voc\u00ea sabe que \u00e9 direito, vai procurar e n\u00e3o consegue\u201d, relatou.<\/p>\n<p>Apesar das dificuldades, Eva n\u00e3o desistiu e pediu ajuda \u00e0 Defensoria P\u00fablica, que entrou com uma a\u00e7\u00e3o contra a administra\u00e7\u00e3o municipal. No dia 3 de setembro, o juiz da Inf\u00e2ncia e Juventude, Paulo C\u00e9sar Gentile, concedeu a liminar e estabeleceu multa di\u00e1ria de R$ 5 mil em caso de descumprimento.<\/p>\n<p>Para a m\u00e3e, a conquista pode incentivar outras fam\u00edlias que enfrentam o mesmo problema. \u201cS\u00f3 encontra dificuldade aquele que n\u00e3o tem amor. O Mateus \u00e9 um grande vitorioso, eu tenho orgulho de estar com ele 24 horas. Eu tenho orgulho de mostrar ele para o mundo.\u201d<\/p>\n<p><strong>Prefeitura<\/strong><br \/>\nEm nota, a assessoria da <a href=\"http:\/\/www.encontraribeiraopreto.com.br\/ribeirao-preto\/prefeitura-de-ribeirao-preto.shtml\" target=\"_blank\">Prefeitura Municipal de Ribeir\u00e3o Preto<\/a> informou que a Transerp, empresa que administra o tr\u00e2nsito e o transporte na cidade, tomou ci\u00eancia do teor da liminar e est\u00e1 providenciando o transporte adaptado para a crian\u00e7a.<\/p>\n<p><em>Fonte: G1<\/em><\/p>\n\n<div style=\"font-size: 0px; height: 0px; line-height: 0px; margin: 0; padding: 0; clear: both;\"><\/div>","protected":false},"excerpt":{"rendered":"<p>Uma dona de casa obteve na Justi\u00e7a uma liminar que obriga a Prefeitura de Ribeir\u00e3o Preto (SP) a fornecer transporte adaptado gratuitamente para o filho de 5 anos, que \u00e9 deficiente intelectual e depende de \u00f4nibus urbano para realizar os tratamentos m\u00e9dicos. Eva Maria Chivite conta que sempre enfrentou dificuldade para levar o garoto \u00e0 escola e \u00e0s aulas de equoterapia porque o bairro onde a fam\u00edlia mora, na Zona Norte da cidade, n\u00e3o \u00e9 atendido por ve\u00edculos especiais. \u201cComo eu vou lev\u00e1-lo numa cadeira de rodas sem um \u00f4nibus adequado?\u201d, questiona. A m\u00e3e disse que procurou a Prefeitura e <\/p>\n","protected":false},"author":1,"featured_media":0,"comment_status":"open","ping_status":"closed","sticky":false,"template":"","format":"standard","meta":{"footnotes":""},"categories":[6],"tags":[],"class_list":["post-1381","post","type-post","status-publish","format-standard","hentry","category-noticias-em-ribeirao-preto"],"aioseo_notices":[],"aioseo_head":"\n\t\t<!-- All in One SEO 5.0.0.1 - aioseo.com -->\n\t<meta name=\"description\" content=\"Uma dona de casa obteve na Justi\u00e7a uma liminar que obriga a Prefeitura de Ribeir\u00e3o Preto (SP) a fornecer transporte adaptado gratuitamente para o filho de 5 anos, que \u00e9 deficiente intelectual e depende de \u00f4nibus urbano para realizar os tratamentos m\u00e9dicos. Eva Maria Chivite conta que sempre enfrentou dificuldade para levar o garoto \u00e0\" \/>\n\t<meta name=\"robots\" content=\"max-image-preview:large\" \/>\n\t<meta name=\"author\" content=\"Encontra Ribeir\u00e3o Preto\"\/>\n\t<link rel=\"canonical\" href=\"https:\/\/www.encontraribeiraopreto.com.br\/sobre\/menino-de-5-anos-ganha-na-justica-direito-a-onibus-adaptado-em-ribeirao\/\" \/>\n\t<meta name=\"generator\" content=\"All in One SEO (AIOSEO) 5.0.0.1\" \/>\n\t\t<meta property=\"og:locale\" content=\"pt_BR\" \/>\n\t\t<meta property=\"og:site_name\" content=\"Encontra Ribeir\u00e3o Preto - Not\u00edcias, eventos, informa\u00e7\u00f5es e dicas na cidade Ribeir\u00e3o Preto e regi\u00e3o.\" \/>\n\t\t<meta property=\"og:type\" content=\"article\" \/>\n\t\t<meta property=\"og:title\" content=\"Menino de 5 anos ganha na Justi\u00e7a direito a \u00f4nibus adaptado em Ribeir\u00e3o - Encontra Ribeir\u00e3o Preto\" \/>\n\t\t<meta property=\"og:description\" content=\"Uma dona de casa obteve na Justi\u00e7a uma liminar que obriga a Prefeitura de Ribeir\u00e3o Preto (SP) a fornecer transporte adaptado gratuitamente para o filho de 5 anos, que \u00e9 deficiente intelectual e depende de \u00f4nibus urbano para realizar os tratamentos m\u00e9dicos. Eva Maria Chivite conta que sempre enfrentou dificuldade para levar o garoto \u00e0\" \/>\n\t\t<meta property=\"og:url\" content=\"https:\/\/www.encontraribeiraopreto.com.br\/sobre\/menino-de-5-anos-ganha-na-justica-direito-a-onibus-adaptado-em-ribeirao\/\" \/>\n\t\t<meta property=\"article:published_time\" content=\"2012-10-03T03:25:03+00:00\" \/>\n\t\t<meta property=\"article:modified_time\" content=\"2019-04-15T14:26:28+00:00\" \/>\n\t\t<meta name=\"twitter:card\" content=\"summary_large_image\" \/>\n\t\t<meta name=\"twitter:title\" content=\"Menino de 5 anos ganha na Justi\u00e7a direito a \u00f4nibus adaptado em Ribeir\u00e3o - Encontra Ribeir\u00e3o Preto\" \/>\n\t\t<meta name=\"twitter:description\" content=\"Uma dona de casa obteve na Justi\u00e7a uma liminar que obriga a Prefeitura de Ribeir\u00e3o Preto (SP) a fornecer transporte adaptado gratuitamente para o filho de 5 anos, que \u00e9 deficiente intelectual e depende de \u00f4nibus urbano para realizar os tratamentos m\u00e9dicos. Eva Maria Chivite conta que sempre enfrentou dificuldade para levar o garoto \u00e0\" \/>\n\t\t<script type=\"application\/ld+json\" class=\"aioseo-schema\">\n\t\t\t{\"@context\":\"https:\\\/\\\/schema.org\",\"@graph\":[{\"@type\":\"BlogPosting\",\"@id\":\"https:\\\/\\\/www.encontraribeiraopreto.com.br\\\/sobre\\\/menino-de-5-anos-ganha-na-justica-direito-a-onibus-adaptado-em-ribeirao\\\/#blogposting\",\"name\":\"Menino de 5 anos ganha na Justi\\u00e7a direito a \\u00f4nibus adaptado em Ribeir\\u00e3o - Encontra Ribeir\\u00e3o Preto\",\"headline\":\"Menino de 5 anos ganha na Justi\\u00e7a direito a \\u00f4nibus adaptado em Ribeir\\u00e3o\",\"author\":{\"@id\":\"https:\\\/\\\/www.encontraribeiraopreto.com.br\\\/sobre\\\/author\\\/eribeiraopreto\\\/#author\"},\"publisher\":{\"@id\":\"https:\\\/\\\/www.encontraribeiraopreto.com.br\\\/sobre\\\/#organization\"},\"datePublished\":\"2012-10-03T00:25:03-03:00\",\"dateModified\":\"2019-04-15T11:26:28-03:00\",\"inLanguage\":\"pt-BR\",\"mainEntityOfPage\":{\"@id\":\"https:\\\/\\\/www.encontraribeiraopreto.com.br\\\/sobre\\\/menino-de-5-anos-ganha-na-justica-direito-a-onibus-adaptado-em-ribeirao\\\/#webpage\"},\"isPartOf\":{\"@id\":\"https:\\\/\\\/www.encontraribeiraopreto.com.br\\\/sobre\\\/menino-de-5-anos-ganha-na-justica-direito-a-onibus-adaptado-em-ribeirao\\\/#webpage\"},\"articleSection\":\"Not\\u00edcias Ribeir\\u00e3o Preto\"},{\"@type\":\"BreadcrumbList\",\"@id\":\"https:\\\/\\\/www.encontraribeiraopreto.com.br\\\/sobre\\\/menino-de-5-anos-ganha-na-justica-direito-a-onibus-adaptado-em-ribeirao\\\/#breadcrumblist\",\"itemListElement\":[{\"@type\":\"ListItem\",\"@id\":\"https:\\\/\\\/www.encontraribeiraopreto.com.br\\\/sobre#listItem\",\"position\":1,\"name\":\"In\\u00edcio\",\"item\":\"https:\\\/\\\/www.encontraribeiraopreto.com.br\\\/sobre\",\"nextItem\":{\"@type\":\"ListItem\",\"@id\":\"https:\\\/\\\/www.encontraribeiraopreto.com.br\\\/sobre\\\/noticias-em-ribeirao-preto\\\/#listItem\",\"name\":\"Not\\u00edcias Ribeir\\u00e3o Preto\"}},{\"@type\":\"ListItem\",\"@id\":\"https:\\\/\\\/www.encontraribeiraopreto.com.br\\\/sobre\\\/noticias-em-ribeirao-preto\\\/#listItem\",\"position\":2,\"name\":\"Not\\u00edcias Ribeir\\u00e3o Preto\",\"item\":\"https:\\\/\\\/www.encontraribeiraopreto.com.br\\\/sobre\\\/noticias-em-ribeirao-preto\\\/\",\"nextItem\":{\"@type\":\"ListItem\",\"@id\":\"https:\\\/\\\/www.encontraribeiraopreto.com.br\\\/sobre\\\/menino-de-5-anos-ganha-na-justica-direito-a-onibus-adaptado-em-ribeirao\\\/#listItem\",\"name\":\"Menino de 5 anos ganha na Justi\\u00e7a direito a \\u00f4nibus adaptado em Ribeir\\u00e3o\"},\"previousItem\":{\"@type\":\"ListItem\",\"@id\":\"https:\\\/\\\/www.encontraribeiraopreto.com.br\\\/sobre#listItem\",\"name\":\"In\\u00edcio\"}},{\"@type\":\"ListItem\",\"@id\":\"https:\\\/\\\/www.encontraribeiraopreto.com.br\\\/sobre\\\/menino-de-5-anos-ganha-na-justica-direito-a-onibus-adaptado-em-ribeirao\\\/#listItem\",\"position\":3,\"name\":\"Menino de 5 anos ganha na Justi\\u00e7a direito a \\u00f4nibus adaptado em Ribeir\\u00e3o\",\"previousItem\":{\"@type\":\"ListItem\",\"@id\":\"https:\\\/\\\/www.encontraribeiraopreto.com.br\\\/sobre\\\/noticias-em-ribeirao-preto\\\/#listItem\",\"name\":\"Not\\u00edcias Ribeir\\u00e3o Preto\"}}]},{\"@type\":\"Organization\",\"@id\":\"https:\\\/\\\/www.encontraribeiraopreto.com.br\\\/sobre\\\/#organization\",\"name\":\"Encontra Ribeir\\u00e3o Preto\",\"description\":\"Not\\u00edcias, eventos, informa\\u00e7\\u00f5es e dicas na cidade Ribeir\\u00e3o Preto e regi\\u00e3o.\",\"url\":\"https:\\\/\\\/www.encontraribeiraopreto.com.br\\\/sobre\\\/\"},{\"@type\":\"Person\",\"@id\":\"https:\\\/\\\/www.encontraribeiraopreto.com.br\\\/sobre\\\/author\\\/eribeiraopreto\\\/#author\",\"url\":\"https:\\\/\\\/www.encontraribeiraopreto.com.br\\\/sobre\\\/author\\\/eribeiraopreto\\\/\",\"name\":\"Encontra Ribeir\\u00e3o Preto\",\"image\":{\"@type\":\"ImageObject\",\"@id\":\"https:\\\/\\\/www.encontraribeiraopreto.com.br\\\/sobre\\\/menino-de-5-anos-ganha-na-justica-direito-a-onibus-adaptado-em-ribeirao\\\/#authorImage\",\"url\":\"https:\\\/\\\/secure.gravatar.com\\\/avatar\\\/507340682b8270222e1f208e23198b6ae7e2c6a1033ae84e99bc6bce4f82a387?s=96&d=mm&r=g\",\"width\":96,\"height\":96,\"caption\":\"Encontra Ribeir\\u00e3o Preto\"}},{\"@type\":\"WebPage\",\"@id\":\"https:\\\/\\\/www.encontraribeiraopreto.com.br\\\/sobre\\\/menino-de-5-anos-ganha-na-justica-direito-a-onibus-adaptado-em-ribeirao\\\/#webpage\",\"url\":\"https:\\\/\\\/www.encontraribeiraopreto.com.br\\\/sobre\\\/menino-de-5-anos-ganha-na-justica-direito-a-onibus-adaptado-em-ribeirao\\\/\",\"name\":\"Menino de 5 anos ganha na Justi\\u00e7a direito a \\u00f4nibus adaptado em Ribeir\\u00e3o - Encontra Ribeir\\u00e3o Preto\",\"description\":\"Uma dona de casa obteve na Justi\\u00e7a uma liminar que obriga a Prefeitura de Ribeir\\u00e3o Preto (SP) a fornecer transporte adaptado gratuitamente para o filho de 5 anos, que \\u00e9 deficiente intelectual e depende de \\u00f4nibus urbano para realizar os tratamentos m\\u00e9dicos. Eva Maria Chivite conta que sempre enfrentou dificuldade para levar o garoto \\u00e0\",\"inLanguage\":\"pt-BR\",\"isPartOf\":{\"@id\":\"https:\\\/\\\/www.encontraribeiraopreto.com.br\\\/sobre\\\/#website\"},\"breadcrumb\":{\"@id\":\"https:\\\/\\\/www.encontraribeiraopreto.com.br\\\/sobre\\\/menino-de-5-anos-ganha-na-justica-direito-a-onibus-adaptado-em-ribeirao\\\/#breadcrumblist\"},\"author\":{\"@id\":\"https:\\\/\\\/www.encontraribeiraopreto.com.br\\\/sobre\\\/author\\\/eribeiraopreto\\\/#author\"},\"creator\":{\"@id\":\"https:\\\/\\\/www.encontraribeiraopreto.com.br\\\/sobre\\\/author\\\/eribeiraopreto\\\/#author\"},\"datePublished\":\"2012-10-03T00:25:03-03:00\",\"dateModified\":\"2019-04-15T11:26:28-03:00\"},{\"@type\":\"WebSite\",\"@id\":\"https:\\\/\\\/www.encontraribeiraopreto.com.br\\\/sobre\\\/#website\",\"url\":\"https:\\\/\\\/www.encontraribeiraopreto.com.br\\\/sobre\\\/\",\"name\":\"Encontra Ribeir\\u00e3o Preto\",\"description\":\"Not\\u00edcias, eventos, informa\\u00e7\\u00f5es e dicas na cidade Ribeir\\u00e3o Preto e regi\\u00e3o.\",\"inLanguage\":\"pt-BR\",\"publisher\":{\"@id\":\"https:\\\/\\\/www.encontraribeiraopreto.com.br\\\/sobre\\\/#organization\"}}]}\n\t\t<\/script>\n\t\t<!-- All in One SEO -->\n\n","aioseo_head_json":{"title":"Menino de 5 anos ganha na Justi\u00e7a direito a \u00f4nibus adaptado em Ribeir\u00e3o - Encontra Ribeir\u00e3o Preto","description":"Uma dona de casa obteve na Justi\u00e7a uma liminar que obriga a Prefeitura de Ribeir\u00e3o Preto (SP) a fornecer transporte adaptado gratuitamente para o filho de 5 anos, que \u00e9 deficiente intelectual e depende de \u00f4nibus urbano para realizar os tratamentos m\u00e9dicos. Eva Maria Chivite conta que sempre enfrentou dificuldade para levar o garoto \u00e0","canonical_url":"https:\/\/www.encontraribeiraopreto.com.br\/sobre\/menino-de-5-anos-ganha-na-justica-direito-a-onibus-adaptado-em-ribeirao\/","robots":"max-image-preview:large","keywords":"","webmasterTools":{"miscellaneous":""},"schema":{"@context":"https:\/\/schema.org","@graph":[{"@type":"BlogPosting","@id":"https:\/\/www.encontraribeiraopreto.com.br\/sobre\/menino-de-5-anos-ganha-na-justica-direito-a-onibus-adaptado-em-ribeirao\/#blogposting","name":"Menino de 5 anos ganha na Justi\u00e7a direito a \u00f4nibus adaptado em Ribeir\u00e3o - Encontra Ribeir\u00e3o Preto","headline":"Menino de 5 anos ganha na Justi\u00e7a direito a \u00f4nibus adaptado em Ribeir\u00e3o","author":{"@id":"https:\/\/www.encontraribeiraopreto.com.br\/sobre\/author\/eribeiraopreto\/#author"},"publisher":{"@id":"https:\/\/www.encontraribeiraopreto.com.br\/sobre\/#organization"},"datePublished":"2012-10-03T00:25:03-03:00","dateModified":"2019-04-15T11:26:28-03:00","inLanguage":"pt-BR","mainEntityOfPage":{"@id":"https:\/\/www.encontraribeiraopreto.com.br\/sobre\/menino-de-5-anos-ganha-na-justica-direito-a-onibus-adaptado-em-ribeirao\/#webpage"},"isPartOf":{"@id":"https:\/\/www.encontraribeiraopreto.com.br\/sobre\/menino-de-5-anos-ganha-na-justica-direito-a-onibus-adaptado-em-ribeirao\/#webpage"},"articleSection":"Not\u00edcias Ribeir\u00e3o Preto"},{"@type":"BreadcrumbList","@id":"https:\/\/www.encontraribeiraopreto.com.br\/sobre\/menino-de-5-anos-ganha-na-justica-direito-a-onibus-adaptado-em-ribeirao\/#breadcrumblist","itemListElement":[{"@type":"ListItem","@id":"https:\/\/www.encontraribeiraopreto.com.br\/sobre#listItem","position":1,"name":"In\u00edcio","item":"https:\/\/www.encontraribeiraopreto.com.br\/sobre","nextItem":{"@type":"ListItem","@id":"https:\/\/www.encontraribeiraopreto.com.br\/sobre\/noticias-em-ribeirao-preto\/#listItem","name":"Not\u00edcias Ribeir\u00e3o Preto"}},{"@type":"ListItem","@id":"https:\/\/www.encontraribeiraopreto.com.br\/sobre\/noticias-em-ribeirao-preto\/#listItem","position":2,"name":"Not\u00edcias Ribeir\u00e3o Preto","item":"https:\/\/www.encontraribeiraopreto.com.br\/sobre\/noticias-em-ribeirao-preto\/","nextItem":{"@type":"ListItem","@id":"https:\/\/www.encontraribeiraopreto.com.br\/sobre\/menino-de-5-anos-ganha-na-justica-direito-a-onibus-adaptado-em-ribeirao\/#listItem","name":"Menino de 5 anos ganha na Justi\u00e7a direito a \u00f4nibus adaptado em Ribeir\u00e3o"},"previousItem":{"@type":"ListItem","@id":"https:\/\/www.encontraribeiraopreto.com.br\/sobre#listItem","name":"In\u00edcio"}},{"@type":"ListItem","@id":"https:\/\/www.encontraribeiraopreto.com.br\/sobre\/menino-de-5-anos-ganha-na-justica-direito-a-onibus-adaptado-em-ribeirao\/#listItem","position":3,"name":"Menino de 5 anos ganha na Justi\u00e7a direito a \u00f4nibus adaptado em Ribeir\u00e3o","previousItem":{"@type":"ListItem","@id":"https:\/\/www.encontraribeiraopreto.com.br\/sobre\/noticias-em-ribeirao-preto\/#listItem","name":"Not\u00edcias Ribeir\u00e3o Preto"}}]},{"@type":"Organization","@id":"https:\/\/www.encontraribeiraopreto.com.br\/sobre\/#organization","name":"Encontra Ribeir\u00e3o Preto","description":"Not\u00edcias, eventos, informa\u00e7\u00f5es e dicas na cidade Ribeir\u00e3o Preto e regi\u00e3o.","url":"https:\/\/www.encontraribeiraopreto.com.br\/sobre\/"},{"@type":"Person","@id":"https:\/\/www.encontraribeiraopreto.com.br\/sobre\/author\/eribeiraopreto\/#author","url":"https:\/\/www.encontraribeiraopreto.com.br\/sobre\/author\/eribeiraopreto\/","name":"Encontra Ribeir\u00e3o Preto","image":{"@type":"ImageObject","@id":"https:\/\/www.encontraribeiraopreto.com.br\/sobre\/menino-de-5-anos-ganha-na-justica-direito-a-onibus-adaptado-em-ribeirao\/#authorImage","url":"https:\/\/secure.gravatar.com\/avatar\/507340682b8270222e1f208e23198b6ae7e2c6a1033ae84e99bc6bce4f82a387?s=96&d=mm&r=g","width":96,"height":96,"caption":"Encontra Ribeir\u00e3o Preto"}},{"@type":"WebPage","@id":"https:\/\/www.encontraribeiraopreto.com.br\/sobre\/menino-de-5-anos-ganha-na-justica-direito-a-onibus-adaptado-em-ribeirao\/#webpage","url":"https:\/\/www.encontraribeiraopreto.com.br\/sobre\/menino-de-5-anos-ganha-na-justica-direito-a-onibus-adaptado-em-ribeirao\/","name":"Menino de 5 anos ganha na Justi\u00e7a direito a \u00f4nibus adaptado em Ribeir\u00e3o - Encontra Ribeir\u00e3o Preto","description":"Uma dona de casa obteve na Justi\u00e7a uma liminar que obriga a Prefeitura de Ribeir\u00e3o Preto (SP) a fornecer transporte adaptado gratuitamente para o filho de 5 anos, que \u00e9 deficiente intelectual e depende de \u00f4nibus urbano para realizar os tratamentos m\u00e9dicos. Eva Maria Chivite conta que sempre enfrentou dificuldade para levar o garoto \u00e0","inLanguage":"pt-BR","isPartOf":{"@id":"https:\/\/www.encontraribeiraopreto.com.br\/sobre\/#website"},"breadcrumb":{"@id":"https:\/\/www.encontraribeiraopreto.com.br\/sobre\/menino-de-5-anos-ganha-na-justica-direito-a-onibus-adaptado-em-ribeirao\/#breadcrumblist"},"author":{"@id":"https:\/\/www.encontraribeiraopreto.com.br\/sobre\/author\/eribeiraopreto\/#author"},"creator":{"@id":"https:\/\/www.encontraribeiraopreto.com.br\/sobre\/author\/eribeiraopreto\/#author"},"datePublished":"2012-10-03T00:25:03-03:00","dateModified":"2019-04-15T11:26:28-03:00"},{"@type":"WebSite","@id":"https:\/\/www.encontraribeiraopreto.com.br\/sobre\/#website","url":"https:\/\/www.encontraribeiraopreto.com.br\/sobre\/","name":"Encontra Ribeir\u00e3o Preto","description":"Not\u00edcias, eventos, informa\u00e7\u00f5es e dicas na cidade Ribeir\u00e3o Preto e regi\u00e3o.","inLanguage":"pt-BR","publisher":{"@id":"https:\/\/www.encontraribeiraopreto.com.br\/sobre\/#organization"}}]},"og:locale":"pt_BR","og:site_name":"Encontra Ribeir\u00e3o Preto - Not\u00edcias, eventos, informa\u00e7\u00f5es e dicas na cidade Ribeir\u00e3o Preto e regi\u00e3o.","og:type":"article","og:title":"Menino de 5 anos ganha na Justi\u00e7a direito a \u00f4nibus adaptado em Ribeir\u00e3o - Encontra Ribeir\u00e3o Preto","og:description":"Uma dona de casa obteve na Justi\u00e7a uma liminar que obriga a Prefeitura de Ribeir\u00e3o Preto (SP) a fornecer transporte adaptado gratuitamente para o filho de 5 anos, que \u00e9 deficiente intelectual e depende de \u00f4nibus urbano para realizar os tratamentos m\u00e9dicos. Eva Maria Chivite conta que sempre enfrentou dificuldade para levar o garoto \u00e0","og:url":"https:\/\/www.encontraribeiraopreto.com.br\/sobre\/menino-de-5-anos-ganha-na-justica-direito-a-onibus-adaptado-em-ribeirao\/","article:published_time":"2012-10-03T03:25:03+00:00","article:modified_time":"2019-04-15T14:26:28+00:00","twitter:card":"summary_large_image","twitter:title":"Menino de 5 anos ganha na Justi\u00e7a direito a \u00f4nibus adaptado em Ribeir\u00e3o - Encontra Ribeir\u00e3o Preto","twitter:description":"Uma dona de casa obteve na Justi\u00e7a uma liminar que obriga a Prefeitura de Ribeir\u00e3o Preto (SP) a fornecer transporte adaptado gratuitamente para o filho de 5 anos, que \u00e9 deficiente intelectual e depende de \u00f4nibus urbano para realizar os tratamentos m\u00e9dicos. Eva Maria Chivite conta que sempre enfrentou dificuldade para levar o garoto \u00e0"},"aioseo_meta_data":{"post_id":"1381","title":null,"description":null,"keywords":null,"keyphrases":null,"primary_term":null,"canonical_url":null,"og_title":null,"og_description":null,"og_object_type":"default","og_image_type":"default","og_image_url":null,"og_image_width":null,"og_image_height":null,"og_image_custom_url":null,"og_image_custom_fields":null,"og_video":null,"og_custom_url":null,"og_article_section":null,"og_article_tags":null,"twitter_use_og":false,"twitter_card":"default","twitter_image_type":"default","twitter_image_url":null,"twitter_image_custom_url":null,"twitter_image_custom_fields":null,"twitter_title":null,"twitter_description":null,"schema":{"blockGraphs":[],"customGraphs":[],"default":{"data":{"Article":[],"Course":[],"Dataset":[],"FAQPage":[],"Movie":[],"Person":[],"Product":[],"ProductReview":[],"Car":[],"Recipe":[],"Service":[],"SoftwareApplication":[],"WebPage":[]},"graphName":"BlogPosting","isEnabled":true},"graphs":[]},"schema_type":null,"schema_type_options":null,"pillar_content":false,"robots_default":true,"robots_noindex":false,"robots_noarchive":false,"robots_nosnippet":false,"robots_nofollow":false,"robots_noimageindex":false,"robots_noodp":false,"robots_notranslate":false,"robots_max_snippet":null,"robots_max_videopreview":null,"robots_max_imagepreview":"large","priority":null,"frequency":null,"local_seo":null,"limit_modified_date":false,"created":"2021-02-24 14:08:51","updated":"2023-03-03 18:52:27","focus_keyword":null,"additional_keywords":null,"truseo_locale":null,"ai":null,"breadcrumb_settings":null,"seo_analyzer_scan_date":null},"aioseo_breadcrumb":"<div class=\"aioseo-breadcrumbs\"><span class=\"aioseo-breadcrumb\">\n\t\t\t<a href=\"https:\/\/www.encontraribeiraopreto.com.br\/sobre\" title=\"In\u00edcio\">In\u00edcio<\/a>\n\t\t<\/span><span class=\"aioseo-breadcrumb-separator\">&raquo;<\/span><span class=\"aioseo-breadcrumb\">\n\t\t\t<a href=\"https:\/\/www.encontraribeiraopreto.com.br\/sobre\/noticias-em-ribeirao-preto\/\" title=\"Not\u00edcias Ribeir\u00e3o Preto\">Not\u00edcias Ribeir\u00e3o Preto<\/a>\n\t\t<\/span><span class=\"aioseo-breadcrumb-separator\">&raquo;<\/span><span class=\"aioseo-breadcrumb\">\n\t\t\tMenino de 5 anos ganha na Justi\u00e7a direito a \u00f4nibus adaptado em Ribeir\u00e3o\n\t\t<\/span><\/div>","aioseo_breadcrumb_json":[{"label":"In\u00edcio","link":"https:\/\/www.encontraribeiraopreto.com.br\/sobre"},{"label":"Not\u00edcias Ribeir\u00e3o Preto","link":"https:\/\/www.encontraribeiraopreto.com.br\/sobre\/noticias-em-ribeirao-preto\/"},{"label":"Menino de 5 anos ganha na Justi\u00e7a direito a \u00f4nibus adaptado em Ribeir\u00e3o","link":"https:\/\/www.encontraribeiraopreto.com.br\/sobre\/menino-de-5-anos-ganha-na-justica-direito-a-onibus-adaptado-em-ribeirao\/"}],"_links":{"self":[{"href":"https:\/\/www.encontraribeiraopreto.com.br\/sobre\/wp-json\/wp\/v2\/posts\/1381","targetHints":{"allow":["GET"]}}],"collection":[{"href":"https:\/\/www.encontraribeiraopreto.com.br\/sobre\/wp-json\/wp\/v2\/posts"}],"about":[{"href":"https:\/\/www.encontraribeiraopreto.com.br\/sobre\/wp-json\/wp\/v2\/types\/post"}],"author":[{"embeddable":true,"href":"https:\/\/www.encontraribeiraopreto.com.br\/sobre\/wp-json\/wp\/v2\/users\/1"}],"replies":[{"embeddable":true,"href":"https:\/\/www.encontraribeiraopreto.com.br\/sobre\/wp-json\/wp\/v2\/comments?post=1381"}],"version-history":[{"count":0,"href":"https:\/\/www.encontraribeiraopreto.com.br\/sobre\/wp-json\/wp\/v2\/posts\/1381\/revisions"}],"wp:attachment":[{"href":"https:\/\/www.encontraribeiraopreto.com.br\/sobre\/wp-json\/wp\/v2\/media?parent=1381"}],"wp:term":[{"taxonomy":"category","embeddable":true,"href":"https:\/\/www.encontraribeiraopreto.com.br\/sobre\/wp-json\/wp\/v2\/categories?post=1381"},{"taxonomy":"post_tag","embeddable":true,"href":"https:\/\/www.encontraribeiraopreto.com.br\/sobre\/wp-json\/wp\/v2\/tags?post=1381"}],"curies":[{"name":"wp","href":"https:\/\/api.w.org\/{rel}","templated":true}]}}