{"id":1604,"date":"2012-11-09T18:24:41","date_gmt":"2012-11-09T21:24:41","guid":{"rendered":"http:\/\/www.encontraribeiraopreto.com.br\/noticias\/?p=1604"},"modified":"2019-04-15T11:25:52","modified_gmt":"2019-04-15T14:25:52","slug":"praca-de-ribeirao-preto-esta-ha-oito-anos-sem-luz-reclamam-moradores","status":"publish","type":"post","link":"https:\/\/www.encontraribeiraopreto.com.br\/sobre\/praca-de-ribeirao-preto-esta-ha-oito-anos-sem-luz-reclamam-moradores\/","title":{"rendered":"Pra\u00e7a de Ribeir\u00e3o Preto est\u00e1 h\u00e1 oito anos sem luz, reclamam moradores"},"content":{"rendered":"<div class=\"cd7ef838bed10b2b4567f853226bc383\" data-index=\"1\" style=\"float: none; margin:0px;\">\n<!-- Anuncio display - global -->\r\n<ins class=\"adsbygoogle\"\r\n     style=\"display:block\"\r\n     data-ad-client=\"ca-pub-8585364105181520\"\r\n     data-ad-slot=\"8789329856\"\r\n     data-ad-format=\"auto\"\r\n     data-full-width-responsive=\"true\"><\/ins>\r\n<script>\r\n     (adsbygoogle = window.adsbygoogle || []).push({});\r\n<\/script>\r\n\n<\/div>\n<p>Moradores vizinhos \u00e0 Pra\u00e7a Jornalista Armando Lagamba convivem h\u00e1 oito anos com a falta de luz no <a title=\"Espa\u00e7os Eventos em Ribeir\u00e3o Preto\" href=\"http:\/\/www.encontraribeiraopreto.com.br\/e\/eventos-em-ribeirao-preto.shtml\" target=\"_blank\">espa\u00e7o<\/a> p\u00fablico no bairro Quintino Facci II em Ribeir\u00e3o Preto (SP). Segundo o gerente industrial Silvio Trentino, a escurid\u00e3o na \u00e1rea de lazer impede que a popula\u00e7\u00e3o use o local durante a noite por causa do medo da viol\u00eancia.<\/p>\n<p>A \u00fanica ilumina\u00e7\u00e3o na pra\u00e7a, que possui um campo de futebol e uma quadra esportiva coberta, \u00e9 a que vem dos postes das ruas ao redor do local. \u201cFica realmente sem ningu\u00e9m na pra\u00e7a e fica muito perigoso. \u00c9 muito s\u00e9rio\u201d, explica Trentino.<\/p>\n<p>O motorista S\u00e9rgio Bertoni conta que a \u00e1rea \u00e9 boa para caminhada, principalmente para a terceira idade. \u201cSe fosse iluminado seria muito bom porque n\u00f3s estamos muito distante de parques melhores do munic\u00edpio, que ficam nas \u00e1reas nobres\u201d, conta Bertoni. Bertoni pede que a Prefeitura ajude na manuten\u00e7\u00e3o da pra\u00e7a. \u201cBasta um pouco de vontade pol\u00edtica\u201d, acrescenta.<\/p>\n<p>Segundo os moradores, foram feitos v\u00e1rios pedidos de ajuda para a administra\u00e7\u00e3o da cidade. \u201cEles falam que n\u00e3o h\u00e1 viabilidade financeira para a execu\u00e7\u00e3o desse servi\u00e7o\u201d, afirma Trentoni.<\/p>\n<p><strong>Outro lado<br \/>\n<\/strong>A assessoria de imprensa da <a title=\"Prefeitura de Ribeir\u00e3o Preto\" href=\"http:\/\/www.encontraribeiraopreto.com.br\/ribeirao-preto\/prefeitura-de-ribeirao-preto.shtml\" target=\"_blank\">Prefeitura municipal de Ribeir\u00e3o Preto<\/a> informou que uma empresa foi contratada para fazer a manuten\u00e7\u00e3o de espa\u00e7os p\u00fablicos, mas n\u00e3o deu um prazo para que a pra\u00e7a seja novamente iluminada. A assessoria tamb\u00e9m disse que o vandalismo \u00e9 um dos principais problemas da \u00e1rea.<\/p>\n<p><em>Fonte: G1<\/em><\/p>\n\n<div style=\"font-size: 0px; height: 0px; line-height: 0px; margin: 0; padding: 0; clear: both;\"><\/div>","protected":false},"excerpt":{"rendered":"<p>Moradores vizinhos \u00e0 Pra\u00e7a Jornalista Armando Lagamba convivem h\u00e1 oito anos com a falta de luz no espa\u00e7o p\u00fablico no bairro Quintino Facci II em Ribeir\u00e3o Preto (SP). Segundo o gerente industrial Silvio Trentino, a escurid\u00e3o na \u00e1rea de lazer impede que a popula\u00e7\u00e3o use o local durante a noite por causa do medo da viol\u00eancia. A \u00fanica ilumina\u00e7\u00e3o na pra\u00e7a, que possui um campo de futebol e uma quadra esportiva coberta, \u00e9 a que vem dos postes das ruas ao redor do local. \u201cFica realmente sem ningu\u00e9m na pra\u00e7a e fica muito perigoso. \u00c9 muito s\u00e9rio\u201d, explica Trentino. O <\/p>\n","protected":false},"author":1,"featured_media":0,"comment_status":"open","ping_status":"closed","sticky":false,"template":"","format":"standard","meta":{"footnotes":""},"categories":[6],"tags":[14],"class_list":["post-1604","post","type-post","status-publish","format-standard","hentry","category-noticias-em-ribeirao-preto","tag-ribeirao-preto"],"aioseo_notices":[],"aioseo_head":"\n\t\t<!-- All in One SEO 5.0.0.1 - aioseo.com -->\n\t<meta name=\"description\" content=\"Moradores vizinhos \u00e0 Pra\u00e7a Jornalista Armando Lagamba convivem h\u00e1 oito anos com a falta de luz no espa\u00e7o p\u00fablico no bairro Quintino Facci II em Ribeir\u00e3o Preto (SP). Segundo o gerente industrial Silvio Trentino, a escurid\u00e3o na \u00e1rea de lazer impede que a popula\u00e7\u00e3o use o local durante a noite por causa do medo da\" \/>\n\t<meta name=\"robots\" content=\"max-image-preview:large\" \/>\n\t<meta name=\"author\" content=\"Encontra Ribeir\u00e3o Preto\"\/>\n\t<link rel=\"canonical\" href=\"https:\/\/www.encontraribeiraopreto.com.br\/sobre\/praca-de-ribeirao-preto-esta-ha-oito-anos-sem-luz-reclamam-moradores\/\" \/>\n\t<meta name=\"generator\" content=\"All in One SEO (AIOSEO) 5.0.0.1\" \/>\n\t\t<meta property=\"og:locale\" content=\"pt_BR\" \/>\n\t\t<meta property=\"og:site_name\" content=\"Encontra Ribeir\u00e3o Preto - Not\u00edcias, eventos, informa\u00e7\u00f5es e dicas na cidade Ribeir\u00e3o Preto e regi\u00e3o.\" \/>\n\t\t<meta property=\"og:type\" content=\"article\" \/>\n\t\t<meta property=\"og:title\" content=\"Pra\u00e7a de Ribeir\u00e3o Preto est\u00e1 h\u00e1 oito anos sem luz, reclamam moradores - Encontra Ribeir\u00e3o Preto\" \/>\n\t\t<meta property=\"og:description\" content=\"Moradores vizinhos \u00e0 Pra\u00e7a Jornalista Armando Lagamba convivem h\u00e1 oito anos com a falta de luz no espa\u00e7o p\u00fablico no bairro Quintino Facci II em Ribeir\u00e3o Preto (SP). Segundo o gerente industrial Silvio Trentino, a escurid\u00e3o na \u00e1rea de lazer impede que a popula\u00e7\u00e3o use o local durante a noite por causa do medo da\" \/>\n\t\t<meta property=\"og:url\" content=\"https:\/\/www.encontraribeiraopreto.com.br\/sobre\/praca-de-ribeirao-preto-esta-ha-oito-anos-sem-luz-reclamam-moradores\/\" \/>\n\t\t<meta property=\"article:published_time\" content=\"2012-11-09T21:24:41+00:00\" \/>\n\t\t<meta property=\"article:modified_time\" content=\"2019-04-15T14:25:52+00:00\" \/>\n\t\t<meta name=\"twitter:card\" content=\"summary_large_image\" \/>\n\t\t<meta name=\"twitter:title\" content=\"Pra\u00e7a de Ribeir\u00e3o Preto est\u00e1 h\u00e1 oito anos sem luz, reclamam moradores - Encontra Ribeir\u00e3o Preto\" \/>\n\t\t<meta name=\"twitter:description\" content=\"Moradores vizinhos \u00e0 Pra\u00e7a Jornalista Armando Lagamba convivem h\u00e1 oito anos com a falta de luz no espa\u00e7o p\u00fablico no bairro Quintino Facci II em Ribeir\u00e3o Preto (SP). Segundo o gerente industrial Silvio Trentino, a escurid\u00e3o na \u00e1rea de lazer impede que a popula\u00e7\u00e3o use o local durante a noite por causa do medo da\" \/>\n\t\t<script type=\"application\/ld+json\" class=\"aioseo-schema\">\n\t\t\t{\"@context\":\"https:\\\/\\\/schema.org\",\"@graph\":[{\"@type\":\"BlogPosting\",\"@id\":\"https:\\\/\\\/www.encontraribeiraopreto.com.br\\\/sobre\\\/praca-de-ribeirao-preto-esta-ha-oito-anos-sem-luz-reclamam-moradores\\\/#blogposting\",\"name\":\"Pra\\u00e7a de Ribeir\\u00e3o Preto est\\u00e1 h\\u00e1 oito anos sem luz, reclamam moradores - Encontra Ribeir\\u00e3o Preto\",\"headline\":\"Pra\\u00e7a de Ribeir\\u00e3o Preto est\\u00e1 h\\u00e1 oito anos sem luz, reclamam moradores\",\"author\":{\"@id\":\"https:\\\/\\\/www.encontraribeiraopreto.com.br\\\/sobre\\\/author\\\/eribeiraopreto\\\/#author\"},\"publisher\":{\"@id\":\"https:\\\/\\\/www.encontraribeiraopreto.com.br\\\/sobre\\\/#organization\"},\"datePublished\":\"2012-11-09T18:24:41-03:00\",\"dateModified\":\"2019-04-15T11:25:52-03:00\",\"inLanguage\":\"pt-BR\",\"mainEntityOfPage\":{\"@id\":\"https:\\\/\\\/www.encontraribeiraopreto.com.br\\\/sobre\\\/praca-de-ribeirao-preto-esta-ha-oito-anos-sem-luz-reclamam-moradores\\\/#webpage\"},\"isPartOf\":{\"@id\":\"https:\\\/\\\/www.encontraribeiraopreto.com.br\\\/sobre\\\/praca-de-ribeirao-preto-esta-ha-oito-anos-sem-luz-reclamam-moradores\\\/#webpage\"},\"articleSection\":\"Not\\u00edcias Ribeir\\u00e3o Preto, Ribeir\\u00e3o Preto\"},{\"@type\":\"BreadcrumbList\",\"@id\":\"https:\\\/\\\/www.encontraribeiraopreto.com.br\\\/sobre\\\/praca-de-ribeirao-preto-esta-ha-oito-anos-sem-luz-reclamam-moradores\\\/#breadcrumblist\",\"itemListElement\":[{\"@type\":\"ListItem\",\"@id\":\"https:\\\/\\\/www.encontraribeiraopreto.com.br\\\/sobre#listItem\",\"position\":1,\"name\":\"In\\u00edcio\",\"item\":\"https:\\\/\\\/www.encontraribeiraopreto.com.br\\\/sobre\",\"nextItem\":{\"@type\":\"ListItem\",\"@id\":\"https:\\\/\\\/www.encontraribeiraopreto.com.br\\\/sobre\\\/noticias-em-ribeirao-preto\\\/#listItem\",\"name\":\"Not\\u00edcias Ribeir\\u00e3o Preto\"}},{\"@type\":\"ListItem\",\"@id\":\"https:\\\/\\\/www.encontraribeiraopreto.com.br\\\/sobre\\\/noticias-em-ribeirao-preto\\\/#listItem\",\"position\":2,\"name\":\"Not\\u00edcias Ribeir\\u00e3o Preto\",\"item\":\"https:\\\/\\\/www.encontraribeiraopreto.com.br\\\/sobre\\\/noticias-em-ribeirao-preto\\\/\",\"nextItem\":{\"@type\":\"ListItem\",\"@id\":\"https:\\\/\\\/www.encontraribeiraopreto.com.br\\\/sobre\\\/praca-de-ribeirao-preto-esta-ha-oito-anos-sem-luz-reclamam-moradores\\\/#listItem\",\"name\":\"Pra\\u00e7a de Ribeir\\u00e3o Preto est\\u00e1 h\\u00e1 oito anos sem luz, reclamam moradores\"},\"previousItem\":{\"@type\":\"ListItem\",\"@id\":\"https:\\\/\\\/www.encontraribeiraopreto.com.br\\\/sobre#listItem\",\"name\":\"In\\u00edcio\"}},{\"@type\":\"ListItem\",\"@id\":\"https:\\\/\\\/www.encontraribeiraopreto.com.br\\\/sobre\\\/praca-de-ribeirao-preto-esta-ha-oito-anos-sem-luz-reclamam-moradores\\\/#listItem\",\"position\":3,\"name\":\"Pra\\u00e7a de Ribeir\\u00e3o Preto est\\u00e1 h\\u00e1 oito anos sem luz, reclamam moradores\",\"previousItem\":{\"@type\":\"ListItem\",\"@id\":\"https:\\\/\\\/www.encontraribeiraopreto.com.br\\\/sobre\\\/noticias-em-ribeirao-preto\\\/#listItem\",\"name\":\"Not\\u00edcias Ribeir\\u00e3o Preto\"}}]},{\"@type\":\"Organization\",\"@id\":\"https:\\\/\\\/www.encontraribeiraopreto.com.br\\\/sobre\\\/#organization\",\"name\":\"Encontra Ribeir\\u00e3o Preto\",\"description\":\"Not\\u00edcias, eventos, informa\\u00e7\\u00f5es e dicas na cidade Ribeir\\u00e3o Preto e regi\\u00e3o.\",\"url\":\"https:\\\/\\\/www.encontraribeiraopreto.com.br\\\/sobre\\\/\"},{\"@type\":\"Person\",\"@id\":\"https:\\\/\\\/www.encontraribeiraopreto.com.br\\\/sobre\\\/author\\\/eribeiraopreto\\\/#author\",\"url\":\"https:\\\/\\\/www.encontraribeiraopreto.com.br\\\/sobre\\\/author\\\/eribeiraopreto\\\/\",\"name\":\"Encontra Ribeir\\u00e3o Preto\",\"image\":{\"@type\":\"ImageObject\",\"@id\":\"https:\\\/\\\/www.encontraribeiraopreto.com.br\\\/sobre\\\/praca-de-ribeirao-preto-esta-ha-oito-anos-sem-luz-reclamam-moradores\\\/#authorImage\",\"url\":\"https:\\\/\\\/secure.gravatar.com\\\/avatar\\\/507340682b8270222e1f208e23198b6ae7e2c6a1033ae84e99bc6bce4f82a387?s=96&d=mm&r=g\",\"width\":96,\"height\":96,\"caption\":\"Encontra Ribeir\\u00e3o Preto\"}},{\"@type\":\"WebPage\",\"@id\":\"https:\\\/\\\/www.encontraribeiraopreto.com.br\\\/sobre\\\/praca-de-ribeirao-preto-esta-ha-oito-anos-sem-luz-reclamam-moradores\\\/#webpage\",\"url\":\"https:\\\/\\\/www.encontraribeiraopreto.com.br\\\/sobre\\\/praca-de-ribeirao-preto-esta-ha-oito-anos-sem-luz-reclamam-moradores\\\/\",\"name\":\"Pra\\u00e7a de Ribeir\\u00e3o Preto est\\u00e1 h\\u00e1 oito anos sem luz, reclamam moradores - Encontra Ribeir\\u00e3o Preto\",\"description\":\"Moradores vizinhos \\u00e0 Pra\\u00e7a Jornalista Armando Lagamba convivem h\\u00e1 oito anos com a falta de luz no espa\\u00e7o p\\u00fablico no bairro Quintino Facci II em Ribeir\\u00e3o Preto (SP). Segundo o gerente industrial Silvio Trentino, a escurid\\u00e3o na \\u00e1rea de lazer impede que a popula\\u00e7\\u00e3o use o local durante a noite por causa do medo da\",\"inLanguage\":\"pt-BR\",\"isPartOf\":{\"@id\":\"https:\\\/\\\/www.encontraribeiraopreto.com.br\\\/sobre\\\/#website\"},\"breadcrumb\":{\"@id\":\"https:\\\/\\\/www.encontraribeiraopreto.com.br\\\/sobre\\\/praca-de-ribeirao-preto-esta-ha-oito-anos-sem-luz-reclamam-moradores\\\/#breadcrumblist\"},\"author\":{\"@id\":\"https:\\\/\\\/www.encontraribeiraopreto.com.br\\\/sobre\\\/author\\\/eribeiraopreto\\\/#author\"},\"creator\":{\"@id\":\"https:\\\/\\\/www.encontraribeiraopreto.com.br\\\/sobre\\\/author\\\/eribeiraopreto\\\/#author\"},\"datePublished\":\"2012-11-09T18:24:41-03:00\",\"dateModified\":\"2019-04-15T11:25:52-03:00\"},{\"@type\":\"WebSite\",\"@id\":\"https:\\\/\\\/www.encontraribeiraopreto.com.br\\\/sobre\\\/#website\",\"url\":\"https:\\\/\\\/www.encontraribeiraopreto.com.br\\\/sobre\\\/\",\"name\":\"Encontra Ribeir\\u00e3o Preto\",\"description\":\"Not\\u00edcias, eventos, informa\\u00e7\\u00f5es e dicas na cidade Ribeir\\u00e3o Preto e regi\\u00e3o.\",\"inLanguage\":\"pt-BR\",\"publisher\":{\"@id\":\"https:\\\/\\\/www.encontraribeiraopreto.com.br\\\/sobre\\\/#organization\"}}]}\n\t\t<\/script>\n\t\t<!-- All in One SEO -->\n\n","aioseo_head_json":{"title":"Pra\u00e7a de Ribeir\u00e3o Preto est\u00e1 h\u00e1 oito anos sem luz, reclamam moradores - Encontra Ribeir\u00e3o Preto","description":"Moradores vizinhos \u00e0 Pra\u00e7a Jornalista Armando Lagamba convivem h\u00e1 oito anos com a falta de luz no espa\u00e7o p\u00fablico no bairro Quintino Facci II em Ribeir\u00e3o Preto (SP). Segundo o gerente industrial Silvio Trentino, a escurid\u00e3o na \u00e1rea de lazer impede que a popula\u00e7\u00e3o use o local durante a noite por causa do medo da","canonical_url":"https:\/\/www.encontraribeiraopreto.com.br\/sobre\/praca-de-ribeirao-preto-esta-ha-oito-anos-sem-luz-reclamam-moradores\/","robots":"max-image-preview:large","keywords":"","webmasterTools":{"miscellaneous":""},"schema":{"@context":"https:\/\/schema.org","@graph":[{"@type":"BlogPosting","@id":"https:\/\/www.encontraribeiraopreto.com.br\/sobre\/praca-de-ribeirao-preto-esta-ha-oito-anos-sem-luz-reclamam-moradores\/#blogposting","name":"Pra\u00e7a de Ribeir\u00e3o Preto est\u00e1 h\u00e1 oito anos sem luz, reclamam moradores - Encontra Ribeir\u00e3o Preto","headline":"Pra\u00e7a de Ribeir\u00e3o Preto est\u00e1 h\u00e1 oito anos sem luz, reclamam moradores","author":{"@id":"https:\/\/www.encontraribeiraopreto.com.br\/sobre\/author\/eribeiraopreto\/#author"},"publisher":{"@id":"https:\/\/www.encontraribeiraopreto.com.br\/sobre\/#organization"},"datePublished":"2012-11-09T18:24:41-03:00","dateModified":"2019-04-15T11:25:52-03:00","inLanguage":"pt-BR","mainEntityOfPage":{"@id":"https:\/\/www.encontraribeiraopreto.com.br\/sobre\/praca-de-ribeirao-preto-esta-ha-oito-anos-sem-luz-reclamam-moradores\/#webpage"},"isPartOf":{"@id":"https:\/\/www.encontraribeiraopreto.com.br\/sobre\/praca-de-ribeirao-preto-esta-ha-oito-anos-sem-luz-reclamam-moradores\/#webpage"},"articleSection":"Not\u00edcias Ribeir\u00e3o Preto, Ribeir\u00e3o Preto"},{"@type":"BreadcrumbList","@id":"https:\/\/www.encontraribeiraopreto.com.br\/sobre\/praca-de-ribeirao-preto-esta-ha-oito-anos-sem-luz-reclamam-moradores\/#breadcrumblist","itemListElement":[{"@type":"ListItem","@id":"https:\/\/www.encontraribeiraopreto.com.br\/sobre#listItem","position":1,"name":"In\u00edcio","item":"https:\/\/www.encontraribeiraopreto.com.br\/sobre","nextItem":{"@type":"ListItem","@id":"https:\/\/www.encontraribeiraopreto.com.br\/sobre\/noticias-em-ribeirao-preto\/#listItem","name":"Not\u00edcias Ribeir\u00e3o Preto"}},{"@type":"ListItem","@id":"https:\/\/www.encontraribeiraopreto.com.br\/sobre\/noticias-em-ribeirao-preto\/#listItem","position":2,"name":"Not\u00edcias Ribeir\u00e3o Preto","item":"https:\/\/www.encontraribeiraopreto.com.br\/sobre\/noticias-em-ribeirao-preto\/","nextItem":{"@type":"ListItem","@id":"https:\/\/www.encontraribeiraopreto.com.br\/sobre\/praca-de-ribeirao-preto-esta-ha-oito-anos-sem-luz-reclamam-moradores\/#listItem","name":"Pra\u00e7a de Ribeir\u00e3o Preto est\u00e1 h\u00e1 oito anos sem luz, reclamam moradores"},"previousItem":{"@type":"ListItem","@id":"https:\/\/www.encontraribeiraopreto.com.br\/sobre#listItem","name":"In\u00edcio"}},{"@type":"ListItem","@id":"https:\/\/www.encontraribeiraopreto.com.br\/sobre\/praca-de-ribeirao-preto-esta-ha-oito-anos-sem-luz-reclamam-moradores\/#listItem","position":3,"name":"Pra\u00e7a de Ribeir\u00e3o Preto est\u00e1 h\u00e1 oito anos sem luz, reclamam moradores","previousItem":{"@type":"ListItem","@id":"https:\/\/www.encontraribeiraopreto.com.br\/sobre\/noticias-em-ribeirao-preto\/#listItem","name":"Not\u00edcias Ribeir\u00e3o Preto"}}]},{"@type":"Organization","@id":"https:\/\/www.encontraribeiraopreto.com.br\/sobre\/#organization","name":"Encontra Ribeir\u00e3o Preto","description":"Not\u00edcias, eventos, informa\u00e7\u00f5es e dicas na cidade Ribeir\u00e3o Preto e regi\u00e3o.","url":"https:\/\/www.encontraribeiraopreto.com.br\/sobre\/"},{"@type":"Person","@id":"https:\/\/www.encontraribeiraopreto.com.br\/sobre\/author\/eribeiraopreto\/#author","url":"https:\/\/www.encontraribeiraopreto.com.br\/sobre\/author\/eribeiraopreto\/","name":"Encontra Ribeir\u00e3o Preto","image":{"@type":"ImageObject","@id":"https:\/\/www.encontraribeiraopreto.com.br\/sobre\/praca-de-ribeirao-preto-esta-ha-oito-anos-sem-luz-reclamam-moradores\/#authorImage","url":"https:\/\/secure.gravatar.com\/avatar\/507340682b8270222e1f208e23198b6ae7e2c6a1033ae84e99bc6bce4f82a387?s=96&d=mm&r=g","width":96,"height":96,"caption":"Encontra Ribeir\u00e3o Preto"}},{"@type":"WebPage","@id":"https:\/\/www.encontraribeiraopreto.com.br\/sobre\/praca-de-ribeirao-preto-esta-ha-oito-anos-sem-luz-reclamam-moradores\/#webpage","url":"https:\/\/www.encontraribeiraopreto.com.br\/sobre\/praca-de-ribeirao-preto-esta-ha-oito-anos-sem-luz-reclamam-moradores\/","name":"Pra\u00e7a de Ribeir\u00e3o Preto est\u00e1 h\u00e1 oito anos sem luz, reclamam moradores - Encontra Ribeir\u00e3o Preto","description":"Moradores vizinhos \u00e0 Pra\u00e7a Jornalista Armando Lagamba convivem h\u00e1 oito anos com a falta de luz no espa\u00e7o p\u00fablico no bairro Quintino Facci II em Ribeir\u00e3o Preto (SP). Segundo o gerente industrial Silvio Trentino, a escurid\u00e3o na \u00e1rea de lazer impede que a popula\u00e7\u00e3o use o local durante a noite por causa do medo da","inLanguage":"pt-BR","isPartOf":{"@id":"https:\/\/www.encontraribeiraopreto.com.br\/sobre\/#website"},"breadcrumb":{"@id":"https:\/\/www.encontraribeiraopreto.com.br\/sobre\/praca-de-ribeirao-preto-esta-ha-oito-anos-sem-luz-reclamam-moradores\/#breadcrumblist"},"author":{"@id":"https:\/\/www.encontraribeiraopreto.com.br\/sobre\/author\/eribeiraopreto\/#author"},"creator":{"@id":"https:\/\/www.encontraribeiraopreto.com.br\/sobre\/author\/eribeiraopreto\/#author"},"datePublished":"2012-11-09T18:24:41-03:00","dateModified":"2019-04-15T11:25:52-03:00"},{"@type":"WebSite","@id":"https:\/\/www.encontraribeiraopreto.com.br\/sobre\/#website","url":"https:\/\/www.encontraribeiraopreto.com.br\/sobre\/","name":"Encontra Ribeir\u00e3o Preto","description":"Not\u00edcias, eventos, informa\u00e7\u00f5es e dicas na cidade Ribeir\u00e3o Preto e regi\u00e3o.","inLanguage":"pt-BR","publisher":{"@id":"https:\/\/www.encontraribeiraopreto.com.br\/sobre\/#organization"}}]},"og:locale":"pt_BR","og:site_name":"Encontra Ribeir\u00e3o Preto - Not\u00edcias, eventos, informa\u00e7\u00f5es e dicas na cidade Ribeir\u00e3o Preto e regi\u00e3o.","og:type":"article","og:title":"Pra\u00e7a de Ribeir\u00e3o Preto est\u00e1 h\u00e1 oito anos sem luz, reclamam moradores - Encontra Ribeir\u00e3o Preto","og:description":"Moradores vizinhos \u00e0 Pra\u00e7a Jornalista Armando Lagamba convivem h\u00e1 oito anos com a falta de luz no espa\u00e7o p\u00fablico no bairro Quintino Facci II em Ribeir\u00e3o Preto (SP). Segundo o gerente industrial Silvio Trentino, a escurid\u00e3o na \u00e1rea de lazer impede que a popula\u00e7\u00e3o use o local durante a noite por causa do medo da","og:url":"https:\/\/www.encontraribeiraopreto.com.br\/sobre\/praca-de-ribeirao-preto-esta-ha-oito-anos-sem-luz-reclamam-moradores\/","article:published_time":"2012-11-09T21:24:41+00:00","article:modified_time":"2019-04-15T14:25:52+00:00","twitter:card":"summary_large_image","twitter:title":"Pra\u00e7a de Ribeir\u00e3o Preto est\u00e1 h\u00e1 oito anos sem luz, reclamam moradores - Encontra Ribeir\u00e3o Preto","twitter:description":"Moradores vizinhos \u00e0 Pra\u00e7a Jornalista Armando Lagamba convivem h\u00e1 oito anos com a falta de luz no espa\u00e7o p\u00fablico no bairro Quintino Facci II em Ribeir\u00e3o Preto (SP). Segundo o gerente industrial Silvio Trentino, a escurid\u00e3o na \u00e1rea de lazer impede que a popula\u00e7\u00e3o use o local durante a noite por causa do medo da"},"aioseo_meta_data":{"post_id":"1604","title":null,"description":null,"keywords":null,"keyphrases":null,"primary_term":null,"canonical_url":null,"og_title":null,"og_description":null,"og_object_type":"default","og_image_type":"default","og_image_url":null,"og_image_width":null,"og_image_height":null,"og_image_custom_url":null,"og_image_custom_fields":null,"og_video":null,"og_custom_url":null,"og_article_section":null,"og_article_tags":null,"twitter_use_og":false,"twitter_card":"default","twitter_image_type":"default","twitter_image_url":null,"twitter_image_custom_url":null,"twitter_image_custom_fields":null,"twitter_title":null,"twitter_description":null,"schema":{"blockGraphs":[],"customGraphs":[],"default":{"data":{"Article":[],"Course":[],"Dataset":[],"FAQPage":[],"Movie":[],"Person":[],"Product":[],"ProductReview":[],"Car":[],"Recipe":[],"Service":[],"SoftwareApplication":[],"WebPage":[]},"graphName":"BlogPosting","isEnabled":true},"graphs":[]},"schema_type":null,"schema_type_options":null,"pillar_content":false,"robots_default":true,"robots_noindex":false,"robots_noarchive":false,"robots_nosnippet":false,"robots_nofollow":false,"robots_noimageindex":false,"robots_noodp":false,"robots_notranslate":false,"robots_max_snippet":null,"robots_max_videopreview":null,"robots_max_imagepreview":"large","priority":null,"frequency":null,"local_seo":null,"limit_modified_date":false,"created":"2021-02-24 14:30:58","updated":"2023-03-07 23:04:46","focus_keyword":null,"additional_keywords":null,"truseo_locale":null,"ai":null,"breadcrumb_settings":null,"seo_analyzer_scan_date":null},"aioseo_breadcrumb":"<div class=\"aioseo-breadcrumbs\"><span class=\"aioseo-breadcrumb\">\n\t\t\t<a href=\"https:\/\/www.encontraribeiraopreto.com.br\/sobre\" title=\"In\u00edcio\">In\u00edcio<\/a>\n\t\t<\/span><span class=\"aioseo-breadcrumb-separator\">&raquo;<\/span><span class=\"aioseo-breadcrumb\">\n\t\t\t<a href=\"https:\/\/www.encontraribeiraopreto.com.br\/sobre\/noticias-em-ribeirao-preto\/\" title=\"Not\u00edcias Ribeir\u00e3o Preto\">Not\u00edcias Ribeir\u00e3o Preto<\/a>\n\t\t<\/span><span class=\"aioseo-breadcrumb-separator\">&raquo;<\/span><span class=\"aioseo-breadcrumb\">\n\t\t\tPra\u00e7a de Ribeir\u00e3o Preto est\u00e1 h\u00e1 oito anos sem luz, reclamam moradores\n\t\t<\/span><\/div>","aioseo_breadcrumb_json":[{"label":"In\u00edcio","link":"https:\/\/www.encontraribeiraopreto.com.br\/sobre"},{"label":"Not\u00edcias Ribeir\u00e3o Preto","link":"https:\/\/www.encontraribeiraopreto.com.br\/sobre\/noticias-em-ribeirao-preto\/"},{"label":"Pra\u00e7a de Ribeir\u00e3o Preto est\u00e1 h\u00e1 oito anos sem luz, reclamam moradores","link":"https:\/\/www.encontraribeiraopreto.com.br\/sobre\/praca-de-ribeirao-preto-esta-ha-oito-anos-sem-luz-reclamam-moradores\/"}],"_links":{"self":[{"href":"https:\/\/www.encontraribeiraopreto.com.br\/sobre\/wp-json\/wp\/v2\/posts\/1604","targetHints":{"allow":["GET"]}}],"collection":[{"href":"https:\/\/www.encontraribeiraopreto.com.br\/sobre\/wp-json\/wp\/v2\/posts"}],"about":[{"href":"https:\/\/www.encontraribeiraopreto.com.br\/sobre\/wp-json\/wp\/v2\/types\/post"}],"author":[{"embeddable":true,"href":"https:\/\/www.encontraribeiraopreto.com.br\/sobre\/wp-json\/wp\/v2\/users\/1"}],"replies":[{"embeddable":true,"href":"https:\/\/www.encontraribeiraopreto.com.br\/sobre\/wp-json\/wp\/v2\/comments?post=1604"}],"version-history":[{"count":0,"href":"https:\/\/www.encontraribeiraopreto.com.br\/sobre\/wp-json\/wp\/v2\/posts\/1604\/revisions"}],"wp:attachment":[{"href":"https:\/\/www.encontraribeiraopreto.com.br\/sobre\/wp-json\/wp\/v2\/media?parent=1604"}],"wp:term":[{"taxonomy":"category","embeddable":true,"href":"https:\/\/www.encontraribeiraopreto.com.br\/sobre\/wp-json\/wp\/v2\/categories?post=1604"},{"taxonomy":"post_tag","embeddable":true,"href":"https:\/\/www.encontraribeiraopreto.com.br\/sobre\/wp-json\/wp\/v2\/tags?post=1604"}],"curies":[{"name":"wp","href":"https:\/\/api.w.org\/{rel}","templated":true}]}}