{"id":1619,"date":"2012-11-13T08:54:44","date_gmt":"2012-11-13T11:54:44","guid":{"rendered":"http:\/\/www.encontraribeiraopreto.com.br\/noticias\/?p=1619"},"modified":"2019-04-15T11:25:52","modified_gmt":"2019-04-15T14:25:52","slug":"suposto-chefe-do-trafico-na-zona-oeste-de-ribeirao-preto-e-preso","status":"publish","type":"post","link":"https:\/\/www.encontraribeiraopreto.com.br\/sobre\/suposto-chefe-do-trafico-na-zona-oeste-de-ribeirao-preto-e-preso\/","title":{"rendered":"Suposto chefe do tr\u00e1fico na Zona Oeste de Ribeir\u00e3o Preto \u00e9 preso"},"content":{"rendered":"<div class=\"cd7ef838bed10b2b4567f853226bc383\" data-index=\"1\" style=\"float: none; margin:0px;\">\n<!-- Anuncio display - global -->\r\n<ins class=\"adsbygoogle\"\r\n     style=\"display:block\"\r\n     data-ad-client=\"ca-pub-8585364105181520\"\r\n     data-ad-slot=\"8789329856\"\r\n     data-ad-format=\"auto\"\r\n     data-full-width-responsive=\"true\"><\/ins>\r\n<script>\r\n     (adsbygoogle = window.adsbygoogle || []).push({});\r\n<\/script>\r\n\n<\/div>\n<p>Um homem suspeito de comandar o tr\u00e1fico de drogas no bairro Parque Ribeir\u00e3o, Zona Oeste de Ribeir\u00e3o Preto (SP), foi preso na manh\u00e3 desta segunda-feira (12) enquanto dormia em <a title=\"Casas Lot\u00e9ricas em Ribeir\u00e3o Preto\" href=\"http:\/\/www.encontraribeiraopreto.com.br\/l\/lotericas-em-ribeirao-preto.shtml\" target=\"_blank\">casa<\/a>. Segundo o delegado Fernando Gon\u00e7alves, o suposto traficante, de 34 anos, j\u00e1 havia sido preso duas vezes pelo mesmo crime, mas estava liberdade condicional h\u00e1 tr\u00eas meses.<\/p>\n<p>&#8220;Ele domina aquela regi\u00e3o da cidade, notadamente as ruas pr\u00f3ximas \u00e0 casa dele. V\u00e1rios olheiros estavam naquelas imedia\u00e7\u00f5es quando chegamos, mas felizmente conseguimos entrar na casa sem levantar suspeitas, ap\u00f3s dois meses de investiga\u00e7\u00e3o&#8221;, contou Gon\u00e7alves.<\/p>\n<div>Na resid\u00eancia do rapaz, os policiais apreenderam 82 c\u00e1psulas de coca\u00edna, R$ 270 em dinheiro e anota\u00e7\u00f5es relacionadas ao tr\u00e1fico. \u201cAl\u00e9m de receber grande quantidade, ele tamb\u00e9m distribui a droga na regi\u00e3o. Encontramos alguns nomes que ser\u00e3o importantes para identificar a outra parte dessa quadrilha\u201d, explicou Gon\u00e7alves.<\/div>\n<p>O suspeito foi encaminhado para o Centro de Deten\u00e7\u00e3o Provis\u00f3ria de Ribeir\u00e3o.<\/p>\n<p>&nbsp;<\/p>\n<p><em>Fonte: G1<\/em><\/p>\n\n<div style=\"font-size: 0px; height: 0px; line-height: 0px; margin: 0; padding: 0; clear: both;\"><\/div>","protected":false},"excerpt":{"rendered":"<p>Um homem suspeito de comandar o tr\u00e1fico de drogas no bairro Parque Ribeir\u00e3o, Zona Oeste de Ribeir\u00e3o Preto (SP), foi preso na manh\u00e3 desta segunda-feira (12) enquanto dormia em casa. Segundo o delegado Fernando Gon\u00e7alves, o suposto traficante, de 34 anos, j\u00e1 havia sido preso duas vezes pelo mesmo crime, mas estava liberdade condicional h\u00e1 tr\u00eas meses. &#8220;Ele domina aquela regi\u00e3o da cidade, notadamente as ruas pr\u00f3ximas \u00e0 casa dele. V\u00e1rios olheiros estavam naquelas imedia\u00e7\u00f5es quando chegamos, mas felizmente conseguimos entrar na casa sem levantar suspeitas, ap\u00f3s dois meses de investiga\u00e7\u00e3o&#8221;, contou Gon\u00e7alves. Na resid\u00eancia do rapaz, os policiais apreenderam <\/p>\n","protected":false},"author":1,"featured_media":0,"comment_status":"open","ping_status":"closed","sticky":false,"template":"","format":"standard","meta":{"footnotes":""},"categories":[6],"tags":[14],"class_list":["post-1619","post","type-post","status-publish","format-standard","hentry","category-noticias-em-ribeirao-preto","tag-ribeirao-preto"],"aioseo_notices":[],"aioseo_head":"\n\t\t<!-- All in One SEO 5.0.0.1 - aioseo.com -->\n\t<meta name=\"description\" content=\"Um homem suspeito de comandar o tr\u00e1fico de drogas no bairro Parque Ribeir\u00e3o, Zona Oeste de Ribeir\u00e3o Preto (SP), foi preso na manh\u00e3 desta segunda-feira (12) enquanto dormia em casa. Segundo o delegado Fernando Gon\u00e7alves, o suposto traficante, de 34 anos, j\u00e1 havia sido preso duas vezes pelo mesmo crime, mas estava liberdade condicional h\u00e1\" \/>\n\t<meta name=\"robots\" content=\"max-image-preview:large\" \/>\n\t<meta name=\"author\" content=\"Encontra Ribeir\u00e3o Preto\"\/>\n\t<link rel=\"canonical\" href=\"https:\/\/www.encontraribeiraopreto.com.br\/sobre\/suposto-chefe-do-trafico-na-zona-oeste-de-ribeirao-preto-e-preso\/\" \/>\n\t<meta name=\"generator\" content=\"All in One SEO (AIOSEO) 5.0.0.1\" \/>\n\t\t<meta property=\"og:locale\" content=\"pt_BR\" \/>\n\t\t<meta property=\"og:site_name\" content=\"Encontra Ribeir\u00e3o Preto - Not\u00edcias, eventos, informa\u00e7\u00f5es e dicas na cidade Ribeir\u00e3o Preto e regi\u00e3o.\" \/>\n\t\t<meta property=\"og:type\" content=\"article\" \/>\n\t\t<meta property=\"og:title\" content=\"Suposto chefe do tr\u00e1fico na Zona Oeste de Ribeir\u00e3o Preto \u00e9 preso - Encontra Ribeir\u00e3o Preto\" \/>\n\t\t<meta property=\"og:description\" content=\"Um homem suspeito de comandar o tr\u00e1fico de drogas no bairro Parque Ribeir\u00e3o, Zona Oeste de Ribeir\u00e3o Preto (SP), foi preso na manh\u00e3 desta segunda-feira (12) enquanto dormia em casa. Segundo o delegado Fernando Gon\u00e7alves, o suposto traficante, de 34 anos, j\u00e1 havia sido preso duas vezes pelo mesmo crime, mas estava liberdade condicional h\u00e1\" \/>\n\t\t<meta property=\"og:url\" content=\"https:\/\/www.encontraribeiraopreto.com.br\/sobre\/suposto-chefe-do-trafico-na-zona-oeste-de-ribeirao-preto-e-preso\/\" \/>\n\t\t<meta property=\"article:published_time\" content=\"2012-11-13T11:54:44+00:00\" \/>\n\t\t<meta property=\"article:modified_time\" content=\"2019-04-15T14:25:52+00:00\" \/>\n\t\t<meta name=\"twitter:card\" content=\"summary_large_image\" \/>\n\t\t<meta name=\"twitter:title\" content=\"Suposto chefe do tr\u00e1fico na Zona Oeste de Ribeir\u00e3o Preto \u00e9 preso - Encontra Ribeir\u00e3o Preto\" \/>\n\t\t<meta name=\"twitter:description\" content=\"Um homem suspeito de comandar o tr\u00e1fico de drogas no bairro Parque Ribeir\u00e3o, Zona Oeste de Ribeir\u00e3o Preto (SP), foi preso na manh\u00e3 desta segunda-feira (12) enquanto dormia em casa. Segundo o delegado Fernando Gon\u00e7alves, o suposto traficante, de 34 anos, j\u00e1 havia sido preso duas vezes pelo mesmo crime, mas estava liberdade condicional h\u00e1\" \/>\n\t\t<script type=\"application\/ld+json\" class=\"aioseo-schema\">\n\t\t\t{\"@context\":\"https:\\\/\\\/schema.org\",\"@graph\":[{\"@type\":\"BlogPosting\",\"@id\":\"https:\\\/\\\/www.encontraribeiraopreto.com.br\\\/sobre\\\/suposto-chefe-do-trafico-na-zona-oeste-de-ribeirao-preto-e-preso\\\/#blogposting\",\"name\":\"Suposto chefe do tr\\u00e1fico na Zona Oeste de Ribeir\\u00e3o Preto \\u00e9 preso - Encontra Ribeir\\u00e3o Preto\",\"headline\":\"Suposto chefe do tr\\u00e1fico na Zona Oeste de Ribeir\\u00e3o Preto \\u00e9 preso\",\"author\":{\"@id\":\"https:\\\/\\\/www.encontraribeiraopreto.com.br\\\/sobre\\\/author\\\/eribeiraopreto\\\/#author\"},\"publisher\":{\"@id\":\"https:\\\/\\\/www.encontraribeiraopreto.com.br\\\/sobre\\\/#organization\"},\"datePublished\":\"2012-11-13T08:54:44-03:00\",\"dateModified\":\"2019-04-15T11:25:52-03:00\",\"inLanguage\":\"pt-BR\",\"mainEntityOfPage\":{\"@id\":\"https:\\\/\\\/www.encontraribeiraopreto.com.br\\\/sobre\\\/suposto-chefe-do-trafico-na-zona-oeste-de-ribeirao-preto-e-preso\\\/#webpage\"},\"isPartOf\":{\"@id\":\"https:\\\/\\\/www.encontraribeiraopreto.com.br\\\/sobre\\\/suposto-chefe-do-trafico-na-zona-oeste-de-ribeirao-preto-e-preso\\\/#webpage\"},\"articleSection\":\"Not\\u00edcias Ribeir\\u00e3o Preto, Ribeir\\u00e3o Preto\"},{\"@type\":\"BreadcrumbList\",\"@id\":\"https:\\\/\\\/www.encontraribeiraopreto.com.br\\\/sobre\\\/suposto-chefe-do-trafico-na-zona-oeste-de-ribeirao-preto-e-preso\\\/#breadcrumblist\",\"itemListElement\":[{\"@type\":\"ListItem\",\"@id\":\"https:\\\/\\\/www.encontraribeiraopreto.com.br\\\/sobre#listItem\",\"position\":1,\"name\":\"In\\u00edcio\",\"item\":\"https:\\\/\\\/www.encontraribeiraopreto.com.br\\\/sobre\",\"nextItem\":{\"@type\":\"ListItem\",\"@id\":\"https:\\\/\\\/www.encontraribeiraopreto.com.br\\\/sobre\\\/noticias-em-ribeirao-preto\\\/#listItem\",\"name\":\"Not\\u00edcias Ribeir\\u00e3o Preto\"}},{\"@type\":\"ListItem\",\"@id\":\"https:\\\/\\\/www.encontraribeiraopreto.com.br\\\/sobre\\\/noticias-em-ribeirao-preto\\\/#listItem\",\"position\":2,\"name\":\"Not\\u00edcias Ribeir\\u00e3o Preto\",\"item\":\"https:\\\/\\\/www.encontraribeiraopreto.com.br\\\/sobre\\\/noticias-em-ribeirao-preto\\\/\",\"nextItem\":{\"@type\":\"ListItem\",\"@id\":\"https:\\\/\\\/www.encontraribeiraopreto.com.br\\\/sobre\\\/suposto-chefe-do-trafico-na-zona-oeste-de-ribeirao-preto-e-preso\\\/#listItem\",\"name\":\"Suposto chefe do tr\\u00e1fico na Zona Oeste de Ribeir\\u00e3o Preto \\u00e9 preso\"},\"previousItem\":{\"@type\":\"ListItem\",\"@id\":\"https:\\\/\\\/www.encontraribeiraopreto.com.br\\\/sobre#listItem\",\"name\":\"In\\u00edcio\"}},{\"@type\":\"ListItem\",\"@id\":\"https:\\\/\\\/www.encontraribeiraopreto.com.br\\\/sobre\\\/suposto-chefe-do-trafico-na-zona-oeste-de-ribeirao-preto-e-preso\\\/#listItem\",\"position\":3,\"name\":\"Suposto chefe do tr\\u00e1fico na Zona Oeste de Ribeir\\u00e3o Preto \\u00e9 preso\",\"previousItem\":{\"@type\":\"ListItem\",\"@id\":\"https:\\\/\\\/www.encontraribeiraopreto.com.br\\\/sobre\\\/noticias-em-ribeirao-preto\\\/#listItem\",\"name\":\"Not\\u00edcias Ribeir\\u00e3o Preto\"}}]},{\"@type\":\"Organization\",\"@id\":\"https:\\\/\\\/www.encontraribeiraopreto.com.br\\\/sobre\\\/#organization\",\"name\":\"Encontra Ribeir\\u00e3o Preto\",\"description\":\"Not\\u00edcias, eventos, informa\\u00e7\\u00f5es e dicas na cidade Ribeir\\u00e3o Preto e regi\\u00e3o.\",\"url\":\"https:\\\/\\\/www.encontraribeiraopreto.com.br\\\/sobre\\\/\"},{\"@type\":\"Person\",\"@id\":\"https:\\\/\\\/www.encontraribeiraopreto.com.br\\\/sobre\\\/author\\\/eribeiraopreto\\\/#author\",\"url\":\"https:\\\/\\\/www.encontraribeiraopreto.com.br\\\/sobre\\\/author\\\/eribeiraopreto\\\/\",\"name\":\"Encontra Ribeir\\u00e3o Preto\",\"image\":{\"@type\":\"ImageObject\",\"@id\":\"https:\\\/\\\/www.encontraribeiraopreto.com.br\\\/sobre\\\/suposto-chefe-do-trafico-na-zona-oeste-de-ribeirao-preto-e-preso\\\/#authorImage\",\"url\":\"https:\\\/\\\/secure.gravatar.com\\\/avatar\\\/507340682b8270222e1f208e23198b6ae7e2c6a1033ae84e99bc6bce4f82a387?s=96&d=mm&r=g\",\"width\":96,\"height\":96,\"caption\":\"Encontra Ribeir\\u00e3o Preto\"}},{\"@type\":\"WebPage\",\"@id\":\"https:\\\/\\\/www.encontraribeiraopreto.com.br\\\/sobre\\\/suposto-chefe-do-trafico-na-zona-oeste-de-ribeirao-preto-e-preso\\\/#webpage\",\"url\":\"https:\\\/\\\/www.encontraribeiraopreto.com.br\\\/sobre\\\/suposto-chefe-do-trafico-na-zona-oeste-de-ribeirao-preto-e-preso\\\/\",\"name\":\"Suposto chefe do tr\\u00e1fico na Zona Oeste de Ribeir\\u00e3o Preto \\u00e9 preso - Encontra Ribeir\\u00e3o Preto\",\"description\":\"Um homem suspeito de comandar o tr\\u00e1fico de drogas no bairro Parque Ribeir\\u00e3o, Zona Oeste de Ribeir\\u00e3o Preto (SP), foi preso na manh\\u00e3 desta segunda-feira (12) enquanto dormia em casa. Segundo o delegado Fernando Gon\\u00e7alves, o suposto traficante, de 34 anos, j\\u00e1 havia sido preso duas vezes pelo mesmo crime, mas estava liberdade condicional h\\u00e1\",\"inLanguage\":\"pt-BR\",\"isPartOf\":{\"@id\":\"https:\\\/\\\/www.encontraribeiraopreto.com.br\\\/sobre\\\/#website\"},\"breadcrumb\":{\"@id\":\"https:\\\/\\\/www.encontraribeiraopreto.com.br\\\/sobre\\\/suposto-chefe-do-trafico-na-zona-oeste-de-ribeirao-preto-e-preso\\\/#breadcrumblist\"},\"author\":{\"@id\":\"https:\\\/\\\/www.encontraribeiraopreto.com.br\\\/sobre\\\/author\\\/eribeiraopreto\\\/#author\"},\"creator\":{\"@id\":\"https:\\\/\\\/www.encontraribeiraopreto.com.br\\\/sobre\\\/author\\\/eribeiraopreto\\\/#author\"},\"datePublished\":\"2012-11-13T08:54:44-03:00\",\"dateModified\":\"2019-04-15T11:25:52-03:00\"},{\"@type\":\"WebSite\",\"@id\":\"https:\\\/\\\/www.encontraribeiraopreto.com.br\\\/sobre\\\/#website\",\"url\":\"https:\\\/\\\/www.encontraribeiraopreto.com.br\\\/sobre\\\/\",\"name\":\"Encontra Ribeir\\u00e3o Preto\",\"description\":\"Not\\u00edcias, eventos, informa\\u00e7\\u00f5es e dicas na cidade Ribeir\\u00e3o Preto e regi\\u00e3o.\",\"inLanguage\":\"pt-BR\",\"publisher\":{\"@id\":\"https:\\\/\\\/www.encontraribeiraopreto.com.br\\\/sobre\\\/#organization\"}}]}\n\t\t<\/script>\n\t\t<!-- All in One SEO -->\n\n","aioseo_head_json":{"title":"Suposto chefe do tr\u00e1fico na Zona Oeste de Ribeir\u00e3o Preto \u00e9 preso - Encontra Ribeir\u00e3o Preto","description":"Um homem suspeito de comandar o tr\u00e1fico de drogas no bairro Parque Ribeir\u00e3o, Zona Oeste de Ribeir\u00e3o Preto (SP), foi preso na manh\u00e3 desta segunda-feira (12) enquanto dormia em casa. Segundo o delegado Fernando Gon\u00e7alves, o suposto traficante, de 34 anos, j\u00e1 havia sido preso duas vezes pelo mesmo crime, mas estava liberdade condicional h\u00e1","canonical_url":"https:\/\/www.encontraribeiraopreto.com.br\/sobre\/suposto-chefe-do-trafico-na-zona-oeste-de-ribeirao-preto-e-preso\/","robots":"max-image-preview:large","keywords":"","webmasterTools":{"miscellaneous":""},"schema":{"@context":"https:\/\/schema.org","@graph":[{"@type":"BlogPosting","@id":"https:\/\/www.encontraribeiraopreto.com.br\/sobre\/suposto-chefe-do-trafico-na-zona-oeste-de-ribeirao-preto-e-preso\/#blogposting","name":"Suposto chefe do tr\u00e1fico na Zona Oeste de Ribeir\u00e3o Preto \u00e9 preso - Encontra Ribeir\u00e3o Preto","headline":"Suposto chefe do tr\u00e1fico na Zona Oeste de Ribeir\u00e3o Preto \u00e9 preso","author":{"@id":"https:\/\/www.encontraribeiraopreto.com.br\/sobre\/author\/eribeiraopreto\/#author"},"publisher":{"@id":"https:\/\/www.encontraribeiraopreto.com.br\/sobre\/#organization"},"datePublished":"2012-11-13T08:54:44-03:00","dateModified":"2019-04-15T11:25:52-03:00","inLanguage":"pt-BR","mainEntityOfPage":{"@id":"https:\/\/www.encontraribeiraopreto.com.br\/sobre\/suposto-chefe-do-trafico-na-zona-oeste-de-ribeirao-preto-e-preso\/#webpage"},"isPartOf":{"@id":"https:\/\/www.encontraribeiraopreto.com.br\/sobre\/suposto-chefe-do-trafico-na-zona-oeste-de-ribeirao-preto-e-preso\/#webpage"},"articleSection":"Not\u00edcias Ribeir\u00e3o Preto, Ribeir\u00e3o Preto"},{"@type":"BreadcrumbList","@id":"https:\/\/www.encontraribeiraopreto.com.br\/sobre\/suposto-chefe-do-trafico-na-zona-oeste-de-ribeirao-preto-e-preso\/#breadcrumblist","itemListElement":[{"@type":"ListItem","@id":"https:\/\/www.encontraribeiraopreto.com.br\/sobre#listItem","position":1,"name":"In\u00edcio","item":"https:\/\/www.encontraribeiraopreto.com.br\/sobre","nextItem":{"@type":"ListItem","@id":"https:\/\/www.encontraribeiraopreto.com.br\/sobre\/noticias-em-ribeirao-preto\/#listItem","name":"Not\u00edcias Ribeir\u00e3o Preto"}},{"@type":"ListItem","@id":"https:\/\/www.encontraribeiraopreto.com.br\/sobre\/noticias-em-ribeirao-preto\/#listItem","position":2,"name":"Not\u00edcias Ribeir\u00e3o Preto","item":"https:\/\/www.encontraribeiraopreto.com.br\/sobre\/noticias-em-ribeirao-preto\/","nextItem":{"@type":"ListItem","@id":"https:\/\/www.encontraribeiraopreto.com.br\/sobre\/suposto-chefe-do-trafico-na-zona-oeste-de-ribeirao-preto-e-preso\/#listItem","name":"Suposto chefe do tr\u00e1fico na Zona Oeste de Ribeir\u00e3o Preto \u00e9 preso"},"previousItem":{"@type":"ListItem","@id":"https:\/\/www.encontraribeiraopreto.com.br\/sobre#listItem","name":"In\u00edcio"}},{"@type":"ListItem","@id":"https:\/\/www.encontraribeiraopreto.com.br\/sobre\/suposto-chefe-do-trafico-na-zona-oeste-de-ribeirao-preto-e-preso\/#listItem","position":3,"name":"Suposto chefe do tr\u00e1fico na Zona Oeste de Ribeir\u00e3o Preto \u00e9 preso","previousItem":{"@type":"ListItem","@id":"https:\/\/www.encontraribeiraopreto.com.br\/sobre\/noticias-em-ribeirao-preto\/#listItem","name":"Not\u00edcias Ribeir\u00e3o Preto"}}]},{"@type":"Organization","@id":"https:\/\/www.encontraribeiraopreto.com.br\/sobre\/#organization","name":"Encontra Ribeir\u00e3o Preto","description":"Not\u00edcias, eventos, informa\u00e7\u00f5es e dicas na cidade Ribeir\u00e3o Preto e regi\u00e3o.","url":"https:\/\/www.encontraribeiraopreto.com.br\/sobre\/"},{"@type":"Person","@id":"https:\/\/www.encontraribeiraopreto.com.br\/sobre\/author\/eribeiraopreto\/#author","url":"https:\/\/www.encontraribeiraopreto.com.br\/sobre\/author\/eribeiraopreto\/","name":"Encontra Ribeir\u00e3o Preto","image":{"@type":"ImageObject","@id":"https:\/\/www.encontraribeiraopreto.com.br\/sobre\/suposto-chefe-do-trafico-na-zona-oeste-de-ribeirao-preto-e-preso\/#authorImage","url":"https:\/\/secure.gravatar.com\/avatar\/507340682b8270222e1f208e23198b6ae7e2c6a1033ae84e99bc6bce4f82a387?s=96&d=mm&r=g","width":96,"height":96,"caption":"Encontra Ribeir\u00e3o Preto"}},{"@type":"WebPage","@id":"https:\/\/www.encontraribeiraopreto.com.br\/sobre\/suposto-chefe-do-trafico-na-zona-oeste-de-ribeirao-preto-e-preso\/#webpage","url":"https:\/\/www.encontraribeiraopreto.com.br\/sobre\/suposto-chefe-do-trafico-na-zona-oeste-de-ribeirao-preto-e-preso\/","name":"Suposto chefe do tr\u00e1fico na Zona Oeste de Ribeir\u00e3o Preto \u00e9 preso - Encontra Ribeir\u00e3o Preto","description":"Um homem suspeito de comandar o tr\u00e1fico de drogas no bairro Parque Ribeir\u00e3o, Zona Oeste de Ribeir\u00e3o Preto (SP), foi preso na manh\u00e3 desta segunda-feira (12) enquanto dormia em casa. Segundo o delegado Fernando Gon\u00e7alves, o suposto traficante, de 34 anos, j\u00e1 havia sido preso duas vezes pelo mesmo crime, mas estava liberdade condicional h\u00e1","inLanguage":"pt-BR","isPartOf":{"@id":"https:\/\/www.encontraribeiraopreto.com.br\/sobre\/#website"},"breadcrumb":{"@id":"https:\/\/www.encontraribeiraopreto.com.br\/sobre\/suposto-chefe-do-trafico-na-zona-oeste-de-ribeirao-preto-e-preso\/#breadcrumblist"},"author":{"@id":"https:\/\/www.encontraribeiraopreto.com.br\/sobre\/author\/eribeiraopreto\/#author"},"creator":{"@id":"https:\/\/www.encontraribeiraopreto.com.br\/sobre\/author\/eribeiraopreto\/#author"},"datePublished":"2012-11-13T08:54:44-03:00","dateModified":"2019-04-15T11:25:52-03:00"},{"@type":"WebSite","@id":"https:\/\/www.encontraribeiraopreto.com.br\/sobre\/#website","url":"https:\/\/www.encontraribeiraopreto.com.br\/sobre\/","name":"Encontra Ribeir\u00e3o Preto","description":"Not\u00edcias, eventos, informa\u00e7\u00f5es e dicas na cidade Ribeir\u00e3o Preto e regi\u00e3o.","inLanguage":"pt-BR","publisher":{"@id":"https:\/\/www.encontraribeiraopreto.com.br\/sobre\/#organization"}}]},"og:locale":"pt_BR","og:site_name":"Encontra Ribeir\u00e3o Preto - Not\u00edcias, eventos, informa\u00e7\u00f5es e dicas na cidade Ribeir\u00e3o Preto e regi\u00e3o.","og:type":"article","og:title":"Suposto chefe do tr\u00e1fico na Zona Oeste de Ribeir\u00e3o Preto \u00e9 preso - Encontra Ribeir\u00e3o Preto","og:description":"Um homem suspeito de comandar o tr\u00e1fico de drogas no bairro Parque Ribeir\u00e3o, Zona Oeste de Ribeir\u00e3o Preto (SP), foi preso na manh\u00e3 desta segunda-feira (12) enquanto dormia em casa. Segundo o delegado Fernando Gon\u00e7alves, o suposto traficante, de 34 anos, j\u00e1 havia sido preso duas vezes pelo mesmo crime, mas estava liberdade condicional h\u00e1","og:url":"https:\/\/www.encontraribeiraopreto.com.br\/sobre\/suposto-chefe-do-trafico-na-zona-oeste-de-ribeirao-preto-e-preso\/","article:published_time":"2012-11-13T11:54:44+00:00","article:modified_time":"2019-04-15T14:25:52+00:00","twitter:card":"summary_large_image","twitter:title":"Suposto chefe do tr\u00e1fico na Zona Oeste de Ribeir\u00e3o Preto \u00e9 preso - Encontra Ribeir\u00e3o Preto","twitter:description":"Um homem suspeito de comandar o tr\u00e1fico de drogas no bairro Parque Ribeir\u00e3o, Zona Oeste de Ribeir\u00e3o Preto (SP), foi preso na manh\u00e3 desta segunda-feira (12) enquanto dormia em casa. Segundo o delegado Fernando Gon\u00e7alves, o suposto traficante, de 34 anos, j\u00e1 havia sido preso duas vezes pelo mesmo crime, mas estava liberdade condicional h\u00e1"},"aioseo_meta_data":{"post_id":"1619","title":null,"description":null,"keywords":null,"keyphrases":null,"primary_term":null,"canonical_url":null,"og_title":null,"og_description":null,"og_object_type":"default","og_image_type":"default","og_image_url":null,"og_image_width":null,"og_image_height":null,"og_image_custom_url":null,"og_image_custom_fields":null,"og_video":null,"og_custom_url":null,"og_article_section":null,"og_article_tags":null,"twitter_use_og":false,"twitter_card":"default","twitter_image_type":"default","twitter_image_url":null,"twitter_image_custom_url":null,"twitter_image_custom_fields":null,"twitter_title":null,"twitter_description":null,"schema":{"blockGraphs":[],"customGraphs":[],"default":{"data":{"Article":[],"Course":[],"Dataset":[],"FAQPage":[],"Movie":[],"Person":[],"Product":[],"ProductReview":[],"Car":[],"Recipe":[],"Service":[],"SoftwareApplication":[],"WebPage":[]},"graphName":"BlogPosting","isEnabled":true},"graphs":[]},"schema_type":null,"schema_type_options":null,"pillar_content":false,"robots_default":true,"robots_noindex":false,"robots_noarchive":false,"robots_nosnippet":false,"robots_nofollow":false,"robots_noimageindex":false,"robots_noodp":false,"robots_notranslate":false,"robots_max_snippet":null,"robots_max_videopreview":null,"robots_max_imagepreview":"large","priority":null,"frequency":null,"local_seo":null,"limit_modified_date":false,"created":"2021-02-24 14:30:58","updated":"2023-03-02 20:38:44","focus_keyword":null,"additional_keywords":null,"truseo_locale":null,"ai":null,"breadcrumb_settings":null,"seo_analyzer_scan_date":null},"aioseo_breadcrumb":"<div class=\"aioseo-breadcrumbs\"><span class=\"aioseo-breadcrumb\">\n\t\t\t<a href=\"https:\/\/www.encontraribeiraopreto.com.br\/sobre\" title=\"In\u00edcio\">In\u00edcio<\/a>\n\t\t<\/span><span class=\"aioseo-breadcrumb-separator\">&raquo;<\/span><span class=\"aioseo-breadcrumb\">\n\t\t\t<a href=\"https:\/\/www.encontraribeiraopreto.com.br\/sobre\/noticias-em-ribeirao-preto\/\" title=\"Not\u00edcias Ribeir\u00e3o Preto\">Not\u00edcias Ribeir\u00e3o Preto<\/a>\n\t\t<\/span><span class=\"aioseo-breadcrumb-separator\">&raquo;<\/span><span class=\"aioseo-breadcrumb\">\n\t\t\tSuposto chefe do tr\u00e1fico na Zona Oeste de Ribeir\u00e3o Preto \u00e9 preso\n\t\t<\/span><\/div>","aioseo_breadcrumb_json":[{"label":"In\u00edcio","link":"https:\/\/www.encontraribeiraopreto.com.br\/sobre"},{"label":"Not\u00edcias Ribeir\u00e3o Preto","link":"https:\/\/www.encontraribeiraopreto.com.br\/sobre\/noticias-em-ribeirao-preto\/"},{"label":"Suposto chefe do tr\u00e1fico na Zona Oeste de Ribeir\u00e3o Preto \u00e9 preso","link":"https:\/\/www.encontraribeiraopreto.com.br\/sobre\/suposto-chefe-do-trafico-na-zona-oeste-de-ribeirao-preto-e-preso\/"}],"_links":{"self":[{"href":"https:\/\/www.encontraribeiraopreto.com.br\/sobre\/wp-json\/wp\/v2\/posts\/1619","targetHints":{"allow":["GET"]}}],"collection":[{"href":"https:\/\/www.encontraribeiraopreto.com.br\/sobre\/wp-json\/wp\/v2\/posts"}],"about":[{"href":"https:\/\/www.encontraribeiraopreto.com.br\/sobre\/wp-json\/wp\/v2\/types\/post"}],"author":[{"embeddable":true,"href":"https:\/\/www.encontraribeiraopreto.com.br\/sobre\/wp-json\/wp\/v2\/users\/1"}],"replies":[{"embeddable":true,"href":"https:\/\/www.encontraribeiraopreto.com.br\/sobre\/wp-json\/wp\/v2\/comments?post=1619"}],"version-history":[{"count":0,"href":"https:\/\/www.encontraribeiraopreto.com.br\/sobre\/wp-json\/wp\/v2\/posts\/1619\/revisions"}],"wp:attachment":[{"href":"https:\/\/www.encontraribeiraopreto.com.br\/sobre\/wp-json\/wp\/v2\/media?parent=1619"}],"wp:term":[{"taxonomy":"category","embeddable":true,"href":"https:\/\/www.encontraribeiraopreto.com.br\/sobre\/wp-json\/wp\/v2\/categories?post=1619"},{"taxonomy":"post_tag","embeddable":true,"href":"https:\/\/www.encontraribeiraopreto.com.br\/sobre\/wp-json\/wp\/v2\/tags?post=1619"}],"curies":[{"name":"wp","href":"https:\/\/api.w.org\/{rel}","templated":true}]}}