{"id":1784,"date":"2012-11-30T00:22:34","date_gmt":"2012-11-30T03:22:34","guid":{"rendered":"http:\/\/www.encontraribeiraopreto.com.br\/noticias\/?p=1784"},"modified":"2019-04-15T11:25:46","modified_gmt":"2019-04-15T14:25:46","slug":"design-da-nova-frota-do-transporte-coletivo-de-ribeirao-preto-e-premiado-em-concurso","status":"publish","type":"post","link":"https:\/\/www.encontraribeiraopreto.com.br\/sobre\/design-da-nova-frota-do-transporte-coletivo-de-ribeirao-preto-e-premiado-em-concurso\/","title":{"rendered":"Design da nova frota do transporte coletivo de Ribeir\u00e3o Preto \u00e9 premiado em concurso"},"content":{"rendered":"<div class=\"cd7ef838bed10b2b4567f853226bc383\" data-index=\"1\" style=\"float: none; margin:0px;\">\n<!-- Anuncio display - global -->\r\n<ins class=\"adsbygoogle\"\r\n     style=\"display:block\"\r\n     data-ad-client=\"ca-pub-8585364105181520\"\r\n     data-ad-slot=\"8789329856\"\r\n     data-ad-format=\"auto\"\r\n     data-full-width-responsive=\"true\"><\/ins>\r\n<script>\r\n     (adsbygoogle = window.adsbygoogle || []).push({});\r\n<\/script>\r\n\n<\/div>\n<p>O design da nova frota do transporte coletivo urbano de Ribeir\u00e3o Preto foi premiado com o 2\u00ba lugar na categoria Metropolitano de Passageiros, pelo desenho do \u00f4nibus convencional, na 44\u00aa edi\u00e7\u00e3o do Concurso de Comunica\u00e7\u00e3o Visual e Pintura de Frota. A premia\u00e7\u00e3o aconteceu na cidade de S\u00e3o Paulo durante o evento &#8220;Maiores &amp; Melhores do Transporte&#8221;. Receberam o pr\u00eamio, o designer Carlos Marland, autor do projeto de Ribeir\u00e3o Preto e Roque Fel\u00edcio Netto, representando o Cons\u00f3rcio Pr\u00f3-Urbano, vencedor da licita\u00e7\u00e3o da nova rede do transporte da cidade.<\/p>\n<p>O projeto completo do designer destaca \u00edcones da hist\u00f3ria e do desenvolvimento da cidade\u00a0para cada uma das tr\u00eas modalidades que comp\u00f5em o novo sistema de transporte e, cada uma delas apresenta cores e s\u00edmbolos diferentes. S\u00e3o eles: O Caf\u00e9 como s\u00edmbolo do desenvolvimento econ\u00f4mico e social na frota convencional; o Theatro Pedro II, como \u00edcone cultural e arquitet\u00f4nico na frota estrutural; e as Palmeiras Imperiais, destacando a hist\u00f3ria da cidade e o aspecto ambiental, pois, centen\u00e1rias, foram transplantadas de local e novas Palmeiras foram plantadas preservando a imagem hist\u00f3ria da avenida Jer\u00f4nimo Gon\u00e7alves com a revitaliza\u00e7\u00e3o do centro, na frota alimentadora.<\/p>\n<p>Conhecida como capital do Agroneg\u00f3cio, Ribeir\u00e3o Preto teve seu desenvolvimento social e econ\u00f4mico baseado na cultura do caf\u00e9, o chamado Ouro Verde.\u00a0<em>&#8220;A pintura da frota homenageia o caf\u00e9, mantendo viva a lembran\u00e7a de uma \u00e9poca important\u00edssima e ainda recente, mas que n\u00e3o fez parte da vida dos habitantes mais jovens e dos muitos migrantes que vieram trabalhar na regi\u00e3o. Faz refer\u00eancia ainda ao hino da Cidade, \u2018Ribeir\u00e3o, Terra do Caf\u00e9\u2019\u201d,<\/em><em>\u00a0<\/em>comenta Carlos Marland.<\/p>\n<p>Para o diretor superintendente da Transerp, empresa que gerencia o tr\u00e2nsito e o transporte urbano, William Latuf, Ribeir\u00e3o Preto passa por uma grande mudan\u00e7a no transporte p\u00fablico que beneficiar\u00e1 toda a popula\u00e7\u00e3o usu\u00e1ria de \u00f4nibus e esse pr\u00eamio vem consagrar o sucesso do trabalho desenvolvido at\u00e9 agora pela atual administra\u00e7\u00e3o.\u00a0<em>\u201cRibeir\u00e3o Preto ficou quase 30 anos sem realizar uma licita\u00e7\u00e3o no transporte coletivo e essa premia\u00e7\u00e3o \u00e9 muito merecida. Os \u00f4nibus convencionais j\u00e1 est\u00e3o nas ruas e em breve as frotas estrutural e alimentadora, tamb\u00e9m estar\u00e3o circulando\u201d.<\/em><\/p>\n<p><em>Fonte: Prefeitura Municipal de Ribeir\u00e3o Preto<\/em><\/p>\n<p>&nbsp;<\/p>\n\n<div style=\"font-size: 0px; height: 0px; line-height: 0px; margin: 0; padding: 0; clear: both;\"><\/div>","protected":false},"excerpt":{"rendered":"<p>O design da nova frota do transporte coletivo urbano de Ribeir\u00e3o Preto foi premiado com o 2\u00ba lugar na categoria Metropolitano de Passageiros, pelo desenho do \u00f4nibus convencional, na 44\u00aa edi\u00e7\u00e3o do Concurso de Comunica\u00e7\u00e3o Visual e Pintura de Frota. A premia\u00e7\u00e3o aconteceu na cidade de S\u00e3o Paulo durante o evento &#8220;Maiores &amp; Melhores do Transporte&#8221;. Receberam o pr\u00eamio, o designer Carlos Marland, autor do projeto de Ribeir\u00e3o Preto e Roque Fel\u00edcio Netto, representando o Cons\u00f3rcio Pr\u00f3-Urbano, vencedor da licita\u00e7\u00e3o da nova rede do transporte da cidade. O projeto completo do designer destaca \u00edcones da hist\u00f3ria e do desenvolvimento da <\/p>\n","protected":false},"author":1,"featured_media":0,"comment_status":"open","ping_status":"closed","sticky":false,"template":"","format":"standard","meta":{"footnotes":""},"categories":[6],"tags":[14],"class_list":["post-1784","post","type-post","status-publish","format-standard","hentry","category-noticias-em-ribeirao-preto","tag-ribeirao-preto"],"aioseo_notices":[],"aioseo_head":"\n\t\t<!-- All in One SEO 5.0.0.1 - aioseo.com -->\n\t<meta name=\"description\" content=\"O design da nova frota do transporte coletivo urbano de Ribeir\u00e3o Preto foi premiado com o 2\u00ba lugar na categoria Metropolitano de Passageiros, pelo desenho do \u00f4nibus convencional, na 44\u00aa edi\u00e7\u00e3o do Concurso de Comunica\u00e7\u00e3o Visual e Pintura de Frota. A premia\u00e7\u00e3o aconteceu na cidade de S\u00e3o Paulo durante o evento &quot;Maiores &amp; Melhores do\" \/>\n\t<meta name=\"robots\" content=\"max-image-preview:large\" \/>\n\t<meta name=\"author\" content=\"Encontra Ribeir\u00e3o Preto\"\/>\n\t<link rel=\"canonical\" href=\"https:\/\/www.encontraribeiraopreto.com.br\/sobre\/design-da-nova-frota-do-transporte-coletivo-de-ribeirao-preto-e-premiado-em-concurso\/\" \/>\n\t<meta name=\"generator\" content=\"All in One SEO (AIOSEO) 5.0.0.1\" \/>\n\t\t<meta property=\"og:locale\" content=\"pt_BR\" \/>\n\t\t<meta property=\"og:site_name\" content=\"Encontra Ribeir\u00e3o Preto - Not\u00edcias, eventos, informa\u00e7\u00f5es e dicas na cidade Ribeir\u00e3o Preto e regi\u00e3o.\" \/>\n\t\t<meta property=\"og:type\" content=\"article\" \/>\n\t\t<meta property=\"og:title\" content=\"Design da nova frota do transporte coletivo de Ribeir\u00e3o Preto \u00e9 premiado em concurso - Encontra Ribeir\u00e3o Preto\" \/>\n\t\t<meta property=\"og:description\" content=\"O design da nova frota do transporte coletivo urbano de Ribeir\u00e3o Preto foi premiado com o 2\u00ba lugar na categoria Metropolitano de Passageiros, pelo desenho do \u00f4nibus convencional, na 44\u00aa edi\u00e7\u00e3o do Concurso de Comunica\u00e7\u00e3o Visual e Pintura de Frota. A premia\u00e7\u00e3o aconteceu na cidade de S\u00e3o Paulo durante o evento &quot;Maiores &amp; Melhores do\" \/>\n\t\t<meta property=\"og:url\" content=\"https:\/\/www.encontraribeiraopreto.com.br\/sobre\/design-da-nova-frota-do-transporte-coletivo-de-ribeirao-preto-e-premiado-em-concurso\/\" \/>\n\t\t<meta property=\"article:published_time\" content=\"2012-11-30T03:22:34+00:00\" \/>\n\t\t<meta property=\"article:modified_time\" content=\"2019-04-15T14:25:46+00:00\" \/>\n\t\t<meta name=\"twitter:card\" content=\"summary_large_image\" \/>\n\t\t<meta name=\"twitter:title\" content=\"Design da nova frota do transporte coletivo de Ribeir\u00e3o Preto \u00e9 premiado em concurso - Encontra Ribeir\u00e3o Preto\" \/>\n\t\t<meta name=\"twitter:description\" content=\"O design da nova frota do transporte coletivo urbano de Ribeir\u00e3o Preto foi premiado com o 2\u00ba lugar na categoria Metropolitano de Passageiros, pelo desenho do \u00f4nibus convencional, na 44\u00aa edi\u00e7\u00e3o do Concurso de Comunica\u00e7\u00e3o Visual e Pintura de Frota. A premia\u00e7\u00e3o aconteceu na cidade de S\u00e3o Paulo durante o evento &quot;Maiores &amp; Melhores do\" \/>\n\t\t<script type=\"application\/ld+json\" class=\"aioseo-schema\">\n\t\t\t{\"@context\":\"https:\\\/\\\/schema.org\",\"@graph\":[{\"@type\":\"BlogPosting\",\"@id\":\"https:\\\/\\\/www.encontraribeiraopreto.com.br\\\/sobre\\\/design-da-nova-frota-do-transporte-coletivo-de-ribeirao-preto-e-premiado-em-concurso\\\/#blogposting\",\"name\":\"Design da nova frota do transporte coletivo de Ribeir\\u00e3o Preto \\u00e9 premiado em concurso - Encontra Ribeir\\u00e3o Preto\",\"headline\":\"Design da nova frota do transporte coletivo de Ribeir\\u00e3o Preto \\u00e9 premiado em concurso\",\"author\":{\"@id\":\"https:\\\/\\\/www.encontraribeiraopreto.com.br\\\/sobre\\\/author\\\/eribeiraopreto\\\/#author\"},\"publisher\":{\"@id\":\"https:\\\/\\\/www.encontraribeiraopreto.com.br\\\/sobre\\\/#organization\"},\"datePublished\":\"2012-11-30T00:22:34-03:00\",\"dateModified\":\"2019-04-15T11:25:46-03:00\",\"inLanguage\":\"pt-BR\",\"mainEntityOfPage\":{\"@id\":\"https:\\\/\\\/www.encontraribeiraopreto.com.br\\\/sobre\\\/design-da-nova-frota-do-transporte-coletivo-de-ribeirao-preto-e-premiado-em-concurso\\\/#webpage\"},\"isPartOf\":{\"@id\":\"https:\\\/\\\/www.encontraribeiraopreto.com.br\\\/sobre\\\/design-da-nova-frota-do-transporte-coletivo-de-ribeirao-preto-e-premiado-em-concurso\\\/#webpage\"},\"articleSection\":\"Not\\u00edcias Ribeir\\u00e3o Preto, Ribeir\\u00e3o Preto\"},{\"@type\":\"BreadcrumbList\",\"@id\":\"https:\\\/\\\/www.encontraribeiraopreto.com.br\\\/sobre\\\/design-da-nova-frota-do-transporte-coletivo-de-ribeirao-preto-e-premiado-em-concurso\\\/#breadcrumblist\",\"itemListElement\":[{\"@type\":\"ListItem\",\"@id\":\"https:\\\/\\\/www.encontraribeiraopreto.com.br\\\/sobre#listItem\",\"position\":1,\"name\":\"In\\u00edcio\",\"item\":\"https:\\\/\\\/www.encontraribeiraopreto.com.br\\\/sobre\",\"nextItem\":{\"@type\":\"ListItem\",\"@id\":\"https:\\\/\\\/www.encontraribeiraopreto.com.br\\\/sobre\\\/noticias-em-ribeirao-preto\\\/#listItem\",\"name\":\"Not\\u00edcias Ribeir\\u00e3o Preto\"}},{\"@type\":\"ListItem\",\"@id\":\"https:\\\/\\\/www.encontraribeiraopreto.com.br\\\/sobre\\\/noticias-em-ribeirao-preto\\\/#listItem\",\"position\":2,\"name\":\"Not\\u00edcias Ribeir\\u00e3o Preto\",\"item\":\"https:\\\/\\\/www.encontraribeiraopreto.com.br\\\/sobre\\\/noticias-em-ribeirao-preto\\\/\",\"nextItem\":{\"@type\":\"ListItem\",\"@id\":\"https:\\\/\\\/www.encontraribeiraopreto.com.br\\\/sobre\\\/design-da-nova-frota-do-transporte-coletivo-de-ribeirao-preto-e-premiado-em-concurso\\\/#listItem\",\"name\":\"Design da nova frota do transporte coletivo de Ribeir\\u00e3o Preto \\u00e9 premiado em concurso\"},\"previousItem\":{\"@type\":\"ListItem\",\"@id\":\"https:\\\/\\\/www.encontraribeiraopreto.com.br\\\/sobre#listItem\",\"name\":\"In\\u00edcio\"}},{\"@type\":\"ListItem\",\"@id\":\"https:\\\/\\\/www.encontraribeiraopreto.com.br\\\/sobre\\\/design-da-nova-frota-do-transporte-coletivo-de-ribeirao-preto-e-premiado-em-concurso\\\/#listItem\",\"position\":3,\"name\":\"Design da nova frota do transporte coletivo de Ribeir\\u00e3o Preto \\u00e9 premiado em concurso\",\"previousItem\":{\"@type\":\"ListItem\",\"@id\":\"https:\\\/\\\/www.encontraribeiraopreto.com.br\\\/sobre\\\/noticias-em-ribeirao-preto\\\/#listItem\",\"name\":\"Not\\u00edcias Ribeir\\u00e3o Preto\"}}]},{\"@type\":\"Organization\",\"@id\":\"https:\\\/\\\/www.encontraribeiraopreto.com.br\\\/sobre\\\/#organization\",\"name\":\"Encontra Ribeir\\u00e3o Preto\",\"description\":\"Not\\u00edcias, eventos, informa\\u00e7\\u00f5es e dicas na cidade Ribeir\\u00e3o Preto e regi\\u00e3o.\",\"url\":\"https:\\\/\\\/www.encontraribeiraopreto.com.br\\\/sobre\\\/\"},{\"@type\":\"Person\",\"@id\":\"https:\\\/\\\/www.encontraribeiraopreto.com.br\\\/sobre\\\/author\\\/eribeiraopreto\\\/#author\",\"url\":\"https:\\\/\\\/www.encontraribeiraopreto.com.br\\\/sobre\\\/author\\\/eribeiraopreto\\\/\",\"name\":\"Encontra Ribeir\\u00e3o Preto\",\"image\":{\"@type\":\"ImageObject\",\"@id\":\"https:\\\/\\\/www.encontraribeiraopreto.com.br\\\/sobre\\\/design-da-nova-frota-do-transporte-coletivo-de-ribeirao-preto-e-premiado-em-concurso\\\/#authorImage\",\"url\":\"https:\\\/\\\/secure.gravatar.com\\\/avatar\\\/507340682b8270222e1f208e23198b6ae7e2c6a1033ae84e99bc6bce4f82a387?s=96&d=mm&r=g\",\"width\":96,\"height\":96,\"caption\":\"Encontra Ribeir\\u00e3o Preto\"}},{\"@type\":\"WebPage\",\"@id\":\"https:\\\/\\\/www.encontraribeiraopreto.com.br\\\/sobre\\\/design-da-nova-frota-do-transporte-coletivo-de-ribeirao-preto-e-premiado-em-concurso\\\/#webpage\",\"url\":\"https:\\\/\\\/www.encontraribeiraopreto.com.br\\\/sobre\\\/design-da-nova-frota-do-transporte-coletivo-de-ribeirao-preto-e-premiado-em-concurso\\\/\",\"name\":\"Design da nova frota do transporte coletivo de Ribeir\\u00e3o Preto \\u00e9 premiado em concurso - Encontra Ribeir\\u00e3o Preto\",\"description\":\"O design da nova frota do transporte coletivo urbano de Ribeir\\u00e3o Preto foi premiado com o 2\\u00ba lugar na categoria Metropolitano de Passageiros, pelo desenho do \\u00f4nibus convencional, na 44\\u00aa edi\\u00e7\\u00e3o do Concurso de Comunica\\u00e7\\u00e3o Visual e Pintura de Frota. A premia\\u00e7\\u00e3o aconteceu na cidade de S\\u00e3o Paulo durante o evento \\\"Maiores & Melhores do\",\"inLanguage\":\"pt-BR\",\"isPartOf\":{\"@id\":\"https:\\\/\\\/www.encontraribeiraopreto.com.br\\\/sobre\\\/#website\"},\"breadcrumb\":{\"@id\":\"https:\\\/\\\/www.encontraribeiraopreto.com.br\\\/sobre\\\/design-da-nova-frota-do-transporte-coletivo-de-ribeirao-preto-e-premiado-em-concurso\\\/#breadcrumblist\"},\"author\":{\"@id\":\"https:\\\/\\\/www.encontraribeiraopreto.com.br\\\/sobre\\\/author\\\/eribeiraopreto\\\/#author\"},\"creator\":{\"@id\":\"https:\\\/\\\/www.encontraribeiraopreto.com.br\\\/sobre\\\/author\\\/eribeiraopreto\\\/#author\"},\"datePublished\":\"2012-11-30T00:22:34-03:00\",\"dateModified\":\"2019-04-15T11:25:46-03:00\"},{\"@type\":\"WebSite\",\"@id\":\"https:\\\/\\\/www.encontraribeiraopreto.com.br\\\/sobre\\\/#website\",\"url\":\"https:\\\/\\\/www.encontraribeiraopreto.com.br\\\/sobre\\\/\",\"name\":\"Encontra Ribeir\\u00e3o Preto\",\"description\":\"Not\\u00edcias, eventos, informa\\u00e7\\u00f5es e dicas na cidade Ribeir\\u00e3o Preto e regi\\u00e3o.\",\"inLanguage\":\"pt-BR\",\"publisher\":{\"@id\":\"https:\\\/\\\/www.encontraribeiraopreto.com.br\\\/sobre\\\/#organization\"}}]}\n\t\t<\/script>\n\t\t<!-- All in One SEO -->\n\n","aioseo_head_json":{"title":"Design da nova frota do transporte coletivo de Ribeir\u00e3o Preto \u00e9 premiado em concurso - Encontra Ribeir\u00e3o Preto","description":"O design da nova frota do transporte coletivo urbano de Ribeir\u00e3o Preto foi premiado com o 2\u00ba lugar na categoria Metropolitano de Passageiros, pelo desenho do \u00f4nibus convencional, na 44\u00aa edi\u00e7\u00e3o do Concurso de Comunica\u00e7\u00e3o Visual e Pintura de Frota. A premia\u00e7\u00e3o aconteceu na cidade de S\u00e3o Paulo durante o evento \"Maiores & Melhores do","canonical_url":"https:\/\/www.encontraribeiraopreto.com.br\/sobre\/design-da-nova-frota-do-transporte-coletivo-de-ribeirao-preto-e-premiado-em-concurso\/","robots":"max-image-preview:large","keywords":"","webmasterTools":{"miscellaneous":""},"schema":{"@context":"https:\/\/schema.org","@graph":[{"@type":"BlogPosting","@id":"https:\/\/www.encontraribeiraopreto.com.br\/sobre\/design-da-nova-frota-do-transporte-coletivo-de-ribeirao-preto-e-premiado-em-concurso\/#blogposting","name":"Design da nova frota do transporte coletivo de Ribeir\u00e3o Preto \u00e9 premiado em concurso - Encontra Ribeir\u00e3o Preto","headline":"Design da nova frota do transporte coletivo de Ribeir\u00e3o Preto \u00e9 premiado em concurso","author":{"@id":"https:\/\/www.encontraribeiraopreto.com.br\/sobre\/author\/eribeiraopreto\/#author"},"publisher":{"@id":"https:\/\/www.encontraribeiraopreto.com.br\/sobre\/#organization"},"datePublished":"2012-11-30T00:22:34-03:00","dateModified":"2019-04-15T11:25:46-03:00","inLanguage":"pt-BR","mainEntityOfPage":{"@id":"https:\/\/www.encontraribeiraopreto.com.br\/sobre\/design-da-nova-frota-do-transporte-coletivo-de-ribeirao-preto-e-premiado-em-concurso\/#webpage"},"isPartOf":{"@id":"https:\/\/www.encontraribeiraopreto.com.br\/sobre\/design-da-nova-frota-do-transporte-coletivo-de-ribeirao-preto-e-premiado-em-concurso\/#webpage"},"articleSection":"Not\u00edcias Ribeir\u00e3o Preto, Ribeir\u00e3o Preto"},{"@type":"BreadcrumbList","@id":"https:\/\/www.encontraribeiraopreto.com.br\/sobre\/design-da-nova-frota-do-transporte-coletivo-de-ribeirao-preto-e-premiado-em-concurso\/#breadcrumblist","itemListElement":[{"@type":"ListItem","@id":"https:\/\/www.encontraribeiraopreto.com.br\/sobre#listItem","position":1,"name":"In\u00edcio","item":"https:\/\/www.encontraribeiraopreto.com.br\/sobre","nextItem":{"@type":"ListItem","@id":"https:\/\/www.encontraribeiraopreto.com.br\/sobre\/noticias-em-ribeirao-preto\/#listItem","name":"Not\u00edcias Ribeir\u00e3o Preto"}},{"@type":"ListItem","@id":"https:\/\/www.encontraribeiraopreto.com.br\/sobre\/noticias-em-ribeirao-preto\/#listItem","position":2,"name":"Not\u00edcias Ribeir\u00e3o Preto","item":"https:\/\/www.encontraribeiraopreto.com.br\/sobre\/noticias-em-ribeirao-preto\/","nextItem":{"@type":"ListItem","@id":"https:\/\/www.encontraribeiraopreto.com.br\/sobre\/design-da-nova-frota-do-transporte-coletivo-de-ribeirao-preto-e-premiado-em-concurso\/#listItem","name":"Design da nova frota do transporte coletivo de Ribeir\u00e3o Preto \u00e9 premiado em concurso"},"previousItem":{"@type":"ListItem","@id":"https:\/\/www.encontraribeiraopreto.com.br\/sobre#listItem","name":"In\u00edcio"}},{"@type":"ListItem","@id":"https:\/\/www.encontraribeiraopreto.com.br\/sobre\/design-da-nova-frota-do-transporte-coletivo-de-ribeirao-preto-e-premiado-em-concurso\/#listItem","position":3,"name":"Design da nova frota do transporte coletivo de Ribeir\u00e3o Preto \u00e9 premiado em concurso","previousItem":{"@type":"ListItem","@id":"https:\/\/www.encontraribeiraopreto.com.br\/sobre\/noticias-em-ribeirao-preto\/#listItem","name":"Not\u00edcias Ribeir\u00e3o Preto"}}]},{"@type":"Organization","@id":"https:\/\/www.encontraribeiraopreto.com.br\/sobre\/#organization","name":"Encontra Ribeir\u00e3o Preto","description":"Not\u00edcias, eventos, informa\u00e7\u00f5es e dicas na cidade Ribeir\u00e3o Preto e regi\u00e3o.","url":"https:\/\/www.encontraribeiraopreto.com.br\/sobre\/"},{"@type":"Person","@id":"https:\/\/www.encontraribeiraopreto.com.br\/sobre\/author\/eribeiraopreto\/#author","url":"https:\/\/www.encontraribeiraopreto.com.br\/sobre\/author\/eribeiraopreto\/","name":"Encontra Ribeir\u00e3o Preto","image":{"@type":"ImageObject","@id":"https:\/\/www.encontraribeiraopreto.com.br\/sobre\/design-da-nova-frota-do-transporte-coletivo-de-ribeirao-preto-e-premiado-em-concurso\/#authorImage","url":"https:\/\/secure.gravatar.com\/avatar\/507340682b8270222e1f208e23198b6ae7e2c6a1033ae84e99bc6bce4f82a387?s=96&d=mm&r=g","width":96,"height":96,"caption":"Encontra Ribeir\u00e3o Preto"}},{"@type":"WebPage","@id":"https:\/\/www.encontraribeiraopreto.com.br\/sobre\/design-da-nova-frota-do-transporte-coletivo-de-ribeirao-preto-e-premiado-em-concurso\/#webpage","url":"https:\/\/www.encontraribeiraopreto.com.br\/sobre\/design-da-nova-frota-do-transporte-coletivo-de-ribeirao-preto-e-premiado-em-concurso\/","name":"Design da nova frota do transporte coletivo de Ribeir\u00e3o Preto \u00e9 premiado em concurso - Encontra Ribeir\u00e3o Preto","description":"O design da nova frota do transporte coletivo urbano de Ribeir\u00e3o Preto foi premiado com o 2\u00ba lugar na categoria Metropolitano de Passageiros, pelo desenho do \u00f4nibus convencional, na 44\u00aa edi\u00e7\u00e3o do Concurso de Comunica\u00e7\u00e3o Visual e Pintura de Frota. A premia\u00e7\u00e3o aconteceu na cidade de S\u00e3o Paulo durante o evento \"Maiores & Melhores do","inLanguage":"pt-BR","isPartOf":{"@id":"https:\/\/www.encontraribeiraopreto.com.br\/sobre\/#website"},"breadcrumb":{"@id":"https:\/\/www.encontraribeiraopreto.com.br\/sobre\/design-da-nova-frota-do-transporte-coletivo-de-ribeirao-preto-e-premiado-em-concurso\/#breadcrumblist"},"author":{"@id":"https:\/\/www.encontraribeiraopreto.com.br\/sobre\/author\/eribeiraopreto\/#author"},"creator":{"@id":"https:\/\/www.encontraribeiraopreto.com.br\/sobre\/author\/eribeiraopreto\/#author"},"datePublished":"2012-11-30T00:22:34-03:00","dateModified":"2019-04-15T11:25:46-03:00"},{"@type":"WebSite","@id":"https:\/\/www.encontraribeiraopreto.com.br\/sobre\/#website","url":"https:\/\/www.encontraribeiraopreto.com.br\/sobre\/","name":"Encontra Ribeir\u00e3o Preto","description":"Not\u00edcias, eventos, informa\u00e7\u00f5es e dicas na cidade Ribeir\u00e3o Preto e regi\u00e3o.","inLanguage":"pt-BR","publisher":{"@id":"https:\/\/www.encontraribeiraopreto.com.br\/sobre\/#organization"}}]},"og:locale":"pt_BR","og:site_name":"Encontra Ribeir\u00e3o Preto - Not\u00edcias, eventos, informa\u00e7\u00f5es e dicas na cidade Ribeir\u00e3o Preto e regi\u00e3o.","og:type":"article","og:title":"Design da nova frota do transporte coletivo de Ribeir\u00e3o Preto \u00e9 premiado em concurso - Encontra Ribeir\u00e3o Preto","og:description":"O design da nova frota do transporte coletivo urbano de Ribeir\u00e3o Preto foi premiado com o 2\u00ba lugar na categoria Metropolitano de Passageiros, pelo desenho do \u00f4nibus convencional, na 44\u00aa edi\u00e7\u00e3o do Concurso de Comunica\u00e7\u00e3o Visual e Pintura de Frota. A premia\u00e7\u00e3o aconteceu na cidade de S\u00e3o Paulo durante o evento &quot;Maiores &amp; Melhores do","og:url":"https:\/\/www.encontraribeiraopreto.com.br\/sobre\/design-da-nova-frota-do-transporte-coletivo-de-ribeirao-preto-e-premiado-em-concurso\/","article:published_time":"2012-11-30T03:22:34+00:00","article:modified_time":"2019-04-15T14:25:46+00:00","twitter:card":"summary_large_image","twitter:title":"Design da nova frota do transporte coletivo de Ribeir\u00e3o Preto \u00e9 premiado em concurso - Encontra Ribeir\u00e3o Preto","twitter:description":"O design da nova frota do transporte coletivo urbano de Ribeir\u00e3o Preto foi premiado com o 2\u00ba lugar na categoria Metropolitano de Passageiros, pelo desenho do \u00f4nibus convencional, na 44\u00aa edi\u00e7\u00e3o do Concurso de Comunica\u00e7\u00e3o Visual e Pintura de Frota. A premia\u00e7\u00e3o aconteceu na cidade de S\u00e3o Paulo durante o evento &quot;Maiores &amp; Melhores do"},"aioseo_meta_data":{"post_id":"1784","title":null,"description":null,"keywords":null,"keyphrases":null,"primary_term":null,"canonical_url":null,"og_title":null,"og_description":null,"og_object_type":"default","og_image_type":"default","og_image_url":null,"og_image_width":null,"og_image_height":null,"og_image_custom_url":null,"og_image_custom_fields":null,"og_video":null,"og_custom_url":null,"og_article_section":null,"og_article_tags":null,"twitter_use_og":false,"twitter_card":"default","twitter_image_type":"default","twitter_image_url":null,"twitter_image_custom_url":null,"twitter_image_custom_fields":null,"twitter_title":null,"twitter_description":null,"schema":{"blockGraphs":[],"customGraphs":[],"default":{"data":{"Article":[],"Course":[],"Dataset":[],"FAQPage":[],"Movie":[],"Person":[],"Product":[],"ProductReview":[],"Car":[],"Recipe":[],"Service":[],"SoftwareApplication":[],"WebPage":[]},"graphName":"BlogPosting","isEnabled":true},"graphs":[]},"schema_type":null,"schema_type_options":null,"pillar_content":false,"robots_default":true,"robots_noindex":false,"robots_noarchive":false,"robots_nosnippet":false,"robots_nofollow":false,"robots_noimageindex":false,"robots_noodp":false,"robots_notranslate":false,"robots_max_snippet":null,"robots_max_videopreview":null,"robots_max_imagepreview":"large","priority":null,"frequency":null,"local_seo":null,"limit_modified_date":false,"created":"2021-02-24 15:02:41","updated":"2023-03-06 10:14:44","focus_keyword":null,"additional_keywords":null,"truseo_locale":null,"ai":null,"breadcrumb_settings":null,"seo_analyzer_scan_date":null},"aioseo_breadcrumb":"<div class=\"aioseo-breadcrumbs\"><span class=\"aioseo-breadcrumb\">\n\t\t\t<a href=\"https:\/\/www.encontraribeiraopreto.com.br\/sobre\" title=\"In\u00edcio\">In\u00edcio<\/a>\n\t\t<\/span><span class=\"aioseo-breadcrumb-separator\">&raquo;<\/span><span class=\"aioseo-breadcrumb\">\n\t\t\t<a href=\"https:\/\/www.encontraribeiraopreto.com.br\/sobre\/noticias-em-ribeirao-preto\/\" title=\"Not\u00edcias Ribeir\u00e3o Preto\">Not\u00edcias Ribeir\u00e3o Preto<\/a>\n\t\t<\/span><span class=\"aioseo-breadcrumb-separator\">&raquo;<\/span><span class=\"aioseo-breadcrumb\">\n\t\t\tDesign da nova frota do transporte coletivo de Ribeir\u00e3o Preto \u00e9 premiado em concurso\n\t\t<\/span><\/div>","aioseo_breadcrumb_json":[{"label":"In\u00edcio","link":"https:\/\/www.encontraribeiraopreto.com.br\/sobre"},{"label":"Not\u00edcias Ribeir\u00e3o Preto","link":"https:\/\/www.encontraribeiraopreto.com.br\/sobre\/noticias-em-ribeirao-preto\/"},{"label":"Design da nova frota do transporte coletivo de Ribeir\u00e3o Preto \u00e9 premiado em concurso","link":"https:\/\/www.encontraribeiraopreto.com.br\/sobre\/design-da-nova-frota-do-transporte-coletivo-de-ribeirao-preto-e-premiado-em-concurso\/"}],"_links":{"self":[{"href":"https:\/\/www.encontraribeiraopreto.com.br\/sobre\/wp-json\/wp\/v2\/posts\/1784","targetHints":{"allow":["GET"]}}],"collection":[{"href":"https:\/\/www.encontraribeiraopreto.com.br\/sobre\/wp-json\/wp\/v2\/posts"}],"about":[{"href":"https:\/\/www.encontraribeiraopreto.com.br\/sobre\/wp-json\/wp\/v2\/types\/post"}],"author":[{"embeddable":true,"href":"https:\/\/www.encontraribeiraopreto.com.br\/sobre\/wp-json\/wp\/v2\/users\/1"}],"replies":[{"embeddable":true,"href":"https:\/\/www.encontraribeiraopreto.com.br\/sobre\/wp-json\/wp\/v2\/comments?post=1784"}],"version-history":[{"count":0,"href":"https:\/\/www.encontraribeiraopreto.com.br\/sobre\/wp-json\/wp\/v2\/posts\/1784\/revisions"}],"wp:attachment":[{"href":"https:\/\/www.encontraribeiraopreto.com.br\/sobre\/wp-json\/wp\/v2\/media?parent=1784"}],"wp:term":[{"taxonomy":"category","embeddable":true,"href":"https:\/\/www.encontraribeiraopreto.com.br\/sobre\/wp-json\/wp\/v2\/categories?post=1784"},{"taxonomy":"post_tag","embeddable":true,"href":"https:\/\/www.encontraribeiraopreto.com.br\/sobre\/wp-json\/wp\/v2\/tags?post=1784"}],"curies":[{"name":"wp","href":"https:\/\/api.w.org\/{rel}","templated":true}]}}