{"id":179,"date":"2011-03-24T18:54:10","date_gmt":"2011-03-24T21:54:10","guid":{"rendered":"http:\/\/www.encontraribeiraopreto.com.br\/noticias\/?p=179"},"modified":"2019-04-15T11:28:44","modified_gmt":"2019-04-15T14:28:44","slug":"agrishow-vai-ficar-mais-30-anos-em-ribeirao-preto","status":"publish","type":"post","link":"https:\/\/www.encontraribeiraopreto.com.br\/sobre\/agrishow-vai-ficar-mais-30-anos-em-ribeirao-preto\/","title":{"rendered":"Agrishow vai ficar mais 30 anos em Ribeir\u00e3o Preto"},"content":{"rendered":"<div class=\"cd7ef838bed10b2b4567f853226bc383\" data-index=\"1\" style=\"float: none; margin:0px;\">\n<!-- Anuncio display - global -->\r\n<ins class=\"adsbygoogle\"\r\n     style=\"display:block\"\r\n     data-ad-client=\"ca-pub-8585364105181520\"\r\n     data-ad-slot=\"8789329856\"\r\n     data-ad-format=\"auto\"\r\n     data-full-width-responsive=\"true\"><\/ins>\r\n<script>\r\n     (adsbygoogle = window.adsbygoogle || []).push({});\r\n<\/script>\r\n\n<\/div>\n<p>A edi\u00e7\u00e3o deste ano da Agrishow ser\u00e1 marcada pela defini\u00e7\u00e3o da perman\u00eancia da principal feira do agroneg\u00f3cio do Hemisf\u00e9rio Sul na <a href=\"http:\/\/www.encontraribeiraopreto.com.br\/\" target=\"_blank\">cidade de Ribeir\u00e3o Preto<\/a> (SP) nos pr\u00f3ximos 30 anos. O acordo de cess\u00e3o da \u00e1rea do Estado aos organizadores da feira ser\u00e1 assinado pelo governador Geraldo Alckmin (PSDB) durante a Agrishow 2011, que acontece entre 2 e 6 de maio na cidade paulista, confirmaram hoje os organizadores.<\/p>\n<p>O acordo encerra a novela, que incluiu a amea\u00e7a da Associa\u00e7\u00e3o Brasileira da Ind\u00fastria de M\u00e1quinas e Equipamentos (Abimaq), acionista majorit\u00e1ria da Agrishow, de levar a feira para S\u00e3o Carlos. Havia obst\u00e1culos para ceder &#8211; por um tempo maior que quatro anos &#8211; \u00e0 Agrishow a \u00e1rea onde funciona o centro de pesquisas de cana do governo paulista. Com um novo plano diretor e a separa\u00e7\u00e3o das \u00e1reas de pesquisa e de feira, um protocolo de entendimentos foi assinado no ano passado para a perman\u00eancia por 30 anos da Agrishow no local, acordo que ser\u00e1 formalizado este ano.<\/p>\n<p>A certeza do acordo \u00e9 tanta que grandes fabricantes de tratores e m\u00e1quinas, como a John Deere, j\u00e1 realizam obras de alvenaria em seus espa\u00e7os reservados para estandes e \u00e1reas de exposi\u00e7\u00e3o, no Polo Regional de Desenvolvimento Tecnol\u00f3gico dos Agroneg\u00f3cios do Centro-Leste, na cidade paulista. &#8220;Acertamos os \u00faltimos detalhes e o governador vir\u00e1 formalizar a cess\u00e3o do acordo&#8221;, disse Jos\u00e9 Danghesi, gerente geral da Agrishow Ribeir\u00e3o Preto.<\/p>\n<p>A edi\u00e7\u00e3o de 2011 da Agrishow ter\u00e1 uma \u00e1rea de exposi\u00e7\u00e3o 15% superior \u00e0 de 2010, e saltar\u00e1 de 160 mil para cerca de 185 mil metros quadrados. Ser\u00e3o 765 expositores, de 50 pa\u00edses, ante 730 empresas no ano passado, com 38 novas empresas nacionais e 22 estrangeiras. &#8220;\u00c9 claro que perdemos algumas empresas, por isso o n\u00famero total n\u00e3o cresceu proporcionalmente ao das novas empresas&#8221;, disse Danghesi. J\u00e1 o n\u00famero de visitantes deve subir de 142 mil para 145 mil entre os per\u00edodos.<\/p>\n<p>Os organizadores da Agrishow evitam falar em previs\u00e3o de vendas, mas avaliam que o total de R$ 1,15 bilh\u00e3o em neg\u00f3cios intermediados pelos bancos em 2010 deva ser superado neste ano. &#8220;O cen\u00e1rio \u00e9 positivo para a agricultura e achamos que esse n\u00famero ser\u00e1 maior, mas \u00e9 muito chute fazer qualquer previs\u00e3o&#8221;, explicou o gerente do evento.<\/p>\n<p>Durante a apresenta\u00e7\u00e3o da feira deste ano, os organizadores da Agrishow divulgaram pesquisa feita no ano passado que apontou 85% dos expositores e 97% dos visitantes satisfeitos com o evento. O levantamento mostrou ainda que 71% dos visitantes participavam do processo de compras, o que refor\u00e7a, de acordo com os organizadores, o car\u00e1ter de feira de neg\u00f3cios da Agrishow.<\/p>\n<p>Al\u00e9m da exposi\u00e7\u00e3o, a feira ter\u00e1 800 demonstra\u00e7\u00f5es de campo das m\u00e1quinas, em uma \u00e1rea de 100 hectares. A \u00e1rea do total da Agrishow \u00e9 de 360 mil metros quadrados.<\/p>\n<p><em>Fonte: G1<\/em><\/p>\n\n<div style=\"font-size: 0px; height: 0px; line-height: 0px; margin: 0; padding: 0; clear: both;\"><\/div>","protected":false},"excerpt":{"rendered":"<p>A edi\u00e7\u00e3o deste ano da Agrishow ser\u00e1 marcada pela defini\u00e7\u00e3o da perman\u00eancia da principal feira do agroneg\u00f3cio do Hemisf\u00e9rio Sul na cidade de Ribeir\u00e3o Preto (SP) nos pr\u00f3ximos 30 anos. O acordo de cess\u00e3o da \u00e1rea do Estado aos organizadores da feira ser\u00e1 assinado pelo governador Geraldo Alckmin (PSDB) durante a Agrishow 2011, que acontece entre 2 e 6 de maio na cidade paulista, confirmaram hoje os organizadores. O acordo encerra a novela, que incluiu a amea\u00e7a da Associa\u00e7\u00e3o Brasileira da Ind\u00fastria de M\u00e1quinas e Equipamentos (Abimaq), acionista majorit\u00e1ria da Agrishow, de levar a feira para S\u00e3o Carlos. Havia obst\u00e1culos <\/p>\n","protected":false},"author":1,"featured_media":0,"comment_status":"open","ping_status":"closed","sticky":false,"template":"","format":"standard","meta":{"footnotes":""},"categories":[6],"tags":[14],"class_list":["post-179","post","type-post","status-publish","format-standard","hentry","category-noticias-em-ribeirao-preto","tag-ribeirao-preto"],"aioseo_notices":[],"aioseo_head":"\n\t\t<!-- All in One SEO 5.0.0.1 - aioseo.com -->\n\t<meta name=\"description\" content=\"A edi\u00e7\u00e3o deste ano da Agrishow ser\u00e1 marcada pela defini\u00e7\u00e3o da perman\u00eancia da principal feira do agroneg\u00f3cio do Hemisf\u00e9rio Sul na cidade de Ribeir\u00e3o Preto (SP) nos pr\u00f3ximos 30 anos. O acordo de cess\u00e3o da \u00e1rea do Estado aos organizadores da feira ser\u00e1 assinado pelo governador Geraldo Alckmin (PSDB) durante a Agrishow 2011, que acontece\" \/>\n\t<meta name=\"robots\" content=\"max-image-preview:large\" \/>\n\t<meta name=\"author\" content=\"Encontra Ribeir\u00e3o Preto\"\/>\n\t<link rel=\"canonical\" href=\"https:\/\/www.encontraribeiraopreto.com.br\/sobre\/agrishow-vai-ficar-mais-30-anos-em-ribeirao-preto\/\" \/>\n\t<meta name=\"generator\" content=\"All in One SEO (AIOSEO) 5.0.0.1\" \/>\n\t\t<meta property=\"og:locale\" content=\"pt_BR\" \/>\n\t\t<meta property=\"og:site_name\" content=\"Encontra Ribeir\u00e3o Preto - Not\u00edcias, eventos, informa\u00e7\u00f5es e dicas na cidade Ribeir\u00e3o Preto e regi\u00e3o.\" \/>\n\t\t<meta property=\"og:type\" content=\"article\" \/>\n\t\t<meta property=\"og:title\" content=\"Agrishow vai ficar mais 30 anos em Ribeir\u00e3o Preto - Encontra Ribeir\u00e3o Preto\" \/>\n\t\t<meta property=\"og:description\" content=\"A edi\u00e7\u00e3o deste ano da Agrishow ser\u00e1 marcada pela defini\u00e7\u00e3o da perman\u00eancia da principal feira do agroneg\u00f3cio do Hemisf\u00e9rio Sul na cidade de Ribeir\u00e3o Preto (SP) nos pr\u00f3ximos 30 anos. O acordo de cess\u00e3o da \u00e1rea do Estado aos organizadores da feira ser\u00e1 assinado pelo governador Geraldo Alckmin (PSDB) durante a Agrishow 2011, que acontece\" \/>\n\t\t<meta property=\"og:url\" content=\"https:\/\/www.encontraribeiraopreto.com.br\/sobre\/agrishow-vai-ficar-mais-30-anos-em-ribeirao-preto\/\" \/>\n\t\t<meta property=\"article:published_time\" content=\"2011-03-24T21:54:10+00:00\" \/>\n\t\t<meta property=\"article:modified_time\" content=\"2019-04-15T14:28:44+00:00\" \/>\n\t\t<meta name=\"twitter:card\" content=\"summary_large_image\" \/>\n\t\t<meta name=\"twitter:title\" content=\"Agrishow vai ficar mais 30 anos em Ribeir\u00e3o Preto - Encontra Ribeir\u00e3o Preto\" \/>\n\t\t<meta name=\"twitter:description\" content=\"A edi\u00e7\u00e3o deste ano da Agrishow ser\u00e1 marcada pela defini\u00e7\u00e3o da perman\u00eancia da principal feira do agroneg\u00f3cio do Hemisf\u00e9rio Sul na cidade de Ribeir\u00e3o Preto (SP) nos pr\u00f3ximos 30 anos. O acordo de cess\u00e3o da \u00e1rea do Estado aos organizadores da feira ser\u00e1 assinado pelo governador Geraldo Alckmin (PSDB) durante a Agrishow 2011, que acontece\" \/>\n\t\t<script type=\"application\/ld+json\" class=\"aioseo-schema\">\n\t\t\t{\"@context\":\"https:\\\/\\\/schema.org\",\"@graph\":[{\"@type\":\"BlogPosting\",\"@id\":\"https:\\\/\\\/www.encontraribeiraopreto.com.br\\\/sobre\\\/agrishow-vai-ficar-mais-30-anos-em-ribeirao-preto\\\/#blogposting\",\"name\":\"Agrishow vai ficar mais 30 anos em Ribeir\\u00e3o Preto - Encontra Ribeir\\u00e3o Preto\",\"headline\":\"Agrishow vai ficar mais 30 anos em Ribeir\\u00e3o Preto\",\"author\":{\"@id\":\"https:\\\/\\\/www.encontraribeiraopreto.com.br\\\/sobre\\\/author\\\/eribeiraopreto\\\/#author\"},\"publisher\":{\"@id\":\"https:\\\/\\\/www.encontraribeiraopreto.com.br\\\/sobre\\\/#organization\"},\"datePublished\":\"2011-03-24T18:54:10-03:00\",\"dateModified\":\"2019-04-15T11:28:44-03:00\",\"inLanguage\":\"pt-BR\",\"mainEntityOfPage\":{\"@id\":\"https:\\\/\\\/www.encontraribeiraopreto.com.br\\\/sobre\\\/agrishow-vai-ficar-mais-30-anos-em-ribeirao-preto\\\/#webpage\"},\"isPartOf\":{\"@id\":\"https:\\\/\\\/www.encontraribeiraopreto.com.br\\\/sobre\\\/agrishow-vai-ficar-mais-30-anos-em-ribeirao-preto\\\/#webpage\"},\"articleSection\":\"Not\\u00edcias Ribeir\\u00e3o Preto, Ribeir\\u00e3o Preto\"},{\"@type\":\"BreadcrumbList\",\"@id\":\"https:\\\/\\\/www.encontraribeiraopreto.com.br\\\/sobre\\\/agrishow-vai-ficar-mais-30-anos-em-ribeirao-preto\\\/#breadcrumblist\",\"itemListElement\":[{\"@type\":\"ListItem\",\"@id\":\"https:\\\/\\\/www.encontraribeiraopreto.com.br\\\/sobre#listItem\",\"position\":1,\"name\":\"In\\u00edcio\",\"item\":\"https:\\\/\\\/www.encontraribeiraopreto.com.br\\\/sobre\",\"nextItem\":{\"@type\":\"ListItem\",\"@id\":\"https:\\\/\\\/www.encontraribeiraopreto.com.br\\\/sobre\\\/noticias-em-ribeirao-preto\\\/#listItem\",\"name\":\"Not\\u00edcias Ribeir\\u00e3o Preto\"}},{\"@type\":\"ListItem\",\"@id\":\"https:\\\/\\\/www.encontraribeiraopreto.com.br\\\/sobre\\\/noticias-em-ribeirao-preto\\\/#listItem\",\"position\":2,\"name\":\"Not\\u00edcias Ribeir\\u00e3o Preto\",\"item\":\"https:\\\/\\\/www.encontraribeiraopreto.com.br\\\/sobre\\\/noticias-em-ribeirao-preto\\\/\",\"nextItem\":{\"@type\":\"ListItem\",\"@id\":\"https:\\\/\\\/www.encontraribeiraopreto.com.br\\\/sobre\\\/agrishow-vai-ficar-mais-30-anos-em-ribeirao-preto\\\/#listItem\",\"name\":\"Agrishow vai ficar mais 30 anos em Ribeir\\u00e3o Preto\"},\"previousItem\":{\"@type\":\"ListItem\",\"@id\":\"https:\\\/\\\/www.encontraribeiraopreto.com.br\\\/sobre#listItem\",\"name\":\"In\\u00edcio\"}},{\"@type\":\"ListItem\",\"@id\":\"https:\\\/\\\/www.encontraribeiraopreto.com.br\\\/sobre\\\/agrishow-vai-ficar-mais-30-anos-em-ribeirao-preto\\\/#listItem\",\"position\":3,\"name\":\"Agrishow vai ficar mais 30 anos em Ribeir\\u00e3o Preto\",\"previousItem\":{\"@type\":\"ListItem\",\"@id\":\"https:\\\/\\\/www.encontraribeiraopreto.com.br\\\/sobre\\\/noticias-em-ribeirao-preto\\\/#listItem\",\"name\":\"Not\\u00edcias Ribeir\\u00e3o Preto\"}}]},{\"@type\":\"Organization\",\"@id\":\"https:\\\/\\\/www.encontraribeiraopreto.com.br\\\/sobre\\\/#organization\",\"name\":\"Encontra Ribeir\\u00e3o Preto\",\"description\":\"Not\\u00edcias, eventos, informa\\u00e7\\u00f5es e dicas na cidade Ribeir\\u00e3o Preto e regi\\u00e3o.\",\"url\":\"https:\\\/\\\/www.encontraribeiraopreto.com.br\\\/sobre\\\/\"},{\"@type\":\"Person\",\"@id\":\"https:\\\/\\\/www.encontraribeiraopreto.com.br\\\/sobre\\\/author\\\/eribeiraopreto\\\/#author\",\"url\":\"https:\\\/\\\/www.encontraribeiraopreto.com.br\\\/sobre\\\/author\\\/eribeiraopreto\\\/\",\"name\":\"Encontra Ribeir\\u00e3o Preto\",\"image\":{\"@type\":\"ImageObject\",\"@id\":\"https:\\\/\\\/www.encontraribeiraopreto.com.br\\\/sobre\\\/agrishow-vai-ficar-mais-30-anos-em-ribeirao-preto\\\/#authorImage\",\"url\":\"https:\\\/\\\/secure.gravatar.com\\\/avatar\\\/507340682b8270222e1f208e23198b6ae7e2c6a1033ae84e99bc6bce4f82a387?s=96&d=mm&r=g\",\"width\":96,\"height\":96,\"caption\":\"Encontra Ribeir\\u00e3o Preto\"}},{\"@type\":\"WebPage\",\"@id\":\"https:\\\/\\\/www.encontraribeiraopreto.com.br\\\/sobre\\\/agrishow-vai-ficar-mais-30-anos-em-ribeirao-preto\\\/#webpage\",\"url\":\"https:\\\/\\\/www.encontraribeiraopreto.com.br\\\/sobre\\\/agrishow-vai-ficar-mais-30-anos-em-ribeirao-preto\\\/\",\"name\":\"Agrishow vai ficar mais 30 anos em Ribeir\\u00e3o Preto - Encontra Ribeir\\u00e3o Preto\",\"description\":\"A edi\\u00e7\\u00e3o deste ano da Agrishow ser\\u00e1 marcada pela defini\\u00e7\\u00e3o da perman\\u00eancia da principal feira do agroneg\\u00f3cio do Hemisf\\u00e9rio Sul na cidade de Ribeir\\u00e3o Preto (SP) nos pr\\u00f3ximos 30 anos. O acordo de cess\\u00e3o da \\u00e1rea do Estado aos organizadores da feira ser\\u00e1 assinado pelo governador Geraldo Alckmin (PSDB) durante a Agrishow 2011, que acontece\",\"inLanguage\":\"pt-BR\",\"isPartOf\":{\"@id\":\"https:\\\/\\\/www.encontraribeiraopreto.com.br\\\/sobre\\\/#website\"},\"breadcrumb\":{\"@id\":\"https:\\\/\\\/www.encontraribeiraopreto.com.br\\\/sobre\\\/agrishow-vai-ficar-mais-30-anos-em-ribeirao-preto\\\/#breadcrumblist\"},\"author\":{\"@id\":\"https:\\\/\\\/www.encontraribeiraopreto.com.br\\\/sobre\\\/author\\\/eribeiraopreto\\\/#author\"},\"creator\":{\"@id\":\"https:\\\/\\\/www.encontraribeiraopreto.com.br\\\/sobre\\\/author\\\/eribeiraopreto\\\/#author\"},\"datePublished\":\"2011-03-24T18:54:10-03:00\",\"dateModified\":\"2019-04-15T11:28:44-03:00\"},{\"@type\":\"WebSite\",\"@id\":\"https:\\\/\\\/www.encontraribeiraopreto.com.br\\\/sobre\\\/#website\",\"url\":\"https:\\\/\\\/www.encontraribeiraopreto.com.br\\\/sobre\\\/\",\"name\":\"Encontra Ribeir\\u00e3o Preto\",\"description\":\"Not\\u00edcias, eventos, informa\\u00e7\\u00f5es e dicas na cidade Ribeir\\u00e3o Preto e regi\\u00e3o.\",\"inLanguage\":\"pt-BR\",\"publisher\":{\"@id\":\"https:\\\/\\\/www.encontraribeiraopreto.com.br\\\/sobre\\\/#organization\"}}]}\n\t\t<\/script>\n\t\t<!-- All in One SEO -->\n\n","aioseo_head_json":{"title":"Agrishow vai ficar mais 30 anos em Ribeir\u00e3o Preto - Encontra Ribeir\u00e3o Preto","description":"A edi\u00e7\u00e3o deste ano da Agrishow ser\u00e1 marcada pela defini\u00e7\u00e3o da perman\u00eancia da principal feira do agroneg\u00f3cio do Hemisf\u00e9rio Sul na cidade de Ribeir\u00e3o Preto (SP) nos pr\u00f3ximos 30 anos. O acordo de cess\u00e3o da \u00e1rea do Estado aos organizadores da feira ser\u00e1 assinado pelo governador Geraldo Alckmin (PSDB) durante a Agrishow 2011, que acontece","canonical_url":"https:\/\/www.encontraribeiraopreto.com.br\/sobre\/agrishow-vai-ficar-mais-30-anos-em-ribeirao-preto\/","robots":"max-image-preview:large","keywords":"","webmasterTools":{"miscellaneous":""},"schema":{"@context":"https:\/\/schema.org","@graph":[{"@type":"BlogPosting","@id":"https:\/\/www.encontraribeiraopreto.com.br\/sobre\/agrishow-vai-ficar-mais-30-anos-em-ribeirao-preto\/#blogposting","name":"Agrishow vai ficar mais 30 anos em Ribeir\u00e3o Preto - Encontra Ribeir\u00e3o Preto","headline":"Agrishow vai ficar mais 30 anos em Ribeir\u00e3o Preto","author":{"@id":"https:\/\/www.encontraribeiraopreto.com.br\/sobre\/author\/eribeiraopreto\/#author"},"publisher":{"@id":"https:\/\/www.encontraribeiraopreto.com.br\/sobre\/#organization"},"datePublished":"2011-03-24T18:54:10-03:00","dateModified":"2019-04-15T11:28:44-03:00","inLanguage":"pt-BR","mainEntityOfPage":{"@id":"https:\/\/www.encontraribeiraopreto.com.br\/sobre\/agrishow-vai-ficar-mais-30-anos-em-ribeirao-preto\/#webpage"},"isPartOf":{"@id":"https:\/\/www.encontraribeiraopreto.com.br\/sobre\/agrishow-vai-ficar-mais-30-anos-em-ribeirao-preto\/#webpage"},"articleSection":"Not\u00edcias Ribeir\u00e3o Preto, Ribeir\u00e3o Preto"},{"@type":"BreadcrumbList","@id":"https:\/\/www.encontraribeiraopreto.com.br\/sobre\/agrishow-vai-ficar-mais-30-anos-em-ribeirao-preto\/#breadcrumblist","itemListElement":[{"@type":"ListItem","@id":"https:\/\/www.encontraribeiraopreto.com.br\/sobre#listItem","position":1,"name":"In\u00edcio","item":"https:\/\/www.encontraribeiraopreto.com.br\/sobre","nextItem":{"@type":"ListItem","@id":"https:\/\/www.encontraribeiraopreto.com.br\/sobre\/noticias-em-ribeirao-preto\/#listItem","name":"Not\u00edcias Ribeir\u00e3o Preto"}},{"@type":"ListItem","@id":"https:\/\/www.encontraribeiraopreto.com.br\/sobre\/noticias-em-ribeirao-preto\/#listItem","position":2,"name":"Not\u00edcias Ribeir\u00e3o Preto","item":"https:\/\/www.encontraribeiraopreto.com.br\/sobre\/noticias-em-ribeirao-preto\/","nextItem":{"@type":"ListItem","@id":"https:\/\/www.encontraribeiraopreto.com.br\/sobre\/agrishow-vai-ficar-mais-30-anos-em-ribeirao-preto\/#listItem","name":"Agrishow vai ficar mais 30 anos em Ribeir\u00e3o Preto"},"previousItem":{"@type":"ListItem","@id":"https:\/\/www.encontraribeiraopreto.com.br\/sobre#listItem","name":"In\u00edcio"}},{"@type":"ListItem","@id":"https:\/\/www.encontraribeiraopreto.com.br\/sobre\/agrishow-vai-ficar-mais-30-anos-em-ribeirao-preto\/#listItem","position":3,"name":"Agrishow vai ficar mais 30 anos em Ribeir\u00e3o Preto","previousItem":{"@type":"ListItem","@id":"https:\/\/www.encontraribeiraopreto.com.br\/sobre\/noticias-em-ribeirao-preto\/#listItem","name":"Not\u00edcias Ribeir\u00e3o Preto"}}]},{"@type":"Organization","@id":"https:\/\/www.encontraribeiraopreto.com.br\/sobre\/#organization","name":"Encontra Ribeir\u00e3o Preto","description":"Not\u00edcias, eventos, informa\u00e7\u00f5es e dicas na cidade Ribeir\u00e3o Preto e regi\u00e3o.","url":"https:\/\/www.encontraribeiraopreto.com.br\/sobre\/"},{"@type":"Person","@id":"https:\/\/www.encontraribeiraopreto.com.br\/sobre\/author\/eribeiraopreto\/#author","url":"https:\/\/www.encontraribeiraopreto.com.br\/sobre\/author\/eribeiraopreto\/","name":"Encontra Ribeir\u00e3o Preto","image":{"@type":"ImageObject","@id":"https:\/\/www.encontraribeiraopreto.com.br\/sobre\/agrishow-vai-ficar-mais-30-anos-em-ribeirao-preto\/#authorImage","url":"https:\/\/secure.gravatar.com\/avatar\/507340682b8270222e1f208e23198b6ae7e2c6a1033ae84e99bc6bce4f82a387?s=96&d=mm&r=g","width":96,"height":96,"caption":"Encontra Ribeir\u00e3o Preto"}},{"@type":"WebPage","@id":"https:\/\/www.encontraribeiraopreto.com.br\/sobre\/agrishow-vai-ficar-mais-30-anos-em-ribeirao-preto\/#webpage","url":"https:\/\/www.encontraribeiraopreto.com.br\/sobre\/agrishow-vai-ficar-mais-30-anos-em-ribeirao-preto\/","name":"Agrishow vai ficar mais 30 anos em Ribeir\u00e3o Preto - Encontra Ribeir\u00e3o Preto","description":"A edi\u00e7\u00e3o deste ano da Agrishow ser\u00e1 marcada pela defini\u00e7\u00e3o da perman\u00eancia da principal feira do agroneg\u00f3cio do Hemisf\u00e9rio Sul na cidade de Ribeir\u00e3o Preto (SP) nos pr\u00f3ximos 30 anos. O acordo de cess\u00e3o da \u00e1rea do Estado aos organizadores da feira ser\u00e1 assinado pelo governador Geraldo Alckmin (PSDB) durante a Agrishow 2011, que acontece","inLanguage":"pt-BR","isPartOf":{"@id":"https:\/\/www.encontraribeiraopreto.com.br\/sobre\/#website"},"breadcrumb":{"@id":"https:\/\/www.encontraribeiraopreto.com.br\/sobre\/agrishow-vai-ficar-mais-30-anos-em-ribeirao-preto\/#breadcrumblist"},"author":{"@id":"https:\/\/www.encontraribeiraopreto.com.br\/sobre\/author\/eribeiraopreto\/#author"},"creator":{"@id":"https:\/\/www.encontraribeiraopreto.com.br\/sobre\/author\/eribeiraopreto\/#author"},"datePublished":"2011-03-24T18:54:10-03:00","dateModified":"2019-04-15T11:28:44-03:00"},{"@type":"WebSite","@id":"https:\/\/www.encontraribeiraopreto.com.br\/sobre\/#website","url":"https:\/\/www.encontraribeiraopreto.com.br\/sobre\/","name":"Encontra Ribeir\u00e3o Preto","description":"Not\u00edcias, eventos, informa\u00e7\u00f5es e dicas na cidade Ribeir\u00e3o Preto e regi\u00e3o.","inLanguage":"pt-BR","publisher":{"@id":"https:\/\/www.encontraribeiraopreto.com.br\/sobre\/#organization"}}]},"og:locale":"pt_BR","og:site_name":"Encontra Ribeir\u00e3o Preto - Not\u00edcias, eventos, informa\u00e7\u00f5es e dicas na cidade Ribeir\u00e3o Preto e regi\u00e3o.","og:type":"article","og:title":"Agrishow vai ficar mais 30 anos em Ribeir\u00e3o Preto - Encontra Ribeir\u00e3o Preto","og:description":"A edi\u00e7\u00e3o deste ano da Agrishow ser\u00e1 marcada pela defini\u00e7\u00e3o da perman\u00eancia da principal feira do agroneg\u00f3cio do Hemisf\u00e9rio Sul na cidade de Ribeir\u00e3o Preto (SP) nos pr\u00f3ximos 30 anos. O acordo de cess\u00e3o da \u00e1rea do Estado aos organizadores da feira ser\u00e1 assinado pelo governador Geraldo Alckmin (PSDB) durante a Agrishow 2011, que acontece","og:url":"https:\/\/www.encontraribeiraopreto.com.br\/sobre\/agrishow-vai-ficar-mais-30-anos-em-ribeirao-preto\/","article:published_time":"2011-03-24T21:54:10+00:00","article:modified_time":"2019-04-15T14:28:44+00:00","twitter:card":"summary_large_image","twitter:title":"Agrishow vai ficar mais 30 anos em Ribeir\u00e3o Preto - Encontra Ribeir\u00e3o Preto","twitter:description":"A edi\u00e7\u00e3o deste ano da Agrishow ser\u00e1 marcada pela defini\u00e7\u00e3o da perman\u00eancia da principal feira do agroneg\u00f3cio do Hemisf\u00e9rio Sul na cidade de Ribeir\u00e3o Preto (SP) nos pr\u00f3ximos 30 anos. O acordo de cess\u00e3o da \u00e1rea do Estado aos organizadores da feira ser\u00e1 assinado pelo governador Geraldo Alckmin (PSDB) durante a Agrishow 2011, que acontece"},"aioseo_meta_data":{"post_id":"179","title":null,"description":null,"keywords":null,"keyphrases":null,"primary_term":null,"canonical_url":null,"og_title":null,"og_description":null,"og_object_type":"default","og_image_type":"default","og_image_url":null,"og_image_width":null,"og_image_height":null,"og_image_custom_url":null,"og_image_custom_fields":null,"og_video":null,"og_custom_url":null,"og_article_section":null,"og_article_tags":null,"twitter_use_og":false,"twitter_card":"default","twitter_image_type":"default","twitter_image_url":null,"twitter_image_custom_url":null,"twitter_image_custom_fields":null,"twitter_title":null,"twitter_description":null,"schema":{"blockGraphs":[],"customGraphs":[],"default":{"data":{"Article":[],"Course":[],"Dataset":[],"FAQPage":[],"Movie":[],"Person":[],"Product":[],"ProductReview":[],"Car":[],"Recipe":[],"Service":[],"SoftwareApplication":[],"WebPage":[]},"graphName":"BlogPosting","isEnabled":true},"graphs":[]},"schema_type":null,"schema_type_options":null,"pillar_content":false,"robots_default":true,"robots_noindex":false,"robots_noarchive":false,"robots_nosnippet":false,"robots_nofollow":false,"robots_noimageindex":false,"robots_noodp":false,"robots_notranslate":false,"robots_max_snippet":null,"robots_max_videopreview":null,"robots_max_imagepreview":"large","priority":null,"frequency":null,"local_seo":null,"limit_modified_date":false,"created":"2021-02-24 13:01:25","updated":"2023-03-03 08:19:09","focus_keyword":null,"additional_keywords":null,"truseo_locale":null,"ai":null,"breadcrumb_settings":null,"seo_analyzer_scan_date":null},"aioseo_breadcrumb":"<div class=\"aioseo-breadcrumbs\"><span class=\"aioseo-breadcrumb\">\n\t\t\t<a href=\"https:\/\/www.encontraribeiraopreto.com.br\/sobre\" title=\"In\u00edcio\">In\u00edcio<\/a>\n\t\t<\/span><span class=\"aioseo-breadcrumb-separator\">&raquo;<\/span><span class=\"aioseo-breadcrumb\">\n\t\t\t<a href=\"https:\/\/www.encontraribeiraopreto.com.br\/sobre\/noticias-em-ribeirao-preto\/\" title=\"Not\u00edcias Ribeir\u00e3o Preto\">Not\u00edcias Ribeir\u00e3o Preto<\/a>\n\t\t<\/span><span class=\"aioseo-breadcrumb-separator\">&raquo;<\/span><span class=\"aioseo-breadcrumb\">\n\t\t\tAgrishow vai ficar mais 30 anos em Ribeir\u00e3o Preto\n\t\t<\/span><\/div>","aioseo_breadcrumb_json":[{"label":"In\u00edcio","link":"https:\/\/www.encontraribeiraopreto.com.br\/sobre"},{"label":"Not\u00edcias Ribeir\u00e3o Preto","link":"https:\/\/www.encontraribeiraopreto.com.br\/sobre\/noticias-em-ribeirao-preto\/"},{"label":"Agrishow vai ficar mais 30 anos em Ribeir\u00e3o Preto","link":"https:\/\/www.encontraribeiraopreto.com.br\/sobre\/agrishow-vai-ficar-mais-30-anos-em-ribeirao-preto\/"}],"_links":{"self":[{"href":"https:\/\/www.encontraribeiraopreto.com.br\/sobre\/wp-json\/wp\/v2\/posts\/179","targetHints":{"allow":["GET"]}}],"collection":[{"href":"https:\/\/www.encontraribeiraopreto.com.br\/sobre\/wp-json\/wp\/v2\/posts"}],"about":[{"href":"https:\/\/www.encontraribeiraopreto.com.br\/sobre\/wp-json\/wp\/v2\/types\/post"}],"author":[{"embeddable":true,"href":"https:\/\/www.encontraribeiraopreto.com.br\/sobre\/wp-json\/wp\/v2\/users\/1"}],"replies":[{"embeddable":true,"href":"https:\/\/www.encontraribeiraopreto.com.br\/sobre\/wp-json\/wp\/v2\/comments?post=179"}],"version-history":[{"count":0,"href":"https:\/\/www.encontraribeiraopreto.com.br\/sobre\/wp-json\/wp\/v2\/posts\/179\/revisions"}],"wp:attachment":[{"href":"https:\/\/www.encontraribeiraopreto.com.br\/sobre\/wp-json\/wp\/v2\/media?parent=179"}],"wp:term":[{"taxonomy":"category","embeddable":true,"href":"https:\/\/www.encontraribeiraopreto.com.br\/sobre\/wp-json\/wp\/v2\/categories?post=179"},{"taxonomy":"post_tag","embeddable":true,"href":"https:\/\/www.encontraribeiraopreto.com.br\/sobre\/wp-json\/wp\/v2\/tags?post=179"}],"curies":[{"name":"wp","href":"https:\/\/api.w.org\/{rel}","templated":true}]}}