{"id":1873,"date":"2012-12-07T00:04:18","date_gmt":"2012-12-07T03:04:18","guid":{"rendered":"http:\/\/www.encontraribeiraopreto.com.br\/noticias\/?p=1873"},"modified":"2019-04-15T11:25:22","modified_gmt":"2019-04-15T14:25:22","slug":"ribeirao-preto-conquista-premio-gestor-eficiente-da-alimentacao-escolar-2012","status":"publish","type":"post","link":"https:\/\/www.encontraribeiraopreto.com.br\/sobre\/ribeirao-preto-conquista-premio-gestor-eficiente-da-alimentacao-escolar-2012\/","title":{"rendered":"Ribeir\u00e3o Preto conquista Pr\u00eamio Gestor Eficiente da Alimenta\u00e7\u00e3o Escolar 2012"},"content":{"rendered":"<div class=\"cd7ef838bed10b2b4567f853226bc383\" data-index=\"1\" style=\"float: none; margin:0px;\">\n<!-- Anuncio display - global -->\r\n<ins class=\"adsbygoogle\"\r\n     style=\"display:block\"\r\n     data-ad-client=\"ca-pub-8585364105181520\"\r\n     data-ad-slot=\"8789329856\"\r\n     data-ad-format=\"auto\"\r\n     data-full-width-responsive=\"true\"><\/ins>\r\n<script>\r\n     (adsbygoogle = window.adsbygoogle || []).push({});\r\n<\/script>\r\n\n<\/div>\n<p>A equipe da Divis\u00e3o de Alimenta\u00e7\u00e3o Escolar da Secretaria da Educa\u00e7\u00e3o de Ribeir\u00e3o Preto esteve em Bras\u00edlia na \u00faltima quarta-feira, 05 de dezembro, para receber o Pr\u00eamio Gestor Eficiente da Alimenta\u00e7\u00e3o Escolar, edi\u00e7\u00e3o 2012. O munic\u00edpio \u00e9 um dos 29 ganhadores da premia\u00e7\u00e3o oferecida pela Organiza\u00e7\u00e3o N\u00e3o Governamental (ONG) A\u00e7\u00e3o Fome Zero.<\/p>\n<p>Aliomar Martins, chefe da Divis\u00e3o de Alimenta\u00e7\u00e3o Escolar, e Eliana Mattar, nutricionista da rede municipal de ensino, representaram a Secretaria da Educa\u00e7\u00e3o de Ribeir\u00e3o Preto no <a title=\"Eventos em Ribeir\u00e3o Preto\" href=\"http:\/\/www.encontraribeiraopreto.com.br\/e\/eventos-em-ribeirao-preto.shtml\" target=\"_blank\">evento<\/a>.<\/p>\n<p>O munic\u00edpio participa como concorrente desde a edi\u00e7\u00e3o de 2005 do Pr\u00eamio Gestor Eficiente da Alimenta\u00e7\u00e3o Escolar. Na primeira participa\u00e7\u00e3o o munic\u00edpio ficou entre os finalistas, apresentando o trabalho de adequa\u00e7\u00e3o de hor\u00e1rios ao tipo de refei\u00e7\u00e3o oferecida aos alunos das escolas municipais.<\/p>\n<p>J\u00e1 na edi\u00e7\u00e3o de 2012, Ribeir\u00e3o Preto concorreu em quatro modalidades:\u00a0aplica\u00e7\u00e3o de recursos or\u00e7ament\u00e1rios, qualidade nutricional da alimenta\u00e7\u00e3o oferecida, participa\u00e7\u00e3o dos Conselhos de Alimenta\u00e7\u00e3o Escolar (CAE), e iniciativas da administra\u00e7\u00e3o p\u00fablica que resultem na promo\u00e7\u00e3o do desenvolvimento local.<\/p>\n<p>No final de agosto, o munic\u00edpio recebeu a visita de auditores da ONG A\u00e7\u00e3o Fome Zero para uma avalia\u00e7\u00e3o\u00a0<em>in loco<\/em>\u00a0das atividades desenvolvidas pela Divis\u00e3o de Alimenta\u00e7\u00e3o Escolar, inclusive com visitas a algumas unidades escolares.<\/p>\n<p>O objetivo do pr\u00eamio \u00e9 destacar os prefeitos que realizam gest\u00f5es criativas e respons\u00e1veis do Programa Nacional de Alimenta\u00e7\u00e3o Escolar (PNAE), al\u00e9m de disseminar boas pr\u00e1ticas para que sejam conhecidas e adotadas por outras prefeituras do pa\u00eds.<\/p>\n<p><em>Fonte: Prefeitura Municipal de Ribeir\u00e3o Preto<\/em><\/p>\n\n<div style=\"font-size: 0px; height: 0px; line-height: 0px; margin: 0; padding: 0; clear: both;\"><\/div>","protected":false},"excerpt":{"rendered":"<p>A equipe da Divis\u00e3o de Alimenta\u00e7\u00e3o Escolar da Secretaria da Educa\u00e7\u00e3o de Ribeir\u00e3o Preto esteve em Bras\u00edlia na \u00faltima quarta-feira, 05 de dezembro, para receber o Pr\u00eamio Gestor Eficiente da Alimenta\u00e7\u00e3o Escolar, edi\u00e7\u00e3o 2012. O munic\u00edpio \u00e9 um dos 29 ganhadores da premia\u00e7\u00e3o oferecida pela Organiza\u00e7\u00e3o N\u00e3o Governamental (ONG) A\u00e7\u00e3o Fome Zero. Aliomar Martins, chefe da Divis\u00e3o de Alimenta\u00e7\u00e3o Escolar, e Eliana Mattar, nutricionista da rede municipal de ensino, representaram a Secretaria da Educa\u00e7\u00e3o de Ribeir\u00e3o Preto no evento. O munic\u00edpio participa como concorrente desde a edi\u00e7\u00e3o de 2005 do Pr\u00eamio Gestor Eficiente da Alimenta\u00e7\u00e3o Escolar. Na primeira participa\u00e7\u00e3o o <\/p>\n","protected":false},"author":1,"featured_media":0,"comment_status":"open","ping_status":"closed","sticky":false,"template":"","format":"standard","meta":{"footnotes":""},"categories":[6],"tags":[14],"class_list":["post-1873","post","type-post","status-publish","format-standard","hentry","category-noticias-em-ribeirao-preto","tag-ribeirao-preto"],"aioseo_notices":[],"aioseo_head":"\n\t\t<!-- All in One SEO 5.0.0.1 - aioseo.com -->\n\t<meta name=\"description\" content=\"A equipe da Divis\u00e3o de Alimenta\u00e7\u00e3o Escolar da Secretaria da Educa\u00e7\u00e3o de Ribeir\u00e3o Preto esteve em Bras\u00edlia na \u00faltima quarta-feira, 05 de dezembro, para receber o Pr\u00eamio Gestor Eficiente da Alimenta\u00e7\u00e3o Escolar, edi\u00e7\u00e3o 2012. O munic\u00edpio \u00e9 um dos 29 ganhadores da premia\u00e7\u00e3o oferecida pela Organiza\u00e7\u00e3o N\u00e3o Governamental (ONG) A\u00e7\u00e3o Fome Zero. Aliomar Martins, chefe\" \/>\n\t<meta name=\"robots\" content=\"max-image-preview:large\" \/>\n\t<meta name=\"author\" content=\"Encontra Ribeir\u00e3o Preto\"\/>\n\t<link rel=\"canonical\" href=\"https:\/\/www.encontraribeiraopreto.com.br\/sobre\/ribeirao-preto-conquista-premio-gestor-eficiente-da-alimentacao-escolar-2012\/\" \/>\n\t<meta name=\"generator\" content=\"All in One SEO (AIOSEO) 5.0.0.1\" \/>\n\t\t<meta property=\"og:locale\" content=\"pt_BR\" \/>\n\t\t<meta property=\"og:site_name\" content=\"Encontra Ribeir\u00e3o Preto - Not\u00edcias, eventos, informa\u00e7\u00f5es e dicas na cidade Ribeir\u00e3o Preto e regi\u00e3o.\" \/>\n\t\t<meta property=\"og:type\" content=\"article\" \/>\n\t\t<meta property=\"og:title\" content=\"Ribeir\u00e3o Preto conquista Pr\u00eamio Gestor Eficiente da Alimenta\u00e7\u00e3o Escolar 2012 - Encontra Ribeir\u00e3o Preto\" \/>\n\t\t<meta property=\"og:description\" content=\"A equipe da Divis\u00e3o de Alimenta\u00e7\u00e3o Escolar da Secretaria da Educa\u00e7\u00e3o de Ribeir\u00e3o Preto esteve em Bras\u00edlia na \u00faltima quarta-feira, 05 de dezembro, para receber o Pr\u00eamio Gestor Eficiente da Alimenta\u00e7\u00e3o Escolar, edi\u00e7\u00e3o 2012. O munic\u00edpio \u00e9 um dos 29 ganhadores da premia\u00e7\u00e3o oferecida pela Organiza\u00e7\u00e3o N\u00e3o Governamental (ONG) A\u00e7\u00e3o Fome Zero. Aliomar Martins, chefe\" \/>\n\t\t<meta property=\"og:url\" content=\"https:\/\/www.encontraribeiraopreto.com.br\/sobre\/ribeirao-preto-conquista-premio-gestor-eficiente-da-alimentacao-escolar-2012\/\" \/>\n\t\t<meta property=\"article:published_time\" content=\"2012-12-07T03:04:18+00:00\" \/>\n\t\t<meta property=\"article:modified_time\" content=\"2019-04-15T14:25:22+00:00\" \/>\n\t\t<meta name=\"twitter:card\" content=\"summary_large_image\" \/>\n\t\t<meta name=\"twitter:title\" content=\"Ribeir\u00e3o Preto conquista Pr\u00eamio Gestor Eficiente da Alimenta\u00e7\u00e3o Escolar 2012 - Encontra Ribeir\u00e3o Preto\" \/>\n\t\t<meta name=\"twitter:description\" content=\"A equipe da Divis\u00e3o de Alimenta\u00e7\u00e3o Escolar da Secretaria da Educa\u00e7\u00e3o de Ribeir\u00e3o Preto esteve em Bras\u00edlia na \u00faltima quarta-feira, 05 de dezembro, para receber o Pr\u00eamio Gestor Eficiente da Alimenta\u00e7\u00e3o Escolar, edi\u00e7\u00e3o 2012. O munic\u00edpio \u00e9 um dos 29 ganhadores da premia\u00e7\u00e3o oferecida pela Organiza\u00e7\u00e3o N\u00e3o Governamental (ONG) A\u00e7\u00e3o Fome Zero. Aliomar Martins, chefe\" \/>\n\t\t<script type=\"application\/ld+json\" class=\"aioseo-schema\">\n\t\t\t{\"@context\":\"https:\\\/\\\/schema.org\",\"@graph\":[{\"@type\":\"BlogPosting\",\"@id\":\"https:\\\/\\\/www.encontraribeiraopreto.com.br\\\/sobre\\\/ribeirao-preto-conquista-premio-gestor-eficiente-da-alimentacao-escolar-2012\\\/#blogposting\",\"name\":\"Ribeir\\u00e3o Preto conquista Pr\\u00eamio Gestor Eficiente da Alimenta\\u00e7\\u00e3o Escolar 2012 - Encontra Ribeir\\u00e3o Preto\",\"headline\":\"Ribeir\\u00e3o Preto conquista Pr\\u00eamio Gestor Eficiente da Alimenta\\u00e7\\u00e3o Escolar 2012\",\"author\":{\"@id\":\"https:\\\/\\\/www.encontraribeiraopreto.com.br\\\/sobre\\\/author\\\/eribeiraopreto\\\/#author\"},\"publisher\":{\"@id\":\"https:\\\/\\\/www.encontraribeiraopreto.com.br\\\/sobre\\\/#organization\"},\"datePublished\":\"2012-12-07T00:04:18-03:00\",\"dateModified\":\"2019-04-15T11:25:22-03:00\",\"inLanguage\":\"pt-BR\",\"mainEntityOfPage\":{\"@id\":\"https:\\\/\\\/www.encontraribeiraopreto.com.br\\\/sobre\\\/ribeirao-preto-conquista-premio-gestor-eficiente-da-alimentacao-escolar-2012\\\/#webpage\"},\"isPartOf\":{\"@id\":\"https:\\\/\\\/www.encontraribeiraopreto.com.br\\\/sobre\\\/ribeirao-preto-conquista-premio-gestor-eficiente-da-alimentacao-escolar-2012\\\/#webpage\"},\"articleSection\":\"Not\\u00edcias Ribeir\\u00e3o Preto, Ribeir\\u00e3o Preto\"},{\"@type\":\"BreadcrumbList\",\"@id\":\"https:\\\/\\\/www.encontraribeiraopreto.com.br\\\/sobre\\\/ribeirao-preto-conquista-premio-gestor-eficiente-da-alimentacao-escolar-2012\\\/#breadcrumblist\",\"itemListElement\":[{\"@type\":\"ListItem\",\"@id\":\"https:\\\/\\\/www.encontraribeiraopreto.com.br\\\/sobre#listItem\",\"position\":1,\"name\":\"In\\u00edcio\",\"item\":\"https:\\\/\\\/www.encontraribeiraopreto.com.br\\\/sobre\",\"nextItem\":{\"@type\":\"ListItem\",\"@id\":\"https:\\\/\\\/www.encontraribeiraopreto.com.br\\\/sobre\\\/noticias-em-ribeirao-preto\\\/#listItem\",\"name\":\"Not\\u00edcias Ribeir\\u00e3o Preto\"}},{\"@type\":\"ListItem\",\"@id\":\"https:\\\/\\\/www.encontraribeiraopreto.com.br\\\/sobre\\\/noticias-em-ribeirao-preto\\\/#listItem\",\"position\":2,\"name\":\"Not\\u00edcias Ribeir\\u00e3o Preto\",\"item\":\"https:\\\/\\\/www.encontraribeiraopreto.com.br\\\/sobre\\\/noticias-em-ribeirao-preto\\\/\",\"nextItem\":{\"@type\":\"ListItem\",\"@id\":\"https:\\\/\\\/www.encontraribeiraopreto.com.br\\\/sobre\\\/ribeirao-preto-conquista-premio-gestor-eficiente-da-alimentacao-escolar-2012\\\/#listItem\",\"name\":\"Ribeir\\u00e3o Preto conquista Pr\\u00eamio Gestor Eficiente da Alimenta\\u00e7\\u00e3o Escolar 2012\"},\"previousItem\":{\"@type\":\"ListItem\",\"@id\":\"https:\\\/\\\/www.encontraribeiraopreto.com.br\\\/sobre#listItem\",\"name\":\"In\\u00edcio\"}},{\"@type\":\"ListItem\",\"@id\":\"https:\\\/\\\/www.encontraribeiraopreto.com.br\\\/sobre\\\/ribeirao-preto-conquista-premio-gestor-eficiente-da-alimentacao-escolar-2012\\\/#listItem\",\"position\":3,\"name\":\"Ribeir\\u00e3o Preto conquista Pr\\u00eamio Gestor Eficiente da Alimenta\\u00e7\\u00e3o Escolar 2012\",\"previousItem\":{\"@type\":\"ListItem\",\"@id\":\"https:\\\/\\\/www.encontraribeiraopreto.com.br\\\/sobre\\\/noticias-em-ribeirao-preto\\\/#listItem\",\"name\":\"Not\\u00edcias Ribeir\\u00e3o Preto\"}}]},{\"@type\":\"Organization\",\"@id\":\"https:\\\/\\\/www.encontraribeiraopreto.com.br\\\/sobre\\\/#organization\",\"name\":\"Encontra Ribeir\\u00e3o Preto\",\"description\":\"Not\\u00edcias, eventos, informa\\u00e7\\u00f5es e dicas na cidade Ribeir\\u00e3o Preto e regi\\u00e3o.\",\"url\":\"https:\\\/\\\/www.encontraribeiraopreto.com.br\\\/sobre\\\/\"},{\"@type\":\"Person\",\"@id\":\"https:\\\/\\\/www.encontraribeiraopreto.com.br\\\/sobre\\\/author\\\/eribeiraopreto\\\/#author\",\"url\":\"https:\\\/\\\/www.encontraribeiraopreto.com.br\\\/sobre\\\/author\\\/eribeiraopreto\\\/\",\"name\":\"Encontra Ribeir\\u00e3o Preto\",\"image\":{\"@type\":\"ImageObject\",\"@id\":\"https:\\\/\\\/www.encontraribeiraopreto.com.br\\\/sobre\\\/ribeirao-preto-conquista-premio-gestor-eficiente-da-alimentacao-escolar-2012\\\/#authorImage\",\"url\":\"https:\\\/\\\/secure.gravatar.com\\\/avatar\\\/507340682b8270222e1f208e23198b6ae7e2c6a1033ae84e99bc6bce4f82a387?s=96&d=mm&r=g\",\"width\":96,\"height\":96,\"caption\":\"Encontra Ribeir\\u00e3o Preto\"}},{\"@type\":\"WebPage\",\"@id\":\"https:\\\/\\\/www.encontraribeiraopreto.com.br\\\/sobre\\\/ribeirao-preto-conquista-premio-gestor-eficiente-da-alimentacao-escolar-2012\\\/#webpage\",\"url\":\"https:\\\/\\\/www.encontraribeiraopreto.com.br\\\/sobre\\\/ribeirao-preto-conquista-premio-gestor-eficiente-da-alimentacao-escolar-2012\\\/\",\"name\":\"Ribeir\\u00e3o Preto conquista Pr\\u00eamio Gestor Eficiente da Alimenta\\u00e7\\u00e3o Escolar 2012 - Encontra Ribeir\\u00e3o Preto\",\"description\":\"A equipe da Divis\\u00e3o de Alimenta\\u00e7\\u00e3o Escolar da Secretaria da Educa\\u00e7\\u00e3o de Ribeir\\u00e3o Preto esteve em Bras\\u00edlia na \\u00faltima quarta-feira, 05 de dezembro, para receber o Pr\\u00eamio Gestor Eficiente da Alimenta\\u00e7\\u00e3o Escolar, edi\\u00e7\\u00e3o 2012. O munic\\u00edpio \\u00e9 um dos 29 ganhadores da premia\\u00e7\\u00e3o oferecida pela Organiza\\u00e7\\u00e3o N\\u00e3o Governamental (ONG) A\\u00e7\\u00e3o Fome Zero. Aliomar Martins, chefe\",\"inLanguage\":\"pt-BR\",\"isPartOf\":{\"@id\":\"https:\\\/\\\/www.encontraribeiraopreto.com.br\\\/sobre\\\/#website\"},\"breadcrumb\":{\"@id\":\"https:\\\/\\\/www.encontraribeiraopreto.com.br\\\/sobre\\\/ribeirao-preto-conquista-premio-gestor-eficiente-da-alimentacao-escolar-2012\\\/#breadcrumblist\"},\"author\":{\"@id\":\"https:\\\/\\\/www.encontraribeiraopreto.com.br\\\/sobre\\\/author\\\/eribeiraopreto\\\/#author\"},\"creator\":{\"@id\":\"https:\\\/\\\/www.encontraribeiraopreto.com.br\\\/sobre\\\/author\\\/eribeiraopreto\\\/#author\"},\"datePublished\":\"2012-12-07T00:04:18-03:00\",\"dateModified\":\"2019-04-15T11:25:22-03:00\"},{\"@type\":\"WebSite\",\"@id\":\"https:\\\/\\\/www.encontraribeiraopreto.com.br\\\/sobre\\\/#website\",\"url\":\"https:\\\/\\\/www.encontraribeiraopreto.com.br\\\/sobre\\\/\",\"name\":\"Encontra Ribeir\\u00e3o Preto\",\"description\":\"Not\\u00edcias, eventos, informa\\u00e7\\u00f5es e dicas na cidade Ribeir\\u00e3o Preto e regi\\u00e3o.\",\"inLanguage\":\"pt-BR\",\"publisher\":{\"@id\":\"https:\\\/\\\/www.encontraribeiraopreto.com.br\\\/sobre\\\/#organization\"}}]}\n\t\t<\/script>\n\t\t<!-- All in One SEO -->\n\n","aioseo_head_json":{"title":"Ribeir\u00e3o Preto conquista Pr\u00eamio Gestor Eficiente da Alimenta\u00e7\u00e3o Escolar 2012 - Encontra Ribeir\u00e3o Preto","description":"A equipe da Divis\u00e3o de Alimenta\u00e7\u00e3o Escolar da Secretaria da Educa\u00e7\u00e3o de Ribeir\u00e3o Preto esteve em Bras\u00edlia na \u00faltima quarta-feira, 05 de dezembro, para receber o Pr\u00eamio Gestor Eficiente da Alimenta\u00e7\u00e3o Escolar, edi\u00e7\u00e3o 2012. O munic\u00edpio \u00e9 um dos 29 ganhadores da premia\u00e7\u00e3o oferecida pela Organiza\u00e7\u00e3o N\u00e3o Governamental (ONG) A\u00e7\u00e3o Fome Zero. Aliomar Martins, chefe","canonical_url":"https:\/\/www.encontraribeiraopreto.com.br\/sobre\/ribeirao-preto-conquista-premio-gestor-eficiente-da-alimentacao-escolar-2012\/","robots":"max-image-preview:large","keywords":"","webmasterTools":{"miscellaneous":""},"schema":{"@context":"https:\/\/schema.org","@graph":[{"@type":"BlogPosting","@id":"https:\/\/www.encontraribeiraopreto.com.br\/sobre\/ribeirao-preto-conquista-premio-gestor-eficiente-da-alimentacao-escolar-2012\/#blogposting","name":"Ribeir\u00e3o Preto conquista Pr\u00eamio Gestor Eficiente da Alimenta\u00e7\u00e3o Escolar 2012 - Encontra Ribeir\u00e3o Preto","headline":"Ribeir\u00e3o Preto conquista Pr\u00eamio Gestor Eficiente da Alimenta\u00e7\u00e3o Escolar 2012","author":{"@id":"https:\/\/www.encontraribeiraopreto.com.br\/sobre\/author\/eribeiraopreto\/#author"},"publisher":{"@id":"https:\/\/www.encontraribeiraopreto.com.br\/sobre\/#organization"},"datePublished":"2012-12-07T00:04:18-03:00","dateModified":"2019-04-15T11:25:22-03:00","inLanguage":"pt-BR","mainEntityOfPage":{"@id":"https:\/\/www.encontraribeiraopreto.com.br\/sobre\/ribeirao-preto-conquista-premio-gestor-eficiente-da-alimentacao-escolar-2012\/#webpage"},"isPartOf":{"@id":"https:\/\/www.encontraribeiraopreto.com.br\/sobre\/ribeirao-preto-conquista-premio-gestor-eficiente-da-alimentacao-escolar-2012\/#webpage"},"articleSection":"Not\u00edcias Ribeir\u00e3o Preto, Ribeir\u00e3o Preto"},{"@type":"BreadcrumbList","@id":"https:\/\/www.encontraribeiraopreto.com.br\/sobre\/ribeirao-preto-conquista-premio-gestor-eficiente-da-alimentacao-escolar-2012\/#breadcrumblist","itemListElement":[{"@type":"ListItem","@id":"https:\/\/www.encontraribeiraopreto.com.br\/sobre#listItem","position":1,"name":"In\u00edcio","item":"https:\/\/www.encontraribeiraopreto.com.br\/sobre","nextItem":{"@type":"ListItem","@id":"https:\/\/www.encontraribeiraopreto.com.br\/sobre\/noticias-em-ribeirao-preto\/#listItem","name":"Not\u00edcias Ribeir\u00e3o Preto"}},{"@type":"ListItem","@id":"https:\/\/www.encontraribeiraopreto.com.br\/sobre\/noticias-em-ribeirao-preto\/#listItem","position":2,"name":"Not\u00edcias Ribeir\u00e3o Preto","item":"https:\/\/www.encontraribeiraopreto.com.br\/sobre\/noticias-em-ribeirao-preto\/","nextItem":{"@type":"ListItem","@id":"https:\/\/www.encontraribeiraopreto.com.br\/sobre\/ribeirao-preto-conquista-premio-gestor-eficiente-da-alimentacao-escolar-2012\/#listItem","name":"Ribeir\u00e3o Preto conquista Pr\u00eamio Gestor Eficiente da Alimenta\u00e7\u00e3o Escolar 2012"},"previousItem":{"@type":"ListItem","@id":"https:\/\/www.encontraribeiraopreto.com.br\/sobre#listItem","name":"In\u00edcio"}},{"@type":"ListItem","@id":"https:\/\/www.encontraribeiraopreto.com.br\/sobre\/ribeirao-preto-conquista-premio-gestor-eficiente-da-alimentacao-escolar-2012\/#listItem","position":3,"name":"Ribeir\u00e3o Preto conquista Pr\u00eamio Gestor Eficiente da Alimenta\u00e7\u00e3o Escolar 2012","previousItem":{"@type":"ListItem","@id":"https:\/\/www.encontraribeiraopreto.com.br\/sobre\/noticias-em-ribeirao-preto\/#listItem","name":"Not\u00edcias Ribeir\u00e3o Preto"}}]},{"@type":"Organization","@id":"https:\/\/www.encontraribeiraopreto.com.br\/sobre\/#organization","name":"Encontra Ribeir\u00e3o Preto","description":"Not\u00edcias, eventos, informa\u00e7\u00f5es e dicas na cidade Ribeir\u00e3o Preto e regi\u00e3o.","url":"https:\/\/www.encontraribeiraopreto.com.br\/sobre\/"},{"@type":"Person","@id":"https:\/\/www.encontraribeiraopreto.com.br\/sobre\/author\/eribeiraopreto\/#author","url":"https:\/\/www.encontraribeiraopreto.com.br\/sobre\/author\/eribeiraopreto\/","name":"Encontra Ribeir\u00e3o Preto","image":{"@type":"ImageObject","@id":"https:\/\/www.encontraribeiraopreto.com.br\/sobre\/ribeirao-preto-conquista-premio-gestor-eficiente-da-alimentacao-escolar-2012\/#authorImage","url":"https:\/\/secure.gravatar.com\/avatar\/507340682b8270222e1f208e23198b6ae7e2c6a1033ae84e99bc6bce4f82a387?s=96&d=mm&r=g","width":96,"height":96,"caption":"Encontra Ribeir\u00e3o Preto"}},{"@type":"WebPage","@id":"https:\/\/www.encontraribeiraopreto.com.br\/sobre\/ribeirao-preto-conquista-premio-gestor-eficiente-da-alimentacao-escolar-2012\/#webpage","url":"https:\/\/www.encontraribeiraopreto.com.br\/sobre\/ribeirao-preto-conquista-premio-gestor-eficiente-da-alimentacao-escolar-2012\/","name":"Ribeir\u00e3o Preto conquista Pr\u00eamio Gestor Eficiente da Alimenta\u00e7\u00e3o Escolar 2012 - Encontra Ribeir\u00e3o Preto","description":"A equipe da Divis\u00e3o de Alimenta\u00e7\u00e3o Escolar da Secretaria da Educa\u00e7\u00e3o de Ribeir\u00e3o Preto esteve em Bras\u00edlia na \u00faltima quarta-feira, 05 de dezembro, para receber o Pr\u00eamio Gestor Eficiente da Alimenta\u00e7\u00e3o Escolar, edi\u00e7\u00e3o 2012. O munic\u00edpio \u00e9 um dos 29 ganhadores da premia\u00e7\u00e3o oferecida pela Organiza\u00e7\u00e3o N\u00e3o Governamental (ONG) A\u00e7\u00e3o Fome Zero. Aliomar Martins, chefe","inLanguage":"pt-BR","isPartOf":{"@id":"https:\/\/www.encontraribeiraopreto.com.br\/sobre\/#website"},"breadcrumb":{"@id":"https:\/\/www.encontraribeiraopreto.com.br\/sobre\/ribeirao-preto-conquista-premio-gestor-eficiente-da-alimentacao-escolar-2012\/#breadcrumblist"},"author":{"@id":"https:\/\/www.encontraribeiraopreto.com.br\/sobre\/author\/eribeiraopreto\/#author"},"creator":{"@id":"https:\/\/www.encontraribeiraopreto.com.br\/sobre\/author\/eribeiraopreto\/#author"},"datePublished":"2012-12-07T00:04:18-03:00","dateModified":"2019-04-15T11:25:22-03:00"},{"@type":"WebSite","@id":"https:\/\/www.encontraribeiraopreto.com.br\/sobre\/#website","url":"https:\/\/www.encontraribeiraopreto.com.br\/sobre\/","name":"Encontra Ribeir\u00e3o Preto","description":"Not\u00edcias, eventos, informa\u00e7\u00f5es e dicas na cidade Ribeir\u00e3o Preto e regi\u00e3o.","inLanguage":"pt-BR","publisher":{"@id":"https:\/\/www.encontraribeiraopreto.com.br\/sobre\/#organization"}}]},"og:locale":"pt_BR","og:site_name":"Encontra Ribeir\u00e3o Preto - Not\u00edcias, eventos, informa\u00e7\u00f5es e dicas na cidade Ribeir\u00e3o Preto e regi\u00e3o.","og:type":"article","og:title":"Ribeir\u00e3o Preto conquista Pr\u00eamio Gestor Eficiente da Alimenta\u00e7\u00e3o Escolar 2012 - Encontra Ribeir\u00e3o Preto","og:description":"A equipe da Divis\u00e3o de Alimenta\u00e7\u00e3o Escolar da Secretaria da Educa\u00e7\u00e3o de Ribeir\u00e3o Preto esteve em Bras\u00edlia na \u00faltima quarta-feira, 05 de dezembro, para receber o Pr\u00eamio Gestor Eficiente da Alimenta\u00e7\u00e3o Escolar, edi\u00e7\u00e3o 2012. O munic\u00edpio \u00e9 um dos 29 ganhadores da premia\u00e7\u00e3o oferecida pela Organiza\u00e7\u00e3o N\u00e3o Governamental (ONG) A\u00e7\u00e3o Fome Zero. Aliomar Martins, chefe","og:url":"https:\/\/www.encontraribeiraopreto.com.br\/sobre\/ribeirao-preto-conquista-premio-gestor-eficiente-da-alimentacao-escolar-2012\/","article:published_time":"2012-12-07T03:04:18+00:00","article:modified_time":"2019-04-15T14:25:22+00:00","twitter:card":"summary_large_image","twitter:title":"Ribeir\u00e3o Preto conquista Pr\u00eamio Gestor Eficiente da Alimenta\u00e7\u00e3o Escolar 2012 - Encontra Ribeir\u00e3o Preto","twitter:description":"A equipe da Divis\u00e3o de Alimenta\u00e7\u00e3o Escolar da Secretaria da Educa\u00e7\u00e3o de Ribeir\u00e3o Preto esteve em Bras\u00edlia na \u00faltima quarta-feira, 05 de dezembro, para receber o Pr\u00eamio Gestor Eficiente da Alimenta\u00e7\u00e3o Escolar, edi\u00e7\u00e3o 2012. O munic\u00edpio \u00e9 um dos 29 ganhadores da premia\u00e7\u00e3o oferecida pela Organiza\u00e7\u00e3o N\u00e3o Governamental (ONG) A\u00e7\u00e3o Fome Zero. Aliomar Martins, chefe"},"aioseo_meta_data":{"post_id":"1873","title":null,"description":null,"keywords":null,"keyphrases":null,"primary_term":null,"canonical_url":null,"og_title":null,"og_description":null,"og_object_type":"default","og_image_type":"default","og_image_url":null,"og_image_width":null,"og_image_height":null,"og_image_custom_url":null,"og_image_custom_fields":null,"og_video":null,"og_custom_url":null,"og_article_section":null,"og_article_tags":null,"twitter_use_og":false,"twitter_card":"default","twitter_image_type":"default","twitter_image_url":null,"twitter_image_custom_url":null,"twitter_image_custom_fields":null,"twitter_title":null,"twitter_description":null,"schema":{"blockGraphs":[],"customGraphs":[],"default":{"data":{"Article":[],"Course":[],"Dataset":[],"FAQPage":[],"Movie":[],"Person":[],"Product":[],"ProductReview":[],"Car":[],"Recipe":[],"Service":[],"SoftwareApplication":[],"WebPage":[]},"graphName":"BlogPosting","isEnabled":true},"graphs":[]},"schema_type":null,"schema_type_options":null,"pillar_content":false,"robots_default":true,"robots_noindex":false,"robots_noarchive":false,"robots_nosnippet":false,"robots_nofollow":false,"robots_noimageindex":false,"robots_noodp":false,"robots_notranslate":false,"robots_max_snippet":null,"robots_max_videopreview":null,"robots_max_imagepreview":"large","priority":null,"frequency":null,"local_seo":null,"limit_modified_date":false,"created":"2021-02-24 15:26:58","updated":"2023-03-01 22:21:45","focus_keyword":null,"additional_keywords":null,"truseo_locale":null,"ai":null,"breadcrumb_settings":null,"seo_analyzer_scan_date":null},"aioseo_breadcrumb":"<div class=\"aioseo-breadcrumbs\"><span class=\"aioseo-breadcrumb\">\n\t\t\t<a href=\"https:\/\/www.encontraribeiraopreto.com.br\/sobre\" title=\"In\u00edcio\">In\u00edcio<\/a>\n\t\t<\/span><span class=\"aioseo-breadcrumb-separator\">&raquo;<\/span><span class=\"aioseo-breadcrumb\">\n\t\t\t<a href=\"https:\/\/www.encontraribeiraopreto.com.br\/sobre\/noticias-em-ribeirao-preto\/\" title=\"Not\u00edcias Ribeir\u00e3o Preto\">Not\u00edcias Ribeir\u00e3o Preto<\/a>\n\t\t<\/span><span class=\"aioseo-breadcrumb-separator\">&raquo;<\/span><span class=\"aioseo-breadcrumb\">\n\t\t\tRibeir\u00e3o Preto conquista Pr\u00eamio Gestor Eficiente da Alimenta\u00e7\u00e3o Escolar 2012\n\t\t<\/span><\/div>","aioseo_breadcrumb_json":[{"label":"In\u00edcio","link":"https:\/\/www.encontraribeiraopreto.com.br\/sobre"},{"label":"Not\u00edcias Ribeir\u00e3o Preto","link":"https:\/\/www.encontraribeiraopreto.com.br\/sobre\/noticias-em-ribeirao-preto\/"},{"label":"Ribeir\u00e3o Preto conquista Pr\u00eamio Gestor Eficiente da Alimenta\u00e7\u00e3o Escolar 2012","link":"https:\/\/www.encontraribeiraopreto.com.br\/sobre\/ribeirao-preto-conquista-premio-gestor-eficiente-da-alimentacao-escolar-2012\/"}],"_links":{"self":[{"href":"https:\/\/www.encontraribeiraopreto.com.br\/sobre\/wp-json\/wp\/v2\/posts\/1873","targetHints":{"allow":["GET"]}}],"collection":[{"href":"https:\/\/www.encontraribeiraopreto.com.br\/sobre\/wp-json\/wp\/v2\/posts"}],"about":[{"href":"https:\/\/www.encontraribeiraopreto.com.br\/sobre\/wp-json\/wp\/v2\/types\/post"}],"author":[{"embeddable":true,"href":"https:\/\/www.encontraribeiraopreto.com.br\/sobre\/wp-json\/wp\/v2\/users\/1"}],"replies":[{"embeddable":true,"href":"https:\/\/www.encontraribeiraopreto.com.br\/sobre\/wp-json\/wp\/v2\/comments?post=1873"}],"version-history":[{"count":0,"href":"https:\/\/www.encontraribeiraopreto.com.br\/sobre\/wp-json\/wp\/v2\/posts\/1873\/revisions"}],"wp:attachment":[{"href":"https:\/\/www.encontraribeiraopreto.com.br\/sobre\/wp-json\/wp\/v2\/media?parent=1873"}],"wp:term":[{"taxonomy":"category","embeddable":true,"href":"https:\/\/www.encontraribeiraopreto.com.br\/sobre\/wp-json\/wp\/v2\/categories?post=1873"},{"taxonomy":"post_tag","embeddable":true,"href":"https:\/\/www.encontraribeiraopreto.com.br\/sobre\/wp-json\/wp\/v2\/tags?post=1873"}],"curies":[{"name":"wp","href":"https:\/\/api.w.org\/{rel}","templated":true}]}}