{"id":1986,"date":"2012-12-20T00:29:54","date_gmt":"2012-12-20T03:29:54","guid":{"rendered":"http:\/\/www.encontraribeiraopreto.com.br\/noticias\/?p=1986"},"modified":"2019-04-15T11:25:18","modified_gmt":"2019-04-15T14:25:18","slug":"contratacoes-em-novembro-diminuem-19-por-cento-em-ribeirao-preto","status":"publish","type":"post","link":"https:\/\/www.encontraribeiraopreto.com.br\/sobre\/contratacoes-em-novembro-diminuem-19-por-cento-em-ribeirao-preto\/","title":{"rendered":"Contrata\u00e7\u00f5es em novembro diminuem 19 por cento em Ribeir\u00e3o Preto"},"content":{"rendered":"<div class=\"cd7ef838bed10b2b4567f853226bc383\" data-index=\"1\" style=\"float: none; margin:0px;\">\n<!-- Anuncio display - global -->\r\n<ins class=\"adsbygoogle\"\r\n     style=\"display:block\"\r\n     data-ad-client=\"ca-pub-8585364105181520\"\r\n     data-ad-slot=\"8789329856\"\r\n     data-ad-format=\"auto\"\r\n     data-full-width-responsive=\"true\"><\/ins>\r\n<script>\r\n     (adsbygoogle = window.adsbygoogle || []).push({});\r\n<\/script>\r\n\n<\/div>\n<p>A cria\u00e7\u00e3o de postos de emprego em\u00a0Ribeir\u00e3o Preto\u00a0(SP) caiu 19% no m\u00eas de novembro deste ano em rela\u00e7\u00e3o ao mesmo per\u00edodo do ano passado, segundo o Cadastro Geral de Empregados e Desempregados (Caged) divulgados pelo Minist\u00e9rio do Trabalho e <a title=\"Emprego em Ribeir\u00e3o Preto\" href=\"http:\/\/www.encontraribeiraopreto.com.br\/a\/agencia-de-empregos-em-ribeirao-preto.shtml\" target=\"_blank\">Emprego<\/a> (MTE) na \u00faltima quarta-feira (19). Em novembro de 2011 a cidade ocupava a terceira posi\u00e7\u00e3o em contrata\u00e7\u00f5es no <a href=\"http:\/\/www.encontrasaopaulo.com.br\/\" target=\"_blank\">Estado de S\u00e3o Paulo<\/a>, com saldo de 1.434 novos empregados. Em novembro de 2012, Ribeir\u00e3o ficou na sexta coloca\u00e7\u00e3o, com 1.205 novos postos criados.<\/p>\n<p>No geral, este ano Ribeir\u00e3o Preto tamb\u00e9m registra saldo de contrata\u00e7\u00f5es positivo. De janeiro a novembro foram 9.367.<\/p>\n<p>O setor que mais contratou em novembro foi o com\u00e9rcio, com 766 novos postos, seguido pela \u00e1rea de servi\u00e7os, com 651. A constru\u00e7\u00e3o civil fechou no negativo, com 186 demiss\u00f5es a mais do que contrata\u00e7\u00f5es.<\/p>\n<div><strong>Redu\u00e7\u00e3o n\u00e3o implica em crise<\/strong><\/div>\n<p>Segundo o economista Jos\u00e9 Rita Moreira a redu\u00e7\u00e3o no n\u00famero de contrata\u00e7\u00f5es n\u00e3o significa um mau momento da economia ribeir\u00e3o-pretana. Para ele a cidade est\u00e1 se desenvolvendo e o que ocorre \u00e9 um remanejamento dos profissionais dentro das empresas.<\/p>\n<p>\u201cA redu\u00e7\u00e3o da gera\u00e7\u00e3o de empregos n\u00e3o se trata de uma crise e sim de uma realoca\u00e7\u00e3o de m\u00e3o de obra. N\u00e3o existe uma oferta abundante de m\u00e3o de obra, ent\u00e3o \u00e0s vezes a empresa prefere treinar a contratar algu\u00e9m pronto\u201d, afirmou.<\/p>\n<p>Para ele as demiss\u00f5es no setor de constru\u00e7\u00e3o civil se devem \u00e0s conclus\u00f5es de empreendimentos. \u201cN\u00f3s teremos um excesso de oferta de empreendimentos comerciais em 2013. Este ano tamb\u00e9m, muitos im\u00f3veis foram entregues. Novas contrata\u00e7\u00f5es v\u00e3o ocorrer quando novos empreendimentos forem entregues\u201d, diz.<\/p>\n<p><em>Fonte: G1<\/em><\/p>\n\n<div style=\"font-size: 0px; height: 0px; line-height: 0px; margin: 0; padding: 0; clear: both;\"><\/div>","protected":false},"excerpt":{"rendered":"<p>A cria\u00e7\u00e3o de postos de emprego em\u00a0Ribeir\u00e3o Preto\u00a0(SP) caiu 19% no m\u00eas de novembro deste ano em rela\u00e7\u00e3o ao mesmo per\u00edodo do ano passado, segundo o Cadastro Geral de Empregados e Desempregados (Caged) divulgados pelo Minist\u00e9rio do Trabalho e Emprego (MTE) na \u00faltima quarta-feira (19). Em novembro de 2011 a cidade ocupava a terceira posi\u00e7\u00e3o em contrata\u00e7\u00f5es no Estado de S\u00e3o Paulo, com saldo de 1.434 novos empregados. Em novembro de 2012, Ribeir\u00e3o ficou na sexta coloca\u00e7\u00e3o, com 1.205 novos postos criados. No geral, este ano Ribeir\u00e3o Preto tamb\u00e9m registra saldo de contrata\u00e7\u00f5es positivo. De janeiro a novembro foram 9.367. <\/p>\n","protected":false},"author":1,"featured_media":0,"comment_status":"open","ping_status":"closed","sticky":false,"template":"","format":"standard","meta":{"footnotes":""},"categories":[6],"tags":[14],"class_list":["post-1986","post","type-post","status-publish","format-standard","hentry","category-noticias-em-ribeirao-preto","tag-ribeirao-preto"],"aioseo_notices":[],"aioseo_head":"\n\t\t<!-- All in One SEO 5.0.0.1 - aioseo.com -->\n\t<meta name=\"description\" content=\"A cria\u00e7\u00e3o de postos de emprego em Ribeir\u00e3o Preto (SP) caiu 19% no m\u00eas de novembro deste ano em rela\u00e7\u00e3o ao mesmo per\u00edodo do ano passado, segundo o Cadastro Geral de Empregados e Desempregados (Caged) divulgados pelo Minist\u00e9rio do Trabalho e Emprego (MTE) na \u00faltima quarta-feira (19). Em novembro de 2011 a cidade ocupava a terceira posi\u00e7\u00e3o\" \/>\n\t<meta name=\"robots\" content=\"max-image-preview:large\" \/>\n\t<meta name=\"author\" content=\"Encontra Ribeir\u00e3o Preto\"\/>\n\t<link rel=\"canonical\" href=\"https:\/\/www.encontraribeiraopreto.com.br\/sobre\/contratacoes-em-novembro-diminuem-19-por-cento-em-ribeirao-preto\/\" \/>\n\t<meta name=\"generator\" content=\"All in One SEO (AIOSEO) 5.0.0.1\" \/>\n\t\t<meta property=\"og:locale\" content=\"pt_BR\" \/>\n\t\t<meta property=\"og:site_name\" content=\"Encontra Ribeir\u00e3o Preto - Not\u00edcias, eventos, informa\u00e7\u00f5es e dicas na cidade Ribeir\u00e3o Preto e regi\u00e3o.\" \/>\n\t\t<meta property=\"og:type\" content=\"article\" \/>\n\t\t<meta property=\"og:title\" content=\"Contrata\u00e7\u00f5es em novembro diminuem 19 por cento em Ribeir\u00e3o Preto - Encontra Ribeir\u00e3o Preto\" \/>\n\t\t<meta property=\"og:description\" content=\"A cria\u00e7\u00e3o de postos de emprego em Ribeir\u00e3o Preto (SP) caiu 19% no m\u00eas de novembro deste ano em rela\u00e7\u00e3o ao mesmo per\u00edodo do ano passado, segundo o Cadastro Geral de Empregados e Desempregados (Caged) divulgados pelo Minist\u00e9rio do Trabalho e Emprego (MTE) na \u00faltima quarta-feira (19). Em novembro de 2011 a cidade ocupava a terceira posi\u00e7\u00e3o\" \/>\n\t\t<meta property=\"og:url\" content=\"https:\/\/www.encontraribeiraopreto.com.br\/sobre\/contratacoes-em-novembro-diminuem-19-por-cento-em-ribeirao-preto\/\" \/>\n\t\t<meta property=\"article:published_time\" content=\"2012-12-20T03:29:54+00:00\" \/>\n\t\t<meta property=\"article:modified_time\" content=\"2019-04-15T14:25:18+00:00\" \/>\n\t\t<meta name=\"twitter:card\" content=\"summary_large_image\" \/>\n\t\t<meta name=\"twitter:title\" content=\"Contrata\u00e7\u00f5es em novembro diminuem 19 por cento em Ribeir\u00e3o Preto - Encontra Ribeir\u00e3o Preto\" \/>\n\t\t<meta name=\"twitter:description\" content=\"A cria\u00e7\u00e3o de postos de emprego em Ribeir\u00e3o Preto (SP) caiu 19% no m\u00eas de novembro deste ano em rela\u00e7\u00e3o ao mesmo per\u00edodo do ano passado, segundo o Cadastro Geral de Empregados e Desempregados (Caged) divulgados pelo Minist\u00e9rio do Trabalho e Emprego (MTE) na \u00faltima quarta-feira (19). Em novembro de 2011 a cidade ocupava a terceira posi\u00e7\u00e3o\" \/>\n\t\t<script type=\"application\/ld+json\" class=\"aioseo-schema\">\n\t\t\t{\"@context\":\"https:\\\/\\\/schema.org\",\"@graph\":[{\"@type\":\"BlogPosting\",\"@id\":\"https:\\\/\\\/www.encontraribeiraopreto.com.br\\\/sobre\\\/contratacoes-em-novembro-diminuem-19-por-cento-em-ribeirao-preto\\\/#blogposting\",\"name\":\"Contrata\\u00e7\\u00f5es em novembro diminuem 19 por cento em Ribeir\\u00e3o Preto - Encontra Ribeir\\u00e3o Preto\",\"headline\":\"Contrata\\u00e7\\u00f5es em novembro diminuem 19 por cento em Ribeir\\u00e3o Preto\",\"author\":{\"@id\":\"https:\\\/\\\/www.encontraribeiraopreto.com.br\\\/sobre\\\/author\\\/eribeiraopreto\\\/#author\"},\"publisher\":{\"@id\":\"https:\\\/\\\/www.encontraribeiraopreto.com.br\\\/sobre\\\/#organization\"},\"datePublished\":\"2012-12-20T00:29:54-03:00\",\"dateModified\":\"2019-04-15T11:25:18-03:00\",\"inLanguage\":\"pt-BR\",\"mainEntityOfPage\":{\"@id\":\"https:\\\/\\\/www.encontraribeiraopreto.com.br\\\/sobre\\\/contratacoes-em-novembro-diminuem-19-por-cento-em-ribeirao-preto\\\/#webpage\"},\"isPartOf\":{\"@id\":\"https:\\\/\\\/www.encontraribeiraopreto.com.br\\\/sobre\\\/contratacoes-em-novembro-diminuem-19-por-cento-em-ribeirao-preto\\\/#webpage\"},\"articleSection\":\"Not\\u00edcias Ribeir\\u00e3o Preto, Ribeir\\u00e3o Preto\"},{\"@type\":\"BreadcrumbList\",\"@id\":\"https:\\\/\\\/www.encontraribeiraopreto.com.br\\\/sobre\\\/contratacoes-em-novembro-diminuem-19-por-cento-em-ribeirao-preto\\\/#breadcrumblist\",\"itemListElement\":[{\"@type\":\"ListItem\",\"@id\":\"https:\\\/\\\/www.encontraribeiraopreto.com.br\\\/sobre#listItem\",\"position\":1,\"name\":\"In\\u00edcio\",\"item\":\"https:\\\/\\\/www.encontraribeiraopreto.com.br\\\/sobre\",\"nextItem\":{\"@type\":\"ListItem\",\"@id\":\"https:\\\/\\\/www.encontraribeiraopreto.com.br\\\/sobre\\\/noticias-em-ribeirao-preto\\\/#listItem\",\"name\":\"Not\\u00edcias Ribeir\\u00e3o Preto\"}},{\"@type\":\"ListItem\",\"@id\":\"https:\\\/\\\/www.encontraribeiraopreto.com.br\\\/sobre\\\/noticias-em-ribeirao-preto\\\/#listItem\",\"position\":2,\"name\":\"Not\\u00edcias Ribeir\\u00e3o Preto\",\"item\":\"https:\\\/\\\/www.encontraribeiraopreto.com.br\\\/sobre\\\/noticias-em-ribeirao-preto\\\/\",\"nextItem\":{\"@type\":\"ListItem\",\"@id\":\"https:\\\/\\\/www.encontraribeiraopreto.com.br\\\/sobre\\\/contratacoes-em-novembro-diminuem-19-por-cento-em-ribeirao-preto\\\/#listItem\",\"name\":\"Contrata\\u00e7\\u00f5es em novembro diminuem 19 por cento em Ribeir\\u00e3o Preto\"},\"previousItem\":{\"@type\":\"ListItem\",\"@id\":\"https:\\\/\\\/www.encontraribeiraopreto.com.br\\\/sobre#listItem\",\"name\":\"In\\u00edcio\"}},{\"@type\":\"ListItem\",\"@id\":\"https:\\\/\\\/www.encontraribeiraopreto.com.br\\\/sobre\\\/contratacoes-em-novembro-diminuem-19-por-cento-em-ribeirao-preto\\\/#listItem\",\"position\":3,\"name\":\"Contrata\\u00e7\\u00f5es em novembro diminuem 19 por cento em Ribeir\\u00e3o Preto\",\"previousItem\":{\"@type\":\"ListItem\",\"@id\":\"https:\\\/\\\/www.encontraribeiraopreto.com.br\\\/sobre\\\/noticias-em-ribeirao-preto\\\/#listItem\",\"name\":\"Not\\u00edcias Ribeir\\u00e3o Preto\"}}]},{\"@type\":\"Organization\",\"@id\":\"https:\\\/\\\/www.encontraribeiraopreto.com.br\\\/sobre\\\/#organization\",\"name\":\"Encontra Ribeir\\u00e3o Preto\",\"description\":\"Not\\u00edcias, eventos, informa\\u00e7\\u00f5es e dicas na cidade Ribeir\\u00e3o Preto e regi\\u00e3o.\",\"url\":\"https:\\\/\\\/www.encontraribeiraopreto.com.br\\\/sobre\\\/\"},{\"@type\":\"Person\",\"@id\":\"https:\\\/\\\/www.encontraribeiraopreto.com.br\\\/sobre\\\/author\\\/eribeiraopreto\\\/#author\",\"url\":\"https:\\\/\\\/www.encontraribeiraopreto.com.br\\\/sobre\\\/author\\\/eribeiraopreto\\\/\",\"name\":\"Encontra Ribeir\\u00e3o Preto\",\"image\":{\"@type\":\"ImageObject\",\"@id\":\"https:\\\/\\\/www.encontraribeiraopreto.com.br\\\/sobre\\\/contratacoes-em-novembro-diminuem-19-por-cento-em-ribeirao-preto\\\/#authorImage\",\"url\":\"https:\\\/\\\/secure.gravatar.com\\\/avatar\\\/507340682b8270222e1f208e23198b6ae7e2c6a1033ae84e99bc6bce4f82a387?s=96&d=mm&r=g\",\"width\":96,\"height\":96,\"caption\":\"Encontra Ribeir\\u00e3o Preto\"}},{\"@type\":\"WebPage\",\"@id\":\"https:\\\/\\\/www.encontraribeiraopreto.com.br\\\/sobre\\\/contratacoes-em-novembro-diminuem-19-por-cento-em-ribeirao-preto\\\/#webpage\",\"url\":\"https:\\\/\\\/www.encontraribeiraopreto.com.br\\\/sobre\\\/contratacoes-em-novembro-diminuem-19-por-cento-em-ribeirao-preto\\\/\",\"name\":\"Contrata\\u00e7\\u00f5es em novembro diminuem 19 por cento em Ribeir\\u00e3o Preto - Encontra Ribeir\\u00e3o Preto\",\"description\":\"A cria\\u00e7\\u00e3o de postos de emprego em Ribeir\\u00e3o Preto (SP) caiu 19% no m\\u00eas de novembro deste ano em rela\\u00e7\\u00e3o ao mesmo per\\u00edodo do ano passado, segundo o Cadastro Geral de Empregados e Desempregados (Caged) divulgados pelo Minist\\u00e9rio do Trabalho e Emprego (MTE) na \\u00faltima quarta-feira (19). Em novembro de 2011 a cidade ocupava a terceira posi\\u00e7\\u00e3o\",\"inLanguage\":\"pt-BR\",\"isPartOf\":{\"@id\":\"https:\\\/\\\/www.encontraribeiraopreto.com.br\\\/sobre\\\/#website\"},\"breadcrumb\":{\"@id\":\"https:\\\/\\\/www.encontraribeiraopreto.com.br\\\/sobre\\\/contratacoes-em-novembro-diminuem-19-por-cento-em-ribeirao-preto\\\/#breadcrumblist\"},\"author\":{\"@id\":\"https:\\\/\\\/www.encontraribeiraopreto.com.br\\\/sobre\\\/author\\\/eribeiraopreto\\\/#author\"},\"creator\":{\"@id\":\"https:\\\/\\\/www.encontraribeiraopreto.com.br\\\/sobre\\\/author\\\/eribeiraopreto\\\/#author\"},\"datePublished\":\"2012-12-20T00:29:54-03:00\",\"dateModified\":\"2019-04-15T11:25:18-03:00\"},{\"@type\":\"WebSite\",\"@id\":\"https:\\\/\\\/www.encontraribeiraopreto.com.br\\\/sobre\\\/#website\",\"url\":\"https:\\\/\\\/www.encontraribeiraopreto.com.br\\\/sobre\\\/\",\"name\":\"Encontra Ribeir\\u00e3o Preto\",\"description\":\"Not\\u00edcias, eventos, informa\\u00e7\\u00f5es e dicas na cidade Ribeir\\u00e3o Preto e regi\\u00e3o.\",\"inLanguage\":\"pt-BR\",\"publisher\":{\"@id\":\"https:\\\/\\\/www.encontraribeiraopreto.com.br\\\/sobre\\\/#organization\"}}]}\n\t\t<\/script>\n\t\t<!-- All in One SEO -->\n\n","aioseo_head_json":{"title":"Contrata\u00e7\u00f5es em novembro diminuem 19 por cento em Ribeir\u00e3o Preto - Encontra Ribeir\u00e3o Preto","description":"A cria\u00e7\u00e3o de postos de emprego em Ribeir\u00e3o Preto (SP) caiu 19% no m\u00eas de novembro deste ano em rela\u00e7\u00e3o ao mesmo per\u00edodo do ano passado, segundo o Cadastro Geral de Empregados e Desempregados (Caged) divulgados pelo Minist\u00e9rio do Trabalho e Emprego (MTE) na \u00faltima quarta-feira (19). Em novembro de 2011 a cidade ocupava a terceira posi\u00e7\u00e3o","canonical_url":"https:\/\/www.encontraribeiraopreto.com.br\/sobre\/contratacoes-em-novembro-diminuem-19-por-cento-em-ribeirao-preto\/","robots":"max-image-preview:large","keywords":"","webmasterTools":{"miscellaneous":""},"schema":{"@context":"https:\/\/schema.org","@graph":[{"@type":"BlogPosting","@id":"https:\/\/www.encontraribeiraopreto.com.br\/sobre\/contratacoes-em-novembro-diminuem-19-por-cento-em-ribeirao-preto\/#blogposting","name":"Contrata\u00e7\u00f5es em novembro diminuem 19 por cento em Ribeir\u00e3o Preto - Encontra Ribeir\u00e3o Preto","headline":"Contrata\u00e7\u00f5es em novembro diminuem 19 por cento em Ribeir\u00e3o Preto","author":{"@id":"https:\/\/www.encontraribeiraopreto.com.br\/sobre\/author\/eribeiraopreto\/#author"},"publisher":{"@id":"https:\/\/www.encontraribeiraopreto.com.br\/sobre\/#organization"},"datePublished":"2012-12-20T00:29:54-03:00","dateModified":"2019-04-15T11:25:18-03:00","inLanguage":"pt-BR","mainEntityOfPage":{"@id":"https:\/\/www.encontraribeiraopreto.com.br\/sobre\/contratacoes-em-novembro-diminuem-19-por-cento-em-ribeirao-preto\/#webpage"},"isPartOf":{"@id":"https:\/\/www.encontraribeiraopreto.com.br\/sobre\/contratacoes-em-novembro-diminuem-19-por-cento-em-ribeirao-preto\/#webpage"},"articleSection":"Not\u00edcias Ribeir\u00e3o Preto, Ribeir\u00e3o Preto"},{"@type":"BreadcrumbList","@id":"https:\/\/www.encontraribeiraopreto.com.br\/sobre\/contratacoes-em-novembro-diminuem-19-por-cento-em-ribeirao-preto\/#breadcrumblist","itemListElement":[{"@type":"ListItem","@id":"https:\/\/www.encontraribeiraopreto.com.br\/sobre#listItem","position":1,"name":"In\u00edcio","item":"https:\/\/www.encontraribeiraopreto.com.br\/sobre","nextItem":{"@type":"ListItem","@id":"https:\/\/www.encontraribeiraopreto.com.br\/sobre\/noticias-em-ribeirao-preto\/#listItem","name":"Not\u00edcias Ribeir\u00e3o Preto"}},{"@type":"ListItem","@id":"https:\/\/www.encontraribeiraopreto.com.br\/sobre\/noticias-em-ribeirao-preto\/#listItem","position":2,"name":"Not\u00edcias Ribeir\u00e3o Preto","item":"https:\/\/www.encontraribeiraopreto.com.br\/sobre\/noticias-em-ribeirao-preto\/","nextItem":{"@type":"ListItem","@id":"https:\/\/www.encontraribeiraopreto.com.br\/sobre\/contratacoes-em-novembro-diminuem-19-por-cento-em-ribeirao-preto\/#listItem","name":"Contrata\u00e7\u00f5es em novembro diminuem 19 por cento em Ribeir\u00e3o Preto"},"previousItem":{"@type":"ListItem","@id":"https:\/\/www.encontraribeiraopreto.com.br\/sobre#listItem","name":"In\u00edcio"}},{"@type":"ListItem","@id":"https:\/\/www.encontraribeiraopreto.com.br\/sobre\/contratacoes-em-novembro-diminuem-19-por-cento-em-ribeirao-preto\/#listItem","position":3,"name":"Contrata\u00e7\u00f5es em novembro diminuem 19 por cento em Ribeir\u00e3o Preto","previousItem":{"@type":"ListItem","@id":"https:\/\/www.encontraribeiraopreto.com.br\/sobre\/noticias-em-ribeirao-preto\/#listItem","name":"Not\u00edcias Ribeir\u00e3o Preto"}}]},{"@type":"Organization","@id":"https:\/\/www.encontraribeiraopreto.com.br\/sobre\/#organization","name":"Encontra Ribeir\u00e3o Preto","description":"Not\u00edcias, eventos, informa\u00e7\u00f5es e dicas na cidade Ribeir\u00e3o Preto e regi\u00e3o.","url":"https:\/\/www.encontraribeiraopreto.com.br\/sobre\/"},{"@type":"Person","@id":"https:\/\/www.encontraribeiraopreto.com.br\/sobre\/author\/eribeiraopreto\/#author","url":"https:\/\/www.encontraribeiraopreto.com.br\/sobre\/author\/eribeiraopreto\/","name":"Encontra Ribeir\u00e3o Preto","image":{"@type":"ImageObject","@id":"https:\/\/www.encontraribeiraopreto.com.br\/sobre\/contratacoes-em-novembro-diminuem-19-por-cento-em-ribeirao-preto\/#authorImage","url":"https:\/\/secure.gravatar.com\/avatar\/507340682b8270222e1f208e23198b6ae7e2c6a1033ae84e99bc6bce4f82a387?s=96&d=mm&r=g","width":96,"height":96,"caption":"Encontra Ribeir\u00e3o Preto"}},{"@type":"WebPage","@id":"https:\/\/www.encontraribeiraopreto.com.br\/sobre\/contratacoes-em-novembro-diminuem-19-por-cento-em-ribeirao-preto\/#webpage","url":"https:\/\/www.encontraribeiraopreto.com.br\/sobre\/contratacoes-em-novembro-diminuem-19-por-cento-em-ribeirao-preto\/","name":"Contrata\u00e7\u00f5es em novembro diminuem 19 por cento em Ribeir\u00e3o Preto - Encontra Ribeir\u00e3o Preto","description":"A cria\u00e7\u00e3o de postos de emprego em Ribeir\u00e3o Preto (SP) caiu 19% no m\u00eas de novembro deste ano em rela\u00e7\u00e3o ao mesmo per\u00edodo do ano passado, segundo o Cadastro Geral de Empregados e Desempregados (Caged) divulgados pelo Minist\u00e9rio do Trabalho e Emprego (MTE) na \u00faltima quarta-feira (19). Em novembro de 2011 a cidade ocupava a terceira posi\u00e7\u00e3o","inLanguage":"pt-BR","isPartOf":{"@id":"https:\/\/www.encontraribeiraopreto.com.br\/sobre\/#website"},"breadcrumb":{"@id":"https:\/\/www.encontraribeiraopreto.com.br\/sobre\/contratacoes-em-novembro-diminuem-19-por-cento-em-ribeirao-preto\/#breadcrumblist"},"author":{"@id":"https:\/\/www.encontraribeiraopreto.com.br\/sobre\/author\/eribeiraopreto\/#author"},"creator":{"@id":"https:\/\/www.encontraribeiraopreto.com.br\/sobre\/author\/eribeiraopreto\/#author"},"datePublished":"2012-12-20T00:29:54-03:00","dateModified":"2019-04-15T11:25:18-03:00"},{"@type":"WebSite","@id":"https:\/\/www.encontraribeiraopreto.com.br\/sobre\/#website","url":"https:\/\/www.encontraribeiraopreto.com.br\/sobre\/","name":"Encontra Ribeir\u00e3o Preto","description":"Not\u00edcias, eventos, informa\u00e7\u00f5es e dicas na cidade Ribeir\u00e3o Preto e regi\u00e3o.","inLanguage":"pt-BR","publisher":{"@id":"https:\/\/www.encontraribeiraopreto.com.br\/sobre\/#organization"}}]},"og:locale":"pt_BR","og:site_name":"Encontra Ribeir\u00e3o Preto - Not\u00edcias, eventos, informa\u00e7\u00f5es e dicas na cidade Ribeir\u00e3o Preto e regi\u00e3o.","og:type":"article","og:title":"Contrata\u00e7\u00f5es em novembro diminuem 19 por cento em Ribeir\u00e3o Preto - Encontra Ribeir\u00e3o Preto","og:description":"A cria\u00e7\u00e3o de postos de emprego em Ribeir\u00e3o Preto (SP) caiu 19% no m\u00eas de novembro deste ano em rela\u00e7\u00e3o ao mesmo per\u00edodo do ano passado, segundo o Cadastro Geral de Empregados e Desempregados (Caged) divulgados pelo Minist\u00e9rio do Trabalho e Emprego (MTE) na \u00faltima quarta-feira (19). Em novembro de 2011 a cidade ocupava a terceira posi\u00e7\u00e3o","og:url":"https:\/\/www.encontraribeiraopreto.com.br\/sobre\/contratacoes-em-novembro-diminuem-19-por-cento-em-ribeirao-preto\/","article:published_time":"2012-12-20T03:29:54+00:00","article:modified_time":"2019-04-15T14:25:18+00:00","twitter:card":"summary_large_image","twitter:title":"Contrata\u00e7\u00f5es em novembro diminuem 19 por cento em Ribeir\u00e3o Preto - Encontra Ribeir\u00e3o Preto","twitter:description":"A cria\u00e7\u00e3o de postos de emprego em Ribeir\u00e3o Preto (SP) caiu 19% no m\u00eas de novembro deste ano em rela\u00e7\u00e3o ao mesmo per\u00edodo do ano passado, segundo o Cadastro Geral de Empregados e Desempregados (Caged) divulgados pelo Minist\u00e9rio do Trabalho e Emprego (MTE) na \u00faltima quarta-feira (19). Em novembro de 2011 a cidade ocupava a terceira posi\u00e7\u00e3o"},"aioseo_meta_data":{"post_id":"1986","title":null,"description":null,"keywords":null,"keyphrases":null,"primary_term":null,"canonical_url":null,"og_title":null,"og_description":null,"og_object_type":"default","og_image_type":"default","og_image_url":null,"og_image_width":null,"og_image_height":null,"og_image_custom_url":null,"og_image_custom_fields":null,"og_video":null,"og_custom_url":null,"og_article_section":null,"og_article_tags":null,"twitter_use_og":false,"twitter_card":"default","twitter_image_type":"default","twitter_image_url":null,"twitter_image_custom_url":null,"twitter_image_custom_fields":null,"twitter_title":null,"twitter_description":null,"schema":{"blockGraphs":[],"customGraphs":[],"default":{"data":{"Article":[],"Course":[],"Dataset":[],"FAQPage":[],"Movie":[],"Person":[],"Product":[],"ProductReview":[],"Car":[],"Recipe":[],"Service":[],"SoftwareApplication":[],"WebPage":[]},"graphName":"BlogPosting","isEnabled":true},"graphs":[]},"schema_type":null,"schema_type_options":null,"pillar_content":false,"robots_default":true,"robots_noindex":false,"robots_noarchive":false,"robots_nosnippet":false,"robots_nofollow":false,"robots_noimageindex":false,"robots_noodp":false,"robots_notranslate":false,"robots_max_snippet":null,"robots_max_videopreview":null,"robots_max_imagepreview":"large","priority":null,"frequency":null,"local_seo":null,"limit_modified_date":false,"created":"2021-02-24 15:46:03","updated":"2023-03-07 15:17:02","focus_keyword":null,"additional_keywords":null,"truseo_locale":null,"ai":null,"breadcrumb_settings":null,"seo_analyzer_scan_date":null},"aioseo_breadcrumb":"<div class=\"aioseo-breadcrumbs\"><span class=\"aioseo-breadcrumb\">\n\t\t\t<a href=\"https:\/\/www.encontraribeiraopreto.com.br\/sobre\" title=\"In\u00edcio\">In\u00edcio<\/a>\n\t\t<\/span><span class=\"aioseo-breadcrumb-separator\">&raquo;<\/span><span class=\"aioseo-breadcrumb\">\n\t\t\t<a href=\"https:\/\/www.encontraribeiraopreto.com.br\/sobre\/noticias-em-ribeirao-preto\/\" title=\"Not\u00edcias Ribeir\u00e3o Preto\">Not\u00edcias Ribeir\u00e3o Preto<\/a>\n\t\t<\/span><span class=\"aioseo-breadcrumb-separator\">&raquo;<\/span><span class=\"aioseo-breadcrumb\">\n\t\t\tContrata\u00e7\u00f5es em novembro diminuem 19 por cento em Ribeir\u00e3o Preto\n\t\t<\/span><\/div>","aioseo_breadcrumb_json":[{"label":"In\u00edcio","link":"https:\/\/www.encontraribeiraopreto.com.br\/sobre"},{"label":"Not\u00edcias Ribeir\u00e3o Preto","link":"https:\/\/www.encontraribeiraopreto.com.br\/sobre\/noticias-em-ribeirao-preto\/"},{"label":"Contrata\u00e7\u00f5es em novembro diminuem 19 por cento em Ribeir\u00e3o Preto","link":"https:\/\/www.encontraribeiraopreto.com.br\/sobre\/contratacoes-em-novembro-diminuem-19-por-cento-em-ribeirao-preto\/"}],"_links":{"self":[{"href":"https:\/\/www.encontraribeiraopreto.com.br\/sobre\/wp-json\/wp\/v2\/posts\/1986","targetHints":{"allow":["GET"]}}],"collection":[{"href":"https:\/\/www.encontraribeiraopreto.com.br\/sobre\/wp-json\/wp\/v2\/posts"}],"about":[{"href":"https:\/\/www.encontraribeiraopreto.com.br\/sobre\/wp-json\/wp\/v2\/types\/post"}],"author":[{"embeddable":true,"href":"https:\/\/www.encontraribeiraopreto.com.br\/sobre\/wp-json\/wp\/v2\/users\/1"}],"replies":[{"embeddable":true,"href":"https:\/\/www.encontraribeiraopreto.com.br\/sobre\/wp-json\/wp\/v2\/comments?post=1986"}],"version-history":[{"count":0,"href":"https:\/\/www.encontraribeiraopreto.com.br\/sobre\/wp-json\/wp\/v2\/posts\/1986\/revisions"}],"wp:attachment":[{"href":"https:\/\/www.encontraribeiraopreto.com.br\/sobre\/wp-json\/wp\/v2\/media?parent=1986"}],"wp:term":[{"taxonomy":"category","embeddable":true,"href":"https:\/\/www.encontraribeiraopreto.com.br\/sobre\/wp-json\/wp\/v2\/categories?post=1986"},{"taxonomy":"post_tag","embeddable":true,"href":"https:\/\/www.encontraribeiraopreto.com.br\/sobre\/wp-json\/wp\/v2\/tags?post=1986"}],"curies":[{"name":"wp","href":"https:\/\/api.w.org\/{rel}","templated":true}]}}