{"id":2092,"date":"2013-01-08T00:15:56","date_gmt":"2013-01-08T03:15:56","guid":{"rendered":"http:\/\/www.encontraribeiraopreto.com.br\/noticias\/?p=2092"},"modified":"2019-04-15T11:25:15","modified_gmt":"2019-04-15T14:25:15","slug":"iptu-reajustado-comeca-a-ser-entregue-em-ribeirao-preto","status":"publish","type":"post","link":"https:\/\/www.encontraribeiraopreto.com.br\/sobre\/iptu-reajustado-comeca-a-ser-entregue-em-ribeirao-preto\/","title":{"rendered":"IPTU reajustado come\u00e7a a ser entregue em Ribeir\u00e3o Preto"},"content":{"rendered":"<div class=\"cd7ef838bed10b2b4567f853226bc383\" data-index=\"1\" style=\"float: none; margin:0px;\">\n<!-- Anuncio display - global -->\r\n<ins class=\"adsbygoogle\"\r\n     style=\"display:block\"\r\n     data-ad-client=\"ca-pub-8585364105181520\"\r\n     data-ad-slot=\"8789329856\"\r\n     data-ad-format=\"auto\"\r\n     data-full-width-responsive=\"true\"><\/ins>\r\n<script>\r\n     (adsbygoogle = window.adsbygoogle || []).push({});\r\n<\/script>\r\n\n<\/div>\n<p>A <a href=\"http:\/\/www.encontraribeiraopreto.com.br\/ribeirao-preto\/prefeitura-de-ribeirao-preto.shtml\" target=\"_blank\">Prefeitura Municipal de Ribeir\u00e3o Preto<\/a> come\u00e7ou a entregar na \u00faltima segunda-feira (7) aos moradores os boletos referentes ao Imposto Predial e Territorial Urbano (IPTU). Neste ano, a cobran\u00e7a sofreu uma <a title=\"Mudan\u00e7as em Ribeir\u00e3o Preto\" href=\"http:\/\/www.encontraribeiraopreto.com.br\/m\/mudancas-em-ribeirao-preto.shtml\" target=\"_blank\">mudan\u00e7a<\/a> &#8211; ao inv\u00e9s de carn\u00eas, os contribuintes receber\u00e3o boletos mensais. O vencimento da primeira parcela, assim como para o pagamento com desconto em parcela \u00fanica, acontece no dia 25.<\/p>\n<p>No fim do ano passado em sess\u00f5es pol\u00eamicas, a <a href=\"http:\/\/www.encontraribeiraopreto.com.br\/ribeirao-preto\/camara-municipal-de-ribeirao-preto.shtml\" target=\"_blank\">C\u00e2mara Municipal de Ribeir\u00e3o Preto<\/a> aprovou o projeto da Prefeitura para reajustar o imposto &#8211; a varia\u00e7\u00e3o ser\u00e1 de 70% a 130%, dependendo da regi\u00e3o da cidade.<\/p>\n<p>Segundo o secret\u00e1rio adjunto da Fazenda Manoel Saraiva, no primeiro momento, os moradores receber\u00e3o o boleto da parcela \u00fanica, com desconto de 10%, e a primeira parcela do imposto, a fim de optarem pela melhor forma de pagamento.<\/p>\n<p>Para aqueles que escolherem o pagamento parcelado em 12 vezes, os boletos ser\u00e3o encaminhados pelo correio bimensalmente \u2013 o morador receber\u00e1 a parcela que est\u00e1 vencendo e a referente ao m\u00eas seguinte.<\/p>\n<p>Caso o morador tenha interesse em contestar o valor da cobran\u00e7a do imposto ou fazer o pedido de isen\u00e7\u00e3o, \u00e9 necess\u00e1rio fazer um requerimento e protocol\u00e1-lo na Prefeitura ou no PoupaTempo. O prazo para fazer o requerimento \u00e9 de 30 dias.<\/p>\n<p>A segunda via dos boletos que n\u00e3o chegarem ao destino at\u00e9 o prazo m\u00e1ximo para o pagamento poder\u00e3o ser solicitadas no PoupaTempo, na Secretaria da Fazenda, ou no\u00a0site da Prefeitura.<\/p>\n<p><em>Fonte: G1<\/em><\/p>\n\n<div style=\"font-size: 0px; height: 0px; line-height: 0px; margin: 0; padding: 0; clear: both;\"><\/div>","protected":false},"excerpt":{"rendered":"<p>A Prefeitura Municipal de Ribeir\u00e3o Preto come\u00e7ou a entregar na \u00faltima segunda-feira (7) aos moradores os boletos referentes ao Imposto Predial e Territorial Urbano (IPTU). Neste ano, a cobran\u00e7a sofreu uma mudan\u00e7a &#8211; ao inv\u00e9s de carn\u00eas, os contribuintes receber\u00e3o boletos mensais. O vencimento da primeira parcela, assim como para o pagamento com desconto em parcela \u00fanica, acontece no dia 25. No fim do ano passado em sess\u00f5es pol\u00eamicas, a C\u00e2mara Municipal de Ribeir\u00e3o Preto aprovou o projeto da Prefeitura para reajustar o imposto &#8211; a varia\u00e7\u00e3o ser\u00e1 de 70% a 130%, dependendo da regi\u00e3o da cidade. Segundo o secret\u00e1rio <\/p>\n","protected":false},"author":1,"featured_media":0,"comment_status":"open","ping_status":"closed","sticky":false,"template":"","format":"standard","meta":{"footnotes":""},"categories":[6],"tags":[14],"class_list":["post-2092","post","type-post","status-publish","format-standard","hentry","category-noticias-em-ribeirao-preto","tag-ribeirao-preto"],"aioseo_notices":[],"aioseo_head":"\n\t\t<!-- All in One SEO 5.0.0.1 - aioseo.com -->\n\t<meta name=\"description\" content=\"A Prefeitura Municipal de Ribeir\u00e3o Preto come\u00e7ou a entregar na \u00faltima segunda-feira (7) aos moradores os boletos referentes ao Imposto Predial e Territorial Urbano (IPTU). Neste ano, a cobran\u00e7a sofreu uma mudan\u00e7a - ao inv\u00e9s de carn\u00eas, os contribuintes receber\u00e3o boletos mensais. O vencimento da primeira parcela, assim como para o pagamento com desconto em\" \/>\n\t<meta name=\"robots\" content=\"max-image-preview:large\" \/>\n\t<meta name=\"author\" content=\"Encontra Ribeir\u00e3o Preto\"\/>\n\t<link rel=\"canonical\" href=\"https:\/\/www.encontraribeiraopreto.com.br\/sobre\/iptu-reajustado-comeca-a-ser-entregue-em-ribeirao-preto\/\" \/>\n\t<meta name=\"generator\" content=\"All in One SEO (AIOSEO) 5.0.0.1\" \/>\n\t\t<meta property=\"og:locale\" content=\"pt_BR\" \/>\n\t\t<meta property=\"og:site_name\" content=\"Encontra Ribeir\u00e3o Preto - Not\u00edcias, eventos, informa\u00e7\u00f5es e dicas na cidade Ribeir\u00e3o Preto e regi\u00e3o.\" \/>\n\t\t<meta property=\"og:type\" content=\"article\" \/>\n\t\t<meta property=\"og:title\" content=\"IPTU reajustado come\u00e7a a ser entregue em Ribeir\u00e3o Preto - Encontra Ribeir\u00e3o Preto\" \/>\n\t\t<meta property=\"og:description\" content=\"A Prefeitura Municipal de Ribeir\u00e3o Preto come\u00e7ou a entregar na \u00faltima segunda-feira (7) aos moradores os boletos referentes ao Imposto Predial e Territorial Urbano (IPTU). Neste ano, a cobran\u00e7a sofreu uma mudan\u00e7a - ao inv\u00e9s de carn\u00eas, os contribuintes receber\u00e3o boletos mensais. O vencimento da primeira parcela, assim como para o pagamento com desconto em\" \/>\n\t\t<meta property=\"og:url\" content=\"https:\/\/www.encontraribeiraopreto.com.br\/sobre\/iptu-reajustado-comeca-a-ser-entregue-em-ribeirao-preto\/\" \/>\n\t\t<meta property=\"article:published_time\" content=\"2013-01-08T03:15:56+00:00\" \/>\n\t\t<meta property=\"article:modified_time\" content=\"2019-04-15T14:25:15+00:00\" \/>\n\t\t<meta name=\"twitter:card\" content=\"summary_large_image\" \/>\n\t\t<meta name=\"twitter:title\" content=\"IPTU reajustado come\u00e7a a ser entregue em Ribeir\u00e3o Preto - Encontra Ribeir\u00e3o Preto\" \/>\n\t\t<meta name=\"twitter:description\" content=\"A Prefeitura Municipal de Ribeir\u00e3o Preto come\u00e7ou a entregar na \u00faltima segunda-feira (7) aos moradores os boletos referentes ao Imposto Predial e Territorial Urbano (IPTU). Neste ano, a cobran\u00e7a sofreu uma mudan\u00e7a - ao inv\u00e9s de carn\u00eas, os contribuintes receber\u00e3o boletos mensais. O vencimento da primeira parcela, assim como para o pagamento com desconto em\" \/>\n\t\t<script type=\"application\/ld+json\" class=\"aioseo-schema\">\n\t\t\t{\"@context\":\"https:\\\/\\\/schema.org\",\"@graph\":[{\"@type\":\"BlogPosting\",\"@id\":\"https:\\\/\\\/www.encontraribeiraopreto.com.br\\\/sobre\\\/iptu-reajustado-comeca-a-ser-entregue-em-ribeirao-preto\\\/#blogposting\",\"name\":\"IPTU reajustado come\\u00e7a a ser entregue em Ribeir\\u00e3o Preto - Encontra Ribeir\\u00e3o Preto\",\"headline\":\"IPTU reajustado come\\u00e7a a ser entregue em Ribeir\\u00e3o Preto\",\"author\":{\"@id\":\"https:\\\/\\\/www.encontraribeiraopreto.com.br\\\/sobre\\\/author\\\/eribeiraopreto\\\/#author\"},\"publisher\":{\"@id\":\"https:\\\/\\\/www.encontraribeiraopreto.com.br\\\/sobre\\\/#organization\"},\"datePublished\":\"2013-01-08T00:15:56-03:00\",\"dateModified\":\"2019-04-15T11:25:15-03:00\",\"inLanguage\":\"pt-BR\",\"mainEntityOfPage\":{\"@id\":\"https:\\\/\\\/www.encontraribeiraopreto.com.br\\\/sobre\\\/iptu-reajustado-comeca-a-ser-entregue-em-ribeirao-preto\\\/#webpage\"},\"isPartOf\":{\"@id\":\"https:\\\/\\\/www.encontraribeiraopreto.com.br\\\/sobre\\\/iptu-reajustado-comeca-a-ser-entregue-em-ribeirao-preto\\\/#webpage\"},\"articleSection\":\"Not\\u00edcias Ribeir\\u00e3o Preto, Ribeir\\u00e3o Preto\"},{\"@type\":\"BreadcrumbList\",\"@id\":\"https:\\\/\\\/www.encontraribeiraopreto.com.br\\\/sobre\\\/iptu-reajustado-comeca-a-ser-entregue-em-ribeirao-preto\\\/#breadcrumblist\",\"itemListElement\":[{\"@type\":\"ListItem\",\"@id\":\"https:\\\/\\\/www.encontraribeiraopreto.com.br\\\/sobre#listItem\",\"position\":1,\"name\":\"In\\u00edcio\",\"item\":\"https:\\\/\\\/www.encontraribeiraopreto.com.br\\\/sobre\",\"nextItem\":{\"@type\":\"ListItem\",\"@id\":\"https:\\\/\\\/www.encontraribeiraopreto.com.br\\\/sobre\\\/noticias-em-ribeirao-preto\\\/#listItem\",\"name\":\"Not\\u00edcias Ribeir\\u00e3o Preto\"}},{\"@type\":\"ListItem\",\"@id\":\"https:\\\/\\\/www.encontraribeiraopreto.com.br\\\/sobre\\\/noticias-em-ribeirao-preto\\\/#listItem\",\"position\":2,\"name\":\"Not\\u00edcias Ribeir\\u00e3o Preto\",\"item\":\"https:\\\/\\\/www.encontraribeiraopreto.com.br\\\/sobre\\\/noticias-em-ribeirao-preto\\\/\",\"nextItem\":{\"@type\":\"ListItem\",\"@id\":\"https:\\\/\\\/www.encontraribeiraopreto.com.br\\\/sobre\\\/iptu-reajustado-comeca-a-ser-entregue-em-ribeirao-preto\\\/#listItem\",\"name\":\"IPTU reajustado come\\u00e7a a ser entregue em Ribeir\\u00e3o Preto\"},\"previousItem\":{\"@type\":\"ListItem\",\"@id\":\"https:\\\/\\\/www.encontraribeiraopreto.com.br\\\/sobre#listItem\",\"name\":\"In\\u00edcio\"}},{\"@type\":\"ListItem\",\"@id\":\"https:\\\/\\\/www.encontraribeiraopreto.com.br\\\/sobre\\\/iptu-reajustado-comeca-a-ser-entregue-em-ribeirao-preto\\\/#listItem\",\"position\":3,\"name\":\"IPTU reajustado come\\u00e7a a ser entregue em Ribeir\\u00e3o Preto\",\"previousItem\":{\"@type\":\"ListItem\",\"@id\":\"https:\\\/\\\/www.encontraribeiraopreto.com.br\\\/sobre\\\/noticias-em-ribeirao-preto\\\/#listItem\",\"name\":\"Not\\u00edcias Ribeir\\u00e3o Preto\"}}]},{\"@type\":\"Organization\",\"@id\":\"https:\\\/\\\/www.encontraribeiraopreto.com.br\\\/sobre\\\/#organization\",\"name\":\"Encontra Ribeir\\u00e3o Preto\",\"description\":\"Not\\u00edcias, eventos, informa\\u00e7\\u00f5es e dicas na cidade Ribeir\\u00e3o Preto e regi\\u00e3o.\",\"url\":\"https:\\\/\\\/www.encontraribeiraopreto.com.br\\\/sobre\\\/\"},{\"@type\":\"Person\",\"@id\":\"https:\\\/\\\/www.encontraribeiraopreto.com.br\\\/sobre\\\/author\\\/eribeiraopreto\\\/#author\",\"url\":\"https:\\\/\\\/www.encontraribeiraopreto.com.br\\\/sobre\\\/author\\\/eribeiraopreto\\\/\",\"name\":\"Encontra Ribeir\\u00e3o Preto\",\"image\":{\"@type\":\"ImageObject\",\"@id\":\"https:\\\/\\\/www.encontraribeiraopreto.com.br\\\/sobre\\\/iptu-reajustado-comeca-a-ser-entregue-em-ribeirao-preto\\\/#authorImage\",\"url\":\"https:\\\/\\\/secure.gravatar.com\\\/avatar\\\/507340682b8270222e1f208e23198b6ae7e2c6a1033ae84e99bc6bce4f82a387?s=96&d=mm&r=g\",\"width\":96,\"height\":96,\"caption\":\"Encontra Ribeir\\u00e3o Preto\"}},{\"@type\":\"WebPage\",\"@id\":\"https:\\\/\\\/www.encontraribeiraopreto.com.br\\\/sobre\\\/iptu-reajustado-comeca-a-ser-entregue-em-ribeirao-preto\\\/#webpage\",\"url\":\"https:\\\/\\\/www.encontraribeiraopreto.com.br\\\/sobre\\\/iptu-reajustado-comeca-a-ser-entregue-em-ribeirao-preto\\\/\",\"name\":\"IPTU reajustado come\\u00e7a a ser entregue em Ribeir\\u00e3o Preto - Encontra Ribeir\\u00e3o Preto\",\"description\":\"A Prefeitura Municipal de Ribeir\\u00e3o Preto come\\u00e7ou a entregar na \\u00faltima segunda-feira (7) aos moradores os boletos referentes ao Imposto Predial e Territorial Urbano (IPTU). Neste ano, a cobran\\u00e7a sofreu uma mudan\\u00e7a - ao inv\\u00e9s de carn\\u00eas, os contribuintes receber\\u00e3o boletos mensais. O vencimento da primeira parcela, assim como para o pagamento com desconto em\",\"inLanguage\":\"pt-BR\",\"isPartOf\":{\"@id\":\"https:\\\/\\\/www.encontraribeiraopreto.com.br\\\/sobre\\\/#website\"},\"breadcrumb\":{\"@id\":\"https:\\\/\\\/www.encontraribeiraopreto.com.br\\\/sobre\\\/iptu-reajustado-comeca-a-ser-entregue-em-ribeirao-preto\\\/#breadcrumblist\"},\"author\":{\"@id\":\"https:\\\/\\\/www.encontraribeiraopreto.com.br\\\/sobre\\\/author\\\/eribeiraopreto\\\/#author\"},\"creator\":{\"@id\":\"https:\\\/\\\/www.encontraribeiraopreto.com.br\\\/sobre\\\/author\\\/eribeiraopreto\\\/#author\"},\"datePublished\":\"2013-01-08T00:15:56-03:00\",\"dateModified\":\"2019-04-15T11:25:15-03:00\"},{\"@type\":\"WebSite\",\"@id\":\"https:\\\/\\\/www.encontraribeiraopreto.com.br\\\/sobre\\\/#website\",\"url\":\"https:\\\/\\\/www.encontraribeiraopreto.com.br\\\/sobre\\\/\",\"name\":\"Encontra Ribeir\\u00e3o Preto\",\"description\":\"Not\\u00edcias, eventos, informa\\u00e7\\u00f5es e dicas na cidade Ribeir\\u00e3o Preto e regi\\u00e3o.\",\"inLanguage\":\"pt-BR\",\"publisher\":{\"@id\":\"https:\\\/\\\/www.encontraribeiraopreto.com.br\\\/sobre\\\/#organization\"}}]}\n\t\t<\/script>\n\t\t<!-- All in One SEO -->\n\n","aioseo_head_json":{"title":"IPTU reajustado come\u00e7a a ser entregue em Ribeir\u00e3o Preto - Encontra Ribeir\u00e3o Preto","description":"A Prefeitura Municipal de Ribeir\u00e3o Preto come\u00e7ou a entregar na \u00faltima segunda-feira (7) aos moradores os boletos referentes ao Imposto Predial e Territorial Urbano (IPTU). Neste ano, a cobran\u00e7a sofreu uma mudan\u00e7a - ao inv\u00e9s de carn\u00eas, os contribuintes receber\u00e3o boletos mensais. O vencimento da primeira parcela, assim como para o pagamento com desconto em","canonical_url":"https:\/\/www.encontraribeiraopreto.com.br\/sobre\/iptu-reajustado-comeca-a-ser-entregue-em-ribeirao-preto\/","robots":"max-image-preview:large","keywords":"","webmasterTools":{"miscellaneous":""},"schema":{"@context":"https:\/\/schema.org","@graph":[{"@type":"BlogPosting","@id":"https:\/\/www.encontraribeiraopreto.com.br\/sobre\/iptu-reajustado-comeca-a-ser-entregue-em-ribeirao-preto\/#blogposting","name":"IPTU reajustado come\u00e7a a ser entregue em Ribeir\u00e3o Preto - Encontra Ribeir\u00e3o Preto","headline":"IPTU reajustado come\u00e7a a ser entregue em Ribeir\u00e3o Preto","author":{"@id":"https:\/\/www.encontraribeiraopreto.com.br\/sobre\/author\/eribeiraopreto\/#author"},"publisher":{"@id":"https:\/\/www.encontraribeiraopreto.com.br\/sobre\/#organization"},"datePublished":"2013-01-08T00:15:56-03:00","dateModified":"2019-04-15T11:25:15-03:00","inLanguage":"pt-BR","mainEntityOfPage":{"@id":"https:\/\/www.encontraribeiraopreto.com.br\/sobre\/iptu-reajustado-comeca-a-ser-entregue-em-ribeirao-preto\/#webpage"},"isPartOf":{"@id":"https:\/\/www.encontraribeiraopreto.com.br\/sobre\/iptu-reajustado-comeca-a-ser-entregue-em-ribeirao-preto\/#webpage"},"articleSection":"Not\u00edcias Ribeir\u00e3o Preto, Ribeir\u00e3o Preto"},{"@type":"BreadcrumbList","@id":"https:\/\/www.encontraribeiraopreto.com.br\/sobre\/iptu-reajustado-comeca-a-ser-entregue-em-ribeirao-preto\/#breadcrumblist","itemListElement":[{"@type":"ListItem","@id":"https:\/\/www.encontraribeiraopreto.com.br\/sobre#listItem","position":1,"name":"In\u00edcio","item":"https:\/\/www.encontraribeiraopreto.com.br\/sobre","nextItem":{"@type":"ListItem","@id":"https:\/\/www.encontraribeiraopreto.com.br\/sobre\/noticias-em-ribeirao-preto\/#listItem","name":"Not\u00edcias Ribeir\u00e3o Preto"}},{"@type":"ListItem","@id":"https:\/\/www.encontraribeiraopreto.com.br\/sobre\/noticias-em-ribeirao-preto\/#listItem","position":2,"name":"Not\u00edcias Ribeir\u00e3o Preto","item":"https:\/\/www.encontraribeiraopreto.com.br\/sobre\/noticias-em-ribeirao-preto\/","nextItem":{"@type":"ListItem","@id":"https:\/\/www.encontraribeiraopreto.com.br\/sobre\/iptu-reajustado-comeca-a-ser-entregue-em-ribeirao-preto\/#listItem","name":"IPTU reajustado come\u00e7a a ser entregue em Ribeir\u00e3o Preto"},"previousItem":{"@type":"ListItem","@id":"https:\/\/www.encontraribeiraopreto.com.br\/sobre#listItem","name":"In\u00edcio"}},{"@type":"ListItem","@id":"https:\/\/www.encontraribeiraopreto.com.br\/sobre\/iptu-reajustado-comeca-a-ser-entregue-em-ribeirao-preto\/#listItem","position":3,"name":"IPTU reajustado come\u00e7a a ser entregue em Ribeir\u00e3o Preto","previousItem":{"@type":"ListItem","@id":"https:\/\/www.encontraribeiraopreto.com.br\/sobre\/noticias-em-ribeirao-preto\/#listItem","name":"Not\u00edcias Ribeir\u00e3o Preto"}}]},{"@type":"Organization","@id":"https:\/\/www.encontraribeiraopreto.com.br\/sobre\/#organization","name":"Encontra Ribeir\u00e3o Preto","description":"Not\u00edcias, eventos, informa\u00e7\u00f5es e dicas na cidade Ribeir\u00e3o Preto e regi\u00e3o.","url":"https:\/\/www.encontraribeiraopreto.com.br\/sobre\/"},{"@type":"Person","@id":"https:\/\/www.encontraribeiraopreto.com.br\/sobre\/author\/eribeiraopreto\/#author","url":"https:\/\/www.encontraribeiraopreto.com.br\/sobre\/author\/eribeiraopreto\/","name":"Encontra Ribeir\u00e3o Preto","image":{"@type":"ImageObject","@id":"https:\/\/www.encontraribeiraopreto.com.br\/sobre\/iptu-reajustado-comeca-a-ser-entregue-em-ribeirao-preto\/#authorImage","url":"https:\/\/secure.gravatar.com\/avatar\/507340682b8270222e1f208e23198b6ae7e2c6a1033ae84e99bc6bce4f82a387?s=96&d=mm&r=g","width":96,"height":96,"caption":"Encontra Ribeir\u00e3o Preto"}},{"@type":"WebPage","@id":"https:\/\/www.encontraribeiraopreto.com.br\/sobre\/iptu-reajustado-comeca-a-ser-entregue-em-ribeirao-preto\/#webpage","url":"https:\/\/www.encontraribeiraopreto.com.br\/sobre\/iptu-reajustado-comeca-a-ser-entregue-em-ribeirao-preto\/","name":"IPTU reajustado come\u00e7a a ser entregue em Ribeir\u00e3o Preto - Encontra Ribeir\u00e3o Preto","description":"A Prefeitura Municipal de Ribeir\u00e3o Preto come\u00e7ou a entregar na \u00faltima segunda-feira (7) aos moradores os boletos referentes ao Imposto Predial e Territorial Urbano (IPTU). Neste ano, a cobran\u00e7a sofreu uma mudan\u00e7a - ao inv\u00e9s de carn\u00eas, os contribuintes receber\u00e3o boletos mensais. O vencimento da primeira parcela, assim como para o pagamento com desconto em","inLanguage":"pt-BR","isPartOf":{"@id":"https:\/\/www.encontraribeiraopreto.com.br\/sobre\/#website"},"breadcrumb":{"@id":"https:\/\/www.encontraribeiraopreto.com.br\/sobre\/iptu-reajustado-comeca-a-ser-entregue-em-ribeirao-preto\/#breadcrumblist"},"author":{"@id":"https:\/\/www.encontraribeiraopreto.com.br\/sobre\/author\/eribeiraopreto\/#author"},"creator":{"@id":"https:\/\/www.encontraribeiraopreto.com.br\/sobre\/author\/eribeiraopreto\/#author"},"datePublished":"2013-01-08T00:15:56-03:00","dateModified":"2019-04-15T11:25:15-03:00"},{"@type":"WebSite","@id":"https:\/\/www.encontraribeiraopreto.com.br\/sobre\/#website","url":"https:\/\/www.encontraribeiraopreto.com.br\/sobre\/","name":"Encontra Ribeir\u00e3o Preto","description":"Not\u00edcias, eventos, informa\u00e7\u00f5es e dicas na cidade Ribeir\u00e3o Preto e regi\u00e3o.","inLanguage":"pt-BR","publisher":{"@id":"https:\/\/www.encontraribeiraopreto.com.br\/sobre\/#organization"}}]},"og:locale":"pt_BR","og:site_name":"Encontra Ribeir\u00e3o Preto - Not\u00edcias, eventos, informa\u00e7\u00f5es e dicas na cidade Ribeir\u00e3o Preto e regi\u00e3o.","og:type":"article","og:title":"IPTU reajustado come\u00e7a a ser entregue em Ribeir\u00e3o Preto - Encontra Ribeir\u00e3o Preto","og:description":"A Prefeitura Municipal de Ribeir\u00e3o Preto come\u00e7ou a entregar na \u00faltima segunda-feira (7) aos moradores os boletos referentes ao Imposto Predial e Territorial Urbano (IPTU). Neste ano, a cobran\u00e7a sofreu uma mudan\u00e7a - ao inv\u00e9s de carn\u00eas, os contribuintes receber\u00e3o boletos mensais. O vencimento da primeira parcela, assim como para o pagamento com desconto em","og:url":"https:\/\/www.encontraribeiraopreto.com.br\/sobre\/iptu-reajustado-comeca-a-ser-entregue-em-ribeirao-preto\/","article:published_time":"2013-01-08T03:15:56+00:00","article:modified_time":"2019-04-15T14:25:15+00:00","twitter:card":"summary_large_image","twitter:title":"IPTU reajustado come\u00e7a a ser entregue em Ribeir\u00e3o Preto - Encontra Ribeir\u00e3o Preto","twitter:description":"A Prefeitura Municipal de Ribeir\u00e3o Preto come\u00e7ou a entregar na \u00faltima segunda-feira (7) aos moradores os boletos referentes ao Imposto Predial e Territorial Urbano (IPTU). Neste ano, a cobran\u00e7a sofreu uma mudan\u00e7a - ao inv\u00e9s de carn\u00eas, os contribuintes receber\u00e3o boletos mensais. O vencimento da primeira parcela, assim como para o pagamento com desconto em"},"aioseo_meta_data":{"post_id":"2092","title":null,"description":null,"keywords":null,"keyphrases":null,"primary_term":null,"canonical_url":null,"og_title":null,"og_description":null,"og_object_type":"default","og_image_type":"default","og_image_url":null,"og_image_width":null,"og_image_height":null,"og_image_custom_url":null,"og_image_custom_fields":null,"og_video":null,"og_custom_url":null,"og_article_section":null,"og_article_tags":null,"twitter_use_og":false,"twitter_card":"default","twitter_image_type":"default","twitter_image_url":null,"twitter_image_custom_url":null,"twitter_image_custom_fields":null,"twitter_title":null,"twitter_description":null,"schema":{"blockGraphs":[],"customGraphs":[],"default":{"data":{"Article":[],"Course":[],"Dataset":[],"FAQPage":[],"Movie":[],"Person":[],"Product":[],"ProductReview":[],"Car":[],"Recipe":[],"Service":[],"SoftwareApplication":[],"WebPage":[]},"graphName":"BlogPosting","isEnabled":true},"graphs":[]},"schema_type":null,"schema_type_options":null,"pillar_content":false,"robots_default":true,"robots_noindex":false,"robots_noarchive":false,"robots_nosnippet":false,"robots_nofollow":false,"robots_noimageindex":false,"robots_noodp":false,"robots_notranslate":false,"robots_max_snippet":null,"robots_max_videopreview":null,"robots_max_imagepreview":"large","priority":null,"frequency":null,"local_seo":null,"limit_modified_date":false,"created":"2021-02-24 15:54:02","updated":"2023-03-05 16:10:52","focus_keyword":null,"additional_keywords":null,"truseo_locale":null,"ai":null,"breadcrumb_settings":null,"seo_analyzer_scan_date":null},"aioseo_breadcrumb":"<div class=\"aioseo-breadcrumbs\"><span class=\"aioseo-breadcrumb\">\n\t\t\t<a href=\"https:\/\/www.encontraribeiraopreto.com.br\/sobre\" title=\"In\u00edcio\">In\u00edcio<\/a>\n\t\t<\/span><span class=\"aioseo-breadcrumb-separator\">&raquo;<\/span><span class=\"aioseo-breadcrumb\">\n\t\t\t<a href=\"https:\/\/www.encontraribeiraopreto.com.br\/sobre\/noticias-em-ribeirao-preto\/\" title=\"Not\u00edcias Ribeir\u00e3o Preto\">Not\u00edcias Ribeir\u00e3o Preto<\/a>\n\t\t<\/span><span class=\"aioseo-breadcrumb-separator\">&raquo;<\/span><span class=\"aioseo-breadcrumb\">\n\t\t\tIPTU reajustado come\u00e7a a ser entregue em Ribeir\u00e3o Preto\n\t\t<\/span><\/div>","aioseo_breadcrumb_json":[{"label":"In\u00edcio","link":"https:\/\/www.encontraribeiraopreto.com.br\/sobre"},{"label":"Not\u00edcias Ribeir\u00e3o Preto","link":"https:\/\/www.encontraribeiraopreto.com.br\/sobre\/noticias-em-ribeirao-preto\/"},{"label":"IPTU reajustado come\u00e7a a ser entregue em Ribeir\u00e3o Preto","link":"https:\/\/www.encontraribeiraopreto.com.br\/sobre\/iptu-reajustado-comeca-a-ser-entregue-em-ribeirao-preto\/"}],"_links":{"self":[{"href":"https:\/\/www.encontraribeiraopreto.com.br\/sobre\/wp-json\/wp\/v2\/posts\/2092","targetHints":{"allow":["GET"]}}],"collection":[{"href":"https:\/\/www.encontraribeiraopreto.com.br\/sobre\/wp-json\/wp\/v2\/posts"}],"about":[{"href":"https:\/\/www.encontraribeiraopreto.com.br\/sobre\/wp-json\/wp\/v2\/types\/post"}],"author":[{"embeddable":true,"href":"https:\/\/www.encontraribeiraopreto.com.br\/sobre\/wp-json\/wp\/v2\/users\/1"}],"replies":[{"embeddable":true,"href":"https:\/\/www.encontraribeiraopreto.com.br\/sobre\/wp-json\/wp\/v2\/comments?post=2092"}],"version-history":[{"count":0,"href":"https:\/\/www.encontraribeiraopreto.com.br\/sobre\/wp-json\/wp\/v2\/posts\/2092\/revisions"}],"wp:attachment":[{"href":"https:\/\/www.encontraribeiraopreto.com.br\/sobre\/wp-json\/wp\/v2\/media?parent=2092"}],"wp:term":[{"taxonomy":"category","embeddable":true,"href":"https:\/\/www.encontraribeiraopreto.com.br\/sobre\/wp-json\/wp\/v2\/categories?post=2092"},{"taxonomy":"post_tag","embeddable":true,"href":"https:\/\/www.encontraribeiraopreto.com.br\/sobre\/wp-json\/wp\/v2\/tags?post=2092"}],"curies":[{"name":"wp","href":"https:\/\/api.w.org\/{rel}","templated":true}]}}