{"id":2097,"date":"2013-01-08T00:33:58","date_gmt":"2013-01-08T03:33:58","guid":{"rendered":"http:\/\/www.encontraribeiraopreto.com.br\/noticias\/?p=2097"},"modified":"2019-04-15T11:25:15","modified_gmt":"2019-04-15T14:25:15","slug":"prefeitura-de-ribeirao-preto-abre-vagas-de-estagio-nas-secretarias-municipais-e-orgaos-conveniados","status":"publish","type":"post","link":"https:\/\/www.encontraribeiraopreto.com.br\/sobre\/prefeitura-de-ribeirao-preto-abre-vagas-de-estagio-nas-secretarias-municipais-e-orgaos-conveniados\/","title":{"rendered":"Prefeitura de Ribeir\u00e3o Preto abre vagas de est\u00e1gio nas secretarias municipais e \u00f3rg\u00e3os conveniados"},"content":{"rendered":"<div class=\"cd7ef838bed10b2b4567f853226bc383\" data-index=\"1\" style=\"float: none; margin:0px;\">\n<!-- Anuncio display - global -->\r\n<ins class=\"adsbygoogle\"\r\n     style=\"display:block\"\r\n     data-ad-client=\"ca-pub-8585364105181520\"\r\n     data-ad-slot=\"8789329856\"\r\n     data-ad-format=\"auto\"\r\n     data-full-width-responsive=\"true\"><\/ins>\r\n<script>\r\n     (adsbygoogle = window.adsbygoogle || []).push({});\r\n<\/script>\r\n\n<\/div>\n<p>A <a href=\"http:\/\/www.encontraribeiraopreto.com.br\/ribeirao-preto\/prefeitura-de-ribeirao-preto.shtml\" target=\"_blank\">Prefeitura Municipal de Ribeir\u00e3o Preto<\/a>, por meio da Secretaria Municipal da Casa Civil\/Programa Ribeir\u00e3o Jovem, torna p\u00fablica a abertura de inscri\u00e7\u00e3o para o processo seletivo de cadastro para est\u00e1gio remunerado nas diversas secretarias municipais e \u00f3rg\u00e3os conveniados, nos termos da Lei Federal n\u00ba 11.788, de 25\/09\/2008, e Lei Municipal n\u00ba 6.654\/93.<\/p>\n<p>Poder\u00e3o participar estudantes de n\u00edvel superior, t\u00e9cnico e m\u00e9dio de institui\u00e7\u00f5es p\u00fablicas ou privadas, regularmente matriculados, com frequ\u00eancia efetiva em cursos oficiais ou reconhecidos pelo Minist\u00e9rio da Educa\u00e7\u00e3o, e que n\u00e3o se encerrem no primeiro semestre de 2013.<\/p>\n<p>Estagi\u00e1rios que j\u00e1 tiveram v\u00ednculo com a Prefeitura Municipal poder\u00e3o participar, cientes de que o tempo total do est\u00e1gio, somado o per\u00edodo do compromisso anterior e o do futuro, n\u00e3o poder\u00e1 exceder 2 (dois) anos, exceto quando se tratar de estagi\u00e1rio com defici\u00eancia, nos termos do art. 11, da Lei 11.788, de 25\/09\/2008.<\/p>\n<p>Os estudantes dever\u00e3o ter idade m\u00ednima de 16 (dezesseis) anos at\u00e9 o encerramento das inscri\u00e7\u00f5es.<\/p>\n<p>O processo seletivo ser\u00e1 executado e coordenado pelo Centro de Integra\u00e7\u00e3o <a title=\"Empresa Transporte em Ribeir\u00e3o Preto\" href=\"http:\/\/www.encontraribeiraopreto.com.br\/t\/transporte-em-ribeirao-preto.shtml\" target=\"_blank\">Empresa<\/a> &#8211; Escola &#8211; CIEE. Do total de bolsas de est\u00e1gio, 10% ser\u00e3o reservadas para estudantes com defici\u00eancias.<\/p>\n<p>As inscri\u00e7\u00f5es ser\u00e3o realizadas no per\u00edodo de 07\/01\/13 a 18\/01\/13 nos seguintes locais:<br \/>\nSede do Programa Ribeir\u00e3o Jovem <a href=\"http:\/\/www.encontrasp.com.br\/ribeiraopreto-centro\/guia-de-ruas\/rua-general-osorio.html\" target=\"_blank\">Rua: General Os\u00f3rio<\/a>, 1.099, de segunda \u00e0 sexta, das 8h30 \u00e0s 17h30 e Sede do Centro de Integra\u00e7\u00e3o (CIEE), na rua In\u00e1cio Luiz Pinto, 388, Alto da Boa Vista, de segunda \u00e0 sexta, das 8h \u00e0s 17h . N\u00e3o haver\u00e1 cobran\u00e7a de taxa de inscri\u00e7\u00e3o.<\/p>\n<p>Mais informa\u00e7\u00f5es no Di\u00e1rio Oficial do Munic\u00edpio.<\/p>\n<p><em>Fonte: Prefeitura Municipal de Ribeir\u00e3o Preto<\/em><\/p>\n\n<div style=\"font-size: 0px; height: 0px; line-height: 0px; margin: 0; padding: 0; clear: both;\"><\/div>","protected":false},"excerpt":{"rendered":"<p>A Prefeitura Municipal de Ribeir\u00e3o Preto, por meio da Secretaria Municipal da Casa Civil\/Programa Ribeir\u00e3o Jovem, torna p\u00fablica a abertura de inscri\u00e7\u00e3o para o processo seletivo de cadastro para est\u00e1gio remunerado nas diversas secretarias municipais e \u00f3rg\u00e3os conveniados, nos termos da Lei Federal n\u00ba 11.788, de 25\/09\/2008, e Lei Municipal n\u00ba 6.654\/93. Poder\u00e3o participar estudantes de n\u00edvel superior, t\u00e9cnico e m\u00e9dio de institui\u00e7\u00f5es p\u00fablicas ou privadas, regularmente matriculados, com frequ\u00eancia efetiva em cursos oficiais ou reconhecidos pelo Minist\u00e9rio da Educa\u00e7\u00e3o, e que n\u00e3o se encerrem no primeiro semestre de 2013. Estagi\u00e1rios que j\u00e1 tiveram v\u00ednculo com a Prefeitura Municipal poder\u00e3o <\/p>\n","protected":false},"author":1,"featured_media":0,"comment_status":"open","ping_status":"closed","sticky":false,"template":"","format":"standard","meta":{"footnotes":""},"categories":[6],"tags":[14],"class_list":["post-2097","post","type-post","status-publish","format-standard","hentry","category-noticias-em-ribeirao-preto","tag-ribeirao-preto"],"aioseo_notices":[],"aioseo_head":"\n\t\t<!-- All in One SEO 5.0.0.1 - aioseo.com -->\n\t<meta name=\"description\" content=\"A Prefeitura Municipal de Ribeir\u00e3o Preto, por meio da Secretaria Municipal da Casa Civil\/Programa Ribeir\u00e3o Jovem, torna p\u00fablica a abertura de inscri\u00e7\u00e3o para o processo seletivo de cadastro para est\u00e1gio remunerado nas diversas secretarias municipais e \u00f3rg\u00e3os conveniados, nos termos da Lei Federal n\u00ba 11.788, de 25\/09\/2008, e Lei Municipal n\u00ba 6.654\/93. Poder\u00e3o participar estudantes\" \/>\n\t<meta name=\"robots\" content=\"max-image-preview:large\" \/>\n\t<meta name=\"author\" content=\"Encontra Ribeir\u00e3o Preto\"\/>\n\t<link rel=\"canonical\" href=\"https:\/\/www.encontraribeiraopreto.com.br\/sobre\/prefeitura-de-ribeirao-preto-abre-vagas-de-estagio-nas-secretarias-municipais-e-orgaos-conveniados\/\" \/>\n\t<meta name=\"generator\" content=\"All in One SEO (AIOSEO) 5.0.0.1\" \/>\n\t\t<meta property=\"og:locale\" content=\"pt_BR\" \/>\n\t\t<meta property=\"og:site_name\" content=\"Encontra Ribeir\u00e3o Preto - Not\u00edcias, eventos, informa\u00e7\u00f5es e dicas na cidade Ribeir\u00e3o Preto e regi\u00e3o.\" \/>\n\t\t<meta property=\"og:type\" content=\"article\" \/>\n\t\t<meta property=\"og:title\" content=\"Prefeitura de Ribeir\u00e3o Preto abre vagas de est\u00e1gio nas secretarias municipais e \u00f3rg\u00e3os conveniados - Encontra Ribeir\u00e3o Preto\" \/>\n\t\t<meta property=\"og:description\" content=\"A Prefeitura Municipal de Ribeir\u00e3o Preto, por meio da Secretaria Municipal da Casa Civil\/Programa Ribeir\u00e3o Jovem, torna p\u00fablica a abertura de inscri\u00e7\u00e3o para o processo seletivo de cadastro para est\u00e1gio remunerado nas diversas secretarias municipais e \u00f3rg\u00e3os conveniados, nos termos da Lei Federal n\u00ba 11.788, de 25\/09\/2008, e Lei Municipal n\u00ba 6.654\/93. Poder\u00e3o participar estudantes\" \/>\n\t\t<meta property=\"og:url\" content=\"https:\/\/www.encontraribeiraopreto.com.br\/sobre\/prefeitura-de-ribeirao-preto-abre-vagas-de-estagio-nas-secretarias-municipais-e-orgaos-conveniados\/\" \/>\n\t\t<meta property=\"article:published_time\" content=\"2013-01-08T03:33:58+00:00\" \/>\n\t\t<meta property=\"article:modified_time\" content=\"2019-04-15T14:25:15+00:00\" \/>\n\t\t<meta name=\"twitter:card\" content=\"summary_large_image\" \/>\n\t\t<meta name=\"twitter:title\" content=\"Prefeitura de Ribeir\u00e3o Preto abre vagas de est\u00e1gio nas secretarias municipais e \u00f3rg\u00e3os conveniados - Encontra Ribeir\u00e3o Preto\" \/>\n\t\t<meta name=\"twitter:description\" content=\"A Prefeitura Municipal de Ribeir\u00e3o Preto, por meio da Secretaria Municipal da Casa Civil\/Programa Ribeir\u00e3o Jovem, torna p\u00fablica a abertura de inscri\u00e7\u00e3o para o processo seletivo de cadastro para est\u00e1gio remunerado nas diversas secretarias municipais e \u00f3rg\u00e3os conveniados, nos termos da Lei Federal n\u00ba 11.788, de 25\/09\/2008, e Lei Municipal n\u00ba 6.654\/93. Poder\u00e3o participar estudantes\" \/>\n\t\t<script type=\"application\/ld+json\" class=\"aioseo-schema\">\n\t\t\t{\"@context\":\"https:\\\/\\\/schema.org\",\"@graph\":[{\"@type\":\"BlogPosting\",\"@id\":\"https:\\\/\\\/www.encontraribeiraopreto.com.br\\\/sobre\\\/prefeitura-de-ribeirao-preto-abre-vagas-de-estagio-nas-secretarias-municipais-e-orgaos-conveniados\\\/#blogposting\",\"name\":\"Prefeitura de Ribeir\\u00e3o Preto abre vagas de est\\u00e1gio nas secretarias municipais e \\u00f3rg\\u00e3os conveniados - Encontra Ribeir\\u00e3o Preto\",\"headline\":\"Prefeitura de Ribeir\\u00e3o Preto abre vagas de est\\u00e1gio nas secretarias municipais e \\u00f3rg\\u00e3os conveniados\",\"author\":{\"@id\":\"https:\\\/\\\/www.encontraribeiraopreto.com.br\\\/sobre\\\/author\\\/eribeiraopreto\\\/#author\"},\"publisher\":{\"@id\":\"https:\\\/\\\/www.encontraribeiraopreto.com.br\\\/sobre\\\/#organization\"},\"datePublished\":\"2013-01-08T00:33:58-03:00\",\"dateModified\":\"2019-04-15T11:25:15-03:00\",\"inLanguage\":\"pt-BR\",\"mainEntityOfPage\":{\"@id\":\"https:\\\/\\\/www.encontraribeiraopreto.com.br\\\/sobre\\\/prefeitura-de-ribeirao-preto-abre-vagas-de-estagio-nas-secretarias-municipais-e-orgaos-conveniados\\\/#webpage\"},\"isPartOf\":{\"@id\":\"https:\\\/\\\/www.encontraribeiraopreto.com.br\\\/sobre\\\/prefeitura-de-ribeirao-preto-abre-vagas-de-estagio-nas-secretarias-municipais-e-orgaos-conveniados\\\/#webpage\"},\"articleSection\":\"Not\\u00edcias Ribeir\\u00e3o Preto, Ribeir\\u00e3o Preto\"},{\"@type\":\"BreadcrumbList\",\"@id\":\"https:\\\/\\\/www.encontraribeiraopreto.com.br\\\/sobre\\\/prefeitura-de-ribeirao-preto-abre-vagas-de-estagio-nas-secretarias-municipais-e-orgaos-conveniados\\\/#breadcrumblist\",\"itemListElement\":[{\"@type\":\"ListItem\",\"@id\":\"https:\\\/\\\/www.encontraribeiraopreto.com.br\\\/sobre#listItem\",\"position\":1,\"name\":\"In\\u00edcio\",\"item\":\"https:\\\/\\\/www.encontraribeiraopreto.com.br\\\/sobre\",\"nextItem\":{\"@type\":\"ListItem\",\"@id\":\"https:\\\/\\\/www.encontraribeiraopreto.com.br\\\/sobre\\\/noticias-em-ribeirao-preto\\\/#listItem\",\"name\":\"Not\\u00edcias Ribeir\\u00e3o Preto\"}},{\"@type\":\"ListItem\",\"@id\":\"https:\\\/\\\/www.encontraribeiraopreto.com.br\\\/sobre\\\/noticias-em-ribeirao-preto\\\/#listItem\",\"position\":2,\"name\":\"Not\\u00edcias Ribeir\\u00e3o Preto\",\"item\":\"https:\\\/\\\/www.encontraribeiraopreto.com.br\\\/sobre\\\/noticias-em-ribeirao-preto\\\/\",\"nextItem\":{\"@type\":\"ListItem\",\"@id\":\"https:\\\/\\\/www.encontraribeiraopreto.com.br\\\/sobre\\\/prefeitura-de-ribeirao-preto-abre-vagas-de-estagio-nas-secretarias-municipais-e-orgaos-conveniados\\\/#listItem\",\"name\":\"Prefeitura de Ribeir\\u00e3o Preto abre vagas de est\\u00e1gio nas secretarias municipais e \\u00f3rg\\u00e3os conveniados\"},\"previousItem\":{\"@type\":\"ListItem\",\"@id\":\"https:\\\/\\\/www.encontraribeiraopreto.com.br\\\/sobre#listItem\",\"name\":\"In\\u00edcio\"}},{\"@type\":\"ListItem\",\"@id\":\"https:\\\/\\\/www.encontraribeiraopreto.com.br\\\/sobre\\\/prefeitura-de-ribeirao-preto-abre-vagas-de-estagio-nas-secretarias-municipais-e-orgaos-conveniados\\\/#listItem\",\"position\":3,\"name\":\"Prefeitura de Ribeir\\u00e3o Preto abre vagas de est\\u00e1gio nas secretarias municipais e \\u00f3rg\\u00e3os conveniados\",\"previousItem\":{\"@type\":\"ListItem\",\"@id\":\"https:\\\/\\\/www.encontraribeiraopreto.com.br\\\/sobre\\\/noticias-em-ribeirao-preto\\\/#listItem\",\"name\":\"Not\\u00edcias Ribeir\\u00e3o Preto\"}}]},{\"@type\":\"Organization\",\"@id\":\"https:\\\/\\\/www.encontraribeiraopreto.com.br\\\/sobre\\\/#organization\",\"name\":\"Encontra Ribeir\\u00e3o Preto\",\"description\":\"Not\\u00edcias, eventos, informa\\u00e7\\u00f5es e dicas na cidade Ribeir\\u00e3o Preto e regi\\u00e3o.\",\"url\":\"https:\\\/\\\/www.encontraribeiraopreto.com.br\\\/sobre\\\/\"},{\"@type\":\"Person\",\"@id\":\"https:\\\/\\\/www.encontraribeiraopreto.com.br\\\/sobre\\\/author\\\/eribeiraopreto\\\/#author\",\"url\":\"https:\\\/\\\/www.encontraribeiraopreto.com.br\\\/sobre\\\/author\\\/eribeiraopreto\\\/\",\"name\":\"Encontra Ribeir\\u00e3o Preto\",\"image\":{\"@type\":\"ImageObject\",\"@id\":\"https:\\\/\\\/www.encontraribeiraopreto.com.br\\\/sobre\\\/prefeitura-de-ribeirao-preto-abre-vagas-de-estagio-nas-secretarias-municipais-e-orgaos-conveniados\\\/#authorImage\",\"url\":\"https:\\\/\\\/secure.gravatar.com\\\/avatar\\\/507340682b8270222e1f208e23198b6ae7e2c6a1033ae84e99bc6bce4f82a387?s=96&d=mm&r=g\",\"width\":96,\"height\":96,\"caption\":\"Encontra Ribeir\\u00e3o Preto\"}},{\"@type\":\"WebPage\",\"@id\":\"https:\\\/\\\/www.encontraribeiraopreto.com.br\\\/sobre\\\/prefeitura-de-ribeirao-preto-abre-vagas-de-estagio-nas-secretarias-municipais-e-orgaos-conveniados\\\/#webpage\",\"url\":\"https:\\\/\\\/www.encontraribeiraopreto.com.br\\\/sobre\\\/prefeitura-de-ribeirao-preto-abre-vagas-de-estagio-nas-secretarias-municipais-e-orgaos-conveniados\\\/\",\"name\":\"Prefeitura de Ribeir\\u00e3o Preto abre vagas de est\\u00e1gio nas secretarias municipais e \\u00f3rg\\u00e3os conveniados - Encontra Ribeir\\u00e3o Preto\",\"description\":\"A Prefeitura Municipal de Ribeir\\u00e3o Preto, por meio da Secretaria Municipal da Casa Civil\\\/Programa Ribeir\\u00e3o Jovem, torna p\\u00fablica a abertura de inscri\\u00e7\\u00e3o para o processo seletivo de cadastro para est\\u00e1gio remunerado nas diversas secretarias municipais e \\u00f3rg\\u00e3os conveniados, nos termos da Lei Federal n\\u00ba 11.788, de 25\\\/09\\\/2008, e Lei Municipal n\\u00ba 6.654\\\/93. Poder\\u00e3o participar estudantes\",\"inLanguage\":\"pt-BR\",\"isPartOf\":{\"@id\":\"https:\\\/\\\/www.encontraribeiraopreto.com.br\\\/sobre\\\/#website\"},\"breadcrumb\":{\"@id\":\"https:\\\/\\\/www.encontraribeiraopreto.com.br\\\/sobre\\\/prefeitura-de-ribeirao-preto-abre-vagas-de-estagio-nas-secretarias-municipais-e-orgaos-conveniados\\\/#breadcrumblist\"},\"author\":{\"@id\":\"https:\\\/\\\/www.encontraribeiraopreto.com.br\\\/sobre\\\/author\\\/eribeiraopreto\\\/#author\"},\"creator\":{\"@id\":\"https:\\\/\\\/www.encontraribeiraopreto.com.br\\\/sobre\\\/author\\\/eribeiraopreto\\\/#author\"},\"datePublished\":\"2013-01-08T00:33:58-03:00\",\"dateModified\":\"2019-04-15T11:25:15-03:00\"},{\"@type\":\"WebSite\",\"@id\":\"https:\\\/\\\/www.encontraribeiraopreto.com.br\\\/sobre\\\/#website\",\"url\":\"https:\\\/\\\/www.encontraribeiraopreto.com.br\\\/sobre\\\/\",\"name\":\"Encontra Ribeir\\u00e3o Preto\",\"description\":\"Not\\u00edcias, eventos, informa\\u00e7\\u00f5es e dicas na cidade Ribeir\\u00e3o Preto e regi\\u00e3o.\",\"inLanguage\":\"pt-BR\",\"publisher\":{\"@id\":\"https:\\\/\\\/www.encontraribeiraopreto.com.br\\\/sobre\\\/#organization\"}}]}\n\t\t<\/script>\n\t\t<!-- All in One SEO -->\n\n","aioseo_head_json":{"title":"Prefeitura de Ribeir\u00e3o Preto abre vagas de est\u00e1gio nas secretarias municipais e \u00f3rg\u00e3os conveniados - Encontra Ribeir\u00e3o Preto","description":"A Prefeitura Municipal de Ribeir\u00e3o Preto, por meio da Secretaria Municipal da Casa Civil\/Programa Ribeir\u00e3o Jovem, torna p\u00fablica a abertura de inscri\u00e7\u00e3o para o processo seletivo de cadastro para est\u00e1gio remunerado nas diversas secretarias municipais e \u00f3rg\u00e3os conveniados, nos termos da Lei Federal n\u00ba 11.788, de 25\/09\/2008, e Lei Municipal n\u00ba 6.654\/93. Poder\u00e3o participar estudantes","canonical_url":"https:\/\/www.encontraribeiraopreto.com.br\/sobre\/prefeitura-de-ribeirao-preto-abre-vagas-de-estagio-nas-secretarias-municipais-e-orgaos-conveniados\/","robots":"max-image-preview:large","keywords":"","webmasterTools":{"miscellaneous":""},"schema":{"@context":"https:\/\/schema.org","@graph":[{"@type":"BlogPosting","@id":"https:\/\/www.encontraribeiraopreto.com.br\/sobre\/prefeitura-de-ribeirao-preto-abre-vagas-de-estagio-nas-secretarias-municipais-e-orgaos-conveniados\/#blogposting","name":"Prefeitura de Ribeir\u00e3o Preto abre vagas de est\u00e1gio nas secretarias municipais e \u00f3rg\u00e3os conveniados - Encontra Ribeir\u00e3o Preto","headline":"Prefeitura de Ribeir\u00e3o Preto abre vagas de est\u00e1gio nas secretarias municipais e \u00f3rg\u00e3os conveniados","author":{"@id":"https:\/\/www.encontraribeiraopreto.com.br\/sobre\/author\/eribeiraopreto\/#author"},"publisher":{"@id":"https:\/\/www.encontraribeiraopreto.com.br\/sobre\/#organization"},"datePublished":"2013-01-08T00:33:58-03:00","dateModified":"2019-04-15T11:25:15-03:00","inLanguage":"pt-BR","mainEntityOfPage":{"@id":"https:\/\/www.encontraribeiraopreto.com.br\/sobre\/prefeitura-de-ribeirao-preto-abre-vagas-de-estagio-nas-secretarias-municipais-e-orgaos-conveniados\/#webpage"},"isPartOf":{"@id":"https:\/\/www.encontraribeiraopreto.com.br\/sobre\/prefeitura-de-ribeirao-preto-abre-vagas-de-estagio-nas-secretarias-municipais-e-orgaos-conveniados\/#webpage"},"articleSection":"Not\u00edcias Ribeir\u00e3o Preto, Ribeir\u00e3o Preto"},{"@type":"BreadcrumbList","@id":"https:\/\/www.encontraribeiraopreto.com.br\/sobre\/prefeitura-de-ribeirao-preto-abre-vagas-de-estagio-nas-secretarias-municipais-e-orgaos-conveniados\/#breadcrumblist","itemListElement":[{"@type":"ListItem","@id":"https:\/\/www.encontraribeiraopreto.com.br\/sobre#listItem","position":1,"name":"In\u00edcio","item":"https:\/\/www.encontraribeiraopreto.com.br\/sobre","nextItem":{"@type":"ListItem","@id":"https:\/\/www.encontraribeiraopreto.com.br\/sobre\/noticias-em-ribeirao-preto\/#listItem","name":"Not\u00edcias Ribeir\u00e3o Preto"}},{"@type":"ListItem","@id":"https:\/\/www.encontraribeiraopreto.com.br\/sobre\/noticias-em-ribeirao-preto\/#listItem","position":2,"name":"Not\u00edcias Ribeir\u00e3o Preto","item":"https:\/\/www.encontraribeiraopreto.com.br\/sobre\/noticias-em-ribeirao-preto\/","nextItem":{"@type":"ListItem","@id":"https:\/\/www.encontraribeiraopreto.com.br\/sobre\/prefeitura-de-ribeirao-preto-abre-vagas-de-estagio-nas-secretarias-municipais-e-orgaos-conveniados\/#listItem","name":"Prefeitura de Ribeir\u00e3o Preto abre vagas de est\u00e1gio nas secretarias municipais e \u00f3rg\u00e3os conveniados"},"previousItem":{"@type":"ListItem","@id":"https:\/\/www.encontraribeiraopreto.com.br\/sobre#listItem","name":"In\u00edcio"}},{"@type":"ListItem","@id":"https:\/\/www.encontraribeiraopreto.com.br\/sobre\/prefeitura-de-ribeirao-preto-abre-vagas-de-estagio-nas-secretarias-municipais-e-orgaos-conveniados\/#listItem","position":3,"name":"Prefeitura de Ribeir\u00e3o Preto abre vagas de est\u00e1gio nas secretarias municipais e \u00f3rg\u00e3os conveniados","previousItem":{"@type":"ListItem","@id":"https:\/\/www.encontraribeiraopreto.com.br\/sobre\/noticias-em-ribeirao-preto\/#listItem","name":"Not\u00edcias Ribeir\u00e3o Preto"}}]},{"@type":"Organization","@id":"https:\/\/www.encontraribeiraopreto.com.br\/sobre\/#organization","name":"Encontra Ribeir\u00e3o Preto","description":"Not\u00edcias, eventos, informa\u00e7\u00f5es e dicas na cidade Ribeir\u00e3o Preto e regi\u00e3o.","url":"https:\/\/www.encontraribeiraopreto.com.br\/sobre\/"},{"@type":"Person","@id":"https:\/\/www.encontraribeiraopreto.com.br\/sobre\/author\/eribeiraopreto\/#author","url":"https:\/\/www.encontraribeiraopreto.com.br\/sobre\/author\/eribeiraopreto\/","name":"Encontra Ribeir\u00e3o Preto","image":{"@type":"ImageObject","@id":"https:\/\/www.encontraribeiraopreto.com.br\/sobre\/prefeitura-de-ribeirao-preto-abre-vagas-de-estagio-nas-secretarias-municipais-e-orgaos-conveniados\/#authorImage","url":"https:\/\/secure.gravatar.com\/avatar\/507340682b8270222e1f208e23198b6ae7e2c6a1033ae84e99bc6bce4f82a387?s=96&d=mm&r=g","width":96,"height":96,"caption":"Encontra Ribeir\u00e3o Preto"}},{"@type":"WebPage","@id":"https:\/\/www.encontraribeiraopreto.com.br\/sobre\/prefeitura-de-ribeirao-preto-abre-vagas-de-estagio-nas-secretarias-municipais-e-orgaos-conveniados\/#webpage","url":"https:\/\/www.encontraribeiraopreto.com.br\/sobre\/prefeitura-de-ribeirao-preto-abre-vagas-de-estagio-nas-secretarias-municipais-e-orgaos-conveniados\/","name":"Prefeitura de Ribeir\u00e3o Preto abre vagas de est\u00e1gio nas secretarias municipais e \u00f3rg\u00e3os conveniados - Encontra Ribeir\u00e3o Preto","description":"A Prefeitura Municipal de Ribeir\u00e3o Preto, por meio da Secretaria Municipal da Casa Civil\/Programa Ribeir\u00e3o Jovem, torna p\u00fablica a abertura de inscri\u00e7\u00e3o para o processo seletivo de cadastro para est\u00e1gio remunerado nas diversas secretarias municipais e \u00f3rg\u00e3os conveniados, nos termos da Lei Federal n\u00ba 11.788, de 25\/09\/2008, e Lei Municipal n\u00ba 6.654\/93. Poder\u00e3o participar estudantes","inLanguage":"pt-BR","isPartOf":{"@id":"https:\/\/www.encontraribeiraopreto.com.br\/sobre\/#website"},"breadcrumb":{"@id":"https:\/\/www.encontraribeiraopreto.com.br\/sobre\/prefeitura-de-ribeirao-preto-abre-vagas-de-estagio-nas-secretarias-municipais-e-orgaos-conveniados\/#breadcrumblist"},"author":{"@id":"https:\/\/www.encontraribeiraopreto.com.br\/sobre\/author\/eribeiraopreto\/#author"},"creator":{"@id":"https:\/\/www.encontraribeiraopreto.com.br\/sobre\/author\/eribeiraopreto\/#author"},"datePublished":"2013-01-08T00:33:58-03:00","dateModified":"2019-04-15T11:25:15-03:00"},{"@type":"WebSite","@id":"https:\/\/www.encontraribeiraopreto.com.br\/sobre\/#website","url":"https:\/\/www.encontraribeiraopreto.com.br\/sobre\/","name":"Encontra Ribeir\u00e3o Preto","description":"Not\u00edcias, eventos, informa\u00e7\u00f5es e dicas na cidade Ribeir\u00e3o Preto e regi\u00e3o.","inLanguage":"pt-BR","publisher":{"@id":"https:\/\/www.encontraribeiraopreto.com.br\/sobre\/#organization"}}]},"og:locale":"pt_BR","og:site_name":"Encontra Ribeir\u00e3o Preto - Not\u00edcias, eventos, informa\u00e7\u00f5es e dicas na cidade Ribeir\u00e3o Preto e regi\u00e3o.","og:type":"article","og:title":"Prefeitura de Ribeir\u00e3o Preto abre vagas de est\u00e1gio nas secretarias municipais e \u00f3rg\u00e3os conveniados - Encontra Ribeir\u00e3o Preto","og:description":"A Prefeitura Municipal de Ribeir\u00e3o Preto, por meio da Secretaria Municipal da Casa Civil\/Programa Ribeir\u00e3o Jovem, torna p\u00fablica a abertura de inscri\u00e7\u00e3o para o processo seletivo de cadastro para est\u00e1gio remunerado nas diversas secretarias municipais e \u00f3rg\u00e3os conveniados, nos termos da Lei Federal n\u00ba 11.788, de 25\/09\/2008, e Lei Municipal n\u00ba 6.654\/93. Poder\u00e3o participar estudantes","og:url":"https:\/\/www.encontraribeiraopreto.com.br\/sobre\/prefeitura-de-ribeirao-preto-abre-vagas-de-estagio-nas-secretarias-municipais-e-orgaos-conveniados\/","article:published_time":"2013-01-08T03:33:58+00:00","article:modified_time":"2019-04-15T14:25:15+00:00","twitter:card":"summary_large_image","twitter:title":"Prefeitura de Ribeir\u00e3o Preto abre vagas de est\u00e1gio nas secretarias municipais e \u00f3rg\u00e3os conveniados - Encontra Ribeir\u00e3o Preto","twitter:description":"A Prefeitura Municipal de Ribeir\u00e3o Preto, por meio da Secretaria Municipal da Casa Civil\/Programa Ribeir\u00e3o Jovem, torna p\u00fablica a abertura de inscri\u00e7\u00e3o para o processo seletivo de cadastro para est\u00e1gio remunerado nas diversas secretarias municipais e \u00f3rg\u00e3os conveniados, nos termos da Lei Federal n\u00ba 11.788, de 25\/09\/2008, e Lei Municipal n\u00ba 6.654\/93. Poder\u00e3o participar estudantes"},"aioseo_meta_data":{"post_id":"2097","title":null,"description":null,"keywords":null,"keyphrases":null,"primary_term":null,"canonical_url":null,"og_title":null,"og_description":null,"og_object_type":"default","og_image_type":"default","og_image_url":null,"og_image_width":null,"og_image_height":null,"og_image_custom_url":null,"og_image_custom_fields":null,"og_video":null,"og_custom_url":null,"og_article_section":null,"og_article_tags":null,"twitter_use_og":false,"twitter_card":"default","twitter_image_type":"default","twitter_image_url":null,"twitter_image_custom_url":null,"twitter_image_custom_fields":null,"twitter_title":null,"twitter_description":null,"schema":{"blockGraphs":[],"customGraphs":[],"default":{"data":{"Article":[],"Course":[],"Dataset":[],"FAQPage":[],"Movie":[],"Person":[],"Product":[],"ProductReview":[],"Car":[],"Recipe":[],"Service":[],"SoftwareApplication":[],"WebPage":[]},"graphName":"BlogPosting","isEnabled":true},"graphs":[]},"schema_type":null,"schema_type_options":null,"pillar_content":false,"robots_default":true,"robots_noindex":false,"robots_noarchive":false,"robots_nosnippet":false,"robots_nofollow":false,"robots_noimageindex":false,"robots_noodp":false,"robots_notranslate":false,"robots_max_snippet":null,"robots_max_videopreview":null,"robots_max_imagepreview":"large","priority":null,"frequency":null,"local_seo":null,"limit_modified_date":false,"created":"2021-02-24 15:54:02","updated":"2023-03-02 16:54:09","focus_keyword":null,"additional_keywords":null,"truseo_locale":null,"ai":null,"breadcrumb_settings":null,"seo_analyzer_scan_date":null},"aioseo_breadcrumb":"<div class=\"aioseo-breadcrumbs\"><span class=\"aioseo-breadcrumb\">\n\t\t\t<a href=\"https:\/\/www.encontraribeiraopreto.com.br\/sobre\" title=\"In\u00edcio\">In\u00edcio<\/a>\n\t\t<\/span><span class=\"aioseo-breadcrumb-separator\">&raquo;<\/span><span class=\"aioseo-breadcrumb\">\n\t\t\t<a href=\"https:\/\/www.encontraribeiraopreto.com.br\/sobre\/noticias-em-ribeirao-preto\/\" title=\"Not\u00edcias Ribeir\u00e3o Preto\">Not\u00edcias Ribeir\u00e3o Preto<\/a>\n\t\t<\/span><span class=\"aioseo-breadcrumb-separator\">&raquo;<\/span><span class=\"aioseo-breadcrumb\">\n\t\t\tPrefeitura de Ribeir\u00e3o Preto abre vagas de est\u00e1gio nas secretarias municipais e \u00f3rg\u00e3os conveniados\n\t\t<\/span><\/div>","aioseo_breadcrumb_json":[{"label":"In\u00edcio","link":"https:\/\/www.encontraribeiraopreto.com.br\/sobre"},{"label":"Not\u00edcias Ribeir\u00e3o Preto","link":"https:\/\/www.encontraribeiraopreto.com.br\/sobre\/noticias-em-ribeirao-preto\/"},{"label":"Prefeitura de Ribeir\u00e3o Preto abre vagas de est\u00e1gio nas secretarias municipais e \u00f3rg\u00e3os conveniados","link":"https:\/\/www.encontraribeiraopreto.com.br\/sobre\/prefeitura-de-ribeirao-preto-abre-vagas-de-estagio-nas-secretarias-municipais-e-orgaos-conveniados\/"}],"_links":{"self":[{"href":"https:\/\/www.encontraribeiraopreto.com.br\/sobre\/wp-json\/wp\/v2\/posts\/2097","targetHints":{"allow":["GET"]}}],"collection":[{"href":"https:\/\/www.encontraribeiraopreto.com.br\/sobre\/wp-json\/wp\/v2\/posts"}],"about":[{"href":"https:\/\/www.encontraribeiraopreto.com.br\/sobre\/wp-json\/wp\/v2\/types\/post"}],"author":[{"embeddable":true,"href":"https:\/\/www.encontraribeiraopreto.com.br\/sobre\/wp-json\/wp\/v2\/users\/1"}],"replies":[{"embeddable":true,"href":"https:\/\/www.encontraribeiraopreto.com.br\/sobre\/wp-json\/wp\/v2\/comments?post=2097"}],"version-history":[{"count":0,"href":"https:\/\/www.encontraribeiraopreto.com.br\/sobre\/wp-json\/wp\/v2\/posts\/2097\/revisions"}],"wp:attachment":[{"href":"https:\/\/www.encontraribeiraopreto.com.br\/sobre\/wp-json\/wp\/v2\/media?parent=2097"}],"wp:term":[{"taxonomy":"category","embeddable":true,"href":"https:\/\/www.encontraribeiraopreto.com.br\/sobre\/wp-json\/wp\/v2\/categories?post=2097"},{"taxonomy":"post_tag","embeddable":true,"href":"https:\/\/www.encontraribeiraopreto.com.br\/sobre\/wp-json\/wp\/v2\/tags?post=2097"}],"curies":[{"name":"wp","href":"https:\/\/api.w.org\/{rel}","templated":true}]}}