{"id":2256,"date":"2013-01-28T00:22:11","date_gmt":"2013-01-28T03:22:11","guid":{"rendered":"http:\/\/www.encontraribeiraopreto.com.br\/noticias\/?p=2256"},"modified":"2019-04-15T11:24:41","modified_gmt":"2019-04-15T14:24:41","slug":"casa-da-caramuru-em-ribeirao-esta-ja-recebendo-protecao-de-paredes-e-novo-telhado","status":"publish","type":"post","link":"https:\/\/www.encontraribeiraopreto.com.br\/sobre\/casa-da-caramuru-em-ribeirao-esta-ja-recebendo-protecao-de-paredes-e-novo-telhado\/","title":{"rendered":"Casa da Caramuru em Ribeir\u00e3o est\u00e1 j\u00e1 recebendo prote\u00e7\u00e3o de paredes e novo telhado"},"content":{"rendered":"<div class=\"cd7ef838bed10b2b4567f853226bc383\" data-index=\"1\" style=\"float: none; margin:0px;\">\n<!-- Anuncio display - global -->\r\n<ins class=\"adsbygoogle\"\r\n     style=\"display:block\"\r\n     data-ad-client=\"ca-pub-8585364105181520\"\r\n     data-ad-slot=\"8789329856\"\r\n     data-ad-format=\"auto\"\r\n     data-full-width-responsive=\"true\"><\/ins>\r\n<script>\r\n     (adsbygoogle = window.adsbygoogle || []).push({});\r\n<\/script>\r\n\n<\/div>\n<p>O Solar Villalobos, ou Casa da Caramuru, como ficou conhecido o <a title=\"Im\u00f3vel em Ribeir\u00e3o Preto\" href=\"http:\/\/www.encontraribeiraopreto.com.br\/i\/imobiliarias-em-ribeirao-preto.shtml\" target=\"_blank\">im\u00f3vel<\/a>\u00a0de estilo neocl\u00e1ssico localizado no antigo bairro da Rep\u00fablica, hoje Vila Virg\u00ednia, j\u00e1 exibe outra apar\u00eancia e, aos poucos, deixa no passado as cenas de ru\u00ednas e seu aspecto de abandono hist\u00f3rico.\u00a0<em>\u201cRestaurar este patrim\u00f4nio \u00e9 um desejo de muitos e o compromisso da administra\u00e7\u00e3o municipal\u201d,\u00a0<\/em>reitera a prefeita D\u00e1rcy Vera, que acompanha o trabalho desde seu in\u00edcio.<\/p>\n<p>Tombado pelo Condephaat (Conselho de Defesa do Patrim\u00f4nio Hist\u00f3rico, Arqueol\u00f3gico, Art\u00edstico e Tur\u00edstico), atualmente o pr\u00e9dio est\u00e1 recebendo uma s\u00e9rie de melhorias estruturais, assim como a cataloga\u00e7\u00e3o de todos os materiais retirados do local, prote\u00e7\u00e3o de suas paredes e pilares e, na sequ\u00eancia, ganhar\u00e1 um telhado. A a\u00e7\u00e3o est\u00e1 sendo executada por profissionais da empresa Arruda Associados, que prepara o im\u00f3vel para receber o restauro geral.<\/p>\n<p>O trabalho de cataloga\u00e7\u00e3o, que ter\u00e1 custo de R$ 74 mil, \u00e9 uma das a\u00e7\u00f5es de contrapartida das obras de combate \u00e0s enchentes, por meio do Programa Ribeir\u00e3o Sustent\u00e1ve<em>l. \u201cSeu significado \u00e9 muito mais do que arquitet\u00f4nico, \u00e9 hist\u00f3rico e simb\u00f3lico, pois se trata de um lugar de grande identidade com as varias \u00e9pocas de Ribeir\u00e3o Preto<\/em>\u201d, disse Alexandre Maraca, secret\u00e1rio da Cultura, ao ouvir as explica\u00e7\u00f5es de trabalhos de Alberto Magno de Arruda ( arquiteto) e Mauro Henriques de Arruda (engenheiro), durante sua primeira visita ao local, que j\u00e1 se transformou num canteiro obras.<\/p>\n<p><em>\u201cAqui est\u00e1 acontecendo um processo hist\u00f3rico important\u00edssimo, principalmente por conta da recupera\u00e7\u00e3o dos materiais que est\u00e3o sendo retirados e devolvidos ao im\u00f3vel, como forma de garantir a originalidade do casar\u00e3o\u201d,<\/em>\u00a0disse Maria Claudia Borges, assistente social do Planejamento para a\u00e7\u00f5es socioambientais.\u00a0<em>\u201cO local est\u00e1 bem diferente. Estamos tomando todos os cuidados na recupera\u00e7\u00e3o dos itens retomados. Nosso objetivo \u00e9 preservar a estrutura original de forma mais respeitosa poss\u00edvel. Por isso estamos dando tanta aten\u00e7\u00e3o \u00e0 cataloga\u00e7\u00e3o\u201d,\u00a0<\/em>emendou Alberto Arruda.<\/p>\n<p>\u201c<em>O telhado permitir\u00e1 mais seguran\u00e7a ao pr\u00e9dio e, assim, podemos realizar outros trabalhos garantindo a prote\u00e7\u00e3o das estruturas\u201d,<\/em>\u00a0acrescenta o engenheiro Mauro Henriques Arrudas. Paralelamente a essas atividades, a Cultura tamb\u00e9m planeja, para o per\u00edodo de 28 a 2 de fevereiro, as visita\u00e7\u00f5es monitoradas.<\/p>\n<p><em>\u201cEssas visitas tamb\u00e9m fazem parte do processo de restauro da Casa da Caramuru. A popula\u00e7\u00e3o sempre solicitou essa interven\u00e7\u00e3o, que ora acontece. Tamb\u00e9m v\u00e3o\u00a0acompanhar essa transforma\u00e7\u00e3o de perto. Esse patrim\u00f4nio \u00e9 da cidade e devolver esse patrim\u00f4nio \u00e0 sociedade era nosso desejo\u201d,<\/em>\u00a0finaliza a prefeita D\u00e1rcy Vera.<\/p>\n<p><em>Fonte: Mais Ribeir\u00e3o Preto<\/em><\/p>\n\n<div style=\"font-size: 0px; height: 0px; line-height: 0px; margin: 0; padding: 0; clear: both;\"><\/div>","protected":false},"excerpt":{"rendered":"<p>O Solar Villalobos, ou Casa da Caramuru, como ficou conhecido o im\u00f3vel\u00a0de estilo neocl\u00e1ssico localizado no antigo bairro da Rep\u00fablica, hoje Vila Virg\u00ednia, j\u00e1 exibe outra apar\u00eancia e, aos poucos, deixa no passado as cenas de ru\u00ednas e seu aspecto de abandono hist\u00f3rico.\u00a0\u201cRestaurar este patrim\u00f4nio \u00e9 um desejo de muitos e o compromisso da administra\u00e7\u00e3o municipal\u201d,\u00a0reitera a prefeita D\u00e1rcy Vera, que acompanha o trabalho desde seu in\u00edcio. Tombado pelo Condephaat (Conselho de Defesa do Patrim\u00f4nio Hist\u00f3rico, Arqueol\u00f3gico, Art\u00edstico e Tur\u00edstico), atualmente o pr\u00e9dio est\u00e1 recebendo uma s\u00e9rie de melhorias estruturais, assim como a cataloga\u00e7\u00e3o de todos os materiais retirados do <\/p>\n","protected":false},"author":1,"featured_media":0,"comment_status":"open","ping_status":"closed","sticky":false,"template":"","format":"standard","meta":{"footnotes":""},"categories":[6],"tags":[14],"class_list":["post-2256","post","type-post","status-publish","format-standard","hentry","category-noticias-em-ribeirao-preto","tag-ribeirao-preto"],"aioseo_notices":[],"aioseo_head":"\n\t\t<!-- All in One SEO 5.0.0.1 - aioseo.com -->\n\t<meta name=\"description\" content=\"O Solar Villalobos, ou Casa da Caramuru, como ficou conhecido o im\u00f3vel de estilo neocl\u00e1ssico localizado no antigo bairro da Rep\u00fablica, hoje Vila Virg\u00ednia, j\u00e1 exibe outra apar\u00eancia e, aos poucos, deixa no passado as cenas de ru\u00ednas e seu aspecto de abandono hist\u00f3rico. \u201cRestaurar este patrim\u00f4nio \u00e9 um desejo de muitos e o compromisso da administra\u00e7\u00e3o\" \/>\n\t<meta name=\"robots\" content=\"max-image-preview:large\" \/>\n\t<meta name=\"author\" content=\"Encontra Ribeir\u00e3o Preto\"\/>\n\t<link rel=\"canonical\" href=\"https:\/\/www.encontraribeiraopreto.com.br\/sobre\/casa-da-caramuru-em-ribeirao-esta-ja-recebendo-protecao-de-paredes-e-novo-telhado\/\" \/>\n\t<meta name=\"generator\" content=\"All in One SEO (AIOSEO) 5.0.0.1\" \/>\n\t\t<meta property=\"og:locale\" content=\"pt_BR\" \/>\n\t\t<meta property=\"og:site_name\" content=\"Encontra Ribeir\u00e3o Preto - Not\u00edcias, eventos, informa\u00e7\u00f5es e dicas na cidade Ribeir\u00e3o Preto e regi\u00e3o.\" \/>\n\t\t<meta property=\"og:type\" content=\"article\" \/>\n\t\t<meta property=\"og:title\" content=\"Casa da Caramuru em Ribeir\u00e3o est\u00e1 j\u00e1 recebendo prote\u00e7\u00e3o de paredes e novo telhado - Encontra Ribeir\u00e3o Preto\" \/>\n\t\t<meta property=\"og:description\" content=\"O Solar Villalobos, ou Casa da Caramuru, como ficou conhecido o im\u00f3vel de estilo neocl\u00e1ssico localizado no antigo bairro da Rep\u00fablica, hoje Vila Virg\u00ednia, j\u00e1 exibe outra apar\u00eancia e, aos poucos, deixa no passado as cenas de ru\u00ednas e seu aspecto de abandono hist\u00f3rico. \u201cRestaurar este patrim\u00f4nio \u00e9 um desejo de muitos e o compromisso da administra\u00e7\u00e3o\" \/>\n\t\t<meta property=\"og:url\" content=\"https:\/\/www.encontraribeiraopreto.com.br\/sobre\/casa-da-caramuru-em-ribeirao-esta-ja-recebendo-protecao-de-paredes-e-novo-telhado\/\" \/>\n\t\t<meta property=\"article:published_time\" content=\"2013-01-28T03:22:11+00:00\" \/>\n\t\t<meta property=\"article:modified_time\" content=\"2019-04-15T14:24:41+00:00\" \/>\n\t\t<meta name=\"twitter:card\" content=\"summary_large_image\" \/>\n\t\t<meta name=\"twitter:title\" content=\"Casa da Caramuru em Ribeir\u00e3o est\u00e1 j\u00e1 recebendo prote\u00e7\u00e3o de paredes e novo telhado - Encontra Ribeir\u00e3o Preto\" \/>\n\t\t<meta name=\"twitter:description\" content=\"O Solar Villalobos, ou Casa da Caramuru, como ficou conhecido o im\u00f3vel de estilo neocl\u00e1ssico localizado no antigo bairro da Rep\u00fablica, hoje Vila Virg\u00ednia, j\u00e1 exibe outra apar\u00eancia e, aos poucos, deixa no passado as cenas de ru\u00ednas e seu aspecto de abandono hist\u00f3rico. \u201cRestaurar este patrim\u00f4nio \u00e9 um desejo de muitos e o compromisso da administra\u00e7\u00e3o\" \/>\n\t\t<script type=\"application\/ld+json\" class=\"aioseo-schema\">\n\t\t\t{\"@context\":\"https:\\\/\\\/schema.org\",\"@graph\":[{\"@type\":\"BlogPosting\",\"@id\":\"https:\\\/\\\/www.encontraribeiraopreto.com.br\\\/sobre\\\/casa-da-caramuru-em-ribeirao-esta-ja-recebendo-protecao-de-paredes-e-novo-telhado\\\/#blogposting\",\"name\":\"Casa da Caramuru em Ribeir\\u00e3o est\\u00e1 j\\u00e1 recebendo prote\\u00e7\\u00e3o de paredes e novo telhado - Encontra Ribeir\\u00e3o Preto\",\"headline\":\"Casa da Caramuru em Ribeir\\u00e3o est\\u00e1 j\\u00e1 recebendo prote\\u00e7\\u00e3o de paredes e novo telhado\",\"author\":{\"@id\":\"https:\\\/\\\/www.encontraribeiraopreto.com.br\\\/sobre\\\/author\\\/eribeiraopreto\\\/#author\"},\"publisher\":{\"@id\":\"https:\\\/\\\/www.encontraribeiraopreto.com.br\\\/sobre\\\/#organization\"},\"datePublished\":\"2013-01-28T00:22:11-03:00\",\"dateModified\":\"2019-04-15T11:24:41-03:00\",\"inLanguage\":\"pt-BR\",\"mainEntityOfPage\":{\"@id\":\"https:\\\/\\\/www.encontraribeiraopreto.com.br\\\/sobre\\\/casa-da-caramuru-em-ribeirao-esta-ja-recebendo-protecao-de-paredes-e-novo-telhado\\\/#webpage\"},\"isPartOf\":{\"@id\":\"https:\\\/\\\/www.encontraribeiraopreto.com.br\\\/sobre\\\/casa-da-caramuru-em-ribeirao-esta-ja-recebendo-protecao-de-paredes-e-novo-telhado\\\/#webpage\"},\"articleSection\":\"Not\\u00edcias Ribeir\\u00e3o Preto, Ribeir\\u00e3o Preto\"},{\"@type\":\"BreadcrumbList\",\"@id\":\"https:\\\/\\\/www.encontraribeiraopreto.com.br\\\/sobre\\\/casa-da-caramuru-em-ribeirao-esta-ja-recebendo-protecao-de-paredes-e-novo-telhado\\\/#breadcrumblist\",\"itemListElement\":[{\"@type\":\"ListItem\",\"@id\":\"https:\\\/\\\/www.encontraribeiraopreto.com.br\\\/sobre#listItem\",\"position\":1,\"name\":\"In\\u00edcio\",\"item\":\"https:\\\/\\\/www.encontraribeiraopreto.com.br\\\/sobre\",\"nextItem\":{\"@type\":\"ListItem\",\"@id\":\"https:\\\/\\\/www.encontraribeiraopreto.com.br\\\/sobre\\\/noticias-em-ribeirao-preto\\\/#listItem\",\"name\":\"Not\\u00edcias Ribeir\\u00e3o Preto\"}},{\"@type\":\"ListItem\",\"@id\":\"https:\\\/\\\/www.encontraribeiraopreto.com.br\\\/sobre\\\/noticias-em-ribeirao-preto\\\/#listItem\",\"position\":2,\"name\":\"Not\\u00edcias Ribeir\\u00e3o Preto\",\"item\":\"https:\\\/\\\/www.encontraribeiraopreto.com.br\\\/sobre\\\/noticias-em-ribeirao-preto\\\/\",\"nextItem\":{\"@type\":\"ListItem\",\"@id\":\"https:\\\/\\\/www.encontraribeiraopreto.com.br\\\/sobre\\\/casa-da-caramuru-em-ribeirao-esta-ja-recebendo-protecao-de-paredes-e-novo-telhado\\\/#listItem\",\"name\":\"Casa da Caramuru em Ribeir\\u00e3o est\\u00e1 j\\u00e1 recebendo prote\\u00e7\\u00e3o de paredes e novo telhado\"},\"previousItem\":{\"@type\":\"ListItem\",\"@id\":\"https:\\\/\\\/www.encontraribeiraopreto.com.br\\\/sobre#listItem\",\"name\":\"In\\u00edcio\"}},{\"@type\":\"ListItem\",\"@id\":\"https:\\\/\\\/www.encontraribeiraopreto.com.br\\\/sobre\\\/casa-da-caramuru-em-ribeirao-esta-ja-recebendo-protecao-de-paredes-e-novo-telhado\\\/#listItem\",\"position\":3,\"name\":\"Casa da Caramuru em Ribeir\\u00e3o est\\u00e1 j\\u00e1 recebendo prote\\u00e7\\u00e3o de paredes e novo telhado\",\"previousItem\":{\"@type\":\"ListItem\",\"@id\":\"https:\\\/\\\/www.encontraribeiraopreto.com.br\\\/sobre\\\/noticias-em-ribeirao-preto\\\/#listItem\",\"name\":\"Not\\u00edcias Ribeir\\u00e3o Preto\"}}]},{\"@type\":\"Organization\",\"@id\":\"https:\\\/\\\/www.encontraribeiraopreto.com.br\\\/sobre\\\/#organization\",\"name\":\"Encontra Ribeir\\u00e3o Preto\",\"description\":\"Not\\u00edcias, eventos, informa\\u00e7\\u00f5es e dicas na cidade Ribeir\\u00e3o Preto e regi\\u00e3o.\",\"url\":\"https:\\\/\\\/www.encontraribeiraopreto.com.br\\\/sobre\\\/\"},{\"@type\":\"Person\",\"@id\":\"https:\\\/\\\/www.encontraribeiraopreto.com.br\\\/sobre\\\/author\\\/eribeiraopreto\\\/#author\",\"url\":\"https:\\\/\\\/www.encontraribeiraopreto.com.br\\\/sobre\\\/author\\\/eribeiraopreto\\\/\",\"name\":\"Encontra Ribeir\\u00e3o Preto\",\"image\":{\"@type\":\"ImageObject\",\"@id\":\"https:\\\/\\\/www.encontraribeiraopreto.com.br\\\/sobre\\\/casa-da-caramuru-em-ribeirao-esta-ja-recebendo-protecao-de-paredes-e-novo-telhado\\\/#authorImage\",\"url\":\"https:\\\/\\\/secure.gravatar.com\\\/avatar\\\/507340682b8270222e1f208e23198b6ae7e2c6a1033ae84e99bc6bce4f82a387?s=96&d=mm&r=g\",\"width\":96,\"height\":96,\"caption\":\"Encontra Ribeir\\u00e3o Preto\"}},{\"@type\":\"WebPage\",\"@id\":\"https:\\\/\\\/www.encontraribeiraopreto.com.br\\\/sobre\\\/casa-da-caramuru-em-ribeirao-esta-ja-recebendo-protecao-de-paredes-e-novo-telhado\\\/#webpage\",\"url\":\"https:\\\/\\\/www.encontraribeiraopreto.com.br\\\/sobre\\\/casa-da-caramuru-em-ribeirao-esta-ja-recebendo-protecao-de-paredes-e-novo-telhado\\\/\",\"name\":\"Casa da Caramuru em Ribeir\\u00e3o est\\u00e1 j\\u00e1 recebendo prote\\u00e7\\u00e3o de paredes e novo telhado - Encontra Ribeir\\u00e3o Preto\",\"description\":\"O Solar Villalobos, ou Casa da Caramuru, como ficou conhecido o im\\u00f3vel de estilo neocl\\u00e1ssico localizado no antigo bairro da Rep\\u00fablica, hoje Vila Virg\\u00ednia, j\\u00e1 exibe outra apar\\u00eancia e, aos poucos, deixa no passado as cenas de ru\\u00ednas e seu aspecto de abandono hist\\u00f3rico. \\u201cRestaurar este patrim\\u00f4nio \\u00e9 um desejo de muitos e o compromisso da administra\\u00e7\\u00e3o\",\"inLanguage\":\"pt-BR\",\"isPartOf\":{\"@id\":\"https:\\\/\\\/www.encontraribeiraopreto.com.br\\\/sobre\\\/#website\"},\"breadcrumb\":{\"@id\":\"https:\\\/\\\/www.encontraribeiraopreto.com.br\\\/sobre\\\/casa-da-caramuru-em-ribeirao-esta-ja-recebendo-protecao-de-paredes-e-novo-telhado\\\/#breadcrumblist\"},\"author\":{\"@id\":\"https:\\\/\\\/www.encontraribeiraopreto.com.br\\\/sobre\\\/author\\\/eribeiraopreto\\\/#author\"},\"creator\":{\"@id\":\"https:\\\/\\\/www.encontraribeiraopreto.com.br\\\/sobre\\\/author\\\/eribeiraopreto\\\/#author\"},\"datePublished\":\"2013-01-28T00:22:11-03:00\",\"dateModified\":\"2019-04-15T11:24:41-03:00\"},{\"@type\":\"WebSite\",\"@id\":\"https:\\\/\\\/www.encontraribeiraopreto.com.br\\\/sobre\\\/#website\",\"url\":\"https:\\\/\\\/www.encontraribeiraopreto.com.br\\\/sobre\\\/\",\"name\":\"Encontra Ribeir\\u00e3o Preto\",\"description\":\"Not\\u00edcias, eventos, informa\\u00e7\\u00f5es e dicas na cidade Ribeir\\u00e3o Preto e regi\\u00e3o.\",\"inLanguage\":\"pt-BR\",\"publisher\":{\"@id\":\"https:\\\/\\\/www.encontraribeiraopreto.com.br\\\/sobre\\\/#organization\"}}]}\n\t\t<\/script>\n\t\t<!-- All in One SEO -->\n\n","aioseo_head_json":{"title":"Casa da Caramuru em Ribeir\u00e3o est\u00e1 j\u00e1 recebendo prote\u00e7\u00e3o de paredes e novo telhado - Encontra Ribeir\u00e3o Preto","description":"O Solar Villalobos, ou Casa da Caramuru, como ficou conhecido o im\u00f3vel de estilo neocl\u00e1ssico localizado no antigo bairro da Rep\u00fablica, hoje Vila Virg\u00ednia, j\u00e1 exibe outra apar\u00eancia e, aos poucos, deixa no passado as cenas de ru\u00ednas e seu aspecto de abandono hist\u00f3rico. \u201cRestaurar este patrim\u00f4nio \u00e9 um desejo de muitos e o compromisso da administra\u00e7\u00e3o","canonical_url":"https:\/\/www.encontraribeiraopreto.com.br\/sobre\/casa-da-caramuru-em-ribeirao-esta-ja-recebendo-protecao-de-paredes-e-novo-telhado\/","robots":"max-image-preview:large","keywords":"","webmasterTools":{"miscellaneous":""},"schema":{"@context":"https:\/\/schema.org","@graph":[{"@type":"BlogPosting","@id":"https:\/\/www.encontraribeiraopreto.com.br\/sobre\/casa-da-caramuru-em-ribeirao-esta-ja-recebendo-protecao-de-paredes-e-novo-telhado\/#blogposting","name":"Casa da Caramuru em Ribeir\u00e3o est\u00e1 j\u00e1 recebendo prote\u00e7\u00e3o de paredes e novo telhado - Encontra Ribeir\u00e3o Preto","headline":"Casa da Caramuru em Ribeir\u00e3o est\u00e1 j\u00e1 recebendo prote\u00e7\u00e3o de paredes e novo telhado","author":{"@id":"https:\/\/www.encontraribeiraopreto.com.br\/sobre\/author\/eribeiraopreto\/#author"},"publisher":{"@id":"https:\/\/www.encontraribeiraopreto.com.br\/sobre\/#organization"},"datePublished":"2013-01-28T00:22:11-03:00","dateModified":"2019-04-15T11:24:41-03:00","inLanguage":"pt-BR","mainEntityOfPage":{"@id":"https:\/\/www.encontraribeiraopreto.com.br\/sobre\/casa-da-caramuru-em-ribeirao-esta-ja-recebendo-protecao-de-paredes-e-novo-telhado\/#webpage"},"isPartOf":{"@id":"https:\/\/www.encontraribeiraopreto.com.br\/sobre\/casa-da-caramuru-em-ribeirao-esta-ja-recebendo-protecao-de-paredes-e-novo-telhado\/#webpage"},"articleSection":"Not\u00edcias Ribeir\u00e3o Preto, Ribeir\u00e3o Preto"},{"@type":"BreadcrumbList","@id":"https:\/\/www.encontraribeiraopreto.com.br\/sobre\/casa-da-caramuru-em-ribeirao-esta-ja-recebendo-protecao-de-paredes-e-novo-telhado\/#breadcrumblist","itemListElement":[{"@type":"ListItem","@id":"https:\/\/www.encontraribeiraopreto.com.br\/sobre#listItem","position":1,"name":"In\u00edcio","item":"https:\/\/www.encontraribeiraopreto.com.br\/sobre","nextItem":{"@type":"ListItem","@id":"https:\/\/www.encontraribeiraopreto.com.br\/sobre\/noticias-em-ribeirao-preto\/#listItem","name":"Not\u00edcias Ribeir\u00e3o Preto"}},{"@type":"ListItem","@id":"https:\/\/www.encontraribeiraopreto.com.br\/sobre\/noticias-em-ribeirao-preto\/#listItem","position":2,"name":"Not\u00edcias Ribeir\u00e3o Preto","item":"https:\/\/www.encontraribeiraopreto.com.br\/sobre\/noticias-em-ribeirao-preto\/","nextItem":{"@type":"ListItem","@id":"https:\/\/www.encontraribeiraopreto.com.br\/sobre\/casa-da-caramuru-em-ribeirao-esta-ja-recebendo-protecao-de-paredes-e-novo-telhado\/#listItem","name":"Casa da Caramuru em Ribeir\u00e3o est\u00e1 j\u00e1 recebendo prote\u00e7\u00e3o de paredes e novo telhado"},"previousItem":{"@type":"ListItem","@id":"https:\/\/www.encontraribeiraopreto.com.br\/sobre#listItem","name":"In\u00edcio"}},{"@type":"ListItem","@id":"https:\/\/www.encontraribeiraopreto.com.br\/sobre\/casa-da-caramuru-em-ribeirao-esta-ja-recebendo-protecao-de-paredes-e-novo-telhado\/#listItem","position":3,"name":"Casa da Caramuru em Ribeir\u00e3o est\u00e1 j\u00e1 recebendo prote\u00e7\u00e3o de paredes e novo telhado","previousItem":{"@type":"ListItem","@id":"https:\/\/www.encontraribeiraopreto.com.br\/sobre\/noticias-em-ribeirao-preto\/#listItem","name":"Not\u00edcias Ribeir\u00e3o Preto"}}]},{"@type":"Organization","@id":"https:\/\/www.encontraribeiraopreto.com.br\/sobre\/#organization","name":"Encontra Ribeir\u00e3o Preto","description":"Not\u00edcias, eventos, informa\u00e7\u00f5es e dicas na cidade Ribeir\u00e3o Preto e regi\u00e3o.","url":"https:\/\/www.encontraribeiraopreto.com.br\/sobre\/"},{"@type":"Person","@id":"https:\/\/www.encontraribeiraopreto.com.br\/sobre\/author\/eribeiraopreto\/#author","url":"https:\/\/www.encontraribeiraopreto.com.br\/sobre\/author\/eribeiraopreto\/","name":"Encontra Ribeir\u00e3o Preto","image":{"@type":"ImageObject","@id":"https:\/\/www.encontraribeiraopreto.com.br\/sobre\/casa-da-caramuru-em-ribeirao-esta-ja-recebendo-protecao-de-paredes-e-novo-telhado\/#authorImage","url":"https:\/\/secure.gravatar.com\/avatar\/507340682b8270222e1f208e23198b6ae7e2c6a1033ae84e99bc6bce4f82a387?s=96&d=mm&r=g","width":96,"height":96,"caption":"Encontra Ribeir\u00e3o Preto"}},{"@type":"WebPage","@id":"https:\/\/www.encontraribeiraopreto.com.br\/sobre\/casa-da-caramuru-em-ribeirao-esta-ja-recebendo-protecao-de-paredes-e-novo-telhado\/#webpage","url":"https:\/\/www.encontraribeiraopreto.com.br\/sobre\/casa-da-caramuru-em-ribeirao-esta-ja-recebendo-protecao-de-paredes-e-novo-telhado\/","name":"Casa da Caramuru em Ribeir\u00e3o est\u00e1 j\u00e1 recebendo prote\u00e7\u00e3o de paredes e novo telhado - Encontra Ribeir\u00e3o Preto","description":"O Solar Villalobos, ou Casa da Caramuru, como ficou conhecido o im\u00f3vel de estilo neocl\u00e1ssico localizado no antigo bairro da Rep\u00fablica, hoje Vila Virg\u00ednia, j\u00e1 exibe outra apar\u00eancia e, aos poucos, deixa no passado as cenas de ru\u00ednas e seu aspecto de abandono hist\u00f3rico. \u201cRestaurar este patrim\u00f4nio \u00e9 um desejo de muitos e o compromisso da administra\u00e7\u00e3o","inLanguage":"pt-BR","isPartOf":{"@id":"https:\/\/www.encontraribeiraopreto.com.br\/sobre\/#website"},"breadcrumb":{"@id":"https:\/\/www.encontraribeiraopreto.com.br\/sobre\/casa-da-caramuru-em-ribeirao-esta-ja-recebendo-protecao-de-paredes-e-novo-telhado\/#breadcrumblist"},"author":{"@id":"https:\/\/www.encontraribeiraopreto.com.br\/sobre\/author\/eribeiraopreto\/#author"},"creator":{"@id":"https:\/\/www.encontraribeiraopreto.com.br\/sobre\/author\/eribeiraopreto\/#author"},"datePublished":"2013-01-28T00:22:11-03:00","dateModified":"2019-04-15T11:24:41-03:00"},{"@type":"WebSite","@id":"https:\/\/www.encontraribeiraopreto.com.br\/sobre\/#website","url":"https:\/\/www.encontraribeiraopreto.com.br\/sobre\/","name":"Encontra Ribeir\u00e3o Preto","description":"Not\u00edcias, eventos, informa\u00e7\u00f5es e dicas na cidade Ribeir\u00e3o Preto e regi\u00e3o.","inLanguage":"pt-BR","publisher":{"@id":"https:\/\/www.encontraribeiraopreto.com.br\/sobre\/#organization"}}]},"og:locale":"pt_BR","og:site_name":"Encontra Ribeir\u00e3o Preto - Not\u00edcias, eventos, informa\u00e7\u00f5es e dicas na cidade Ribeir\u00e3o Preto e regi\u00e3o.","og:type":"article","og:title":"Casa da Caramuru em Ribeir\u00e3o est\u00e1 j\u00e1 recebendo prote\u00e7\u00e3o de paredes e novo telhado - Encontra Ribeir\u00e3o Preto","og:description":"O Solar Villalobos, ou Casa da Caramuru, como ficou conhecido o im\u00f3vel de estilo neocl\u00e1ssico localizado no antigo bairro da Rep\u00fablica, hoje Vila Virg\u00ednia, j\u00e1 exibe outra apar\u00eancia e, aos poucos, deixa no passado as cenas de ru\u00ednas e seu aspecto de abandono hist\u00f3rico. \u201cRestaurar este patrim\u00f4nio \u00e9 um desejo de muitos e o compromisso da administra\u00e7\u00e3o","og:url":"https:\/\/www.encontraribeiraopreto.com.br\/sobre\/casa-da-caramuru-em-ribeirao-esta-ja-recebendo-protecao-de-paredes-e-novo-telhado\/","article:published_time":"2013-01-28T03:22:11+00:00","article:modified_time":"2019-04-15T14:24:41+00:00","twitter:card":"summary_large_image","twitter:title":"Casa da Caramuru em Ribeir\u00e3o est\u00e1 j\u00e1 recebendo prote\u00e7\u00e3o de paredes e novo telhado - Encontra Ribeir\u00e3o Preto","twitter:description":"O Solar Villalobos, ou Casa da Caramuru, como ficou conhecido o im\u00f3vel de estilo neocl\u00e1ssico localizado no antigo bairro da Rep\u00fablica, hoje Vila Virg\u00ednia, j\u00e1 exibe outra apar\u00eancia e, aos poucos, deixa no passado as cenas de ru\u00ednas e seu aspecto de abandono hist\u00f3rico. \u201cRestaurar este patrim\u00f4nio \u00e9 um desejo de muitos e o compromisso da administra\u00e7\u00e3o"},"aioseo_meta_data":{"post_id":"2256","title":null,"description":null,"keywords":null,"keyphrases":null,"primary_term":null,"canonical_url":null,"og_title":null,"og_description":null,"og_object_type":"default","og_image_type":"default","og_image_url":null,"og_image_width":null,"og_image_height":null,"og_image_custom_url":null,"og_image_custom_fields":null,"og_video":null,"og_custom_url":null,"og_article_section":null,"og_article_tags":null,"twitter_use_og":false,"twitter_card":"default","twitter_image_type":"default","twitter_image_url":null,"twitter_image_custom_url":null,"twitter_image_custom_fields":null,"twitter_title":null,"twitter_description":null,"schema":{"blockGraphs":[],"customGraphs":[],"default":{"data":{"Article":[],"Course":[],"Dataset":[],"FAQPage":[],"Movie":[],"Person":[],"Product":[],"ProductReview":[],"Car":[],"Recipe":[],"Service":[],"SoftwareApplication":[],"WebPage":[]},"graphName":"BlogPosting","isEnabled":true},"graphs":[]},"schema_type":null,"schema_type_options":null,"pillar_content":false,"robots_default":true,"robots_noindex":false,"robots_noarchive":false,"robots_nosnippet":false,"robots_nofollow":false,"robots_noimageindex":false,"robots_noodp":false,"robots_notranslate":false,"robots_max_snippet":null,"robots_max_videopreview":null,"robots_max_imagepreview":"large","priority":null,"frequency":null,"local_seo":null,"limit_modified_date":false,"created":"2021-02-24 16:04:27","updated":"2023-03-07 13:38:48","focus_keyword":null,"additional_keywords":null,"truseo_locale":null,"ai":null,"breadcrumb_settings":null,"seo_analyzer_scan_date":null},"aioseo_breadcrumb":"<div class=\"aioseo-breadcrumbs\"><span class=\"aioseo-breadcrumb\">\n\t\t\t<a href=\"https:\/\/www.encontraribeiraopreto.com.br\/sobre\" title=\"In\u00edcio\">In\u00edcio<\/a>\n\t\t<\/span><span class=\"aioseo-breadcrumb-separator\">&raquo;<\/span><span class=\"aioseo-breadcrumb\">\n\t\t\t<a href=\"https:\/\/www.encontraribeiraopreto.com.br\/sobre\/noticias-em-ribeirao-preto\/\" title=\"Not\u00edcias Ribeir\u00e3o Preto\">Not\u00edcias Ribeir\u00e3o Preto<\/a>\n\t\t<\/span><span class=\"aioseo-breadcrumb-separator\">&raquo;<\/span><span class=\"aioseo-breadcrumb\">\n\t\t\tCasa da Caramuru em Ribeir\u00e3o est\u00e1 j\u00e1 recebendo prote\u00e7\u00e3o de paredes e novo telhado\n\t\t<\/span><\/div>","aioseo_breadcrumb_json":[{"label":"In\u00edcio","link":"https:\/\/www.encontraribeiraopreto.com.br\/sobre"},{"label":"Not\u00edcias Ribeir\u00e3o Preto","link":"https:\/\/www.encontraribeiraopreto.com.br\/sobre\/noticias-em-ribeirao-preto\/"},{"label":"Casa da Caramuru em Ribeir\u00e3o est\u00e1 j\u00e1 recebendo prote\u00e7\u00e3o de paredes e novo telhado","link":"https:\/\/www.encontraribeiraopreto.com.br\/sobre\/casa-da-caramuru-em-ribeirao-esta-ja-recebendo-protecao-de-paredes-e-novo-telhado\/"}],"_links":{"self":[{"href":"https:\/\/www.encontraribeiraopreto.com.br\/sobre\/wp-json\/wp\/v2\/posts\/2256","targetHints":{"allow":["GET"]}}],"collection":[{"href":"https:\/\/www.encontraribeiraopreto.com.br\/sobre\/wp-json\/wp\/v2\/posts"}],"about":[{"href":"https:\/\/www.encontraribeiraopreto.com.br\/sobre\/wp-json\/wp\/v2\/types\/post"}],"author":[{"embeddable":true,"href":"https:\/\/www.encontraribeiraopreto.com.br\/sobre\/wp-json\/wp\/v2\/users\/1"}],"replies":[{"embeddable":true,"href":"https:\/\/www.encontraribeiraopreto.com.br\/sobre\/wp-json\/wp\/v2\/comments?post=2256"}],"version-history":[{"count":0,"href":"https:\/\/www.encontraribeiraopreto.com.br\/sobre\/wp-json\/wp\/v2\/posts\/2256\/revisions"}],"wp:attachment":[{"href":"https:\/\/www.encontraribeiraopreto.com.br\/sobre\/wp-json\/wp\/v2\/media?parent=2256"}],"wp:term":[{"taxonomy":"category","embeddable":true,"href":"https:\/\/www.encontraribeiraopreto.com.br\/sobre\/wp-json\/wp\/v2\/categories?post=2256"},{"taxonomy":"post_tag","embeddable":true,"href":"https:\/\/www.encontraribeiraopreto.com.br\/sobre\/wp-json\/wp\/v2\/tags?post=2256"}],"curies":[{"name":"wp","href":"https:\/\/api.w.org\/{rel}","templated":true}]}}