{"id":2272,"date":"2013-01-30T00:04:57","date_gmt":"2013-01-30T03:04:57","guid":{"rendered":"http:\/\/www.encontraribeiraopreto.com.br\/noticias\/?p=2272"},"modified":"2019-04-15T11:24:41","modified_gmt":"2019-04-15T14:24:41","slug":"feira-oferece-22-mil-oportunidades-de-emprego-em-ribeirao-preto","status":"publish","type":"post","link":"https:\/\/www.encontraribeiraopreto.com.br\/sobre\/feira-oferece-22-mil-oportunidades-de-emprego-em-ribeirao-preto\/","title":{"rendered":"Feira oferece 2,2 mil oportunidades de emprego em Ribeir\u00e3o Preto"},"content":{"rendered":"<div class=\"cd7ef838bed10b2b4567f853226bc383\" data-index=\"1\" style=\"float: none; margin:0px;\">\n<!-- Anuncio display - global -->\r\n<ins class=\"adsbygoogle\"\r\n     style=\"display:block\"\r\n     data-ad-client=\"ca-pub-8585364105181520\"\r\n     data-ad-slot=\"8789329856\"\r\n     data-ad-format=\"auto\"\r\n     data-full-width-responsive=\"true\"><\/ins>\r\n<script>\r\n     (adsbygoogle = window.adsbygoogle || []).push({});\r\n<\/script>\r\n\n<\/div>\n<p>Acontece na pr\u00f3xima quinta-feira (31) e sexta-feira (1\u00ba) em\u00a0Ribeir\u00e3o Preto\u00a0(SP) a primeira edi\u00e7\u00e3o da Feira da Oportunidade, que oferecer\u00e1 2,2 mil oportunidades de emprego na cidade. O <a title=\"Eventos em Ribeir\u00e3o Preto\" href=\"http:\/\/www.encontraribeiraopreto.com.br\/e\/eventos-em-ribeirao-preto.shtml\" target=\"_blank\">evento na cidade de Ribeir\u00e3o Preto<\/a> \u00e9 gratuito e ser\u00e1 organizado por 17 empresas e uma faculdade particular da cidade.<\/p>\n<p>Os interessados em uma vaga de trabalho devem comparecer \u00e0 Feira levando o curr\u00edculo e c\u00f3pias do documento de identidade, da carteira de trabalho e de um comprovante de resid\u00eancia. No local, os candidatos receber\u00e3o um panfleto com todas as vagas dispon\u00edveis e a numera\u00e7\u00e3o das salas onde estar\u00e3o selecionadores para os cargos. Algumas empresas realizar\u00e3o a entrevista de emprego na pr\u00f3pria Feira.<\/p>\n<p>O evento ser\u00e1 realizado na Faculdade de Ribeir\u00e3o Preto, localizada na Rua Saldanha Marinho, n.\u00ba 915, no Centro. O hor\u00e1rio de visita\u00e7\u00e3o na quinta-feira \u00e9 das 9h \u00e0s 17h e na sexta-feira das 9h \u00e0s 19h. Mais informa\u00e7\u00f5es podem ser obtidas pelo telefone (16) 3946-4900.<\/p>\n<div>\n<table>\n<thead>\n<tr>\n<th>Vagas<\/th>\n<th>Quantidade<\/th>\n<th>Vagas<\/th>\n<th>Quantidade<\/th>\n<\/tr>\n<\/thead>\n<tbody>\n<tr>\n<td>A\u00e7ougueiro<\/td>\n<td>2<\/td>\n<td>Gerente administrativo financeiro<\/td>\n<td>2<\/td>\n<\/tr>\n<tr>\n<td>Ajudante de cozinha<\/td>\n<td>10<\/td>\n<td>Gerente de RH<\/td>\n<td>2<\/td>\n<\/tr>\n<tr>\n<td>Ajudante de motorista<\/td>\n<td>13<\/td>\n<td>Gerente de suprimentos<\/td>\n<td>2<\/td>\n<\/tr>\n<tr>\n<td>Analista comercial<\/td>\n<td>2<\/td>\n<td>Inspetor de qualidade<\/td>\n<td>2<\/td>\n<\/tr>\n<tr>\n<td>Analista de controladoria<\/td>\n<td>2<\/td>\n<td>Jardineiro<\/td>\n<td>2<\/td>\n<\/tr>\n<tr>\n<td>Analista e gerente de TI<\/td>\n<td>20<\/td>\n<td>Lavador<\/td>\n<td>2<\/td>\n<\/tr>\n<tr>\n<td>Armazenista<\/td>\n<td>10<\/td>\n<td>Mec\u00e2nico diesel<\/td>\n<td>2<\/td>\n<\/tr>\n<tr>\n<td>Assistente administrativo de pessoal<\/td>\n<td>2<\/td>\n<td>Mec\u00e2nico de manuten\u00e7\u00e3o industrial<\/td>\n<td>5<\/td>\n<\/tr>\n<tr>\n<td>Assistente de patrim\u00f4nio<\/td>\n<td>2<\/td>\n<td>Motorista carreteiro<\/td>\n<td>7<\/td>\n<\/tr>\n<tr>\n<td>Atendente<\/td>\n<td>110<\/td>\n<td>Motorista de coleta e entrega<\/td>\n<td>3<\/td>\n<\/tr>\n<tr>\n<td>Auxiliar de produ\u00e7\u00e3o<\/td>\n<td>75<\/td>\n<td>Motorista truck<\/td>\n<td>2<\/td>\n<\/tr>\n<tr>\n<td>Auxiliar de zeladoria<\/td>\n<td>3<\/td>\n<td>Operador de SAC<\/td>\n<td>500<\/td>\n<\/tr>\n<tr>\n<td>Auxiliar administrativo<\/td>\n<td>5<\/td>\n<td>Operador de caixa<\/td>\n<td>3<\/td>\n<\/tr>\n<tr>\n<td>Auxiliar de cobran\u00e7a<\/td>\n<td>220<\/td>\n<td>Operador de contact center<\/td>\n<td>350<\/td>\n<\/tr>\n<tr>\n<td>Auxiliar de dep\u00f3sito<\/td>\n<td>40<\/td>\n<td>Operador de empilhadeira<\/td>\n<td>5<\/td>\n<\/tr>\n<tr>\n<td>Auxiliar de estamparia<\/td>\n<td>20<\/td>\n<td>Operador de loja<\/td>\n<td>2<\/td>\n<\/tr>\n<tr>\n<td>Auxiliar de expedi\u00e7\u00e3o<\/td>\n<td>5<\/td>\n<td>Portador de necessidade especiais<\/td>\n<td>56<\/td>\n<\/tr>\n<tr>\n<td>Auxiliar de limpeza<\/td>\n<td>20<\/td>\n<td>Porteiro<\/td>\n<td>35<\/td>\n<\/tr>\n<tr>\n<td>Auxiliar de transporte<\/td>\n<td>30<\/td>\n<td>Programador J\u00fanior<\/td>\n<td>2<\/td>\n<\/tr>\n<tr>\n<td>Balconista<\/td>\n<td>3<\/td>\n<td>Promotor de vendas<\/td>\n<td>50<\/td>\n<\/tr>\n<tr>\n<td>Caldeireiro<\/td>\n<td>2<\/td>\n<td>Recepcionista<\/td>\n<td>44<\/td>\n<\/tr>\n<tr>\n<td>Camareira<\/td>\n<td>40<\/td>\n<td>Repositor<\/td>\n<td>30<\/td>\n<\/tr>\n<tr>\n<td>Controler e diretor financeiro<\/td>\n<td>1<\/td>\n<td>Servi\u00e7os gerais<\/td>\n<td>40<\/td>\n<\/tr>\n<tr>\n<td>Coordenador de dep\u00f3sito<\/td>\n<td>2<\/td>\n<td>Supervisor de governan\u00e7a<\/td>\n<td>10<\/td>\n<\/tr>\n<tr>\n<td>Copeira<\/td>\n<td>10<\/td>\n<td>Supervisor de loja e cobran\u00e7a<\/td>\n<td>30<\/td>\n<\/tr>\n<tr>\n<td>Cozinheira<\/td>\n<td>10<\/td>\n<td>Supervisor de produ\u00e7\u00e3o<\/td>\n<td>2<\/td>\n<\/tr>\n<tr>\n<td>Eletricista de manuten\u00e7\u00e3o<\/td>\n<td>5<\/td>\n<td>T\u00e9cnico de suporte j\u00fanior<\/td>\n<td>2<\/td>\n<\/tr>\n<tr>\n<td>Eletricista e encanador<\/td>\n<td>20<\/td>\n<td>T\u00e9cnico eletr\u00f4nico<\/td>\n<td>4<\/td>\n<\/tr>\n<tr>\n<td>Encarregado<\/td>\n<td>20<\/td>\n<td>T\u00e9cnico em eletromec\u00e2nica<\/td>\n<td>20<\/td>\n<\/tr>\n<tr>\n<td>Engenheiro de manuten\u00e7\u00e3o el\u00e9trica<\/td>\n<td>1<\/td>\n<td>Telefonista<\/td>\n<td>40<\/td>\n<\/tr>\n<tr>\n<td>Engenheiro de seguran\u00e7a do trabalho<\/td>\n<td>2<\/td>\n<td>Telemarketing<\/td>\n<td>200<\/td>\n<\/tr>\n<tr>\n<td>Estoquista<\/td>\n<td>8<\/td>\n<td>Vendas<\/td>\n<td>14<\/td>\n<\/tr>\n<tr>\n<td>Farmac\u00eauticos<\/td>\n<td>5<\/td>\n<td>Vendas externas<\/td>\n<td>2<\/td>\n<\/tr>\n<tr>\n<td>Gerente<\/td>\n<td>10<\/td>\n<td>Vigilantes<\/td>\n<td>15<\/td>\n<\/tr>\n<\/tbody>\n<\/table>\n<\/div>\n<p><em>Fonte: G1<\/em><\/p>\n\n<div style=\"font-size: 0px; height: 0px; line-height: 0px; margin: 0; padding: 0; clear: both;\"><\/div>","protected":false},"excerpt":{"rendered":"<p>Acontece na pr\u00f3xima quinta-feira (31) e sexta-feira (1\u00ba) em\u00a0Ribeir\u00e3o Preto\u00a0(SP) a primeira edi\u00e7\u00e3o da Feira da Oportunidade, que oferecer\u00e1 2,2 mil oportunidades de emprego na cidade. O evento na cidade de Ribeir\u00e3o Preto \u00e9 gratuito e ser\u00e1 organizado por 17 empresas e uma faculdade particular da cidade. Os interessados em uma vaga de trabalho devem comparecer \u00e0 Feira levando o curr\u00edculo e c\u00f3pias do documento de identidade, da carteira de trabalho e de um comprovante de resid\u00eancia. No local, os candidatos receber\u00e3o um panfleto com todas as vagas dispon\u00edveis e a numera\u00e7\u00e3o das salas onde estar\u00e3o selecionadores para os cargos. <\/p>\n","protected":false},"author":1,"featured_media":0,"comment_status":"open","ping_status":"closed","sticky":false,"template":"","format":"standard","meta":{"footnotes":""},"categories":[6],"tags":[14],"class_list":["post-2272","post","type-post","status-publish","format-standard","hentry","category-noticias-em-ribeirao-preto","tag-ribeirao-preto"],"aioseo_notices":[],"aioseo_head":"\n\t\t<!-- All in One SEO 5.0.0.1 - aioseo.com -->\n\t<meta name=\"description\" content=\"Acontece na pr\u00f3xima quinta-feira (31) e sexta-feira (1\u00ba) em Ribeir\u00e3o Preto (SP) a primeira edi\u00e7\u00e3o da Feira da Oportunidade, que oferecer\u00e1 2,2 mil oportunidades de emprego na cidade. O evento na cidade de Ribeir\u00e3o Preto \u00e9 gratuito e ser\u00e1 organizado por 17 empresas e uma faculdade particular da cidade. Os interessados em uma vaga de trabalho devem\" \/>\n\t<meta name=\"robots\" content=\"max-image-preview:large\" \/>\n\t<meta name=\"author\" content=\"Encontra Ribeir\u00e3o Preto\"\/>\n\t<link rel=\"canonical\" href=\"https:\/\/www.encontraribeiraopreto.com.br\/sobre\/feira-oferece-22-mil-oportunidades-de-emprego-em-ribeirao-preto\/\" \/>\n\t<meta name=\"generator\" content=\"All in One SEO (AIOSEO) 5.0.0.1\" \/>\n\t\t<meta property=\"og:locale\" content=\"pt_BR\" \/>\n\t\t<meta property=\"og:site_name\" content=\"Encontra Ribeir\u00e3o Preto - Not\u00edcias, eventos, informa\u00e7\u00f5es e dicas na cidade Ribeir\u00e3o Preto e regi\u00e3o.\" \/>\n\t\t<meta property=\"og:type\" content=\"article\" \/>\n\t\t<meta property=\"og:title\" content=\"Feira oferece 2,2 mil oportunidades de emprego em Ribeir\u00e3o Preto - Encontra Ribeir\u00e3o Preto\" \/>\n\t\t<meta property=\"og:description\" content=\"Acontece na pr\u00f3xima quinta-feira (31) e sexta-feira (1\u00ba) em Ribeir\u00e3o Preto (SP) a primeira edi\u00e7\u00e3o da Feira da Oportunidade, que oferecer\u00e1 2,2 mil oportunidades de emprego na cidade. O evento na cidade de Ribeir\u00e3o Preto \u00e9 gratuito e ser\u00e1 organizado por 17 empresas e uma faculdade particular da cidade. Os interessados em uma vaga de trabalho devem\" \/>\n\t\t<meta property=\"og:url\" content=\"https:\/\/www.encontraribeiraopreto.com.br\/sobre\/feira-oferece-22-mil-oportunidades-de-emprego-em-ribeirao-preto\/\" \/>\n\t\t<meta property=\"article:published_time\" content=\"2013-01-30T03:04:57+00:00\" \/>\n\t\t<meta property=\"article:modified_time\" content=\"2019-04-15T14:24:41+00:00\" \/>\n\t\t<meta name=\"twitter:card\" content=\"summary_large_image\" \/>\n\t\t<meta name=\"twitter:title\" content=\"Feira oferece 2,2 mil oportunidades de emprego em Ribeir\u00e3o Preto - Encontra Ribeir\u00e3o Preto\" \/>\n\t\t<meta name=\"twitter:description\" content=\"Acontece na pr\u00f3xima quinta-feira (31) e sexta-feira (1\u00ba) em Ribeir\u00e3o Preto (SP) a primeira edi\u00e7\u00e3o da Feira da Oportunidade, que oferecer\u00e1 2,2 mil oportunidades de emprego na cidade. O evento na cidade de Ribeir\u00e3o Preto \u00e9 gratuito e ser\u00e1 organizado por 17 empresas e uma faculdade particular da cidade. Os interessados em uma vaga de trabalho devem\" \/>\n\t\t<script type=\"application\/ld+json\" class=\"aioseo-schema\">\n\t\t\t{\"@context\":\"https:\\\/\\\/schema.org\",\"@graph\":[{\"@type\":\"BlogPosting\",\"@id\":\"https:\\\/\\\/www.encontraribeiraopreto.com.br\\\/sobre\\\/feira-oferece-22-mil-oportunidades-de-emprego-em-ribeirao-preto\\\/#blogposting\",\"name\":\"Feira oferece 2,2 mil oportunidades de emprego em Ribeir\\u00e3o Preto - Encontra Ribeir\\u00e3o Preto\",\"headline\":\"Feira oferece 2,2 mil oportunidades de emprego em Ribeir\\u00e3o Preto\",\"author\":{\"@id\":\"https:\\\/\\\/www.encontraribeiraopreto.com.br\\\/sobre\\\/author\\\/eribeiraopreto\\\/#author\"},\"publisher\":{\"@id\":\"https:\\\/\\\/www.encontraribeiraopreto.com.br\\\/sobre\\\/#organization\"},\"datePublished\":\"2013-01-30T00:04:57-03:00\",\"dateModified\":\"2019-04-15T11:24:41-03:00\",\"inLanguage\":\"pt-BR\",\"mainEntityOfPage\":{\"@id\":\"https:\\\/\\\/www.encontraribeiraopreto.com.br\\\/sobre\\\/feira-oferece-22-mil-oportunidades-de-emprego-em-ribeirao-preto\\\/#webpage\"},\"isPartOf\":{\"@id\":\"https:\\\/\\\/www.encontraribeiraopreto.com.br\\\/sobre\\\/feira-oferece-22-mil-oportunidades-de-emprego-em-ribeirao-preto\\\/#webpage\"},\"articleSection\":\"Not\\u00edcias Ribeir\\u00e3o Preto, Ribeir\\u00e3o Preto\"},{\"@type\":\"BreadcrumbList\",\"@id\":\"https:\\\/\\\/www.encontraribeiraopreto.com.br\\\/sobre\\\/feira-oferece-22-mil-oportunidades-de-emprego-em-ribeirao-preto\\\/#breadcrumblist\",\"itemListElement\":[{\"@type\":\"ListItem\",\"@id\":\"https:\\\/\\\/www.encontraribeiraopreto.com.br\\\/sobre#listItem\",\"position\":1,\"name\":\"In\\u00edcio\",\"item\":\"https:\\\/\\\/www.encontraribeiraopreto.com.br\\\/sobre\",\"nextItem\":{\"@type\":\"ListItem\",\"@id\":\"https:\\\/\\\/www.encontraribeiraopreto.com.br\\\/sobre\\\/noticias-em-ribeirao-preto\\\/#listItem\",\"name\":\"Not\\u00edcias Ribeir\\u00e3o Preto\"}},{\"@type\":\"ListItem\",\"@id\":\"https:\\\/\\\/www.encontraribeiraopreto.com.br\\\/sobre\\\/noticias-em-ribeirao-preto\\\/#listItem\",\"position\":2,\"name\":\"Not\\u00edcias Ribeir\\u00e3o Preto\",\"item\":\"https:\\\/\\\/www.encontraribeiraopreto.com.br\\\/sobre\\\/noticias-em-ribeirao-preto\\\/\",\"nextItem\":{\"@type\":\"ListItem\",\"@id\":\"https:\\\/\\\/www.encontraribeiraopreto.com.br\\\/sobre\\\/feira-oferece-22-mil-oportunidades-de-emprego-em-ribeirao-preto\\\/#listItem\",\"name\":\"Feira oferece 2,2 mil oportunidades de emprego em Ribeir\\u00e3o Preto\"},\"previousItem\":{\"@type\":\"ListItem\",\"@id\":\"https:\\\/\\\/www.encontraribeiraopreto.com.br\\\/sobre#listItem\",\"name\":\"In\\u00edcio\"}},{\"@type\":\"ListItem\",\"@id\":\"https:\\\/\\\/www.encontraribeiraopreto.com.br\\\/sobre\\\/feira-oferece-22-mil-oportunidades-de-emprego-em-ribeirao-preto\\\/#listItem\",\"position\":3,\"name\":\"Feira oferece 2,2 mil oportunidades de emprego em Ribeir\\u00e3o Preto\",\"previousItem\":{\"@type\":\"ListItem\",\"@id\":\"https:\\\/\\\/www.encontraribeiraopreto.com.br\\\/sobre\\\/noticias-em-ribeirao-preto\\\/#listItem\",\"name\":\"Not\\u00edcias Ribeir\\u00e3o Preto\"}}]},{\"@type\":\"Organization\",\"@id\":\"https:\\\/\\\/www.encontraribeiraopreto.com.br\\\/sobre\\\/#organization\",\"name\":\"Encontra Ribeir\\u00e3o Preto\",\"description\":\"Not\\u00edcias, eventos, informa\\u00e7\\u00f5es e dicas na cidade Ribeir\\u00e3o Preto e regi\\u00e3o.\",\"url\":\"https:\\\/\\\/www.encontraribeiraopreto.com.br\\\/sobre\\\/\"},{\"@type\":\"Person\",\"@id\":\"https:\\\/\\\/www.encontraribeiraopreto.com.br\\\/sobre\\\/author\\\/eribeiraopreto\\\/#author\",\"url\":\"https:\\\/\\\/www.encontraribeiraopreto.com.br\\\/sobre\\\/author\\\/eribeiraopreto\\\/\",\"name\":\"Encontra Ribeir\\u00e3o Preto\",\"image\":{\"@type\":\"ImageObject\",\"@id\":\"https:\\\/\\\/www.encontraribeiraopreto.com.br\\\/sobre\\\/feira-oferece-22-mil-oportunidades-de-emprego-em-ribeirao-preto\\\/#authorImage\",\"url\":\"https:\\\/\\\/secure.gravatar.com\\\/avatar\\\/507340682b8270222e1f208e23198b6ae7e2c6a1033ae84e99bc6bce4f82a387?s=96&d=mm&r=g\",\"width\":96,\"height\":96,\"caption\":\"Encontra Ribeir\\u00e3o Preto\"}},{\"@type\":\"WebPage\",\"@id\":\"https:\\\/\\\/www.encontraribeiraopreto.com.br\\\/sobre\\\/feira-oferece-22-mil-oportunidades-de-emprego-em-ribeirao-preto\\\/#webpage\",\"url\":\"https:\\\/\\\/www.encontraribeiraopreto.com.br\\\/sobre\\\/feira-oferece-22-mil-oportunidades-de-emprego-em-ribeirao-preto\\\/\",\"name\":\"Feira oferece 2,2 mil oportunidades de emprego em Ribeir\\u00e3o Preto - Encontra Ribeir\\u00e3o Preto\",\"description\":\"Acontece na pr\\u00f3xima quinta-feira (31) e sexta-feira (1\\u00ba) em Ribeir\\u00e3o Preto (SP) a primeira edi\\u00e7\\u00e3o da Feira da Oportunidade, que oferecer\\u00e1 2,2 mil oportunidades de emprego na cidade. O evento na cidade de Ribeir\\u00e3o Preto \\u00e9 gratuito e ser\\u00e1 organizado por 17 empresas e uma faculdade particular da cidade. Os interessados em uma vaga de trabalho devem\",\"inLanguage\":\"pt-BR\",\"isPartOf\":{\"@id\":\"https:\\\/\\\/www.encontraribeiraopreto.com.br\\\/sobre\\\/#website\"},\"breadcrumb\":{\"@id\":\"https:\\\/\\\/www.encontraribeiraopreto.com.br\\\/sobre\\\/feira-oferece-22-mil-oportunidades-de-emprego-em-ribeirao-preto\\\/#breadcrumblist\"},\"author\":{\"@id\":\"https:\\\/\\\/www.encontraribeiraopreto.com.br\\\/sobre\\\/author\\\/eribeiraopreto\\\/#author\"},\"creator\":{\"@id\":\"https:\\\/\\\/www.encontraribeiraopreto.com.br\\\/sobre\\\/author\\\/eribeiraopreto\\\/#author\"},\"datePublished\":\"2013-01-30T00:04:57-03:00\",\"dateModified\":\"2019-04-15T11:24:41-03:00\"},{\"@type\":\"WebSite\",\"@id\":\"https:\\\/\\\/www.encontraribeiraopreto.com.br\\\/sobre\\\/#website\",\"url\":\"https:\\\/\\\/www.encontraribeiraopreto.com.br\\\/sobre\\\/\",\"name\":\"Encontra Ribeir\\u00e3o Preto\",\"description\":\"Not\\u00edcias, eventos, informa\\u00e7\\u00f5es e dicas na cidade Ribeir\\u00e3o Preto e regi\\u00e3o.\",\"inLanguage\":\"pt-BR\",\"publisher\":{\"@id\":\"https:\\\/\\\/www.encontraribeiraopreto.com.br\\\/sobre\\\/#organization\"}}]}\n\t\t<\/script>\n\t\t<!-- All in One SEO -->\n\n","aioseo_head_json":{"title":"Feira oferece 2,2 mil oportunidades de emprego em Ribeir\u00e3o Preto - Encontra Ribeir\u00e3o Preto","description":"Acontece na pr\u00f3xima quinta-feira (31) e sexta-feira (1\u00ba) em Ribeir\u00e3o Preto (SP) a primeira edi\u00e7\u00e3o da Feira da Oportunidade, que oferecer\u00e1 2,2 mil oportunidades de emprego na cidade. O evento na cidade de Ribeir\u00e3o Preto \u00e9 gratuito e ser\u00e1 organizado por 17 empresas e uma faculdade particular da cidade. Os interessados em uma vaga de trabalho devem","canonical_url":"https:\/\/www.encontraribeiraopreto.com.br\/sobre\/feira-oferece-22-mil-oportunidades-de-emprego-em-ribeirao-preto\/","robots":"max-image-preview:large","keywords":"","webmasterTools":{"miscellaneous":""},"schema":{"@context":"https:\/\/schema.org","@graph":[{"@type":"BlogPosting","@id":"https:\/\/www.encontraribeiraopreto.com.br\/sobre\/feira-oferece-22-mil-oportunidades-de-emprego-em-ribeirao-preto\/#blogposting","name":"Feira oferece 2,2 mil oportunidades de emprego em Ribeir\u00e3o Preto - Encontra Ribeir\u00e3o Preto","headline":"Feira oferece 2,2 mil oportunidades de emprego em Ribeir\u00e3o Preto","author":{"@id":"https:\/\/www.encontraribeiraopreto.com.br\/sobre\/author\/eribeiraopreto\/#author"},"publisher":{"@id":"https:\/\/www.encontraribeiraopreto.com.br\/sobre\/#organization"},"datePublished":"2013-01-30T00:04:57-03:00","dateModified":"2019-04-15T11:24:41-03:00","inLanguage":"pt-BR","mainEntityOfPage":{"@id":"https:\/\/www.encontraribeiraopreto.com.br\/sobre\/feira-oferece-22-mil-oportunidades-de-emprego-em-ribeirao-preto\/#webpage"},"isPartOf":{"@id":"https:\/\/www.encontraribeiraopreto.com.br\/sobre\/feira-oferece-22-mil-oportunidades-de-emprego-em-ribeirao-preto\/#webpage"},"articleSection":"Not\u00edcias Ribeir\u00e3o Preto, Ribeir\u00e3o Preto"},{"@type":"BreadcrumbList","@id":"https:\/\/www.encontraribeiraopreto.com.br\/sobre\/feira-oferece-22-mil-oportunidades-de-emprego-em-ribeirao-preto\/#breadcrumblist","itemListElement":[{"@type":"ListItem","@id":"https:\/\/www.encontraribeiraopreto.com.br\/sobre#listItem","position":1,"name":"In\u00edcio","item":"https:\/\/www.encontraribeiraopreto.com.br\/sobre","nextItem":{"@type":"ListItem","@id":"https:\/\/www.encontraribeiraopreto.com.br\/sobre\/noticias-em-ribeirao-preto\/#listItem","name":"Not\u00edcias Ribeir\u00e3o Preto"}},{"@type":"ListItem","@id":"https:\/\/www.encontraribeiraopreto.com.br\/sobre\/noticias-em-ribeirao-preto\/#listItem","position":2,"name":"Not\u00edcias Ribeir\u00e3o Preto","item":"https:\/\/www.encontraribeiraopreto.com.br\/sobre\/noticias-em-ribeirao-preto\/","nextItem":{"@type":"ListItem","@id":"https:\/\/www.encontraribeiraopreto.com.br\/sobre\/feira-oferece-22-mil-oportunidades-de-emprego-em-ribeirao-preto\/#listItem","name":"Feira oferece 2,2 mil oportunidades de emprego em Ribeir\u00e3o Preto"},"previousItem":{"@type":"ListItem","@id":"https:\/\/www.encontraribeiraopreto.com.br\/sobre#listItem","name":"In\u00edcio"}},{"@type":"ListItem","@id":"https:\/\/www.encontraribeiraopreto.com.br\/sobre\/feira-oferece-22-mil-oportunidades-de-emprego-em-ribeirao-preto\/#listItem","position":3,"name":"Feira oferece 2,2 mil oportunidades de emprego em Ribeir\u00e3o Preto","previousItem":{"@type":"ListItem","@id":"https:\/\/www.encontraribeiraopreto.com.br\/sobre\/noticias-em-ribeirao-preto\/#listItem","name":"Not\u00edcias Ribeir\u00e3o Preto"}}]},{"@type":"Organization","@id":"https:\/\/www.encontraribeiraopreto.com.br\/sobre\/#organization","name":"Encontra Ribeir\u00e3o Preto","description":"Not\u00edcias, eventos, informa\u00e7\u00f5es e dicas na cidade Ribeir\u00e3o Preto e regi\u00e3o.","url":"https:\/\/www.encontraribeiraopreto.com.br\/sobre\/"},{"@type":"Person","@id":"https:\/\/www.encontraribeiraopreto.com.br\/sobre\/author\/eribeiraopreto\/#author","url":"https:\/\/www.encontraribeiraopreto.com.br\/sobre\/author\/eribeiraopreto\/","name":"Encontra Ribeir\u00e3o Preto","image":{"@type":"ImageObject","@id":"https:\/\/www.encontraribeiraopreto.com.br\/sobre\/feira-oferece-22-mil-oportunidades-de-emprego-em-ribeirao-preto\/#authorImage","url":"https:\/\/secure.gravatar.com\/avatar\/507340682b8270222e1f208e23198b6ae7e2c6a1033ae84e99bc6bce4f82a387?s=96&d=mm&r=g","width":96,"height":96,"caption":"Encontra Ribeir\u00e3o Preto"}},{"@type":"WebPage","@id":"https:\/\/www.encontraribeiraopreto.com.br\/sobre\/feira-oferece-22-mil-oportunidades-de-emprego-em-ribeirao-preto\/#webpage","url":"https:\/\/www.encontraribeiraopreto.com.br\/sobre\/feira-oferece-22-mil-oportunidades-de-emprego-em-ribeirao-preto\/","name":"Feira oferece 2,2 mil oportunidades de emprego em Ribeir\u00e3o Preto - Encontra Ribeir\u00e3o Preto","description":"Acontece na pr\u00f3xima quinta-feira (31) e sexta-feira (1\u00ba) em Ribeir\u00e3o Preto (SP) a primeira edi\u00e7\u00e3o da Feira da Oportunidade, que oferecer\u00e1 2,2 mil oportunidades de emprego na cidade. O evento na cidade de Ribeir\u00e3o Preto \u00e9 gratuito e ser\u00e1 organizado por 17 empresas e uma faculdade particular da cidade. Os interessados em uma vaga de trabalho devem","inLanguage":"pt-BR","isPartOf":{"@id":"https:\/\/www.encontraribeiraopreto.com.br\/sobre\/#website"},"breadcrumb":{"@id":"https:\/\/www.encontraribeiraopreto.com.br\/sobre\/feira-oferece-22-mil-oportunidades-de-emprego-em-ribeirao-preto\/#breadcrumblist"},"author":{"@id":"https:\/\/www.encontraribeiraopreto.com.br\/sobre\/author\/eribeiraopreto\/#author"},"creator":{"@id":"https:\/\/www.encontraribeiraopreto.com.br\/sobre\/author\/eribeiraopreto\/#author"},"datePublished":"2013-01-30T00:04:57-03:00","dateModified":"2019-04-15T11:24:41-03:00"},{"@type":"WebSite","@id":"https:\/\/www.encontraribeiraopreto.com.br\/sobre\/#website","url":"https:\/\/www.encontraribeiraopreto.com.br\/sobre\/","name":"Encontra Ribeir\u00e3o Preto","description":"Not\u00edcias, eventos, informa\u00e7\u00f5es e dicas na cidade Ribeir\u00e3o Preto e regi\u00e3o.","inLanguage":"pt-BR","publisher":{"@id":"https:\/\/www.encontraribeiraopreto.com.br\/sobre\/#organization"}}]},"og:locale":"pt_BR","og:site_name":"Encontra Ribeir\u00e3o Preto - Not\u00edcias, eventos, informa\u00e7\u00f5es e dicas na cidade Ribeir\u00e3o Preto e regi\u00e3o.","og:type":"article","og:title":"Feira oferece 2,2 mil oportunidades de emprego em Ribeir\u00e3o Preto - Encontra Ribeir\u00e3o Preto","og:description":"Acontece na pr\u00f3xima quinta-feira (31) e sexta-feira (1\u00ba) em Ribeir\u00e3o Preto (SP) a primeira edi\u00e7\u00e3o da Feira da Oportunidade, que oferecer\u00e1 2,2 mil oportunidades de emprego na cidade. O evento na cidade de Ribeir\u00e3o Preto \u00e9 gratuito e ser\u00e1 organizado por 17 empresas e uma faculdade particular da cidade. Os interessados em uma vaga de trabalho devem","og:url":"https:\/\/www.encontraribeiraopreto.com.br\/sobre\/feira-oferece-22-mil-oportunidades-de-emprego-em-ribeirao-preto\/","article:published_time":"2013-01-30T03:04:57+00:00","article:modified_time":"2019-04-15T14:24:41+00:00","twitter:card":"summary_large_image","twitter:title":"Feira oferece 2,2 mil oportunidades de emprego em Ribeir\u00e3o Preto - Encontra Ribeir\u00e3o Preto","twitter:description":"Acontece na pr\u00f3xima quinta-feira (31) e sexta-feira (1\u00ba) em Ribeir\u00e3o Preto (SP) a primeira edi\u00e7\u00e3o da Feira da Oportunidade, que oferecer\u00e1 2,2 mil oportunidades de emprego na cidade. O evento na cidade de Ribeir\u00e3o Preto \u00e9 gratuito e ser\u00e1 organizado por 17 empresas e uma faculdade particular da cidade. Os interessados em uma vaga de trabalho devem"},"aioseo_meta_data":{"post_id":"2272","title":null,"description":null,"keywords":null,"keyphrases":null,"primary_term":null,"canonical_url":null,"og_title":null,"og_description":null,"og_object_type":"default","og_image_type":"default","og_image_url":null,"og_image_width":null,"og_image_height":null,"og_image_custom_url":null,"og_image_custom_fields":null,"og_video":null,"og_custom_url":null,"og_article_section":null,"og_article_tags":null,"twitter_use_og":false,"twitter_card":"default","twitter_image_type":"default","twitter_image_url":null,"twitter_image_custom_url":null,"twitter_image_custom_fields":null,"twitter_title":null,"twitter_description":null,"schema":{"blockGraphs":[],"customGraphs":[],"default":{"data":{"Article":[],"Course":[],"Dataset":[],"FAQPage":[],"Movie":[],"Person":[],"Product":[],"ProductReview":[],"Car":[],"Recipe":[],"Service":[],"SoftwareApplication":[],"WebPage":[]},"graphName":"BlogPosting","isEnabled":true},"graphs":[]},"schema_type":null,"schema_type_options":null,"pillar_content":false,"robots_default":true,"robots_noindex":false,"robots_noarchive":false,"robots_nosnippet":false,"robots_nofollow":false,"robots_noimageindex":false,"robots_noodp":false,"robots_notranslate":false,"robots_max_snippet":null,"robots_max_videopreview":null,"robots_max_imagepreview":"large","priority":null,"frequency":null,"local_seo":null,"limit_modified_date":false,"created":"2021-02-24 16:04:27","updated":"2023-03-05 13:49:57","focus_keyword":null,"additional_keywords":null,"truseo_locale":null,"ai":null,"breadcrumb_settings":null,"seo_analyzer_scan_date":null},"aioseo_breadcrumb":"<div class=\"aioseo-breadcrumbs\"><span class=\"aioseo-breadcrumb\">\n\t\t\t<a href=\"https:\/\/www.encontraribeiraopreto.com.br\/sobre\" title=\"In\u00edcio\">In\u00edcio<\/a>\n\t\t<\/span><span class=\"aioseo-breadcrumb-separator\">&raquo;<\/span><span class=\"aioseo-breadcrumb\">\n\t\t\t<a href=\"https:\/\/www.encontraribeiraopreto.com.br\/sobre\/noticias-em-ribeirao-preto\/\" title=\"Not\u00edcias Ribeir\u00e3o Preto\">Not\u00edcias Ribeir\u00e3o Preto<\/a>\n\t\t<\/span><span class=\"aioseo-breadcrumb-separator\">&raquo;<\/span><span class=\"aioseo-breadcrumb\">\n\t\t\tFeira oferece 2,2 mil oportunidades de emprego em Ribeir\u00e3o Preto\n\t\t<\/span><\/div>","aioseo_breadcrumb_json":[{"label":"In\u00edcio","link":"https:\/\/www.encontraribeiraopreto.com.br\/sobre"},{"label":"Not\u00edcias Ribeir\u00e3o Preto","link":"https:\/\/www.encontraribeiraopreto.com.br\/sobre\/noticias-em-ribeirao-preto\/"},{"label":"Feira oferece 2,2 mil oportunidades de emprego em Ribeir\u00e3o Preto","link":"https:\/\/www.encontraribeiraopreto.com.br\/sobre\/feira-oferece-22-mil-oportunidades-de-emprego-em-ribeirao-preto\/"}],"_links":{"self":[{"href":"https:\/\/www.encontraribeiraopreto.com.br\/sobre\/wp-json\/wp\/v2\/posts\/2272","targetHints":{"allow":["GET"]}}],"collection":[{"href":"https:\/\/www.encontraribeiraopreto.com.br\/sobre\/wp-json\/wp\/v2\/posts"}],"about":[{"href":"https:\/\/www.encontraribeiraopreto.com.br\/sobre\/wp-json\/wp\/v2\/types\/post"}],"author":[{"embeddable":true,"href":"https:\/\/www.encontraribeiraopreto.com.br\/sobre\/wp-json\/wp\/v2\/users\/1"}],"replies":[{"embeddable":true,"href":"https:\/\/www.encontraribeiraopreto.com.br\/sobre\/wp-json\/wp\/v2\/comments?post=2272"}],"version-history":[{"count":0,"href":"https:\/\/www.encontraribeiraopreto.com.br\/sobre\/wp-json\/wp\/v2\/posts\/2272\/revisions"}],"wp:attachment":[{"href":"https:\/\/www.encontraribeiraopreto.com.br\/sobre\/wp-json\/wp\/v2\/media?parent=2272"}],"wp:term":[{"taxonomy":"category","embeddable":true,"href":"https:\/\/www.encontraribeiraopreto.com.br\/sobre\/wp-json\/wp\/v2\/categories?post=2272"},{"taxonomy":"post_tag","embeddable":true,"href":"https:\/\/www.encontraribeiraopreto.com.br\/sobre\/wp-json\/wp\/v2\/tags?post=2272"}],"curies":[{"name":"wp","href":"https:\/\/api.w.org\/{rel}","templated":true}]}}