{"id":2511,"date":"2013-02-21T00:54:56","date_gmt":"2013-02-21T03:54:56","guid":{"rendered":"http:\/\/www.encontraribeiraopreto.com.br\/noticias\/?p=2511"},"modified":"2019-04-15T11:24:36","modified_gmt":"2019-04-15T14:24:36","slug":"prefeitura-de-ribeirao-trabalha-para-recuperar-os-danos-causados-pelo-temporal","status":"publish","type":"post","link":"https:\/\/www.encontraribeiraopreto.com.br\/sobre\/prefeitura-de-ribeirao-trabalha-para-recuperar-os-danos-causados-pelo-temporal\/","title":{"rendered":"Prefeitura de Ribeir\u00e3o trabalha para recuperar os danos causados pelo temporal"},"content":{"rendered":"<div class=\"cd7ef838bed10b2b4567f853226bc383\" data-index=\"1\" style=\"float: none; margin:0px;\">\n<!-- Anuncio display - global -->\r\n<ins class=\"adsbygoogle\"\r\n     style=\"display:block\"\r\n     data-ad-client=\"ca-pub-8585364105181520\"\r\n     data-ad-slot=\"8789329856\"\r\n     data-ad-format=\"auto\"\r\n     data-full-width-responsive=\"true\"><\/ins>\r\n<script>\r\n     (adsbygoogle = window.adsbygoogle || []).push({});\r\n<\/script>\r\n\n<\/div>\n<p>Mais uma vez o munic\u00edpio de Ribeir\u00e3o Preto foi atingido por fortes chuvas e ventos, que chegaram a 90 km\/hora na tarde de ter\u00e7a-feira, dia 19. O temporal teve in\u00edcio por volta de 17h30 e atingiu, principalmente, a regi\u00e3o Central e Leste da cidade. \u201cEm menos de 30 minutos acionamos cerca de 100 pessoas dos mais diferentes setores para ajudar na recupera\u00e7\u00e3o dos estragos causados pelo temporal\u201d, afirmou Andr\u00e9 Tavares, respons\u00e1vel pela Defesa Civil do munic\u00edpio e pela Guarda Municipal.<\/p>\n<p>Um dos pontos mais afetados foi na conflu\u00eancia das avenidas Independ\u00eancia e 9 de Julho, onde tr\u00eas \u00e1rvores ca\u00edram sobre <a title=\"Ve\u00edculos em Ribeir\u00e3o Preto\" href=\"http:\/\/www.encontraribeiraopreto.com.br\/diretorio\/veiculos\/\" target=\"_blank\">ve\u00edculos na cidade de Ribeir\u00e3o Preto<\/a> que passavam pelo local. \u201cOs trabalhos para desobstru\u00e7\u00e3o desta regi\u00e3o ainda devem se estender ao longo do dia de hoje. Solicitamos aos motoristas que busquem rotas alternativas\u201d, pediu Fernando Antunes, da Transerp,\u00a0empresa que gerencia o tr\u00e2nsito e o transporte em Ribeir\u00e3o Preto.<\/p>\n<p>Al\u00e9m da queda de galhos e \u00e1rvores em v\u00e1rios pontos da cidade e de buracos no asfalto, a chuva tamb\u00e9m causou a interrup\u00e7\u00e3o da energia el\u00e9trica em mais de 110 mil resid\u00eancias. \u201cEntrei em contato com a CPFL e fui informada de que 10 alimentadoras de energia foram atingidas e n\u00e3o havia prazo para que o sistema voltasse a operar\u201d, comunicou a prefeita D\u00e1rcy Vera.<\/p>\n<p>Ao longo desta quarta-feira, toda a equipe da Administra\u00e7\u00e3o Municipal, principalmente aquelas ligadas \u00e0 Infraestrutura, Coordenadoria de Limpeza Urbana, Guarda Civil Municipal, Transerp, Defesa Civil e CPFL continuar\u00e3o trabalhando para restabelecer a normalidade nos pontos mais afetados pelo temporal.<\/p>\n<p><em>Fonte: Mais Ribeir\u00e3o Preto<\/em><\/p>\n\n<div style=\"font-size: 0px; height: 0px; line-height: 0px; margin: 0; padding: 0; clear: both;\"><\/div>","protected":false},"excerpt":{"rendered":"<p>Mais uma vez o munic\u00edpio de Ribeir\u00e3o Preto foi atingido por fortes chuvas e ventos, que chegaram a 90 km\/hora na tarde de ter\u00e7a-feira, dia 19. O temporal teve in\u00edcio por volta de 17h30 e atingiu, principalmente, a regi\u00e3o Central e Leste da cidade. \u201cEm menos de 30 minutos acionamos cerca de 100 pessoas dos mais diferentes setores para ajudar na recupera\u00e7\u00e3o dos estragos causados pelo temporal\u201d, afirmou Andr\u00e9 Tavares, respons\u00e1vel pela Defesa Civil do munic\u00edpio e pela Guarda Municipal. Um dos pontos mais afetados foi na conflu\u00eancia das avenidas Independ\u00eancia e 9 de Julho, onde tr\u00eas \u00e1rvores ca\u00edram sobre <\/p>\n","protected":false},"author":1,"featured_media":0,"comment_status":"open","ping_status":"closed","sticky":false,"template":"","format":"standard","meta":{"footnotes":""},"categories":[6],"tags":[14],"class_list":["post-2511","post","type-post","status-publish","format-standard","hentry","category-noticias-em-ribeirao-preto","tag-ribeirao-preto"],"aioseo_notices":[],"aioseo_head":"\n\t\t<!-- All in One SEO 5.0.0.1 - aioseo.com -->\n\t<meta name=\"description\" content=\"Mais uma vez o munic\u00edpio de Ribeir\u00e3o Preto foi atingido por fortes chuvas e ventos, que chegaram a 90 km\/hora na tarde de ter\u00e7a-feira, dia 19. O temporal teve in\u00edcio por volta de 17h30 e atingiu, principalmente, a regi\u00e3o Central e Leste da cidade. \u201cEm menos de 30 minutos acionamos cerca de 100 pessoas dos\" \/>\n\t<meta name=\"robots\" content=\"max-image-preview:large\" \/>\n\t<meta name=\"author\" content=\"Encontra Ribeir\u00e3o Preto\"\/>\n\t<link rel=\"canonical\" href=\"https:\/\/www.encontraribeiraopreto.com.br\/sobre\/prefeitura-de-ribeirao-trabalha-para-recuperar-os-danos-causados-pelo-temporal\/\" \/>\n\t<meta name=\"generator\" content=\"All in One SEO (AIOSEO) 5.0.0.1\" \/>\n\t\t<meta property=\"og:locale\" content=\"pt_BR\" \/>\n\t\t<meta property=\"og:site_name\" content=\"Encontra Ribeir\u00e3o Preto - Not\u00edcias, eventos, informa\u00e7\u00f5es e dicas na cidade Ribeir\u00e3o Preto e regi\u00e3o.\" \/>\n\t\t<meta property=\"og:type\" content=\"article\" \/>\n\t\t<meta property=\"og:title\" content=\"Prefeitura de Ribeir\u00e3o trabalha para recuperar os danos causados pelo temporal - Encontra Ribeir\u00e3o Preto\" \/>\n\t\t<meta property=\"og:description\" content=\"Mais uma vez o munic\u00edpio de Ribeir\u00e3o Preto foi atingido por fortes chuvas e ventos, que chegaram a 90 km\/hora na tarde de ter\u00e7a-feira, dia 19. O temporal teve in\u00edcio por volta de 17h30 e atingiu, principalmente, a regi\u00e3o Central e Leste da cidade. \u201cEm menos de 30 minutos acionamos cerca de 100 pessoas dos\" \/>\n\t\t<meta property=\"og:url\" content=\"https:\/\/www.encontraribeiraopreto.com.br\/sobre\/prefeitura-de-ribeirao-trabalha-para-recuperar-os-danos-causados-pelo-temporal\/\" \/>\n\t\t<meta property=\"article:published_time\" content=\"2013-02-21T03:54:56+00:00\" \/>\n\t\t<meta property=\"article:modified_time\" content=\"2019-04-15T14:24:36+00:00\" \/>\n\t\t<meta name=\"twitter:card\" content=\"summary_large_image\" \/>\n\t\t<meta name=\"twitter:title\" content=\"Prefeitura de Ribeir\u00e3o trabalha para recuperar os danos causados pelo temporal - Encontra Ribeir\u00e3o Preto\" \/>\n\t\t<meta name=\"twitter:description\" content=\"Mais uma vez o munic\u00edpio de Ribeir\u00e3o Preto foi atingido por fortes chuvas e ventos, que chegaram a 90 km\/hora na tarde de ter\u00e7a-feira, dia 19. O temporal teve in\u00edcio por volta de 17h30 e atingiu, principalmente, a regi\u00e3o Central e Leste da cidade. \u201cEm menos de 30 minutos acionamos cerca de 100 pessoas dos\" \/>\n\t\t<script type=\"application\/ld+json\" class=\"aioseo-schema\">\n\t\t\t{\"@context\":\"https:\\\/\\\/schema.org\",\"@graph\":[{\"@type\":\"BlogPosting\",\"@id\":\"https:\\\/\\\/www.encontraribeiraopreto.com.br\\\/sobre\\\/prefeitura-de-ribeirao-trabalha-para-recuperar-os-danos-causados-pelo-temporal\\\/#blogposting\",\"name\":\"Prefeitura de Ribeir\\u00e3o trabalha para recuperar os danos causados pelo temporal - Encontra Ribeir\\u00e3o Preto\",\"headline\":\"Prefeitura de Ribeir\\u00e3o trabalha para recuperar os danos causados pelo temporal\",\"author\":{\"@id\":\"https:\\\/\\\/www.encontraribeiraopreto.com.br\\\/sobre\\\/author\\\/eribeiraopreto\\\/#author\"},\"publisher\":{\"@id\":\"https:\\\/\\\/www.encontraribeiraopreto.com.br\\\/sobre\\\/#organization\"},\"datePublished\":\"2013-02-21T00:54:56-03:00\",\"dateModified\":\"2019-04-15T11:24:36-03:00\",\"inLanguage\":\"pt-BR\",\"mainEntityOfPage\":{\"@id\":\"https:\\\/\\\/www.encontraribeiraopreto.com.br\\\/sobre\\\/prefeitura-de-ribeirao-trabalha-para-recuperar-os-danos-causados-pelo-temporal\\\/#webpage\"},\"isPartOf\":{\"@id\":\"https:\\\/\\\/www.encontraribeiraopreto.com.br\\\/sobre\\\/prefeitura-de-ribeirao-trabalha-para-recuperar-os-danos-causados-pelo-temporal\\\/#webpage\"},\"articleSection\":\"Not\\u00edcias Ribeir\\u00e3o Preto, Ribeir\\u00e3o Preto\"},{\"@type\":\"BreadcrumbList\",\"@id\":\"https:\\\/\\\/www.encontraribeiraopreto.com.br\\\/sobre\\\/prefeitura-de-ribeirao-trabalha-para-recuperar-os-danos-causados-pelo-temporal\\\/#breadcrumblist\",\"itemListElement\":[{\"@type\":\"ListItem\",\"@id\":\"https:\\\/\\\/www.encontraribeiraopreto.com.br\\\/sobre#listItem\",\"position\":1,\"name\":\"In\\u00edcio\",\"item\":\"https:\\\/\\\/www.encontraribeiraopreto.com.br\\\/sobre\",\"nextItem\":{\"@type\":\"ListItem\",\"@id\":\"https:\\\/\\\/www.encontraribeiraopreto.com.br\\\/sobre\\\/noticias-em-ribeirao-preto\\\/#listItem\",\"name\":\"Not\\u00edcias Ribeir\\u00e3o Preto\"}},{\"@type\":\"ListItem\",\"@id\":\"https:\\\/\\\/www.encontraribeiraopreto.com.br\\\/sobre\\\/noticias-em-ribeirao-preto\\\/#listItem\",\"position\":2,\"name\":\"Not\\u00edcias Ribeir\\u00e3o Preto\",\"item\":\"https:\\\/\\\/www.encontraribeiraopreto.com.br\\\/sobre\\\/noticias-em-ribeirao-preto\\\/\",\"nextItem\":{\"@type\":\"ListItem\",\"@id\":\"https:\\\/\\\/www.encontraribeiraopreto.com.br\\\/sobre\\\/prefeitura-de-ribeirao-trabalha-para-recuperar-os-danos-causados-pelo-temporal\\\/#listItem\",\"name\":\"Prefeitura de Ribeir\\u00e3o trabalha para recuperar os danos causados pelo temporal\"},\"previousItem\":{\"@type\":\"ListItem\",\"@id\":\"https:\\\/\\\/www.encontraribeiraopreto.com.br\\\/sobre#listItem\",\"name\":\"In\\u00edcio\"}},{\"@type\":\"ListItem\",\"@id\":\"https:\\\/\\\/www.encontraribeiraopreto.com.br\\\/sobre\\\/prefeitura-de-ribeirao-trabalha-para-recuperar-os-danos-causados-pelo-temporal\\\/#listItem\",\"position\":3,\"name\":\"Prefeitura de Ribeir\\u00e3o trabalha para recuperar os danos causados pelo temporal\",\"previousItem\":{\"@type\":\"ListItem\",\"@id\":\"https:\\\/\\\/www.encontraribeiraopreto.com.br\\\/sobre\\\/noticias-em-ribeirao-preto\\\/#listItem\",\"name\":\"Not\\u00edcias Ribeir\\u00e3o Preto\"}}]},{\"@type\":\"Organization\",\"@id\":\"https:\\\/\\\/www.encontraribeiraopreto.com.br\\\/sobre\\\/#organization\",\"name\":\"Encontra Ribeir\\u00e3o Preto\",\"description\":\"Not\\u00edcias, eventos, informa\\u00e7\\u00f5es e dicas na cidade Ribeir\\u00e3o Preto e regi\\u00e3o.\",\"url\":\"https:\\\/\\\/www.encontraribeiraopreto.com.br\\\/sobre\\\/\"},{\"@type\":\"Person\",\"@id\":\"https:\\\/\\\/www.encontraribeiraopreto.com.br\\\/sobre\\\/author\\\/eribeiraopreto\\\/#author\",\"url\":\"https:\\\/\\\/www.encontraribeiraopreto.com.br\\\/sobre\\\/author\\\/eribeiraopreto\\\/\",\"name\":\"Encontra Ribeir\\u00e3o Preto\",\"image\":{\"@type\":\"ImageObject\",\"@id\":\"https:\\\/\\\/www.encontraribeiraopreto.com.br\\\/sobre\\\/prefeitura-de-ribeirao-trabalha-para-recuperar-os-danos-causados-pelo-temporal\\\/#authorImage\",\"url\":\"https:\\\/\\\/secure.gravatar.com\\\/avatar\\\/507340682b8270222e1f208e23198b6ae7e2c6a1033ae84e99bc6bce4f82a387?s=96&d=mm&r=g\",\"width\":96,\"height\":96,\"caption\":\"Encontra Ribeir\\u00e3o Preto\"}},{\"@type\":\"WebPage\",\"@id\":\"https:\\\/\\\/www.encontraribeiraopreto.com.br\\\/sobre\\\/prefeitura-de-ribeirao-trabalha-para-recuperar-os-danos-causados-pelo-temporal\\\/#webpage\",\"url\":\"https:\\\/\\\/www.encontraribeiraopreto.com.br\\\/sobre\\\/prefeitura-de-ribeirao-trabalha-para-recuperar-os-danos-causados-pelo-temporal\\\/\",\"name\":\"Prefeitura de Ribeir\\u00e3o trabalha para recuperar os danos causados pelo temporal - Encontra Ribeir\\u00e3o Preto\",\"description\":\"Mais uma vez o munic\\u00edpio de Ribeir\\u00e3o Preto foi atingido por fortes chuvas e ventos, que chegaram a 90 km\\\/hora na tarde de ter\\u00e7a-feira, dia 19. O temporal teve in\\u00edcio por volta de 17h30 e atingiu, principalmente, a regi\\u00e3o Central e Leste da cidade. \\u201cEm menos de 30 minutos acionamos cerca de 100 pessoas dos\",\"inLanguage\":\"pt-BR\",\"isPartOf\":{\"@id\":\"https:\\\/\\\/www.encontraribeiraopreto.com.br\\\/sobre\\\/#website\"},\"breadcrumb\":{\"@id\":\"https:\\\/\\\/www.encontraribeiraopreto.com.br\\\/sobre\\\/prefeitura-de-ribeirao-trabalha-para-recuperar-os-danos-causados-pelo-temporal\\\/#breadcrumblist\"},\"author\":{\"@id\":\"https:\\\/\\\/www.encontraribeiraopreto.com.br\\\/sobre\\\/author\\\/eribeiraopreto\\\/#author\"},\"creator\":{\"@id\":\"https:\\\/\\\/www.encontraribeiraopreto.com.br\\\/sobre\\\/author\\\/eribeiraopreto\\\/#author\"},\"datePublished\":\"2013-02-21T00:54:56-03:00\",\"dateModified\":\"2019-04-15T11:24:36-03:00\"},{\"@type\":\"WebSite\",\"@id\":\"https:\\\/\\\/www.encontraribeiraopreto.com.br\\\/sobre\\\/#website\",\"url\":\"https:\\\/\\\/www.encontraribeiraopreto.com.br\\\/sobre\\\/\",\"name\":\"Encontra Ribeir\\u00e3o Preto\",\"description\":\"Not\\u00edcias, eventos, informa\\u00e7\\u00f5es e dicas na cidade Ribeir\\u00e3o Preto e regi\\u00e3o.\",\"inLanguage\":\"pt-BR\",\"publisher\":{\"@id\":\"https:\\\/\\\/www.encontraribeiraopreto.com.br\\\/sobre\\\/#organization\"}}]}\n\t\t<\/script>\n\t\t<!-- All in One SEO -->\n\n","aioseo_head_json":{"title":"Prefeitura de Ribeir\u00e3o trabalha para recuperar os danos causados pelo temporal - Encontra Ribeir\u00e3o Preto","description":"Mais uma vez o munic\u00edpio de Ribeir\u00e3o Preto foi atingido por fortes chuvas e ventos, que chegaram a 90 km\/hora na tarde de ter\u00e7a-feira, dia 19. O temporal teve in\u00edcio por volta de 17h30 e atingiu, principalmente, a regi\u00e3o Central e Leste da cidade. \u201cEm menos de 30 minutos acionamos cerca de 100 pessoas dos","canonical_url":"https:\/\/www.encontraribeiraopreto.com.br\/sobre\/prefeitura-de-ribeirao-trabalha-para-recuperar-os-danos-causados-pelo-temporal\/","robots":"max-image-preview:large","keywords":"","webmasterTools":{"miscellaneous":""},"schema":{"@context":"https:\/\/schema.org","@graph":[{"@type":"BlogPosting","@id":"https:\/\/www.encontraribeiraopreto.com.br\/sobre\/prefeitura-de-ribeirao-trabalha-para-recuperar-os-danos-causados-pelo-temporal\/#blogposting","name":"Prefeitura de Ribeir\u00e3o trabalha para recuperar os danos causados pelo temporal - Encontra Ribeir\u00e3o Preto","headline":"Prefeitura de Ribeir\u00e3o trabalha para recuperar os danos causados pelo temporal","author":{"@id":"https:\/\/www.encontraribeiraopreto.com.br\/sobre\/author\/eribeiraopreto\/#author"},"publisher":{"@id":"https:\/\/www.encontraribeiraopreto.com.br\/sobre\/#organization"},"datePublished":"2013-02-21T00:54:56-03:00","dateModified":"2019-04-15T11:24:36-03:00","inLanguage":"pt-BR","mainEntityOfPage":{"@id":"https:\/\/www.encontraribeiraopreto.com.br\/sobre\/prefeitura-de-ribeirao-trabalha-para-recuperar-os-danos-causados-pelo-temporal\/#webpage"},"isPartOf":{"@id":"https:\/\/www.encontraribeiraopreto.com.br\/sobre\/prefeitura-de-ribeirao-trabalha-para-recuperar-os-danos-causados-pelo-temporal\/#webpage"},"articleSection":"Not\u00edcias Ribeir\u00e3o Preto, Ribeir\u00e3o Preto"},{"@type":"BreadcrumbList","@id":"https:\/\/www.encontraribeiraopreto.com.br\/sobre\/prefeitura-de-ribeirao-trabalha-para-recuperar-os-danos-causados-pelo-temporal\/#breadcrumblist","itemListElement":[{"@type":"ListItem","@id":"https:\/\/www.encontraribeiraopreto.com.br\/sobre#listItem","position":1,"name":"In\u00edcio","item":"https:\/\/www.encontraribeiraopreto.com.br\/sobre","nextItem":{"@type":"ListItem","@id":"https:\/\/www.encontraribeiraopreto.com.br\/sobre\/noticias-em-ribeirao-preto\/#listItem","name":"Not\u00edcias Ribeir\u00e3o Preto"}},{"@type":"ListItem","@id":"https:\/\/www.encontraribeiraopreto.com.br\/sobre\/noticias-em-ribeirao-preto\/#listItem","position":2,"name":"Not\u00edcias Ribeir\u00e3o Preto","item":"https:\/\/www.encontraribeiraopreto.com.br\/sobre\/noticias-em-ribeirao-preto\/","nextItem":{"@type":"ListItem","@id":"https:\/\/www.encontraribeiraopreto.com.br\/sobre\/prefeitura-de-ribeirao-trabalha-para-recuperar-os-danos-causados-pelo-temporal\/#listItem","name":"Prefeitura de Ribeir\u00e3o trabalha para recuperar os danos causados pelo temporal"},"previousItem":{"@type":"ListItem","@id":"https:\/\/www.encontraribeiraopreto.com.br\/sobre#listItem","name":"In\u00edcio"}},{"@type":"ListItem","@id":"https:\/\/www.encontraribeiraopreto.com.br\/sobre\/prefeitura-de-ribeirao-trabalha-para-recuperar-os-danos-causados-pelo-temporal\/#listItem","position":3,"name":"Prefeitura de Ribeir\u00e3o trabalha para recuperar os danos causados pelo temporal","previousItem":{"@type":"ListItem","@id":"https:\/\/www.encontraribeiraopreto.com.br\/sobre\/noticias-em-ribeirao-preto\/#listItem","name":"Not\u00edcias Ribeir\u00e3o Preto"}}]},{"@type":"Organization","@id":"https:\/\/www.encontraribeiraopreto.com.br\/sobre\/#organization","name":"Encontra Ribeir\u00e3o Preto","description":"Not\u00edcias, eventos, informa\u00e7\u00f5es e dicas na cidade Ribeir\u00e3o Preto e regi\u00e3o.","url":"https:\/\/www.encontraribeiraopreto.com.br\/sobre\/"},{"@type":"Person","@id":"https:\/\/www.encontraribeiraopreto.com.br\/sobre\/author\/eribeiraopreto\/#author","url":"https:\/\/www.encontraribeiraopreto.com.br\/sobre\/author\/eribeiraopreto\/","name":"Encontra Ribeir\u00e3o Preto","image":{"@type":"ImageObject","@id":"https:\/\/www.encontraribeiraopreto.com.br\/sobre\/prefeitura-de-ribeirao-trabalha-para-recuperar-os-danos-causados-pelo-temporal\/#authorImage","url":"https:\/\/secure.gravatar.com\/avatar\/507340682b8270222e1f208e23198b6ae7e2c6a1033ae84e99bc6bce4f82a387?s=96&d=mm&r=g","width":96,"height":96,"caption":"Encontra Ribeir\u00e3o Preto"}},{"@type":"WebPage","@id":"https:\/\/www.encontraribeiraopreto.com.br\/sobre\/prefeitura-de-ribeirao-trabalha-para-recuperar-os-danos-causados-pelo-temporal\/#webpage","url":"https:\/\/www.encontraribeiraopreto.com.br\/sobre\/prefeitura-de-ribeirao-trabalha-para-recuperar-os-danos-causados-pelo-temporal\/","name":"Prefeitura de Ribeir\u00e3o trabalha para recuperar os danos causados pelo temporal - Encontra Ribeir\u00e3o Preto","description":"Mais uma vez o munic\u00edpio de Ribeir\u00e3o Preto foi atingido por fortes chuvas e ventos, que chegaram a 90 km\/hora na tarde de ter\u00e7a-feira, dia 19. O temporal teve in\u00edcio por volta de 17h30 e atingiu, principalmente, a regi\u00e3o Central e Leste da cidade. \u201cEm menos de 30 minutos acionamos cerca de 100 pessoas dos","inLanguage":"pt-BR","isPartOf":{"@id":"https:\/\/www.encontraribeiraopreto.com.br\/sobre\/#website"},"breadcrumb":{"@id":"https:\/\/www.encontraribeiraopreto.com.br\/sobre\/prefeitura-de-ribeirao-trabalha-para-recuperar-os-danos-causados-pelo-temporal\/#breadcrumblist"},"author":{"@id":"https:\/\/www.encontraribeiraopreto.com.br\/sobre\/author\/eribeiraopreto\/#author"},"creator":{"@id":"https:\/\/www.encontraribeiraopreto.com.br\/sobre\/author\/eribeiraopreto\/#author"},"datePublished":"2013-02-21T00:54:56-03:00","dateModified":"2019-04-15T11:24:36-03:00"},{"@type":"WebSite","@id":"https:\/\/www.encontraribeiraopreto.com.br\/sobre\/#website","url":"https:\/\/www.encontraribeiraopreto.com.br\/sobre\/","name":"Encontra Ribeir\u00e3o Preto","description":"Not\u00edcias, eventos, informa\u00e7\u00f5es e dicas na cidade Ribeir\u00e3o Preto e regi\u00e3o.","inLanguage":"pt-BR","publisher":{"@id":"https:\/\/www.encontraribeiraopreto.com.br\/sobre\/#organization"}}]},"og:locale":"pt_BR","og:site_name":"Encontra Ribeir\u00e3o Preto - Not\u00edcias, eventos, informa\u00e7\u00f5es e dicas na cidade Ribeir\u00e3o Preto e regi\u00e3o.","og:type":"article","og:title":"Prefeitura de Ribeir\u00e3o trabalha para recuperar os danos causados pelo temporal - Encontra Ribeir\u00e3o Preto","og:description":"Mais uma vez o munic\u00edpio de Ribeir\u00e3o Preto foi atingido por fortes chuvas e ventos, que chegaram a 90 km\/hora na tarde de ter\u00e7a-feira, dia 19. O temporal teve in\u00edcio por volta de 17h30 e atingiu, principalmente, a regi\u00e3o Central e Leste da cidade. \u201cEm menos de 30 minutos acionamos cerca de 100 pessoas dos","og:url":"https:\/\/www.encontraribeiraopreto.com.br\/sobre\/prefeitura-de-ribeirao-trabalha-para-recuperar-os-danos-causados-pelo-temporal\/","article:published_time":"2013-02-21T03:54:56+00:00","article:modified_time":"2019-04-15T14:24:36+00:00","twitter:card":"summary_large_image","twitter:title":"Prefeitura de Ribeir\u00e3o trabalha para recuperar os danos causados pelo temporal - Encontra Ribeir\u00e3o Preto","twitter:description":"Mais uma vez o munic\u00edpio de Ribeir\u00e3o Preto foi atingido por fortes chuvas e ventos, que chegaram a 90 km\/hora na tarde de ter\u00e7a-feira, dia 19. O temporal teve in\u00edcio por volta de 17h30 e atingiu, principalmente, a regi\u00e3o Central e Leste da cidade. \u201cEm menos de 30 minutos acionamos cerca de 100 pessoas dos"},"aioseo_meta_data":{"post_id":"2511","title":null,"description":null,"keywords":null,"keyphrases":null,"primary_term":null,"canonical_url":null,"og_title":null,"og_description":null,"og_object_type":"default","og_image_type":"default","og_image_url":null,"og_image_width":null,"og_image_height":null,"og_image_custom_url":null,"og_image_custom_fields":null,"og_video":null,"og_custom_url":null,"og_article_section":null,"og_article_tags":null,"twitter_use_og":false,"twitter_card":"default","twitter_image_type":"default","twitter_image_url":null,"twitter_image_custom_url":null,"twitter_image_custom_fields":null,"twitter_title":null,"twitter_description":null,"schema":{"blockGraphs":[],"customGraphs":[],"default":{"data":{"Article":[],"Course":[],"Dataset":[],"FAQPage":[],"Movie":[],"Person":[],"Product":[],"ProductReview":[],"Car":[],"Recipe":[],"Service":[],"SoftwareApplication":[],"WebPage":[]},"graphName":"BlogPosting","isEnabled":true},"graphs":[]},"schema_type":null,"schema_type_options":null,"pillar_content":false,"robots_default":true,"robots_noindex":false,"robots_noarchive":false,"robots_nosnippet":false,"robots_nofollow":false,"robots_noimageindex":false,"robots_noodp":false,"robots_notranslate":false,"robots_max_snippet":null,"robots_max_videopreview":null,"robots_max_imagepreview":"large","priority":null,"frequency":null,"local_seo":null,"limit_modified_date":false,"created":"2021-02-24 16:33:34","updated":"2023-03-07 13:39:09","focus_keyword":null,"additional_keywords":null,"truseo_locale":null,"ai":null,"breadcrumb_settings":null,"seo_analyzer_scan_date":null},"aioseo_breadcrumb":"<div class=\"aioseo-breadcrumbs\"><span class=\"aioseo-breadcrumb\">\n\t\t\t<a href=\"https:\/\/www.encontraribeiraopreto.com.br\/sobre\" title=\"In\u00edcio\">In\u00edcio<\/a>\n\t\t<\/span><span class=\"aioseo-breadcrumb-separator\">&raquo;<\/span><span class=\"aioseo-breadcrumb\">\n\t\t\t<a href=\"https:\/\/www.encontraribeiraopreto.com.br\/sobre\/noticias-em-ribeirao-preto\/\" title=\"Not\u00edcias Ribeir\u00e3o Preto\">Not\u00edcias Ribeir\u00e3o Preto<\/a>\n\t\t<\/span><span class=\"aioseo-breadcrumb-separator\">&raquo;<\/span><span class=\"aioseo-breadcrumb\">\n\t\t\tPrefeitura de Ribeir\u00e3o trabalha para recuperar os danos causados pelo temporal\n\t\t<\/span><\/div>","aioseo_breadcrumb_json":[{"label":"In\u00edcio","link":"https:\/\/www.encontraribeiraopreto.com.br\/sobre"},{"label":"Not\u00edcias Ribeir\u00e3o Preto","link":"https:\/\/www.encontraribeiraopreto.com.br\/sobre\/noticias-em-ribeirao-preto\/"},{"label":"Prefeitura de Ribeir\u00e3o trabalha para recuperar os danos causados pelo temporal","link":"https:\/\/www.encontraribeiraopreto.com.br\/sobre\/prefeitura-de-ribeirao-trabalha-para-recuperar-os-danos-causados-pelo-temporal\/"}],"_links":{"self":[{"href":"https:\/\/www.encontraribeiraopreto.com.br\/sobre\/wp-json\/wp\/v2\/posts\/2511","targetHints":{"allow":["GET"]}}],"collection":[{"href":"https:\/\/www.encontraribeiraopreto.com.br\/sobre\/wp-json\/wp\/v2\/posts"}],"about":[{"href":"https:\/\/www.encontraribeiraopreto.com.br\/sobre\/wp-json\/wp\/v2\/types\/post"}],"author":[{"embeddable":true,"href":"https:\/\/www.encontraribeiraopreto.com.br\/sobre\/wp-json\/wp\/v2\/users\/1"}],"replies":[{"embeddable":true,"href":"https:\/\/www.encontraribeiraopreto.com.br\/sobre\/wp-json\/wp\/v2\/comments?post=2511"}],"version-history":[{"count":0,"href":"https:\/\/www.encontraribeiraopreto.com.br\/sobre\/wp-json\/wp\/v2\/posts\/2511\/revisions"}],"wp:attachment":[{"href":"https:\/\/www.encontraribeiraopreto.com.br\/sobre\/wp-json\/wp\/v2\/media?parent=2511"}],"wp:term":[{"taxonomy":"category","embeddable":true,"href":"https:\/\/www.encontraribeiraopreto.com.br\/sobre\/wp-json\/wp\/v2\/categories?post=2511"},{"taxonomy":"post_tag","embeddable":true,"href":"https:\/\/www.encontraribeiraopreto.com.br\/sobre\/wp-json\/wp\/v2\/tags?post=2511"}],"curies":[{"name":"wp","href":"https:\/\/api.w.org\/{rel}","templated":true}]}}