{"id":2516,"date":"2013-02-21T09:05:21","date_gmt":"2013-02-21T12:05:21","guid":{"rendered":"http:\/\/www.encontraribeiraopreto.com.br\/noticias\/?p=2516"},"modified":"2019-04-15T11:24:36","modified_gmt":"2019-04-15T14:24:36","slug":"secretario-da-cultura-se-reune-com-representantes-de-escolas-de-samba-de-ribeirao-preto","status":"publish","type":"post","link":"https:\/\/www.encontraribeiraopreto.com.br\/sobre\/secretario-da-cultura-se-reune-com-representantes-de-escolas-de-samba-de-ribeirao-preto\/","title":{"rendered":"Secret\u00e1rio da Cultura se re\u00fane com representantes de escolas de samba de Ribeir\u00e3o Preto"},"content":{"rendered":"<div class=\"cd7ef838bed10b2b4567f853226bc383\" data-index=\"1\" style=\"float: none; margin:0px;\">\n<!-- Anuncio display - global -->\r\n<ins class=\"adsbygoogle\"\r\n     style=\"display:block\"\r\n     data-ad-client=\"ca-pub-8585364105181520\"\r\n     data-ad-slot=\"8789329856\"\r\n     data-ad-format=\"auto\"\r\n     data-full-width-responsive=\"true\"><\/ins>\r\n<script>\r\n     (adsbygoogle = window.adsbygoogle || []).push({});\r\n<\/script>\r\n\n<\/div>\n<p>O secret\u00e1rio municipal da Cultura, Alessandro Maraca; a diretora do Departamento de Atividades Culturais da Secretaria da Cultura, Simara Sgobbi Cauchick, e v\u00e1rios representantes das <a title=\"Escolas em Ribeir\u00e3o Preto\" href=\"http:\/\/www.encontraribeiraopreto.com.br\/d\/danca-em-ribeirao-preto.shtml\" target=\"_blank\">escolas de samba de Ribeir\u00e3o Preto<\/a> e Bonfim Paulista e das entidades carnavalescas da cidade reuniram-se esta semana no audit\u00f3rio da Casa da Cultura para discutirem ideias e sugest\u00f5es visando aprimorar o Carnaval de Rua de Ribeir\u00e3o Preto.<\/p>\n<p>Durante a reuni\u00e3o, um dos pontos mais discutidos foi quanto \u00e0 necessidade de as escolas buscarem mecanismos para que possam ter mais independ\u00eancia financeira, por exemplo, informando-se melhor sobre ProAC e\u00a0Lei Rouanet e fazendo uso dessas op\u00e7\u00f5es de incentivo cultural.<\/p>\n<p>\u201c\u00c9 preciso deixar muito claro que a <a href=\"http:\/\/www.encontraribeiraopreto.com.br\/ribeirao-preto\/prefeitura-de-ribeirao-preto.shtml\" target=\"_blank\">Prefeitura Municipal de Ribeir\u00e3o Preto<\/a> vai continuar fazendo o papel dela, que \u00e9 o de ajudar, com ou sem ProAC ou leis de incentivo. Mesmo que as escolas consigam ter mais independ\u00eancia, n\u00e3o deixaremos de ter o compromisso que temos com voc\u00eas\u201d, ressaltou o secret\u00e1rio da Cultura, Alessandro Maraca.<\/p>\n<p>Um estudo sobre um local pr\u00f3prio para abrigar o desfile das escolas de samba e outros projetos da Secretaria da Cultura, criar mecanismos de capacita\u00e7\u00e3o para os integrantes das escolas, discuss\u00e3o sobre o regulamento do carnaval e \u00e1reas em comodato para algumas escolas que ainda n\u00e3o possuem sede, foram alguns dos assuntos tratados.<\/p>\n<p>Para que esses assuntos sejam melhor debatidos, ficou decidida a cria\u00e7\u00e3o de tr\u00eas Grupos de Trabalho (GT), de regulamento, de capacita\u00e7\u00e3o, e do estudo de local pr\u00f3prio para o desfile.\u00a0A sugest\u00e3o foi que as entidades dirigentes, junto com as escolas de samba, fizessem a composi\u00e7\u00e3o desses grupos e encaminhassem para a Secretaria, at\u00e9 o dia 25 de fevereiro, para que tenham in\u00edcio as reuni\u00f5es de trabalho.<\/p>\n<p>Ainda durante o encontro, foi sugerida a realiza\u00e7\u00e3o de uma \u2018Confer\u00eancia do Samba\u2019, com a participa\u00e7\u00e3o de renomados profissionais do pa\u00eds da \u00e1rea carnavalesca, como uma das a\u00e7\u00f5es para promover a discuss\u00e3o sobre o carnaval no munic\u00edpio.<\/p>\n<p>\u201cAcho que a reuni\u00e3o foi muito positiva e, se a gente conseguir avan\u00e7ar no debate desses tr\u00eas Grupos de Trabalho, j\u00e1 estaremos dando um passo muito importante para um carnaval \u00a0ainda melhor em Ribeir\u00e3o Preto e acredito que est\u00e3o todos dispostos a dialogar, avan\u00e7ar e a evoluir\u201d, finaliza Maraca.<\/p>\n<p><em>Fonte: Prefeitura Municipal de Ribeir\u00e3o Preto<\/em><\/p>\n\n<div style=\"font-size: 0px; height: 0px; line-height: 0px; margin: 0; padding: 0; clear: both;\"><\/div>","protected":false},"excerpt":{"rendered":"<p>O secret\u00e1rio municipal da Cultura, Alessandro Maraca; a diretora do Departamento de Atividades Culturais da Secretaria da Cultura, Simara Sgobbi Cauchick, e v\u00e1rios representantes das escolas de samba de Ribeir\u00e3o Preto e Bonfim Paulista e das entidades carnavalescas da cidade reuniram-se esta semana no audit\u00f3rio da Casa da Cultura para discutirem ideias e sugest\u00f5es visando aprimorar o Carnaval de Rua de Ribeir\u00e3o Preto. Durante a reuni\u00e3o, um dos pontos mais discutidos foi quanto \u00e0 necessidade de as escolas buscarem mecanismos para que possam ter mais independ\u00eancia financeira, por exemplo, informando-se melhor sobre ProAC e\u00a0Lei Rouanet e fazendo uso dessas op\u00e7\u00f5es <\/p>\n","protected":false},"author":1,"featured_media":0,"comment_status":"open","ping_status":"closed","sticky":false,"template":"","format":"standard","meta":{"footnotes":""},"categories":[6],"tags":[14],"class_list":["post-2516","post","type-post","status-publish","format-standard","hentry","category-noticias-em-ribeirao-preto","tag-ribeirao-preto"],"aioseo_notices":[],"aioseo_head":"\n\t\t<!-- All in One SEO 5.0.0.1 - aioseo.com -->\n\t<meta name=\"description\" content=\"O secret\u00e1rio municipal da Cultura, Alessandro Maraca; a diretora do Departamento de Atividades Culturais da Secretaria da Cultura, Simara Sgobbi Cauchick, e v\u00e1rios representantes das escolas de samba de Ribeir\u00e3o Preto e Bonfim Paulista e das entidades carnavalescas da cidade reuniram-se esta semana no audit\u00f3rio da Casa da Cultura para discutirem ideias e sugest\u00f5es visando\" \/>\n\t<meta name=\"robots\" content=\"max-image-preview:large\" \/>\n\t<meta name=\"author\" content=\"Encontra Ribeir\u00e3o Preto\"\/>\n\t<link rel=\"canonical\" href=\"https:\/\/www.encontraribeiraopreto.com.br\/sobre\/secretario-da-cultura-se-reune-com-representantes-de-escolas-de-samba-de-ribeirao-preto\/\" \/>\n\t<meta name=\"generator\" content=\"All in One SEO (AIOSEO) 5.0.0.1\" \/>\n\t\t<meta property=\"og:locale\" content=\"pt_BR\" \/>\n\t\t<meta property=\"og:site_name\" content=\"Encontra Ribeir\u00e3o Preto - Not\u00edcias, eventos, informa\u00e7\u00f5es e dicas na cidade Ribeir\u00e3o Preto e regi\u00e3o.\" \/>\n\t\t<meta property=\"og:type\" content=\"article\" \/>\n\t\t<meta property=\"og:title\" content=\"Secret\u00e1rio da Cultura se re\u00fane com representantes de escolas de samba de Ribeir\u00e3o Preto - Encontra Ribeir\u00e3o Preto\" \/>\n\t\t<meta property=\"og:description\" content=\"O secret\u00e1rio municipal da Cultura, Alessandro Maraca; a diretora do Departamento de Atividades Culturais da Secretaria da Cultura, Simara Sgobbi Cauchick, e v\u00e1rios representantes das escolas de samba de Ribeir\u00e3o Preto e Bonfim Paulista e das entidades carnavalescas da cidade reuniram-se esta semana no audit\u00f3rio da Casa da Cultura para discutirem ideias e sugest\u00f5es visando\" \/>\n\t\t<meta property=\"og:url\" content=\"https:\/\/www.encontraribeiraopreto.com.br\/sobre\/secretario-da-cultura-se-reune-com-representantes-de-escolas-de-samba-de-ribeirao-preto\/\" \/>\n\t\t<meta property=\"article:published_time\" content=\"2013-02-21T12:05:21+00:00\" \/>\n\t\t<meta property=\"article:modified_time\" content=\"2019-04-15T14:24:36+00:00\" \/>\n\t\t<meta name=\"twitter:card\" content=\"summary_large_image\" \/>\n\t\t<meta name=\"twitter:title\" content=\"Secret\u00e1rio da Cultura se re\u00fane com representantes de escolas de samba de Ribeir\u00e3o Preto - Encontra Ribeir\u00e3o Preto\" \/>\n\t\t<meta name=\"twitter:description\" content=\"O secret\u00e1rio municipal da Cultura, Alessandro Maraca; a diretora do Departamento de Atividades Culturais da Secretaria da Cultura, Simara Sgobbi Cauchick, e v\u00e1rios representantes das escolas de samba de Ribeir\u00e3o Preto e Bonfim Paulista e das entidades carnavalescas da cidade reuniram-se esta semana no audit\u00f3rio da Casa da Cultura para discutirem ideias e sugest\u00f5es visando\" \/>\n\t\t<script type=\"application\/ld+json\" class=\"aioseo-schema\">\n\t\t\t{\"@context\":\"https:\\\/\\\/schema.org\",\"@graph\":[{\"@type\":\"BlogPosting\",\"@id\":\"https:\\\/\\\/www.encontraribeiraopreto.com.br\\\/sobre\\\/secretario-da-cultura-se-reune-com-representantes-de-escolas-de-samba-de-ribeirao-preto\\\/#blogposting\",\"name\":\"Secret\\u00e1rio da Cultura se re\\u00fane com representantes de escolas de samba de Ribeir\\u00e3o Preto - Encontra Ribeir\\u00e3o Preto\",\"headline\":\"Secret\\u00e1rio da Cultura se re\\u00fane com representantes de escolas de samba de Ribeir\\u00e3o Preto\",\"author\":{\"@id\":\"https:\\\/\\\/www.encontraribeiraopreto.com.br\\\/sobre\\\/author\\\/eribeiraopreto\\\/#author\"},\"publisher\":{\"@id\":\"https:\\\/\\\/www.encontraribeiraopreto.com.br\\\/sobre\\\/#organization\"},\"datePublished\":\"2013-02-21T09:05:21-03:00\",\"dateModified\":\"2019-04-15T11:24:36-03:00\",\"inLanguage\":\"pt-BR\",\"mainEntityOfPage\":{\"@id\":\"https:\\\/\\\/www.encontraribeiraopreto.com.br\\\/sobre\\\/secretario-da-cultura-se-reune-com-representantes-de-escolas-de-samba-de-ribeirao-preto\\\/#webpage\"},\"isPartOf\":{\"@id\":\"https:\\\/\\\/www.encontraribeiraopreto.com.br\\\/sobre\\\/secretario-da-cultura-se-reune-com-representantes-de-escolas-de-samba-de-ribeirao-preto\\\/#webpage\"},\"articleSection\":\"Not\\u00edcias Ribeir\\u00e3o Preto, Ribeir\\u00e3o Preto\"},{\"@type\":\"BreadcrumbList\",\"@id\":\"https:\\\/\\\/www.encontraribeiraopreto.com.br\\\/sobre\\\/secretario-da-cultura-se-reune-com-representantes-de-escolas-de-samba-de-ribeirao-preto\\\/#breadcrumblist\",\"itemListElement\":[{\"@type\":\"ListItem\",\"@id\":\"https:\\\/\\\/www.encontraribeiraopreto.com.br\\\/sobre#listItem\",\"position\":1,\"name\":\"In\\u00edcio\",\"item\":\"https:\\\/\\\/www.encontraribeiraopreto.com.br\\\/sobre\",\"nextItem\":{\"@type\":\"ListItem\",\"@id\":\"https:\\\/\\\/www.encontraribeiraopreto.com.br\\\/sobre\\\/noticias-em-ribeirao-preto\\\/#listItem\",\"name\":\"Not\\u00edcias Ribeir\\u00e3o Preto\"}},{\"@type\":\"ListItem\",\"@id\":\"https:\\\/\\\/www.encontraribeiraopreto.com.br\\\/sobre\\\/noticias-em-ribeirao-preto\\\/#listItem\",\"position\":2,\"name\":\"Not\\u00edcias Ribeir\\u00e3o Preto\",\"item\":\"https:\\\/\\\/www.encontraribeiraopreto.com.br\\\/sobre\\\/noticias-em-ribeirao-preto\\\/\",\"nextItem\":{\"@type\":\"ListItem\",\"@id\":\"https:\\\/\\\/www.encontraribeiraopreto.com.br\\\/sobre\\\/secretario-da-cultura-se-reune-com-representantes-de-escolas-de-samba-de-ribeirao-preto\\\/#listItem\",\"name\":\"Secret\\u00e1rio da Cultura se re\\u00fane com representantes de escolas de samba de Ribeir\\u00e3o Preto\"},\"previousItem\":{\"@type\":\"ListItem\",\"@id\":\"https:\\\/\\\/www.encontraribeiraopreto.com.br\\\/sobre#listItem\",\"name\":\"In\\u00edcio\"}},{\"@type\":\"ListItem\",\"@id\":\"https:\\\/\\\/www.encontraribeiraopreto.com.br\\\/sobre\\\/secretario-da-cultura-se-reune-com-representantes-de-escolas-de-samba-de-ribeirao-preto\\\/#listItem\",\"position\":3,\"name\":\"Secret\\u00e1rio da Cultura se re\\u00fane com representantes de escolas de samba de Ribeir\\u00e3o Preto\",\"previousItem\":{\"@type\":\"ListItem\",\"@id\":\"https:\\\/\\\/www.encontraribeiraopreto.com.br\\\/sobre\\\/noticias-em-ribeirao-preto\\\/#listItem\",\"name\":\"Not\\u00edcias Ribeir\\u00e3o Preto\"}}]},{\"@type\":\"Organization\",\"@id\":\"https:\\\/\\\/www.encontraribeiraopreto.com.br\\\/sobre\\\/#organization\",\"name\":\"Encontra Ribeir\\u00e3o Preto\",\"description\":\"Not\\u00edcias, eventos, informa\\u00e7\\u00f5es e dicas na cidade Ribeir\\u00e3o Preto e regi\\u00e3o.\",\"url\":\"https:\\\/\\\/www.encontraribeiraopreto.com.br\\\/sobre\\\/\"},{\"@type\":\"Person\",\"@id\":\"https:\\\/\\\/www.encontraribeiraopreto.com.br\\\/sobre\\\/author\\\/eribeiraopreto\\\/#author\",\"url\":\"https:\\\/\\\/www.encontraribeiraopreto.com.br\\\/sobre\\\/author\\\/eribeiraopreto\\\/\",\"name\":\"Encontra Ribeir\\u00e3o Preto\",\"image\":{\"@type\":\"ImageObject\",\"@id\":\"https:\\\/\\\/www.encontraribeiraopreto.com.br\\\/sobre\\\/secretario-da-cultura-se-reune-com-representantes-de-escolas-de-samba-de-ribeirao-preto\\\/#authorImage\",\"url\":\"https:\\\/\\\/secure.gravatar.com\\\/avatar\\\/507340682b8270222e1f208e23198b6ae7e2c6a1033ae84e99bc6bce4f82a387?s=96&d=mm&r=g\",\"width\":96,\"height\":96,\"caption\":\"Encontra Ribeir\\u00e3o Preto\"}},{\"@type\":\"WebPage\",\"@id\":\"https:\\\/\\\/www.encontraribeiraopreto.com.br\\\/sobre\\\/secretario-da-cultura-se-reune-com-representantes-de-escolas-de-samba-de-ribeirao-preto\\\/#webpage\",\"url\":\"https:\\\/\\\/www.encontraribeiraopreto.com.br\\\/sobre\\\/secretario-da-cultura-se-reune-com-representantes-de-escolas-de-samba-de-ribeirao-preto\\\/\",\"name\":\"Secret\\u00e1rio da Cultura se re\\u00fane com representantes de escolas de samba de Ribeir\\u00e3o Preto - Encontra Ribeir\\u00e3o Preto\",\"description\":\"O secret\\u00e1rio municipal da Cultura, Alessandro Maraca; a diretora do Departamento de Atividades Culturais da Secretaria da Cultura, Simara Sgobbi Cauchick, e v\\u00e1rios representantes das escolas de samba de Ribeir\\u00e3o Preto e Bonfim Paulista e das entidades carnavalescas da cidade reuniram-se esta semana no audit\\u00f3rio da Casa da Cultura para discutirem ideias e sugest\\u00f5es visando\",\"inLanguage\":\"pt-BR\",\"isPartOf\":{\"@id\":\"https:\\\/\\\/www.encontraribeiraopreto.com.br\\\/sobre\\\/#website\"},\"breadcrumb\":{\"@id\":\"https:\\\/\\\/www.encontraribeiraopreto.com.br\\\/sobre\\\/secretario-da-cultura-se-reune-com-representantes-de-escolas-de-samba-de-ribeirao-preto\\\/#breadcrumblist\"},\"author\":{\"@id\":\"https:\\\/\\\/www.encontraribeiraopreto.com.br\\\/sobre\\\/author\\\/eribeiraopreto\\\/#author\"},\"creator\":{\"@id\":\"https:\\\/\\\/www.encontraribeiraopreto.com.br\\\/sobre\\\/author\\\/eribeiraopreto\\\/#author\"},\"datePublished\":\"2013-02-21T09:05:21-03:00\",\"dateModified\":\"2019-04-15T11:24:36-03:00\"},{\"@type\":\"WebSite\",\"@id\":\"https:\\\/\\\/www.encontraribeiraopreto.com.br\\\/sobre\\\/#website\",\"url\":\"https:\\\/\\\/www.encontraribeiraopreto.com.br\\\/sobre\\\/\",\"name\":\"Encontra Ribeir\\u00e3o Preto\",\"description\":\"Not\\u00edcias, eventos, informa\\u00e7\\u00f5es e dicas na cidade Ribeir\\u00e3o Preto e regi\\u00e3o.\",\"inLanguage\":\"pt-BR\",\"publisher\":{\"@id\":\"https:\\\/\\\/www.encontraribeiraopreto.com.br\\\/sobre\\\/#organization\"}}]}\n\t\t<\/script>\n\t\t<!-- All in One SEO -->\n\n","aioseo_head_json":{"title":"Secret\u00e1rio da Cultura se re\u00fane com representantes de escolas de samba de Ribeir\u00e3o Preto - Encontra Ribeir\u00e3o Preto","description":"O secret\u00e1rio municipal da Cultura, Alessandro Maraca; a diretora do Departamento de Atividades Culturais da Secretaria da Cultura, Simara Sgobbi Cauchick, e v\u00e1rios representantes das escolas de samba de Ribeir\u00e3o Preto e Bonfim Paulista e das entidades carnavalescas da cidade reuniram-se esta semana no audit\u00f3rio da Casa da Cultura para discutirem ideias e sugest\u00f5es visando","canonical_url":"https:\/\/www.encontraribeiraopreto.com.br\/sobre\/secretario-da-cultura-se-reune-com-representantes-de-escolas-de-samba-de-ribeirao-preto\/","robots":"max-image-preview:large","keywords":"","webmasterTools":{"miscellaneous":""},"schema":{"@context":"https:\/\/schema.org","@graph":[{"@type":"BlogPosting","@id":"https:\/\/www.encontraribeiraopreto.com.br\/sobre\/secretario-da-cultura-se-reune-com-representantes-de-escolas-de-samba-de-ribeirao-preto\/#blogposting","name":"Secret\u00e1rio da Cultura se re\u00fane com representantes de escolas de samba de Ribeir\u00e3o Preto - Encontra Ribeir\u00e3o Preto","headline":"Secret\u00e1rio da Cultura se re\u00fane com representantes de escolas de samba de Ribeir\u00e3o Preto","author":{"@id":"https:\/\/www.encontraribeiraopreto.com.br\/sobre\/author\/eribeiraopreto\/#author"},"publisher":{"@id":"https:\/\/www.encontraribeiraopreto.com.br\/sobre\/#organization"},"datePublished":"2013-02-21T09:05:21-03:00","dateModified":"2019-04-15T11:24:36-03:00","inLanguage":"pt-BR","mainEntityOfPage":{"@id":"https:\/\/www.encontraribeiraopreto.com.br\/sobre\/secretario-da-cultura-se-reune-com-representantes-de-escolas-de-samba-de-ribeirao-preto\/#webpage"},"isPartOf":{"@id":"https:\/\/www.encontraribeiraopreto.com.br\/sobre\/secretario-da-cultura-se-reune-com-representantes-de-escolas-de-samba-de-ribeirao-preto\/#webpage"},"articleSection":"Not\u00edcias Ribeir\u00e3o Preto, Ribeir\u00e3o Preto"},{"@type":"BreadcrumbList","@id":"https:\/\/www.encontraribeiraopreto.com.br\/sobre\/secretario-da-cultura-se-reune-com-representantes-de-escolas-de-samba-de-ribeirao-preto\/#breadcrumblist","itemListElement":[{"@type":"ListItem","@id":"https:\/\/www.encontraribeiraopreto.com.br\/sobre#listItem","position":1,"name":"In\u00edcio","item":"https:\/\/www.encontraribeiraopreto.com.br\/sobre","nextItem":{"@type":"ListItem","@id":"https:\/\/www.encontraribeiraopreto.com.br\/sobre\/noticias-em-ribeirao-preto\/#listItem","name":"Not\u00edcias Ribeir\u00e3o Preto"}},{"@type":"ListItem","@id":"https:\/\/www.encontraribeiraopreto.com.br\/sobre\/noticias-em-ribeirao-preto\/#listItem","position":2,"name":"Not\u00edcias Ribeir\u00e3o Preto","item":"https:\/\/www.encontraribeiraopreto.com.br\/sobre\/noticias-em-ribeirao-preto\/","nextItem":{"@type":"ListItem","@id":"https:\/\/www.encontraribeiraopreto.com.br\/sobre\/secretario-da-cultura-se-reune-com-representantes-de-escolas-de-samba-de-ribeirao-preto\/#listItem","name":"Secret\u00e1rio da Cultura se re\u00fane com representantes de escolas de samba de Ribeir\u00e3o Preto"},"previousItem":{"@type":"ListItem","@id":"https:\/\/www.encontraribeiraopreto.com.br\/sobre#listItem","name":"In\u00edcio"}},{"@type":"ListItem","@id":"https:\/\/www.encontraribeiraopreto.com.br\/sobre\/secretario-da-cultura-se-reune-com-representantes-de-escolas-de-samba-de-ribeirao-preto\/#listItem","position":3,"name":"Secret\u00e1rio da Cultura se re\u00fane com representantes de escolas de samba de Ribeir\u00e3o Preto","previousItem":{"@type":"ListItem","@id":"https:\/\/www.encontraribeiraopreto.com.br\/sobre\/noticias-em-ribeirao-preto\/#listItem","name":"Not\u00edcias Ribeir\u00e3o Preto"}}]},{"@type":"Organization","@id":"https:\/\/www.encontraribeiraopreto.com.br\/sobre\/#organization","name":"Encontra Ribeir\u00e3o Preto","description":"Not\u00edcias, eventos, informa\u00e7\u00f5es e dicas na cidade Ribeir\u00e3o Preto e regi\u00e3o.","url":"https:\/\/www.encontraribeiraopreto.com.br\/sobre\/"},{"@type":"Person","@id":"https:\/\/www.encontraribeiraopreto.com.br\/sobre\/author\/eribeiraopreto\/#author","url":"https:\/\/www.encontraribeiraopreto.com.br\/sobre\/author\/eribeiraopreto\/","name":"Encontra Ribeir\u00e3o Preto","image":{"@type":"ImageObject","@id":"https:\/\/www.encontraribeiraopreto.com.br\/sobre\/secretario-da-cultura-se-reune-com-representantes-de-escolas-de-samba-de-ribeirao-preto\/#authorImage","url":"https:\/\/secure.gravatar.com\/avatar\/507340682b8270222e1f208e23198b6ae7e2c6a1033ae84e99bc6bce4f82a387?s=96&d=mm&r=g","width":96,"height":96,"caption":"Encontra Ribeir\u00e3o Preto"}},{"@type":"WebPage","@id":"https:\/\/www.encontraribeiraopreto.com.br\/sobre\/secretario-da-cultura-se-reune-com-representantes-de-escolas-de-samba-de-ribeirao-preto\/#webpage","url":"https:\/\/www.encontraribeiraopreto.com.br\/sobre\/secretario-da-cultura-se-reune-com-representantes-de-escolas-de-samba-de-ribeirao-preto\/","name":"Secret\u00e1rio da Cultura se re\u00fane com representantes de escolas de samba de Ribeir\u00e3o Preto - Encontra Ribeir\u00e3o Preto","description":"O secret\u00e1rio municipal da Cultura, Alessandro Maraca; a diretora do Departamento de Atividades Culturais da Secretaria da Cultura, Simara Sgobbi Cauchick, e v\u00e1rios representantes das escolas de samba de Ribeir\u00e3o Preto e Bonfim Paulista e das entidades carnavalescas da cidade reuniram-se esta semana no audit\u00f3rio da Casa da Cultura para discutirem ideias e sugest\u00f5es visando","inLanguage":"pt-BR","isPartOf":{"@id":"https:\/\/www.encontraribeiraopreto.com.br\/sobre\/#website"},"breadcrumb":{"@id":"https:\/\/www.encontraribeiraopreto.com.br\/sobre\/secretario-da-cultura-se-reune-com-representantes-de-escolas-de-samba-de-ribeirao-preto\/#breadcrumblist"},"author":{"@id":"https:\/\/www.encontraribeiraopreto.com.br\/sobre\/author\/eribeiraopreto\/#author"},"creator":{"@id":"https:\/\/www.encontraribeiraopreto.com.br\/sobre\/author\/eribeiraopreto\/#author"},"datePublished":"2013-02-21T09:05:21-03:00","dateModified":"2019-04-15T11:24:36-03:00"},{"@type":"WebSite","@id":"https:\/\/www.encontraribeiraopreto.com.br\/sobre\/#website","url":"https:\/\/www.encontraribeiraopreto.com.br\/sobre\/","name":"Encontra Ribeir\u00e3o Preto","description":"Not\u00edcias, eventos, informa\u00e7\u00f5es e dicas na cidade Ribeir\u00e3o Preto e regi\u00e3o.","inLanguage":"pt-BR","publisher":{"@id":"https:\/\/www.encontraribeiraopreto.com.br\/sobre\/#organization"}}]},"og:locale":"pt_BR","og:site_name":"Encontra Ribeir\u00e3o Preto - Not\u00edcias, eventos, informa\u00e7\u00f5es e dicas na cidade Ribeir\u00e3o Preto e regi\u00e3o.","og:type":"article","og:title":"Secret\u00e1rio da Cultura se re\u00fane com representantes de escolas de samba de Ribeir\u00e3o Preto - Encontra Ribeir\u00e3o Preto","og:description":"O secret\u00e1rio municipal da Cultura, Alessandro Maraca; a diretora do Departamento de Atividades Culturais da Secretaria da Cultura, Simara Sgobbi Cauchick, e v\u00e1rios representantes das escolas de samba de Ribeir\u00e3o Preto e Bonfim Paulista e das entidades carnavalescas da cidade reuniram-se esta semana no audit\u00f3rio da Casa da Cultura para discutirem ideias e sugest\u00f5es visando","og:url":"https:\/\/www.encontraribeiraopreto.com.br\/sobre\/secretario-da-cultura-se-reune-com-representantes-de-escolas-de-samba-de-ribeirao-preto\/","article:published_time":"2013-02-21T12:05:21+00:00","article:modified_time":"2019-04-15T14:24:36+00:00","twitter:card":"summary_large_image","twitter:title":"Secret\u00e1rio da Cultura se re\u00fane com representantes de escolas de samba de Ribeir\u00e3o Preto - Encontra Ribeir\u00e3o Preto","twitter:description":"O secret\u00e1rio municipal da Cultura, Alessandro Maraca; a diretora do Departamento de Atividades Culturais da Secretaria da Cultura, Simara Sgobbi Cauchick, e v\u00e1rios representantes das escolas de samba de Ribeir\u00e3o Preto e Bonfim Paulista e das entidades carnavalescas da cidade reuniram-se esta semana no audit\u00f3rio da Casa da Cultura para discutirem ideias e sugest\u00f5es visando"},"aioseo_meta_data":{"post_id":"2516","title":null,"description":null,"keywords":null,"keyphrases":null,"primary_term":null,"canonical_url":null,"og_title":null,"og_description":null,"og_object_type":"default","og_image_type":"default","og_image_url":null,"og_image_width":null,"og_image_height":null,"og_image_custom_url":null,"og_image_custom_fields":null,"og_video":null,"og_custom_url":null,"og_article_section":null,"og_article_tags":null,"twitter_use_og":false,"twitter_card":"default","twitter_image_type":"default","twitter_image_url":null,"twitter_image_custom_url":null,"twitter_image_custom_fields":null,"twitter_title":null,"twitter_description":null,"schema":{"blockGraphs":[],"customGraphs":[],"default":{"data":{"Article":[],"Course":[],"Dataset":[],"FAQPage":[],"Movie":[],"Person":[],"Product":[],"ProductReview":[],"Car":[],"Recipe":[],"Service":[],"SoftwareApplication":[],"WebPage":[]},"graphName":"BlogPosting","isEnabled":true},"graphs":[]},"schema_type":null,"schema_type_options":null,"pillar_content":false,"robots_default":true,"robots_noindex":false,"robots_noarchive":false,"robots_nosnippet":false,"robots_nofollow":false,"robots_noimageindex":false,"robots_noodp":false,"robots_notranslate":false,"robots_max_snippet":null,"robots_max_videopreview":null,"robots_max_imagepreview":"large","priority":null,"frequency":null,"local_seo":null,"limit_modified_date":false,"created":"2021-02-24 16:33:34","updated":"2023-04-04 02:23:09","focus_keyword":null,"additional_keywords":null,"truseo_locale":null,"ai":null,"breadcrumb_settings":null,"seo_analyzer_scan_date":null},"aioseo_breadcrumb":"<div class=\"aioseo-breadcrumbs\"><span class=\"aioseo-breadcrumb\">\n\t\t\t<a href=\"https:\/\/www.encontraribeiraopreto.com.br\/sobre\" title=\"In\u00edcio\">In\u00edcio<\/a>\n\t\t<\/span><span class=\"aioseo-breadcrumb-separator\">&raquo;<\/span><span class=\"aioseo-breadcrumb\">\n\t\t\t<a href=\"https:\/\/www.encontraribeiraopreto.com.br\/sobre\/noticias-em-ribeirao-preto\/\" title=\"Not\u00edcias Ribeir\u00e3o Preto\">Not\u00edcias Ribeir\u00e3o Preto<\/a>\n\t\t<\/span><span class=\"aioseo-breadcrumb-separator\">&raquo;<\/span><span class=\"aioseo-breadcrumb\">\n\t\t\tSecret\u00e1rio da Cultura se re\u00fane com representantes de escolas de samba de Ribeir\u00e3o Preto\n\t\t<\/span><\/div>","aioseo_breadcrumb_json":[{"label":"In\u00edcio","link":"https:\/\/www.encontraribeiraopreto.com.br\/sobre"},{"label":"Not\u00edcias Ribeir\u00e3o Preto","link":"https:\/\/www.encontraribeiraopreto.com.br\/sobre\/noticias-em-ribeirao-preto\/"},{"label":"Secret\u00e1rio da Cultura se re\u00fane com representantes de escolas de samba de Ribeir\u00e3o Preto","link":"https:\/\/www.encontraribeiraopreto.com.br\/sobre\/secretario-da-cultura-se-reune-com-representantes-de-escolas-de-samba-de-ribeirao-preto\/"}],"_links":{"self":[{"href":"https:\/\/www.encontraribeiraopreto.com.br\/sobre\/wp-json\/wp\/v2\/posts\/2516","targetHints":{"allow":["GET"]}}],"collection":[{"href":"https:\/\/www.encontraribeiraopreto.com.br\/sobre\/wp-json\/wp\/v2\/posts"}],"about":[{"href":"https:\/\/www.encontraribeiraopreto.com.br\/sobre\/wp-json\/wp\/v2\/types\/post"}],"author":[{"embeddable":true,"href":"https:\/\/www.encontraribeiraopreto.com.br\/sobre\/wp-json\/wp\/v2\/users\/1"}],"replies":[{"embeddable":true,"href":"https:\/\/www.encontraribeiraopreto.com.br\/sobre\/wp-json\/wp\/v2\/comments?post=2516"}],"version-history":[{"count":0,"href":"https:\/\/www.encontraribeiraopreto.com.br\/sobre\/wp-json\/wp\/v2\/posts\/2516\/revisions"}],"wp:attachment":[{"href":"https:\/\/www.encontraribeiraopreto.com.br\/sobre\/wp-json\/wp\/v2\/media?parent=2516"}],"wp:term":[{"taxonomy":"category","embeddable":true,"href":"https:\/\/www.encontraribeiraopreto.com.br\/sobre\/wp-json\/wp\/v2\/categories?post=2516"},{"taxonomy":"post_tag","embeddable":true,"href":"https:\/\/www.encontraribeiraopreto.com.br\/sobre\/wp-json\/wp\/v2\/tags?post=2516"}],"curies":[{"name":"wp","href":"https:\/\/api.w.org\/{rel}","templated":true}]}}