{"id":2519,"date":"2013-02-21T09:10:14","date_gmt":"2013-02-21T12:10:14","guid":{"rendered":"http:\/\/www.encontraribeiraopreto.com.br\/noticias\/?p=2519"},"modified":"2019-04-15T11:24:36","modified_gmt":"2019-04-15T14:24:36","slug":"secretaria-da-saude-de-rp-promove-capacitacao-sobre-dengue-para-profissionais-da-rede-publica-e-privada","status":"publish","type":"post","link":"https:\/\/www.encontraribeiraopreto.com.br\/sobre\/secretaria-da-saude-de-rp-promove-capacitacao-sobre-dengue-para-profissionais-da-rede-publica-e-privada\/","title":{"rendered":"Secretaria da Sa\u00fade de RP promove capacita\u00e7\u00e3o sobre dengue para profissionais da rede p\u00fablica e privada"},"content":{"rendered":"<div class=\"cd7ef838bed10b2b4567f853226bc383\" data-index=\"1\" style=\"float: none; margin:0px;\">\n<!-- Anuncio display - global -->\r\n<ins class=\"adsbygoogle\"\r\n     style=\"display:block\"\r\n     data-ad-client=\"ca-pub-8585364105181520\"\r\n     data-ad-slot=\"8789329856\"\r\n     data-ad-format=\"auto\"\r\n     data-full-width-responsive=\"true\"><\/ins>\r\n<script>\r\n     (adsbygoogle = window.adsbygoogle || []).push({});\r\n<\/script>\r\n\n<\/div>\n<p>A Divis\u00e3o Epidemiol\u00f3gica da Secretaria da Sa\u00fade marcou para os dias 27 e 28 de fevereiro, o 4\u00ba Curso de Atualiza\u00e7\u00e3o em Dengue: Manejo Cl\u00ednico, destinado a m\u00e9dicos, enfermeiros e gestores de servi\u00e7os p\u00fablicos, particulares e filantr\u00f3picos. O <a title=\"Curso em Ribeir\u00e3o Preto\" href=\"http:\/\/www.encontraribeiraopreto.com.br\/c\/curso-de-enfermagem-em-ribeirao-preto.shtml\" target=\"_blank\">curso na cidade de Ribeir\u00e3o Preto<\/a> ser\u00e1 no dia 27, das 8h \u00e0s 12h e, no dia 28, das 14h \u00e0s 18h, no audit\u00f3rio da ACI \u2013 Associa\u00e7\u00e3o Comercial e Industrial. \u201c\u00c9 um curso importante para os profissionais da sa\u00fade pois permite que eles se atualizem sobre a evolu\u00e7\u00e3o da doen\u00e7a e formas de tratamento\u201d,\u00a0afirmou a m\u00e9dica Ana Alice Castro e Silva, respons\u00e1vel pela Divis\u00e3o.<\/p>\n<p>O curso ser\u00e1 ministrado pelo m\u00e9dico Benedito Antonio Lopes da Fonseca, professor doutor da disciplina de virologia da Faculdade de Medicina de Ribeir\u00e3o Preto. No \u00faltimo dia 15 de fevereiro, a Secretaria da Sa\u00fade divulgou Boletim Epidemiol\u00f3gico, onde registra 267 casos confirmados da doen\u00e7a no m\u00eas de janeiro.<\/p>\n<p>Ao contr\u00e1rio do que vem acontecendo em v\u00e1rias cidades da regi\u00e3o, que est\u00e3o vivendo uma epidemia de dengue, o munic\u00edpio de Ribeir\u00e3o Preto est\u00e1 com a situa\u00e7\u00e3o sob controle, segundo o secret\u00e1rio da Sa\u00fade, St\u00eanio Miranda. \u201cEm janeiro a taxa de confirma\u00e7\u00e3o dos casos notificados foi de 20%. Em \u00e9pocas de epidemia essa taxa sobre para 40 ou 50%\u201d,\u00a0afirmou.<\/p>\n<p>Miranda adiantou que n\u00e3o \u00e9 poss\u00edvel fazer uma previs\u00e3o para os pr\u00f3ximos dois ou tr\u00eas meses, mas garantiu que o cen\u00e1rio vivido por Ribeir\u00e3o Preto nos anos de 2010 e 2011 n\u00e3o se repetir\u00e1.\u00a0\u201cPrecisamos que cada pessoa fa\u00e7a o controle em sua resid\u00eancia porque 80% dos criadouros est\u00e3o dentro dos domic\u00edlios\u201d,\u00a0observou o secret\u00e1rio.<\/p>\n<p>Os interessados em participar da capacita\u00e7\u00e3o devem se inscrever pelo e-mail\u00a0dve@saude.pmrp.com.br.<\/p>\n<p><em>Fonte: Prefeitura Municipal Ribeir\u00e3o Preto<\/em><\/p>\n\n<div style=\"font-size: 0px; height: 0px; line-height: 0px; margin: 0; padding: 0; clear: both;\"><\/div>","protected":false},"excerpt":{"rendered":"<p>A Divis\u00e3o Epidemiol\u00f3gica da Secretaria da Sa\u00fade marcou para os dias 27 e 28 de fevereiro, o 4\u00ba Curso de Atualiza\u00e7\u00e3o em Dengue: Manejo Cl\u00ednico, destinado a m\u00e9dicos, enfermeiros e gestores de servi\u00e7os p\u00fablicos, particulares e filantr\u00f3picos. O curso na cidade de Ribeir\u00e3o Preto ser\u00e1 no dia 27, das 8h \u00e0s 12h e, no dia 28, das 14h \u00e0s 18h, no audit\u00f3rio da ACI \u2013 Associa\u00e7\u00e3o Comercial e Industrial. \u201c\u00c9 um curso importante para os profissionais da sa\u00fade pois permite que eles se atualizem sobre a evolu\u00e7\u00e3o da doen\u00e7a e formas de tratamento\u201d,\u00a0afirmou a m\u00e9dica Ana Alice Castro e Silva, <\/p>\n","protected":false},"author":1,"featured_media":0,"comment_status":"open","ping_status":"closed","sticky":false,"template":"","format":"standard","meta":{"footnotes":""},"categories":[6],"tags":[14],"class_list":["post-2519","post","type-post","status-publish","format-standard","hentry","category-noticias-em-ribeirao-preto","tag-ribeirao-preto"],"aioseo_notices":[],"aioseo_head":"\n\t\t<!-- All in One SEO 5.0.0.1 - aioseo.com -->\n\t<meta name=\"description\" content=\"A Divis\u00e3o Epidemiol\u00f3gica da Secretaria da Sa\u00fade marcou para os dias 27 e 28 de fevereiro, o 4\u00ba Curso de Atualiza\u00e7\u00e3o em Dengue: Manejo Cl\u00ednico, destinado a m\u00e9dicos, enfermeiros e gestores de servi\u00e7os p\u00fablicos, particulares e filantr\u00f3picos. O curso na cidade de Ribeir\u00e3o Preto ser\u00e1 no dia 27, das 8h \u00e0s 12h e, no dia\" \/>\n\t<meta name=\"robots\" content=\"max-image-preview:large\" \/>\n\t<meta name=\"author\" content=\"Encontra Ribeir\u00e3o Preto\"\/>\n\t<link rel=\"canonical\" href=\"https:\/\/www.encontraribeiraopreto.com.br\/sobre\/secretaria-da-saude-de-rp-promove-capacitacao-sobre-dengue-para-profissionais-da-rede-publica-e-privada\/\" \/>\n\t<meta name=\"generator\" content=\"All in One SEO (AIOSEO) 5.0.0.1\" \/>\n\t\t<meta property=\"og:locale\" content=\"pt_BR\" \/>\n\t\t<meta property=\"og:site_name\" content=\"Encontra Ribeir\u00e3o Preto - Not\u00edcias, eventos, informa\u00e7\u00f5es e dicas na cidade Ribeir\u00e3o Preto e regi\u00e3o.\" \/>\n\t\t<meta property=\"og:type\" content=\"article\" \/>\n\t\t<meta property=\"og:title\" content=\"Secretaria da Sa\u00fade de RP promove capacita\u00e7\u00e3o sobre dengue para profissionais da rede p\u00fablica e privada - Encontra Ribeir\u00e3o Preto\" \/>\n\t\t<meta property=\"og:description\" content=\"A Divis\u00e3o Epidemiol\u00f3gica da Secretaria da Sa\u00fade marcou para os dias 27 e 28 de fevereiro, o 4\u00ba Curso de Atualiza\u00e7\u00e3o em Dengue: Manejo Cl\u00ednico, destinado a m\u00e9dicos, enfermeiros e gestores de servi\u00e7os p\u00fablicos, particulares e filantr\u00f3picos. O curso na cidade de Ribeir\u00e3o Preto ser\u00e1 no dia 27, das 8h \u00e0s 12h e, no dia\" \/>\n\t\t<meta property=\"og:url\" content=\"https:\/\/www.encontraribeiraopreto.com.br\/sobre\/secretaria-da-saude-de-rp-promove-capacitacao-sobre-dengue-para-profissionais-da-rede-publica-e-privada\/\" \/>\n\t\t<meta property=\"article:published_time\" content=\"2013-02-21T12:10:14+00:00\" \/>\n\t\t<meta property=\"article:modified_time\" content=\"2019-04-15T14:24:36+00:00\" \/>\n\t\t<meta name=\"twitter:card\" content=\"summary_large_image\" \/>\n\t\t<meta name=\"twitter:title\" content=\"Secretaria da Sa\u00fade de RP promove capacita\u00e7\u00e3o sobre dengue para profissionais da rede p\u00fablica e privada - Encontra Ribeir\u00e3o Preto\" \/>\n\t\t<meta name=\"twitter:description\" content=\"A Divis\u00e3o Epidemiol\u00f3gica da Secretaria da Sa\u00fade marcou para os dias 27 e 28 de fevereiro, o 4\u00ba Curso de Atualiza\u00e7\u00e3o em Dengue: Manejo Cl\u00ednico, destinado a m\u00e9dicos, enfermeiros e gestores de servi\u00e7os p\u00fablicos, particulares e filantr\u00f3picos. O curso na cidade de Ribeir\u00e3o Preto ser\u00e1 no dia 27, das 8h \u00e0s 12h e, no dia\" \/>\n\t\t<script type=\"application\/ld+json\" class=\"aioseo-schema\">\n\t\t\t{\"@context\":\"https:\\\/\\\/schema.org\",\"@graph\":[{\"@type\":\"BlogPosting\",\"@id\":\"https:\\\/\\\/www.encontraribeiraopreto.com.br\\\/sobre\\\/secretaria-da-saude-de-rp-promove-capacitacao-sobre-dengue-para-profissionais-da-rede-publica-e-privada\\\/#blogposting\",\"name\":\"Secretaria da Sa\\u00fade de RP promove capacita\\u00e7\\u00e3o sobre dengue para profissionais da rede p\\u00fablica e privada - Encontra Ribeir\\u00e3o Preto\",\"headline\":\"Secretaria da Sa\\u00fade de RP promove capacita\\u00e7\\u00e3o sobre dengue para profissionais da rede p\\u00fablica e privada\",\"author\":{\"@id\":\"https:\\\/\\\/www.encontraribeiraopreto.com.br\\\/sobre\\\/author\\\/eribeiraopreto\\\/#author\"},\"publisher\":{\"@id\":\"https:\\\/\\\/www.encontraribeiraopreto.com.br\\\/sobre\\\/#organization\"},\"datePublished\":\"2013-02-21T09:10:14-03:00\",\"dateModified\":\"2019-04-15T11:24:36-03:00\",\"inLanguage\":\"pt-BR\",\"mainEntityOfPage\":{\"@id\":\"https:\\\/\\\/www.encontraribeiraopreto.com.br\\\/sobre\\\/secretaria-da-saude-de-rp-promove-capacitacao-sobre-dengue-para-profissionais-da-rede-publica-e-privada\\\/#webpage\"},\"isPartOf\":{\"@id\":\"https:\\\/\\\/www.encontraribeiraopreto.com.br\\\/sobre\\\/secretaria-da-saude-de-rp-promove-capacitacao-sobre-dengue-para-profissionais-da-rede-publica-e-privada\\\/#webpage\"},\"articleSection\":\"Not\\u00edcias Ribeir\\u00e3o Preto, Ribeir\\u00e3o Preto\"},{\"@type\":\"BreadcrumbList\",\"@id\":\"https:\\\/\\\/www.encontraribeiraopreto.com.br\\\/sobre\\\/secretaria-da-saude-de-rp-promove-capacitacao-sobre-dengue-para-profissionais-da-rede-publica-e-privada\\\/#breadcrumblist\",\"itemListElement\":[{\"@type\":\"ListItem\",\"@id\":\"https:\\\/\\\/www.encontraribeiraopreto.com.br\\\/sobre#listItem\",\"position\":1,\"name\":\"In\\u00edcio\",\"item\":\"https:\\\/\\\/www.encontraribeiraopreto.com.br\\\/sobre\",\"nextItem\":{\"@type\":\"ListItem\",\"@id\":\"https:\\\/\\\/www.encontraribeiraopreto.com.br\\\/sobre\\\/noticias-em-ribeirao-preto\\\/#listItem\",\"name\":\"Not\\u00edcias Ribeir\\u00e3o Preto\"}},{\"@type\":\"ListItem\",\"@id\":\"https:\\\/\\\/www.encontraribeiraopreto.com.br\\\/sobre\\\/noticias-em-ribeirao-preto\\\/#listItem\",\"position\":2,\"name\":\"Not\\u00edcias Ribeir\\u00e3o Preto\",\"item\":\"https:\\\/\\\/www.encontraribeiraopreto.com.br\\\/sobre\\\/noticias-em-ribeirao-preto\\\/\",\"nextItem\":{\"@type\":\"ListItem\",\"@id\":\"https:\\\/\\\/www.encontraribeiraopreto.com.br\\\/sobre\\\/secretaria-da-saude-de-rp-promove-capacitacao-sobre-dengue-para-profissionais-da-rede-publica-e-privada\\\/#listItem\",\"name\":\"Secretaria da Sa\\u00fade de RP promove capacita\\u00e7\\u00e3o sobre dengue para profissionais da rede p\\u00fablica e privada\"},\"previousItem\":{\"@type\":\"ListItem\",\"@id\":\"https:\\\/\\\/www.encontraribeiraopreto.com.br\\\/sobre#listItem\",\"name\":\"In\\u00edcio\"}},{\"@type\":\"ListItem\",\"@id\":\"https:\\\/\\\/www.encontraribeiraopreto.com.br\\\/sobre\\\/secretaria-da-saude-de-rp-promove-capacitacao-sobre-dengue-para-profissionais-da-rede-publica-e-privada\\\/#listItem\",\"position\":3,\"name\":\"Secretaria da Sa\\u00fade de RP promove capacita\\u00e7\\u00e3o sobre dengue para profissionais da rede p\\u00fablica e privada\",\"previousItem\":{\"@type\":\"ListItem\",\"@id\":\"https:\\\/\\\/www.encontraribeiraopreto.com.br\\\/sobre\\\/noticias-em-ribeirao-preto\\\/#listItem\",\"name\":\"Not\\u00edcias Ribeir\\u00e3o Preto\"}}]},{\"@type\":\"Organization\",\"@id\":\"https:\\\/\\\/www.encontraribeiraopreto.com.br\\\/sobre\\\/#organization\",\"name\":\"Encontra Ribeir\\u00e3o Preto\",\"description\":\"Not\\u00edcias, eventos, informa\\u00e7\\u00f5es e dicas na cidade Ribeir\\u00e3o Preto e regi\\u00e3o.\",\"url\":\"https:\\\/\\\/www.encontraribeiraopreto.com.br\\\/sobre\\\/\"},{\"@type\":\"Person\",\"@id\":\"https:\\\/\\\/www.encontraribeiraopreto.com.br\\\/sobre\\\/author\\\/eribeiraopreto\\\/#author\",\"url\":\"https:\\\/\\\/www.encontraribeiraopreto.com.br\\\/sobre\\\/author\\\/eribeiraopreto\\\/\",\"name\":\"Encontra Ribeir\\u00e3o Preto\",\"image\":{\"@type\":\"ImageObject\",\"@id\":\"https:\\\/\\\/www.encontraribeiraopreto.com.br\\\/sobre\\\/secretaria-da-saude-de-rp-promove-capacitacao-sobre-dengue-para-profissionais-da-rede-publica-e-privada\\\/#authorImage\",\"url\":\"https:\\\/\\\/secure.gravatar.com\\\/avatar\\\/507340682b8270222e1f208e23198b6ae7e2c6a1033ae84e99bc6bce4f82a387?s=96&d=mm&r=g\",\"width\":96,\"height\":96,\"caption\":\"Encontra Ribeir\\u00e3o Preto\"}},{\"@type\":\"WebPage\",\"@id\":\"https:\\\/\\\/www.encontraribeiraopreto.com.br\\\/sobre\\\/secretaria-da-saude-de-rp-promove-capacitacao-sobre-dengue-para-profissionais-da-rede-publica-e-privada\\\/#webpage\",\"url\":\"https:\\\/\\\/www.encontraribeiraopreto.com.br\\\/sobre\\\/secretaria-da-saude-de-rp-promove-capacitacao-sobre-dengue-para-profissionais-da-rede-publica-e-privada\\\/\",\"name\":\"Secretaria da Sa\\u00fade de RP promove capacita\\u00e7\\u00e3o sobre dengue para profissionais da rede p\\u00fablica e privada - Encontra Ribeir\\u00e3o Preto\",\"description\":\"A Divis\\u00e3o Epidemiol\\u00f3gica da Secretaria da Sa\\u00fade marcou para os dias 27 e 28 de fevereiro, o 4\\u00ba Curso de Atualiza\\u00e7\\u00e3o em Dengue: Manejo Cl\\u00ednico, destinado a m\\u00e9dicos, enfermeiros e gestores de servi\\u00e7os p\\u00fablicos, particulares e filantr\\u00f3picos. O curso na cidade de Ribeir\\u00e3o Preto ser\\u00e1 no dia 27, das 8h \\u00e0s 12h e, no dia\",\"inLanguage\":\"pt-BR\",\"isPartOf\":{\"@id\":\"https:\\\/\\\/www.encontraribeiraopreto.com.br\\\/sobre\\\/#website\"},\"breadcrumb\":{\"@id\":\"https:\\\/\\\/www.encontraribeiraopreto.com.br\\\/sobre\\\/secretaria-da-saude-de-rp-promove-capacitacao-sobre-dengue-para-profissionais-da-rede-publica-e-privada\\\/#breadcrumblist\"},\"author\":{\"@id\":\"https:\\\/\\\/www.encontraribeiraopreto.com.br\\\/sobre\\\/author\\\/eribeiraopreto\\\/#author\"},\"creator\":{\"@id\":\"https:\\\/\\\/www.encontraribeiraopreto.com.br\\\/sobre\\\/author\\\/eribeiraopreto\\\/#author\"},\"datePublished\":\"2013-02-21T09:10:14-03:00\",\"dateModified\":\"2019-04-15T11:24:36-03:00\"},{\"@type\":\"WebSite\",\"@id\":\"https:\\\/\\\/www.encontraribeiraopreto.com.br\\\/sobre\\\/#website\",\"url\":\"https:\\\/\\\/www.encontraribeiraopreto.com.br\\\/sobre\\\/\",\"name\":\"Encontra Ribeir\\u00e3o Preto\",\"description\":\"Not\\u00edcias, eventos, informa\\u00e7\\u00f5es e dicas na cidade Ribeir\\u00e3o Preto e regi\\u00e3o.\",\"inLanguage\":\"pt-BR\",\"publisher\":{\"@id\":\"https:\\\/\\\/www.encontraribeiraopreto.com.br\\\/sobre\\\/#organization\"}}]}\n\t\t<\/script>\n\t\t<!-- All in One SEO -->\n\n","aioseo_head_json":{"title":"Secretaria da Sa\u00fade de RP promove capacita\u00e7\u00e3o sobre dengue para profissionais da rede p\u00fablica e privada - Encontra Ribeir\u00e3o Preto","description":"A Divis\u00e3o Epidemiol\u00f3gica da Secretaria da Sa\u00fade marcou para os dias 27 e 28 de fevereiro, o 4\u00ba Curso de Atualiza\u00e7\u00e3o em Dengue: Manejo Cl\u00ednico, destinado a m\u00e9dicos, enfermeiros e gestores de servi\u00e7os p\u00fablicos, particulares e filantr\u00f3picos. O curso na cidade de Ribeir\u00e3o Preto ser\u00e1 no dia 27, das 8h \u00e0s 12h e, no dia","canonical_url":"https:\/\/www.encontraribeiraopreto.com.br\/sobre\/secretaria-da-saude-de-rp-promove-capacitacao-sobre-dengue-para-profissionais-da-rede-publica-e-privada\/","robots":"max-image-preview:large","keywords":"","webmasterTools":{"miscellaneous":""},"schema":{"@context":"https:\/\/schema.org","@graph":[{"@type":"BlogPosting","@id":"https:\/\/www.encontraribeiraopreto.com.br\/sobre\/secretaria-da-saude-de-rp-promove-capacitacao-sobre-dengue-para-profissionais-da-rede-publica-e-privada\/#blogposting","name":"Secretaria da Sa\u00fade de RP promove capacita\u00e7\u00e3o sobre dengue para profissionais da rede p\u00fablica e privada - Encontra Ribeir\u00e3o Preto","headline":"Secretaria da Sa\u00fade de RP promove capacita\u00e7\u00e3o sobre dengue para profissionais da rede p\u00fablica e privada","author":{"@id":"https:\/\/www.encontraribeiraopreto.com.br\/sobre\/author\/eribeiraopreto\/#author"},"publisher":{"@id":"https:\/\/www.encontraribeiraopreto.com.br\/sobre\/#organization"},"datePublished":"2013-02-21T09:10:14-03:00","dateModified":"2019-04-15T11:24:36-03:00","inLanguage":"pt-BR","mainEntityOfPage":{"@id":"https:\/\/www.encontraribeiraopreto.com.br\/sobre\/secretaria-da-saude-de-rp-promove-capacitacao-sobre-dengue-para-profissionais-da-rede-publica-e-privada\/#webpage"},"isPartOf":{"@id":"https:\/\/www.encontraribeiraopreto.com.br\/sobre\/secretaria-da-saude-de-rp-promove-capacitacao-sobre-dengue-para-profissionais-da-rede-publica-e-privada\/#webpage"},"articleSection":"Not\u00edcias Ribeir\u00e3o Preto, Ribeir\u00e3o Preto"},{"@type":"BreadcrumbList","@id":"https:\/\/www.encontraribeiraopreto.com.br\/sobre\/secretaria-da-saude-de-rp-promove-capacitacao-sobre-dengue-para-profissionais-da-rede-publica-e-privada\/#breadcrumblist","itemListElement":[{"@type":"ListItem","@id":"https:\/\/www.encontraribeiraopreto.com.br\/sobre#listItem","position":1,"name":"In\u00edcio","item":"https:\/\/www.encontraribeiraopreto.com.br\/sobre","nextItem":{"@type":"ListItem","@id":"https:\/\/www.encontraribeiraopreto.com.br\/sobre\/noticias-em-ribeirao-preto\/#listItem","name":"Not\u00edcias Ribeir\u00e3o Preto"}},{"@type":"ListItem","@id":"https:\/\/www.encontraribeiraopreto.com.br\/sobre\/noticias-em-ribeirao-preto\/#listItem","position":2,"name":"Not\u00edcias Ribeir\u00e3o Preto","item":"https:\/\/www.encontraribeiraopreto.com.br\/sobre\/noticias-em-ribeirao-preto\/","nextItem":{"@type":"ListItem","@id":"https:\/\/www.encontraribeiraopreto.com.br\/sobre\/secretaria-da-saude-de-rp-promove-capacitacao-sobre-dengue-para-profissionais-da-rede-publica-e-privada\/#listItem","name":"Secretaria da Sa\u00fade de RP promove capacita\u00e7\u00e3o sobre dengue para profissionais da rede p\u00fablica e privada"},"previousItem":{"@type":"ListItem","@id":"https:\/\/www.encontraribeiraopreto.com.br\/sobre#listItem","name":"In\u00edcio"}},{"@type":"ListItem","@id":"https:\/\/www.encontraribeiraopreto.com.br\/sobre\/secretaria-da-saude-de-rp-promove-capacitacao-sobre-dengue-para-profissionais-da-rede-publica-e-privada\/#listItem","position":3,"name":"Secretaria da Sa\u00fade de RP promove capacita\u00e7\u00e3o sobre dengue para profissionais da rede p\u00fablica e privada","previousItem":{"@type":"ListItem","@id":"https:\/\/www.encontraribeiraopreto.com.br\/sobre\/noticias-em-ribeirao-preto\/#listItem","name":"Not\u00edcias Ribeir\u00e3o Preto"}}]},{"@type":"Organization","@id":"https:\/\/www.encontraribeiraopreto.com.br\/sobre\/#organization","name":"Encontra Ribeir\u00e3o Preto","description":"Not\u00edcias, eventos, informa\u00e7\u00f5es e dicas na cidade Ribeir\u00e3o Preto e regi\u00e3o.","url":"https:\/\/www.encontraribeiraopreto.com.br\/sobre\/"},{"@type":"Person","@id":"https:\/\/www.encontraribeiraopreto.com.br\/sobre\/author\/eribeiraopreto\/#author","url":"https:\/\/www.encontraribeiraopreto.com.br\/sobre\/author\/eribeiraopreto\/","name":"Encontra Ribeir\u00e3o Preto","image":{"@type":"ImageObject","@id":"https:\/\/www.encontraribeiraopreto.com.br\/sobre\/secretaria-da-saude-de-rp-promove-capacitacao-sobre-dengue-para-profissionais-da-rede-publica-e-privada\/#authorImage","url":"https:\/\/secure.gravatar.com\/avatar\/507340682b8270222e1f208e23198b6ae7e2c6a1033ae84e99bc6bce4f82a387?s=96&d=mm&r=g","width":96,"height":96,"caption":"Encontra Ribeir\u00e3o Preto"}},{"@type":"WebPage","@id":"https:\/\/www.encontraribeiraopreto.com.br\/sobre\/secretaria-da-saude-de-rp-promove-capacitacao-sobre-dengue-para-profissionais-da-rede-publica-e-privada\/#webpage","url":"https:\/\/www.encontraribeiraopreto.com.br\/sobre\/secretaria-da-saude-de-rp-promove-capacitacao-sobre-dengue-para-profissionais-da-rede-publica-e-privada\/","name":"Secretaria da Sa\u00fade de RP promove capacita\u00e7\u00e3o sobre dengue para profissionais da rede p\u00fablica e privada - Encontra Ribeir\u00e3o Preto","description":"A Divis\u00e3o Epidemiol\u00f3gica da Secretaria da Sa\u00fade marcou para os dias 27 e 28 de fevereiro, o 4\u00ba Curso de Atualiza\u00e7\u00e3o em Dengue: Manejo Cl\u00ednico, destinado a m\u00e9dicos, enfermeiros e gestores de servi\u00e7os p\u00fablicos, particulares e filantr\u00f3picos. O curso na cidade de Ribeir\u00e3o Preto ser\u00e1 no dia 27, das 8h \u00e0s 12h e, no dia","inLanguage":"pt-BR","isPartOf":{"@id":"https:\/\/www.encontraribeiraopreto.com.br\/sobre\/#website"},"breadcrumb":{"@id":"https:\/\/www.encontraribeiraopreto.com.br\/sobre\/secretaria-da-saude-de-rp-promove-capacitacao-sobre-dengue-para-profissionais-da-rede-publica-e-privada\/#breadcrumblist"},"author":{"@id":"https:\/\/www.encontraribeiraopreto.com.br\/sobre\/author\/eribeiraopreto\/#author"},"creator":{"@id":"https:\/\/www.encontraribeiraopreto.com.br\/sobre\/author\/eribeiraopreto\/#author"},"datePublished":"2013-02-21T09:10:14-03:00","dateModified":"2019-04-15T11:24:36-03:00"},{"@type":"WebSite","@id":"https:\/\/www.encontraribeiraopreto.com.br\/sobre\/#website","url":"https:\/\/www.encontraribeiraopreto.com.br\/sobre\/","name":"Encontra Ribeir\u00e3o Preto","description":"Not\u00edcias, eventos, informa\u00e7\u00f5es e dicas na cidade Ribeir\u00e3o Preto e regi\u00e3o.","inLanguage":"pt-BR","publisher":{"@id":"https:\/\/www.encontraribeiraopreto.com.br\/sobre\/#organization"}}]},"og:locale":"pt_BR","og:site_name":"Encontra Ribeir\u00e3o Preto - Not\u00edcias, eventos, informa\u00e7\u00f5es e dicas na cidade Ribeir\u00e3o Preto e regi\u00e3o.","og:type":"article","og:title":"Secretaria da Sa\u00fade de RP promove capacita\u00e7\u00e3o sobre dengue para profissionais da rede p\u00fablica e privada - Encontra Ribeir\u00e3o Preto","og:description":"A Divis\u00e3o Epidemiol\u00f3gica da Secretaria da Sa\u00fade marcou para os dias 27 e 28 de fevereiro, o 4\u00ba Curso de Atualiza\u00e7\u00e3o em Dengue: Manejo Cl\u00ednico, destinado a m\u00e9dicos, enfermeiros e gestores de servi\u00e7os p\u00fablicos, particulares e filantr\u00f3picos. O curso na cidade de Ribeir\u00e3o Preto ser\u00e1 no dia 27, das 8h \u00e0s 12h e, no dia","og:url":"https:\/\/www.encontraribeiraopreto.com.br\/sobre\/secretaria-da-saude-de-rp-promove-capacitacao-sobre-dengue-para-profissionais-da-rede-publica-e-privada\/","article:published_time":"2013-02-21T12:10:14+00:00","article:modified_time":"2019-04-15T14:24:36+00:00","twitter:card":"summary_large_image","twitter:title":"Secretaria da Sa\u00fade de RP promove capacita\u00e7\u00e3o sobre dengue para profissionais da rede p\u00fablica e privada - Encontra Ribeir\u00e3o Preto","twitter:description":"A Divis\u00e3o Epidemiol\u00f3gica da Secretaria da Sa\u00fade marcou para os dias 27 e 28 de fevereiro, o 4\u00ba Curso de Atualiza\u00e7\u00e3o em Dengue: Manejo Cl\u00ednico, destinado a m\u00e9dicos, enfermeiros e gestores de servi\u00e7os p\u00fablicos, particulares e filantr\u00f3picos. O curso na cidade de Ribeir\u00e3o Preto ser\u00e1 no dia 27, das 8h \u00e0s 12h e, no dia"},"aioseo_meta_data":{"post_id":"2519","title":null,"description":null,"keywords":null,"keyphrases":null,"primary_term":null,"canonical_url":null,"og_title":null,"og_description":null,"og_object_type":"default","og_image_type":"default","og_image_url":null,"og_image_width":null,"og_image_height":null,"og_image_custom_url":null,"og_image_custom_fields":null,"og_video":null,"og_custom_url":null,"og_article_section":null,"og_article_tags":null,"twitter_use_og":false,"twitter_card":"default","twitter_image_type":"default","twitter_image_url":null,"twitter_image_custom_url":null,"twitter_image_custom_fields":null,"twitter_title":null,"twitter_description":null,"schema":{"blockGraphs":[],"customGraphs":[],"default":{"data":{"Article":[],"Course":[],"Dataset":[],"FAQPage":[],"Movie":[],"Person":[],"Product":[],"ProductReview":[],"Car":[],"Recipe":[],"Service":[],"SoftwareApplication":[],"WebPage":[]},"graphName":"BlogPosting","isEnabled":true},"graphs":[]},"schema_type":null,"schema_type_options":null,"pillar_content":false,"robots_default":true,"robots_noindex":false,"robots_noarchive":false,"robots_nosnippet":false,"robots_nofollow":false,"robots_noimageindex":false,"robots_noodp":false,"robots_notranslate":false,"robots_max_snippet":null,"robots_max_videopreview":null,"robots_max_imagepreview":"large","priority":null,"frequency":null,"local_seo":null,"limit_modified_date":false,"created":"2021-02-24 16:33:34","updated":"2023-03-08 00:54:23","focus_keyword":null,"additional_keywords":null,"truseo_locale":null,"ai":null,"breadcrumb_settings":null,"seo_analyzer_scan_date":null},"aioseo_breadcrumb":"<div class=\"aioseo-breadcrumbs\"><span class=\"aioseo-breadcrumb\">\n\t\t\t<a href=\"https:\/\/www.encontraribeiraopreto.com.br\/sobre\" title=\"In\u00edcio\">In\u00edcio<\/a>\n\t\t<\/span><span class=\"aioseo-breadcrumb-separator\">&raquo;<\/span><span class=\"aioseo-breadcrumb\">\n\t\t\t<a href=\"https:\/\/www.encontraribeiraopreto.com.br\/sobre\/noticias-em-ribeirao-preto\/\" title=\"Not\u00edcias Ribeir\u00e3o Preto\">Not\u00edcias Ribeir\u00e3o Preto<\/a>\n\t\t<\/span><span class=\"aioseo-breadcrumb-separator\">&raquo;<\/span><span class=\"aioseo-breadcrumb\">\n\t\t\tSecretaria da Sa\u00fade de RP promove capacita\u00e7\u00e3o sobre dengue para profissionais da rede p\u00fablica e privada\n\t\t<\/span><\/div>","aioseo_breadcrumb_json":[{"label":"In\u00edcio","link":"https:\/\/www.encontraribeiraopreto.com.br\/sobre"},{"label":"Not\u00edcias Ribeir\u00e3o Preto","link":"https:\/\/www.encontraribeiraopreto.com.br\/sobre\/noticias-em-ribeirao-preto\/"},{"label":"Secretaria da Sa\u00fade de RP promove capacita\u00e7\u00e3o sobre dengue para profissionais da rede p\u00fablica e privada","link":"https:\/\/www.encontraribeiraopreto.com.br\/sobre\/secretaria-da-saude-de-rp-promove-capacitacao-sobre-dengue-para-profissionais-da-rede-publica-e-privada\/"}],"_links":{"self":[{"href":"https:\/\/www.encontraribeiraopreto.com.br\/sobre\/wp-json\/wp\/v2\/posts\/2519","targetHints":{"allow":["GET"]}}],"collection":[{"href":"https:\/\/www.encontraribeiraopreto.com.br\/sobre\/wp-json\/wp\/v2\/posts"}],"about":[{"href":"https:\/\/www.encontraribeiraopreto.com.br\/sobre\/wp-json\/wp\/v2\/types\/post"}],"author":[{"embeddable":true,"href":"https:\/\/www.encontraribeiraopreto.com.br\/sobre\/wp-json\/wp\/v2\/users\/1"}],"replies":[{"embeddable":true,"href":"https:\/\/www.encontraribeiraopreto.com.br\/sobre\/wp-json\/wp\/v2\/comments?post=2519"}],"version-history":[{"count":0,"href":"https:\/\/www.encontraribeiraopreto.com.br\/sobre\/wp-json\/wp\/v2\/posts\/2519\/revisions"}],"wp:attachment":[{"href":"https:\/\/www.encontraribeiraopreto.com.br\/sobre\/wp-json\/wp\/v2\/media?parent=2519"}],"wp:term":[{"taxonomy":"category","embeddable":true,"href":"https:\/\/www.encontraribeiraopreto.com.br\/sobre\/wp-json\/wp\/v2\/categories?post=2519"},{"taxonomy":"post_tag","embeddable":true,"href":"https:\/\/www.encontraribeiraopreto.com.br\/sobre\/wp-json\/wp\/v2\/tags?post=2519"}],"curies":[{"name":"wp","href":"https:\/\/api.w.org\/{rel}","templated":true}]}}