{"id":261,"date":"2011-05-24T18:09:38","date_gmt":"2011-05-24T21:09:38","guid":{"rendered":"http:\/\/www.encontraribeiraopreto.com.br\/noticias\/?p=261"},"modified":"2019-04-15T11:28:40","modified_gmt":"2019-04-15T14:28:40","slug":"ladrao-dorme-em-produtos-roubados-e-e-preso-em-ribeirao-preto","status":"publish","type":"post","link":"https:\/\/www.encontraribeiraopreto.com.br\/sobre\/ladrao-dorme-em-produtos-roubados-e-e-preso-em-ribeirao-preto\/","title":{"rendered":"Ladr\u00e3o dorme em produtos roubados e \u00e9 preso em Ribeir\u00e3o Preto"},"content":{"rendered":"<div class=\"cd7ef838bed10b2b4567f853226bc383\" data-index=\"1\" style=\"float: none; margin:0px;\">\n<!-- Anuncio display - global -->\r\n<ins class=\"adsbygoogle\"\r\n     style=\"display:block\"\r\n     data-ad-client=\"ca-pub-8585364105181520\"\r\n     data-ad-slot=\"8789329856\"\r\n     data-ad-format=\"auto\"\r\n     data-full-width-responsive=\"true\"><\/ins>\r\n<script>\r\n     (adsbygoogle = window.adsbygoogle || []).push({});\r\n<\/script>\r\n\n<\/div>\n<p>Um homem de 28 anos foi preso em flagrante na manh\u00e3 deste s\u00e1bado quando dormia ao lado de itens de um ve\u00edculo que havia acabado de furtar, em <a href=\"http:\/\/www.encontraribeiraopreto.com.br\/\" target=\"_blank\">Guia da cidade Ribeir\u00e3o Preto<\/a> (a 313 km de SP).<\/p>\n<p>Segundo a pol\u00edcia, Leonardo Alves de Oliveira furtou um estepe, um macaco hidr\u00e1ulico e uma chave de roda de uma Perua Kombi, que estava dentro em um estacionamento privado no Ipiranga, na zona norte da cidade.<\/p>\n<p>Oliveira estourou a porta do estabelecimento durante a madrugada para praticar o furto.<\/p>\n<p>Funcion\u00e1rios do estacionamento chegaram hoje de manh\u00e3 para trabalhar e encontraram o ve\u00edculo sem o estepe.<\/p>\n<p>Ap\u00f3s uma r\u00e1pida busca pela vizinhan\u00e7a, perceberam que Oliveira dormia, no terreno ao lado, usando o estepe como &#8220;travesseiro&#8221;.<\/p>\n<p>Preso em flagrante, Oliveira foi encaminhado para a Cadeira P\u00fablica de Santa Rosa e deve ser transferido amanh\u00e3 para o CDP (Centro de Deten\u00e7\u00e3o Provis\u00f3ria).<\/p>\n<p>A pol\u00edcia n\u00e3o soube informar se o acusado constituiu advogado.<\/p>\n<p><em>Fonte: Folha Online<\/em><\/p>\n\n<div style=\"font-size: 0px; height: 0px; line-height: 0px; margin: 0; padding: 0; clear: both;\"><\/div>","protected":false},"excerpt":{"rendered":"<p>Um homem de 28 anos foi preso em flagrante na manh\u00e3 deste s\u00e1bado quando dormia ao lado de itens de um ve\u00edculo que havia acabado de furtar, em Guia da cidade Ribeir\u00e3o Preto (a 313 km de SP). Segundo a pol\u00edcia, Leonardo Alves de Oliveira furtou um estepe, um macaco hidr\u00e1ulico e uma chave de roda de uma Perua Kombi, que estava dentro em um estacionamento privado no Ipiranga, na zona norte da cidade. Oliveira estourou a porta do estabelecimento durante a madrugada para praticar o furto. Funcion\u00e1rios do estacionamento chegaram hoje de manh\u00e3 para trabalhar e encontraram o ve\u00edculo <\/p>\n","protected":false},"author":1,"featured_media":0,"comment_status":"open","ping_status":"closed","sticky":false,"template":"","format":"standard","meta":{"footnotes":""},"categories":[6],"tags":[14],"class_list":["post-261","post","type-post","status-publish","format-standard","hentry","category-noticias-em-ribeirao-preto","tag-ribeirao-preto"],"aioseo_notices":[],"aioseo_head":"\n\t\t<!-- All in One SEO 5.0.0.1 - aioseo.com -->\n\t<meta name=\"description\" content=\"Um homem de 28 anos foi preso em flagrante na manh\u00e3 deste s\u00e1bado quando dormia ao lado de itens de um ve\u00edculo que havia acabado de furtar, em Guia da cidade Ribeir\u00e3o Preto (a 313 km de SP). Segundo a pol\u00edcia, Leonardo Alves de Oliveira furtou um estepe, um macaco hidr\u00e1ulico e uma chave de\" \/>\n\t<meta name=\"robots\" content=\"max-image-preview:large\" \/>\n\t<meta name=\"author\" content=\"Encontra Ribeir\u00e3o Preto\"\/>\n\t<link rel=\"canonical\" href=\"https:\/\/www.encontraribeiraopreto.com.br\/sobre\/ladrao-dorme-em-produtos-roubados-e-e-preso-em-ribeirao-preto\/\" \/>\n\t<meta name=\"generator\" content=\"All in One SEO (AIOSEO) 5.0.0.1\" \/>\n\t\t<meta property=\"og:locale\" content=\"pt_BR\" \/>\n\t\t<meta property=\"og:site_name\" content=\"Encontra Ribeir\u00e3o Preto - Not\u00edcias, eventos, informa\u00e7\u00f5es e dicas na cidade Ribeir\u00e3o Preto e regi\u00e3o.\" \/>\n\t\t<meta property=\"og:type\" content=\"article\" \/>\n\t\t<meta property=\"og:title\" content=\"Ladr\u00e3o dorme em produtos roubados e \u00e9 preso em Ribeir\u00e3o Preto - Encontra Ribeir\u00e3o Preto\" \/>\n\t\t<meta property=\"og:description\" content=\"Um homem de 28 anos foi preso em flagrante na manh\u00e3 deste s\u00e1bado quando dormia ao lado de itens de um ve\u00edculo que havia acabado de furtar, em Guia da cidade Ribeir\u00e3o Preto (a 313 km de SP). Segundo a pol\u00edcia, Leonardo Alves de Oliveira furtou um estepe, um macaco hidr\u00e1ulico e uma chave de\" \/>\n\t\t<meta property=\"og:url\" content=\"https:\/\/www.encontraribeiraopreto.com.br\/sobre\/ladrao-dorme-em-produtos-roubados-e-e-preso-em-ribeirao-preto\/\" \/>\n\t\t<meta property=\"article:published_time\" content=\"2011-05-24T21:09:38+00:00\" \/>\n\t\t<meta property=\"article:modified_time\" content=\"2019-04-15T14:28:40+00:00\" \/>\n\t\t<meta name=\"twitter:card\" content=\"summary_large_image\" \/>\n\t\t<meta name=\"twitter:title\" content=\"Ladr\u00e3o dorme em produtos roubados e \u00e9 preso em Ribeir\u00e3o Preto - Encontra Ribeir\u00e3o Preto\" \/>\n\t\t<meta name=\"twitter:description\" content=\"Um homem de 28 anos foi preso em flagrante na manh\u00e3 deste s\u00e1bado quando dormia ao lado de itens de um ve\u00edculo que havia acabado de furtar, em Guia da cidade Ribeir\u00e3o Preto (a 313 km de SP). Segundo a pol\u00edcia, Leonardo Alves de Oliveira furtou um estepe, um macaco hidr\u00e1ulico e uma chave de\" \/>\n\t\t<script type=\"application\/ld+json\" class=\"aioseo-schema\">\n\t\t\t{\"@context\":\"https:\\\/\\\/schema.org\",\"@graph\":[{\"@type\":\"BlogPosting\",\"@id\":\"https:\\\/\\\/www.encontraribeiraopreto.com.br\\\/sobre\\\/ladrao-dorme-em-produtos-roubados-e-e-preso-em-ribeirao-preto\\\/#blogposting\",\"name\":\"Ladr\\u00e3o dorme em produtos roubados e \\u00e9 preso em Ribeir\\u00e3o Preto - Encontra Ribeir\\u00e3o Preto\",\"headline\":\"Ladr\\u00e3o dorme em produtos roubados e \\u00e9 preso em Ribeir\\u00e3o Preto\",\"author\":{\"@id\":\"https:\\\/\\\/www.encontraribeiraopreto.com.br\\\/sobre\\\/author\\\/eribeiraopreto\\\/#author\"},\"publisher\":{\"@id\":\"https:\\\/\\\/www.encontraribeiraopreto.com.br\\\/sobre\\\/#organization\"},\"datePublished\":\"2011-05-24T18:09:38-03:00\",\"dateModified\":\"2019-04-15T11:28:40-03:00\",\"inLanguage\":\"pt-BR\",\"mainEntityOfPage\":{\"@id\":\"https:\\\/\\\/www.encontraribeiraopreto.com.br\\\/sobre\\\/ladrao-dorme-em-produtos-roubados-e-e-preso-em-ribeirao-preto\\\/#webpage\"},\"isPartOf\":{\"@id\":\"https:\\\/\\\/www.encontraribeiraopreto.com.br\\\/sobre\\\/ladrao-dorme-em-produtos-roubados-e-e-preso-em-ribeirao-preto\\\/#webpage\"},\"articleSection\":\"Not\\u00edcias Ribeir\\u00e3o Preto, Ribeir\\u00e3o Preto\"},{\"@type\":\"BreadcrumbList\",\"@id\":\"https:\\\/\\\/www.encontraribeiraopreto.com.br\\\/sobre\\\/ladrao-dorme-em-produtos-roubados-e-e-preso-em-ribeirao-preto\\\/#breadcrumblist\",\"itemListElement\":[{\"@type\":\"ListItem\",\"@id\":\"https:\\\/\\\/www.encontraribeiraopreto.com.br\\\/sobre#listItem\",\"position\":1,\"name\":\"In\\u00edcio\",\"item\":\"https:\\\/\\\/www.encontraribeiraopreto.com.br\\\/sobre\",\"nextItem\":{\"@type\":\"ListItem\",\"@id\":\"https:\\\/\\\/www.encontraribeiraopreto.com.br\\\/sobre\\\/noticias-em-ribeirao-preto\\\/#listItem\",\"name\":\"Not\\u00edcias Ribeir\\u00e3o Preto\"}},{\"@type\":\"ListItem\",\"@id\":\"https:\\\/\\\/www.encontraribeiraopreto.com.br\\\/sobre\\\/noticias-em-ribeirao-preto\\\/#listItem\",\"position\":2,\"name\":\"Not\\u00edcias Ribeir\\u00e3o Preto\",\"item\":\"https:\\\/\\\/www.encontraribeiraopreto.com.br\\\/sobre\\\/noticias-em-ribeirao-preto\\\/\",\"nextItem\":{\"@type\":\"ListItem\",\"@id\":\"https:\\\/\\\/www.encontraribeiraopreto.com.br\\\/sobre\\\/ladrao-dorme-em-produtos-roubados-e-e-preso-em-ribeirao-preto\\\/#listItem\",\"name\":\"Ladr\\u00e3o dorme em produtos roubados e \\u00e9 preso em Ribeir\\u00e3o Preto\"},\"previousItem\":{\"@type\":\"ListItem\",\"@id\":\"https:\\\/\\\/www.encontraribeiraopreto.com.br\\\/sobre#listItem\",\"name\":\"In\\u00edcio\"}},{\"@type\":\"ListItem\",\"@id\":\"https:\\\/\\\/www.encontraribeiraopreto.com.br\\\/sobre\\\/ladrao-dorme-em-produtos-roubados-e-e-preso-em-ribeirao-preto\\\/#listItem\",\"position\":3,\"name\":\"Ladr\\u00e3o dorme em produtos roubados e \\u00e9 preso em Ribeir\\u00e3o Preto\",\"previousItem\":{\"@type\":\"ListItem\",\"@id\":\"https:\\\/\\\/www.encontraribeiraopreto.com.br\\\/sobre\\\/noticias-em-ribeirao-preto\\\/#listItem\",\"name\":\"Not\\u00edcias Ribeir\\u00e3o Preto\"}}]},{\"@type\":\"Organization\",\"@id\":\"https:\\\/\\\/www.encontraribeiraopreto.com.br\\\/sobre\\\/#organization\",\"name\":\"Encontra Ribeir\\u00e3o Preto\",\"description\":\"Not\\u00edcias, eventos, informa\\u00e7\\u00f5es e dicas na cidade Ribeir\\u00e3o Preto e regi\\u00e3o.\",\"url\":\"https:\\\/\\\/www.encontraribeiraopreto.com.br\\\/sobre\\\/\"},{\"@type\":\"Person\",\"@id\":\"https:\\\/\\\/www.encontraribeiraopreto.com.br\\\/sobre\\\/author\\\/eribeiraopreto\\\/#author\",\"url\":\"https:\\\/\\\/www.encontraribeiraopreto.com.br\\\/sobre\\\/author\\\/eribeiraopreto\\\/\",\"name\":\"Encontra Ribeir\\u00e3o Preto\",\"image\":{\"@type\":\"ImageObject\",\"@id\":\"https:\\\/\\\/www.encontraribeiraopreto.com.br\\\/sobre\\\/ladrao-dorme-em-produtos-roubados-e-e-preso-em-ribeirao-preto\\\/#authorImage\",\"url\":\"https:\\\/\\\/secure.gravatar.com\\\/avatar\\\/507340682b8270222e1f208e23198b6ae7e2c6a1033ae84e99bc6bce4f82a387?s=96&d=mm&r=g\",\"width\":96,\"height\":96,\"caption\":\"Encontra Ribeir\\u00e3o Preto\"}},{\"@type\":\"WebPage\",\"@id\":\"https:\\\/\\\/www.encontraribeiraopreto.com.br\\\/sobre\\\/ladrao-dorme-em-produtos-roubados-e-e-preso-em-ribeirao-preto\\\/#webpage\",\"url\":\"https:\\\/\\\/www.encontraribeiraopreto.com.br\\\/sobre\\\/ladrao-dorme-em-produtos-roubados-e-e-preso-em-ribeirao-preto\\\/\",\"name\":\"Ladr\\u00e3o dorme em produtos roubados e \\u00e9 preso em Ribeir\\u00e3o Preto - Encontra Ribeir\\u00e3o Preto\",\"description\":\"Um homem de 28 anos foi preso em flagrante na manh\\u00e3 deste s\\u00e1bado quando dormia ao lado de itens de um ve\\u00edculo que havia acabado de furtar, em Guia da cidade Ribeir\\u00e3o Preto (a 313 km de SP). Segundo a pol\\u00edcia, Leonardo Alves de Oliveira furtou um estepe, um macaco hidr\\u00e1ulico e uma chave de\",\"inLanguage\":\"pt-BR\",\"isPartOf\":{\"@id\":\"https:\\\/\\\/www.encontraribeiraopreto.com.br\\\/sobre\\\/#website\"},\"breadcrumb\":{\"@id\":\"https:\\\/\\\/www.encontraribeiraopreto.com.br\\\/sobre\\\/ladrao-dorme-em-produtos-roubados-e-e-preso-em-ribeirao-preto\\\/#breadcrumblist\"},\"author\":{\"@id\":\"https:\\\/\\\/www.encontraribeiraopreto.com.br\\\/sobre\\\/author\\\/eribeiraopreto\\\/#author\"},\"creator\":{\"@id\":\"https:\\\/\\\/www.encontraribeiraopreto.com.br\\\/sobre\\\/author\\\/eribeiraopreto\\\/#author\"},\"datePublished\":\"2011-05-24T18:09:38-03:00\",\"dateModified\":\"2019-04-15T11:28:40-03:00\"},{\"@type\":\"WebSite\",\"@id\":\"https:\\\/\\\/www.encontraribeiraopreto.com.br\\\/sobre\\\/#website\",\"url\":\"https:\\\/\\\/www.encontraribeiraopreto.com.br\\\/sobre\\\/\",\"name\":\"Encontra Ribeir\\u00e3o Preto\",\"description\":\"Not\\u00edcias, eventos, informa\\u00e7\\u00f5es e dicas na cidade Ribeir\\u00e3o Preto e regi\\u00e3o.\",\"inLanguage\":\"pt-BR\",\"publisher\":{\"@id\":\"https:\\\/\\\/www.encontraribeiraopreto.com.br\\\/sobre\\\/#organization\"}}]}\n\t\t<\/script>\n\t\t<!-- All in One SEO -->\n\n","aioseo_head_json":{"title":"Ladr\u00e3o dorme em produtos roubados e \u00e9 preso em Ribeir\u00e3o Preto - Encontra Ribeir\u00e3o Preto","description":"Um homem de 28 anos foi preso em flagrante na manh\u00e3 deste s\u00e1bado quando dormia ao lado de itens de um ve\u00edculo que havia acabado de furtar, em Guia da cidade Ribeir\u00e3o Preto (a 313 km de SP). Segundo a pol\u00edcia, Leonardo Alves de Oliveira furtou um estepe, um macaco hidr\u00e1ulico e uma chave de","canonical_url":"https:\/\/www.encontraribeiraopreto.com.br\/sobre\/ladrao-dorme-em-produtos-roubados-e-e-preso-em-ribeirao-preto\/","robots":"max-image-preview:large","keywords":"","webmasterTools":{"miscellaneous":""},"schema":{"@context":"https:\/\/schema.org","@graph":[{"@type":"BlogPosting","@id":"https:\/\/www.encontraribeiraopreto.com.br\/sobre\/ladrao-dorme-em-produtos-roubados-e-e-preso-em-ribeirao-preto\/#blogposting","name":"Ladr\u00e3o dorme em produtos roubados e \u00e9 preso em Ribeir\u00e3o Preto - Encontra Ribeir\u00e3o Preto","headline":"Ladr\u00e3o dorme em produtos roubados e \u00e9 preso em Ribeir\u00e3o Preto","author":{"@id":"https:\/\/www.encontraribeiraopreto.com.br\/sobre\/author\/eribeiraopreto\/#author"},"publisher":{"@id":"https:\/\/www.encontraribeiraopreto.com.br\/sobre\/#organization"},"datePublished":"2011-05-24T18:09:38-03:00","dateModified":"2019-04-15T11:28:40-03:00","inLanguage":"pt-BR","mainEntityOfPage":{"@id":"https:\/\/www.encontraribeiraopreto.com.br\/sobre\/ladrao-dorme-em-produtos-roubados-e-e-preso-em-ribeirao-preto\/#webpage"},"isPartOf":{"@id":"https:\/\/www.encontraribeiraopreto.com.br\/sobre\/ladrao-dorme-em-produtos-roubados-e-e-preso-em-ribeirao-preto\/#webpage"},"articleSection":"Not\u00edcias Ribeir\u00e3o Preto, Ribeir\u00e3o Preto"},{"@type":"BreadcrumbList","@id":"https:\/\/www.encontraribeiraopreto.com.br\/sobre\/ladrao-dorme-em-produtos-roubados-e-e-preso-em-ribeirao-preto\/#breadcrumblist","itemListElement":[{"@type":"ListItem","@id":"https:\/\/www.encontraribeiraopreto.com.br\/sobre#listItem","position":1,"name":"In\u00edcio","item":"https:\/\/www.encontraribeiraopreto.com.br\/sobre","nextItem":{"@type":"ListItem","@id":"https:\/\/www.encontraribeiraopreto.com.br\/sobre\/noticias-em-ribeirao-preto\/#listItem","name":"Not\u00edcias Ribeir\u00e3o Preto"}},{"@type":"ListItem","@id":"https:\/\/www.encontraribeiraopreto.com.br\/sobre\/noticias-em-ribeirao-preto\/#listItem","position":2,"name":"Not\u00edcias Ribeir\u00e3o Preto","item":"https:\/\/www.encontraribeiraopreto.com.br\/sobre\/noticias-em-ribeirao-preto\/","nextItem":{"@type":"ListItem","@id":"https:\/\/www.encontraribeiraopreto.com.br\/sobre\/ladrao-dorme-em-produtos-roubados-e-e-preso-em-ribeirao-preto\/#listItem","name":"Ladr\u00e3o dorme em produtos roubados e \u00e9 preso em Ribeir\u00e3o Preto"},"previousItem":{"@type":"ListItem","@id":"https:\/\/www.encontraribeiraopreto.com.br\/sobre#listItem","name":"In\u00edcio"}},{"@type":"ListItem","@id":"https:\/\/www.encontraribeiraopreto.com.br\/sobre\/ladrao-dorme-em-produtos-roubados-e-e-preso-em-ribeirao-preto\/#listItem","position":3,"name":"Ladr\u00e3o dorme em produtos roubados e \u00e9 preso em Ribeir\u00e3o Preto","previousItem":{"@type":"ListItem","@id":"https:\/\/www.encontraribeiraopreto.com.br\/sobre\/noticias-em-ribeirao-preto\/#listItem","name":"Not\u00edcias Ribeir\u00e3o Preto"}}]},{"@type":"Organization","@id":"https:\/\/www.encontraribeiraopreto.com.br\/sobre\/#organization","name":"Encontra Ribeir\u00e3o Preto","description":"Not\u00edcias, eventos, informa\u00e7\u00f5es e dicas na cidade Ribeir\u00e3o Preto e regi\u00e3o.","url":"https:\/\/www.encontraribeiraopreto.com.br\/sobre\/"},{"@type":"Person","@id":"https:\/\/www.encontraribeiraopreto.com.br\/sobre\/author\/eribeiraopreto\/#author","url":"https:\/\/www.encontraribeiraopreto.com.br\/sobre\/author\/eribeiraopreto\/","name":"Encontra Ribeir\u00e3o Preto","image":{"@type":"ImageObject","@id":"https:\/\/www.encontraribeiraopreto.com.br\/sobre\/ladrao-dorme-em-produtos-roubados-e-e-preso-em-ribeirao-preto\/#authorImage","url":"https:\/\/secure.gravatar.com\/avatar\/507340682b8270222e1f208e23198b6ae7e2c6a1033ae84e99bc6bce4f82a387?s=96&d=mm&r=g","width":96,"height":96,"caption":"Encontra Ribeir\u00e3o Preto"}},{"@type":"WebPage","@id":"https:\/\/www.encontraribeiraopreto.com.br\/sobre\/ladrao-dorme-em-produtos-roubados-e-e-preso-em-ribeirao-preto\/#webpage","url":"https:\/\/www.encontraribeiraopreto.com.br\/sobre\/ladrao-dorme-em-produtos-roubados-e-e-preso-em-ribeirao-preto\/","name":"Ladr\u00e3o dorme em produtos roubados e \u00e9 preso em Ribeir\u00e3o Preto - Encontra Ribeir\u00e3o Preto","description":"Um homem de 28 anos foi preso em flagrante na manh\u00e3 deste s\u00e1bado quando dormia ao lado de itens de um ve\u00edculo que havia acabado de furtar, em Guia da cidade Ribeir\u00e3o Preto (a 313 km de SP). Segundo a pol\u00edcia, Leonardo Alves de Oliveira furtou um estepe, um macaco hidr\u00e1ulico e uma chave de","inLanguage":"pt-BR","isPartOf":{"@id":"https:\/\/www.encontraribeiraopreto.com.br\/sobre\/#website"},"breadcrumb":{"@id":"https:\/\/www.encontraribeiraopreto.com.br\/sobre\/ladrao-dorme-em-produtos-roubados-e-e-preso-em-ribeirao-preto\/#breadcrumblist"},"author":{"@id":"https:\/\/www.encontraribeiraopreto.com.br\/sobre\/author\/eribeiraopreto\/#author"},"creator":{"@id":"https:\/\/www.encontraribeiraopreto.com.br\/sobre\/author\/eribeiraopreto\/#author"},"datePublished":"2011-05-24T18:09:38-03:00","dateModified":"2019-04-15T11:28:40-03:00"},{"@type":"WebSite","@id":"https:\/\/www.encontraribeiraopreto.com.br\/sobre\/#website","url":"https:\/\/www.encontraribeiraopreto.com.br\/sobre\/","name":"Encontra Ribeir\u00e3o Preto","description":"Not\u00edcias, eventos, informa\u00e7\u00f5es e dicas na cidade Ribeir\u00e3o Preto e regi\u00e3o.","inLanguage":"pt-BR","publisher":{"@id":"https:\/\/www.encontraribeiraopreto.com.br\/sobre\/#organization"}}]},"og:locale":"pt_BR","og:site_name":"Encontra Ribeir\u00e3o Preto - Not\u00edcias, eventos, informa\u00e7\u00f5es e dicas na cidade Ribeir\u00e3o Preto e regi\u00e3o.","og:type":"article","og:title":"Ladr\u00e3o dorme em produtos roubados e \u00e9 preso em Ribeir\u00e3o Preto - Encontra Ribeir\u00e3o Preto","og:description":"Um homem de 28 anos foi preso em flagrante na manh\u00e3 deste s\u00e1bado quando dormia ao lado de itens de um ve\u00edculo que havia acabado de furtar, em Guia da cidade Ribeir\u00e3o Preto (a 313 km de SP). Segundo a pol\u00edcia, Leonardo Alves de Oliveira furtou um estepe, um macaco hidr\u00e1ulico e uma chave de","og:url":"https:\/\/www.encontraribeiraopreto.com.br\/sobre\/ladrao-dorme-em-produtos-roubados-e-e-preso-em-ribeirao-preto\/","article:published_time":"2011-05-24T21:09:38+00:00","article:modified_time":"2019-04-15T14:28:40+00:00","twitter:card":"summary_large_image","twitter:title":"Ladr\u00e3o dorme em produtos roubados e \u00e9 preso em Ribeir\u00e3o Preto - Encontra Ribeir\u00e3o Preto","twitter:description":"Um homem de 28 anos foi preso em flagrante na manh\u00e3 deste s\u00e1bado quando dormia ao lado de itens de um ve\u00edculo que havia acabado de furtar, em Guia da cidade Ribeir\u00e3o Preto (a 313 km de SP). Segundo a pol\u00edcia, Leonardo Alves de Oliveira furtou um estepe, um macaco hidr\u00e1ulico e uma chave de"},"aioseo_meta_data":{"post_id":"261","title":null,"description":null,"keywords":null,"keyphrases":null,"primary_term":null,"canonical_url":null,"og_title":null,"og_description":null,"og_object_type":"default","og_image_type":"default","og_image_url":null,"og_image_width":null,"og_image_height":null,"og_image_custom_url":null,"og_image_custom_fields":null,"og_video":null,"og_custom_url":null,"og_article_section":null,"og_article_tags":null,"twitter_use_og":false,"twitter_card":"default","twitter_image_type":"default","twitter_image_url":null,"twitter_image_custom_url":null,"twitter_image_custom_fields":null,"twitter_title":null,"twitter_description":null,"schema":{"blockGraphs":[],"customGraphs":[],"default":{"data":{"Article":[],"Course":[],"Dataset":[],"FAQPage":[],"Movie":[],"Person":[],"Product":[],"ProductReview":[],"Car":[],"Recipe":[],"Service":[],"SoftwareApplication":[],"WebPage":[]},"graphName":"BlogPosting","isEnabled":true},"graphs":[]},"schema_type":null,"schema_type_options":null,"pillar_content":false,"robots_default":true,"robots_noindex":false,"robots_noarchive":false,"robots_nosnippet":false,"robots_nofollow":false,"robots_noimageindex":false,"robots_noodp":false,"robots_notranslate":false,"robots_max_snippet":null,"robots_max_videopreview":null,"robots_max_imagepreview":"large","priority":null,"frequency":null,"local_seo":null,"limit_modified_date":false,"created":"2021-02-24 13:05:24","updated":"2023-03-08 12:50:39","focus_keyword":null,"additional_keywords":null,"truseo_locale":null,"ai":null,"breadcrumb_settings":null,"seo_analyzer_scan_date":null},"aioseo_breadcrumb":"<div class=\"aioseo-breadcrumbs\"><span class=\"aioseo-breadcrumb\">\n\t\t\t<a href=\"https:\/\/www.encontraribeiraopreto.com.br\/sobre\" title=\"In\u00edcio\">In\u00edcio<\/a>\n\t\t<\/span><span class=\"aioseo-breadcrumb-separator\">&raquo;<\/span><span class=\"aioseo-breadcrumb\">\n\t\t\t<a href=\"https:\/\/www.encontraribeiraopreto.com.br\/sobre\/noticias-em-ribeirao-preto\/\" title=\"Not\u00edcias Ribeir\u00e3o Preto\">Not\u00edcias Ribeir\u00e3o Preto<\/a>\n\t\t<\/span><span class=\"aioseo-breadcrumb-separator\">&raquo;<\/span><span class=\"aioseo-breadcrumb\">\n\t\t\tLadr\u00e3o dorme em produtos roubados e \u00e9 preso em Ribeir\u00e3o Preto\n\t\t<\/span><\/div>","aioseo_breadcrumb_json":[{"label":"In\u00edcio","link":"https:\/\/www.encontraribeiraopreto.com.br\/sobre"},{"label":"Not\u00edcias Ribeir\u00e3o Preto","link":"https:\/\/www.encontraribeiraopreto.com.br\/sobre\/noticias-em-ribeirao-preto\/"},{"label":"Ladr\u00e3o dorme em produtos roubados e \u00e9 preso em Ribeir\u00e3o Preto","link":"https:\/\/www.encontraribeiraopreto.com.br\/sobre\/ladrao-dorme-em-produtos-roubados-e-e-preso-em-ribeirao-preto\/"}],"_links":{"self":[{"href":"https:\/\/www.encontraribeiraopreto.com.br\/sobre\/wp-json\/wp\/v2\/posts\/261","targetHints":{"allow":["GET"]}}],"collection":[{"href":"https:\/\/www.encontraribeiraopreto.com.br\/sobre\/wp-json\/wp\/v2\/posts"}],"about":[{"href":"https:\/\/www.encontraribeiraopreto.com.br\/sobre\/wp-json\/wp\/v2\/types\/post"}],"author":[{"embeddable":true,"href":"https:\/\/www.encontraribeiraopreto.com.br\/sobre\/wp-json\/wp\/v2\/users\/1"}],"replies":[{"embeddable":true,"href":"https:\/\/www.encontraribeiraopreto.com.br\/sobre\/wp-json\/wp\/v2\/comments?post=261"}],"version-history":[{"count":0,"href":"https:\/\/www.encontraribeiraopreto.com.br\/sobre\/wp-json\/wp\/v2\/posts\/261\/revisions"}],"wp:attachment":[{"href":"https:\/\/www.encontraribeiraopreto.com.br\/sobre\/wp-json\/wp\/v2\/media?parent=261"}],"wp:term":[{"taxonomy":"category","embeddable":true,"href":"https:\/\/www.encontraribeiraopreto.com.br\/sobre\/wp-json\/wp\/v2\/categories?post=261"},{"taxonomy":"post_tag","embeddable":true,"href":"https:\/\/www.encontraribeiraopreto.com.br\/sobre\/wp-json\/wp\/v2\/tags?post=261"}],"curies":[{"name":"wp","href":"https:\/\/api.w.org\/{rel}","templated":true}]}}