{"id":275,"date":"2011-06-02T16:07:50","date_gmt":"2011-06-02T19:07:50","guid":{"rendered":"http:\/\/www.encontraribeiraopreto.com.br\/noticias\/?p=275"},"modified":"2019-04-15T11:28:11","modified_gmt":"2019-04-15T14:28:11","slug":"ribeirao-preto-discute-qualificacao-da-rede-de-protecao-dos-direitos-da-crianca-e-do-adolescente","status":"publish","type":"post","link":"https:\/\/www.encontraribeiraopreto.com.br\/sobre\/ribeirao-preto-discute-qualificacao-da-rede-de-protecao-dos-direitos-da-crianca-e-do-adolescente\/","title":{"rendered":"Ribeir\u00e3o Preto discute Qualifica\u00e7\u00e3o da Rede de Prote\u00e7\u00e3o dos Direitos da Crian\u00e7a e do Adolescente"},"content":{"rendered":"<div class=\"cd7ef838bed10b2b4567f853226bc383\" data-index=\"1\" style=\"float: none; margin:0px;\">\n<!-- Anuncio display - global -->\r\n<ins class=\"adsbygoogle\"\r\n     style=\"display:block\"\r\n     data-ad-client=\"ca-pub-8585364105181520\"\r\n     data-ad-slot=\"8789329856\"\r\n     data-ad-format=\"auto\"\r\n     data-full-width-responsive=\"true\"><\/ins>\r\n<script>\r\n     (adsbygoogle = window.adsbygoogle || []).push({});\r\n<\/script>\r\n\n<\/div>\n<p>O encontro promovido pela Defensoria P\u00fablica do Estado de S\u00e3o Paulo para capacitar conselheiros tutelares e entidades que trabalham com crian\u00e7as e adolescentes terminou nesta quarta-feira, dia 1\u00ba de junho, na ACI-RP (Associa\u00e7\u00e3o Comercial e Industrial de Ribeir\u00e3o Preto).<\/p>\n<p>O evento, com dois dias de programa\u00e7\u00e3o, reuniu cerca 350 participantes, entre conselheiros tutelares e entidades, de Ribeir\u00e3o e de v\u00e1rias cidades vizinhas.<\/p>\n<p>A programa\u00e7\u00e3o discutiu v\u00e1rios assuntos e, nesta quarta-feira enfatizou, especificamente, a Rede de Prote\u00e7\u00e3o das Crian\u00e7as e dos Adolescentes visando o fortalecimento da Pol\u00edtica P\u00fablica de Conviv\u00eancia Familiar e Comunit\u00e1ria.<\/p>\n<p>Diego Vale de Medeiros, Defensor P\u00fablico do Estado, que ministrou palestras nos dois dias do evento, discorreu sobre a Rede de Prote\u00e7\u00e3o das Crian\u00e7as e dos Adolescentes visando o fortalecimento da Pol\u00edtica P\u00fablica de Conviv\u00eancia Familiar e Comunit\u00e1ria.<\/p>\n<p>\u201cA prioridade \u00e9 trabalhar a fam\u00edlia natural, pai, m\u00e3e, irm\u00e3o, av\u00f4, av\u00f3, tio, tia\u201d, afirmou a defensor. \u201cO segundo passo vale para as fam\u00edlias substitutas, e s\u00f3 em \u00faltimo caso o acolhimento\u201d, lembrou.<\/p>\n<p>Na ocasi\u00e3o, representando a prefeita D\u00e1rcy Vera, a secret\u00e1ria de Assist\u00eancia, Maria Sodr\u00e9, falou da import\u00e2ncia da <a href=\"http:\/\/www.encontraribeiraopreto.com.br\/\" target=\"_blank\">cidade de Ribeir\u00e3o Preto<\/a> sediar este evento e do mecanismo da articula\u00e7\u00e3o para o fortalecimento da Rede de Prote\u00e7\u00e3o das crian\u00e7as e adolescentes.\u201cA participa\u00e7\u00e3o, capacita\u00e7\u00e3o e articula\u00e7\u00e3o deve envolver todos os atores que atuam direto junto as nossas crian\u00e7as e adolescentes\u201d, afirmou a secret\u00e1ria. \u201c\u00c9 preciso haver um forte vinculo entre Sa\u00fade, Assist\u00eancia Social, Defensoria P\u00fablica, Conselhos Tutelares, Entidades e \u00f3rg\u00e3os afins, para que todos garantam eficientemente os direitos desses jovens\u201d, enfatizou. \u201cToda crian\u00e7a deve ser acolhida, encaminhada e protegida\u201d,finalizou.<\/p>\n<p>Vale lembrar que a programa\u00e7\u00e3o contou com o apoio da Prefeitura de Ribeir\u00e3o Preto, Secretaria Municipal de Assist\u00eancia Social, CMDCA (Conselho Municipal dos Direitos da Crian\u00e7a e do Adolescente), Edepe (Escola de Defensoria P\u00fablica do Estado de S\u00e3o Paulo) e N\u00facleo Especializado da Inf\u00e2ncia e Juventude.<\/p>\n<p><em>Fonte: Prefeitura de Ribeir\u00e3o Preto<\/em><\/p>\n\n<div style=\"font-size: 0px; height: 0px; line-height: 0px; margin: 0; padding: 0; clear: both;\"><\/div>","protected":false},"excerpt":{"rendered":"<p>O encontro promovido pela Defensoria P\u00fablica do Estado de S\u00e3o Paulo para capacitar conselheiros tutelares e entidades que trabalham com crian\u00e7as e adolescentes terminou nesta quarta-feira, dia 1\u00ba de junho, na ACI-RP (Associa\u00e7\u00e3o Comercial e Industrial de Ribeir\u00e3o Preto). O evento, com dois dias de programa\u00e7\u00e3o, reuniu cerca 350 participantes, entre conselheiros tutelares e entidades, de Ribeir\u00e3o e de v\u00e1rias cidades vizinhas. A programa\u00e7\u00e3o discutiu v\u00e1rios assuntos e, nesta quarta-feira enfatizou, especificamente, a Rede de Prote\u00e7\u00e3o das Crian\u00e7as e dos Adolescentes visando o fortalecimento da Pol\u00edtica P\u00fablica de Conviv\u00eancia Familiar e Comunit\u00e1ria. Diego Vale de Medeiros, Defensor P\u00fablico do Estado, <\/p>\n","protected":false},"author":1,"featured_media":0,"comment_status":"open","ping_status":"closed","sticky":false,"template":"","format":"standard","meta":{"footnotes":""},"categories":[6],"tags":[14],"class_list":["post-275","post","type-post","status-publish","format-standard","hentry","category-noticias-em-ribeirao-preto","tag-ribeirao-preto"],"aioseo_notices":[],"aioseo_head":"\n\t\t<!-- All in One SEO 5.0.0.1 - aioseo.com -->\n\t<meta name=\"description\" content=\"O encontro promovido pela Defensoria P\u00fablica do Estado de S\u00e3o Paulo para capacitar conselheiros tutelares e entidades que trabalham com crian\u00e7as e adolescentes terminou nesta quarta-feira, dia 1\u00ba de junho, na ACI-RP (Associa\u00e7\u00e3o Comercial e Industrial de Ribeir\u00e3o Preto). O evento, com dois dias de programa\u00e7\u00e3o, reuniu cerca 350 participantes, entre conselheiros tutelares e entidades,\" \/>\n\t<meta name=\"robots\" content=\"max-image-preview:large\" \/>\n\t<meta name=\"author\" content=\"Encontra Ribeir\u00e3o Preto\"\/>\n\t<link rel=\"canonical\" href=\"https:\/\/www.encontraribeiraopreto.com.br\/sobre\/ribeirao-preto-discute-qualificacao-da-rede-de-protecao-dos-direitos-da-crianca-e-do-adolescente\/\" \/>\n\t<meta name=\"generator\" content=\"All in One SEO (AIOSEO) 5.0.0.1\" \/>\n\t\t<meta property=\"og:locale\" content=\"pt_BR\" \/>\n\t\t<meta property=\"og:site_name\" content=\"Encontra Ribeir\u00e3o Preto - Not\u00edcias, eventos, informa\u00e7\u00f5es e dicas na cidade Ribeir\u00e3o Preto e regi\u00e3o.\" \/>\n\t\t<meta property=\"og:type\" content=\"article\" \/>\n\t\t<meta property=\"og:title\" content=\"Ribeir\u00e3o Preto discute Qualifica\u00e7\u00e3o da Rede de Prote\u00e7\u00e3o dos Direitos da Crian\u00e7a e do Adolescente - Encontra Ribeir\u00e3o Preto\" \/>\n\t\t<meta property=\"og:description\" content=\"O encontro promovido pela Defensoria P\u00fablica do Estado de S\u00e3o Paulo para capacitar conselheiros tutelares e entidades que trabalham com crian\u00e7as e adolescentes terminou nesta quarta-feira, dia 1\u00ba de junho, na ACI-RP (Associa\u00e7\u00e3o Comercial e Industrial de Ribeir\u00e3o Preto). O evento, com dois dias de programa\u00e7\u00e3o, reuniu cerca 350 participantes, entre conselheiros tutelares e entidades,\" \/>\n\t\t<meta property=\"og:url\" content=\"https:\/\/www.encontraribeiraopreto.com.br\/sobre\/ribeirao-preto-discute-qualificacao-da-rede-de-protecao-dos-direitos-da-crianca-e-do-adolescente\/\" \/>\n\t\t<meta property=\"article:published_time\" content=\"2011-06-02T19:07:50+00:00\" \/>\n\t\t<meta property=\"article:modified_time\" content=\"2019-04-15T14:28:11+00:00\" \/>\n\t\t<meta name=\"twitter:card\" content=\"summary_large_image\" \/>\n\t\t<meta name=\"twitter:title\" content=\"Ribeir\u00e3o Preto discute Qualifica\u00e7\u00e3o da Rede de Prote\u00e7\u00e3o dos Direitos da Crian\u00e7a e do Adolescente - Encontra Ribeir\u00e3o Preto\" \/>\n\t\t<meta name=\"twitter:description\" content=\"O encontro promovido pela Defensoria P\u00fablica do Estado de S\u00e3o Paulo para capacitar conselheiros tutelares e entidades que trabalham com crian\u00e7as e adolescentes terminou nesta quarta-feira, dia 1\u00ba de junho, na ACI-RP (Associa\u00e7\u00e3o Comercial e Industrial de Ribeir\u00e3o Preto). O evento, com dois dias de programa\u00e7\u00e3o, reuniu cerca 350 participantes, entre conselheiros tutelares e entidades,\" \/>\n\t\t<script type=\"application\/ld+json\" class=\"aioseo-schema\">\n\t\t\t{\"@context\":\"https:\\\/\\\/schema.org\",\"@graph\":[{\"@type\":\"BlogPosting\",\"@id\":\"https:\\\/\\\/www.encontraribeiraopreto.com.br\\\/sobre\\\/ribeirao-preto-discute-qualificacao-da-rede-de-protecao-dos-direitos-da-crianca-e-do-adolescente\\\/#blogposting\",\"name\":\"Ribeir\\u00e3o Preto discute Qualifica\\u00e7\\u00e3o da Rede de Prote\\u00e7\\u00e3o dos Direitos da Crian\\u00e7a e do Adolescente - Encontra Ribeir\\u00e3o Preto\",\"headline\":\"Ribeir\\u00e3o Preto discute Qualifica\\u00e7\\u00e3o da Rede de Prote\\u00e7\\u00e3o dos Direitos da Crian\\u00e7a e do Adolescente\",\"author\":{\"@id\":\"https:\\\/\\\/www.encontraribeiraopreto.com.br\\\/sobre\\\/author\\\/eribeiraopreto\\\/#author\"},\"publisher\":{\"@id\":\"https:\\\/\\\/www.encontraribeiraopreto.com.br\\\/sobre\\\/#organization\"},\"datePublished\":\"2011-06-02T16:07:50-03:00\",\"dateModified\":\"2019-04-15T11:28:11-03:00\",\"inLanguage\":\"pt-BR\",\"mainEntityOfPage\":{\"@id\":\"https:\\\/\\\/www.encontraribeiraopreto.com.br\\\/sobre\\\/ribeirao-preto-discute-qualificacao-da-rede-de-protecao-dos-direitos-da-crianca-e-do-adolescente\\\/#webpage\"},\"isPartOf\":{\"@id\":\"https:\\\/\\\/www.encontraribeiraopreto.com.br\\\/sobre\\\/ribeirao-preto-discute-qualificacao-da-rede-de-protecao-dos-direitos-da-crianca-e-do-adolescente\\\/#webpage\"},\"articleSection\":\"Not\\u00edcias Ribeir\\u00e3o Preto, Ribeir\\u00e3o Preto\"},{\"@type\":\"BreadcrumbList\",\"@id\":\"https:\\\/\\\/www.encontraribeiraopreto.com.br\\\/sobre\\\/ribeirao-preto-discute-qualificacao-da-rede-de-protecao-dos-direitos-da-crianca-e-do-adolescente\\\/#breadcrumblist\",\"itemListElement\":[{\"@type\":\"ListItem\",\"@id\":\"https:\\\/\\\/www.encontraribeiraopreto.com.br\\\/sobre#listItem\",\"position\":1,\"name\":\"In\\u00edcio\",\"item\":\"https:\\\/\\\/www.encontraribeiraopreto.com.br\\\/sobre\",\"nextItem\":{\"@type\":\"ListItem\",\"@id\":\"https:\\\/\\\/www.encontraribeiraopreto.com.br\\\/sobre\\\/noticias-em-ribeirao-preto\\\/#listItem\",\"name\":\"Not\\u00edcias Ribeir\\u00e3o Preto\"}},{\"@type\":\"ListItem\",\"@id\":\"https:\\\/\\\/www.encontraribeiraopreto.com.br\\\/sobre\\\/noticias-em-ribeirao-preto\\\/#listItem\",\"position\":2,\"name\":\"Not\\u00edcias Ribeir\\u00e3o Preto\",\"item\":\"https:\\\/\\\/www.encontraribeiraopreto.com.br\\\/sobre\\\/noticias-em-ribeirao-preto\\\/\",\"nextItem\":{\"@type\":\"ListItem\",\"@id\":\"https:\\\/\\\/www.encontraribeiraopreto.com.br\\\/sobre\\\/ribeirao-preto-discute-qualificacao-da-rede-de-protecao-dos-direitos-da-crianca-e-do-adolescente\\\/#listItem\",\"name\":\"Ribeir\\u00e3o Preto discute Qualifica\\u00e7\\u00e3o da Rede de Prote\\u00e7\\u00e3o dos Direitos da Crian\\u00e7a e do Adolescente\"},\"previousItem\":{\"@type\":\"ListItem\",\"@id\":\"https:\\\/\\\/www.encontraribeiraopreto.com.br\\\/sobre#listItem\",\"name\":\"In\\u00edcio\"}},{\"@type\":\"ListItem\",\"@id\":\"https:\\\/\\\/www.encontraribeiraopreto.com.br\\\/sobre\\\/ribeirao-preto-discute-qualificacao-da-rede-de-protecao-dos-direitos-da-crianca-e-do-adolescente\\\/#listItem\",\"position\":3,\"name\":\"Ribeir\\u00e3o Preto discute Qualifica\\u00e7\\u00e3o da Rede de Prote\\u00e7\\u00e3o dos Direitos da Crian\\u00e7a e do Adolescente\",\"previousItem\":{\"@type\":\"ListItem\",\"@id\":\"https:\\\/\\\/www.encontraribeiraopreto.com.br\\\/sobre\\\/noticias-em-ribeirao-preto\\\/#listItem\",\"name\":\"Not\\u00edcias Ribeir\\u00e3o Preto\"}}]},{\"@type\":\"Organization\",\"@id\":\"https:\\\/\\\/www.encontraribeiraopreto.com.br\\\/sobre\\\/#organization\",\"name\":\"Encontra Ribeir\\u00e3o Preto\",\"description\":\"Not\\u00edcias, eventos, informa\\u00e7\\u00f5es e dicas na cidade Ribeir\\u00e3o Preto e regi\\u00e3o.\",\"url\":\"https:\\\/\\\/www.encontraribeiraopreto.com.br\\\/sobre\\\/\"},{\"@type\":\"Person\",\"@id\":\"https:\\\/\\\/www.encontraribeiraopreto.com.br\\\/sobre\\\/author\\\/eribeiraopreto\\\/#author\",\"url\":\"https:\\\/\\\/www.encontraribeiraopreto.com.br\\\/sobre\\\/author\\\/eribeiraopreto\\\/\",\"name\":\"Encontra Ribeir\\u00e3o Preto\",\"image\":{\"@type\":\"ImageObject\",\"@id\":\"https:\\\/\\\/www.encontraribeiraopreto.com.br\\\/sobre\\\/ribeirao-preto-discute-qualificacao-da-rede-de-protecao-dos-direitos-da-crianca-e-do-adolescente\\\/#authorImage\",\"url\":\"https:\\\/\\\/secure.gravatar.com\\\/avatar\\\/507340682b8270222e1f208e23198b6ae7e2c6a1033ae84e99bc6bce4f82a387?s=96&d=mm&r=g\",\"width\":96,\"height\":96,\"caption\":\"Encontra Ribeir\\u00e3o Preto\"}},{\"@type\":\"WebPage\",\"@id\":\"https:\\\/\\\/www.encontraribeiraopreto.com.br\\\/sobre\\\/ribeirao-preto-discute-qualificacao-da-rede-de-protecao-dos-direitos-da-crianca-e-do-adolescente\\\/#webpage\",\"url\":\"https:\\\/\\\/www.encontraribeiraopreto.com.br\\\/sobre\\\/ribeirao-preto-discute-qualificacao-da-rede-de-protecao-dos-direitos-da-crianca-e-do-adolescente\\\/\",\"name\":\"Ribeir\\u00e3o Preto discute Qualifica\\u00e7\\u00e3o da Rede de Prote\\u00e7\\u00e3o dos Direitos da Crian\\u00e7a e do Adolescente - Encontra Ribeir\\u00e3o Preto\",\"description\":\"O encontro promovido pela Defensoria P\\u00fablica do Estado de S\\u00e3o Paulo para capacitar conselheiros tutelares e entidades que trabalham com crian\\u00e7as e adolescentes terminou nesta quarta-feira, dia 1\\u00ba de junho, na ACI-RP (Associa\\u00e7\\u00e3o Comercial e Industrial de Ribeir\\u00e3o Preto). O evento, com dois dias de programa\\u00e7\\u00e3o, reuniu cerca 350 participantes, entre conselheiros tutelares e entidades,\",\"inLanguage\":\"pt-BR\",\"isPartOf\":{\"@id\":\"https:\\\/\\\/www.encontraribeiraopreto.com.br\\\/sobre\\\/#website\"},\"breadcrumb\":{\"@id\":\"https:\\\/\\\/www.encontraribeiraopreto.com.br\\\/sobre\\\/ribeirao-preto-discute-qualificacao-da-rede-de-protecao-dos-direitos-da-crianca-e-do-adolescente\\\/#breadcrumblist\"},\"author\":{\"@id\":\"https:\\\/\\\/www.encontraribeiraopreto.com.br\\\/sobre\\\/author\\\/eribeiraopreto\\\/#author\"},\"creator\":{\"@id\":\"https:\\\/\\\/www.encontraribeiraopreto.com.br\\\/sobre\\\/author\\\/eribeiraopreto\\\/#author\"},\"datePublished\":\"2011-06-02T16:07:50-03:00\",\"dateModified\":\"2019-04-15T11:28:11-03:00\"},{\"@type\":\"WebSite\",\"@id\":\"https:\\\/\\\/www.encontraribeiraopreto.com.br\\\/sobre\\\/#website\",\"url\":\"https:\\\/\\\/www.encontraribeiraopreto.com.br\\\/sobre\\\/\",\"name\":\"Encontra Ribeir\\u00e3o Preto\",\"description\":\"Not\\u00edcias, eventos, informa\\u00e7\\u00f5es e dicas na cidade Ribeir\\u00e3o Preto e regi\\u00e3o.\",\"inLanguage\":\"pt-BR\",\"publisher\":{\"@id\":\"https:\\\/\\\/www.encontraribeiraopreto.com.br\\\/sobre\\\/#organization\"}}]}\n\t\t<\/script>\n\t\t<!-- All in One SEO -->\n\n","aioseo_head_json":{"title":"Ribeir\u00e3o Preto discute Qualifica\u00e7\u00e3o da Rede de Prote\u00e7\u00e3o dos Direitos da Crian\u00e7a e do Adolescente - Encontra Ribeir\u00e3o Preto","description":"O encontro promovido pela Defensoria P\u00fablica do Estado de S\u00e3o Paulo para capacitar conselheiros tutelares e entidades que trabalham com crian\u00e7as e adolescentes terminou nesta quarta-feira, dia 1\u00ba de junho, na ACI-RP (Associa\u00e7\u00e3o Comercial e Industrial de Ribeir\u00e3o Preto). O evento, com dois dias de programa\u00e7\u00e3o, reuniu cerca 350 participantes, entre conselheiros tutelares e entidades,","canonical_url":"https:\/\/www.encontraribeiraopreto.com.br\/sobre\/ribeirao-preto-discute-qualificacao-da-rede-de-protecao-dos-direitos-da-crianca-e-do-adolescente\/","robots":"max-image-preview:large","keywords":"","webmasterTools":{"miscellaneous":""},"schema":{"@context":"https:\/\/schema.org","@graph":[{"@type":"BlogPosting","@id":"https:\/\/www.encontraribeiraopreto.com.br\/sobre\/ribeirao-preto-discute-qualificacao-da-rede-de-protecao-dos-direitos-da-crianca-e-do-adolescente\/#blogposting","name":"Ribeir\u00e3o Preto discute Qualifica\u00e7\u00e3o da Rede de Prote\u00e7\u00e3o dos Direitos da Crian\u00e7a e do Adolescente - Encontra Ribeir\u00e3o Preto","headline":"Ribeir\u00e3o Preto discute Qualifica\u00e7\u00e3o da Rede de Prote\u00e7\u00e3o dos Direitos da Crian\u00e7a e do Adolescente","author":{"@id":"https:\/\/www.encontraribeiraopreto.com.br\/sobre\/author\/eribeiraopreto\/#author"},"publisher":{"@id":"https:\/\/www.encontraribeiraopreto.com.br\/sobre\/#organization"},"datePublished":"2011-06-02T16:07:50-03:00","dateModified":"2019-04-15T11:28:11-03:00","inLanguage":"pt-BR","mainEntityOfPage":{"@id":"https:\/\/www.encontraribeiraopreto.com.br\/sobre\/ribeirao-preto-discute-qualificacao-da-rede-de-protecao-dos-direitos-da-crianca-e-do-adolescente\/#webpage"},"isPartOf":{"@id":"https:\/\/www.encontraribeiraopreto.com.br\/sobre\/ribeirao-preto-discute-qualificacao-da-rede-de-protecao-dos-direitos-da-crianca-e-do-adolescente\/#webpage"},"articleSection":"Not\u00edcias Ribeir\u00e3o Preto, Ribeir\u00e3o Preto"},{"@type":"BreadcrumbList","@id":"https:\/\/www.encontraribeiraopreto.com.br\/sobre\/ribeirao-preto-discute-qualificacao-da-rede-de-protecao-dos-direitos-da-crianca-e-do-adolescente\/#breadcrumblist","itemListElement":[{"@type":"ListItem","@id":"https:\/\/www.encontraribeiraopreto.com.br\/sobre#listItem","position":1,"name":"In\u00edcio","item":"https:\/\/www.encontraribeiraopreto.com.br\/sobre","nextItem":{"@type":"ListItem","@id":"https:\/\/www.encontraribeiraopreto.com.br\/sobre\/noticias-em-ribeirao-preto\/#listItem","name":"Not\u00edcias Ribeir\u00e3o Preto"}},{"@type":"ListItem","@id":"https:\/\/www.encontraribeiraopreto.com.br\/sobre\/noticias-em-ribeirao-preto\/#listItem","position":2,"name":"Not\u00edcias Ribeir\u00e3o Preto","item":"https:\/\/www.encontraribeiraopreto.com.br\/sobre\/noticias-em-ribeirao-preto\/","nextItem":{"@type":"ListItem","@id":"https:\/\/www.encontraribeiraopreto.com.br\/sobre\/ribeirao-preto-discute-qualificacao-da-rede-de-protecao-dos-direitos-da-crianca-e-do-adolescente\/#listItem","name":"Ribeir\u00e3o Preto discute Qualifica\u00e7\u00e3o da Rede de Prote\u00e7\u00e3o dos Direitos da Crian\u00e7a e do Adolescente"},"previousItem":{"@type":"ListItem","@id":"https:\/\/www.encontraribeiraopreto.com.br\/sobre#listItem","name":"In\u00edcio"}},{"@type":"ListItem","@id":"https:\/\/www.encontraribeiraopreto.com.br\/sobre\/ribeirao-preto-discute-qualificacao-da-rede-de-protecao-dos-direitos-da-crianca-e-do-adolescente\/#listItem","position":3,"name":"Ribeir\u00e3o Preto discute Qualifica\u00e7\u00e3o da Rede de Prote\u00e7\u00e3o dos Direitos da Crian\u00e7a e do Adolescente","previousItem":{"@type":"ListItem","@id":"https:\/\/www.encontraribeiraopreto.com.br\/sobre\/noticias-em-ribeirao-preto\/#listItem","name":"Not\u00edcias Ribeir\u00e3o Preto"}}]},{"@type":"Organization","@id":"https:\/\/www.encontraribeiraopreto.com.br\/sobre\/#organization","name":"Encontra Ribeir\u00e3o Preto","description":"Not\u00edcias, eventos, informa\u00e7\u00f5es e dicas na cidade Ribeir\u00e3o Preto e regi\u00e3o.","url":"https:\/\/www.encontraribeiraopreto.com.br\/sobre\/"},{"@type":"Person","@id":"https:\/\/www.encontraribeiraopreto.com.br\/sobre\/author\/eribeiraopreto\/#author","url":"https:\/\/www.encontraribeiraopreto.com.br\/sobre\/author\/eribeiraopreto\/","name":"Encontra Ribeir\u00e3o Preto","image":{"@type":"ImageObject","@id":"https:\/\/www.encontraribeiraopreto.com.br\/sobre\/ribeirao-preto-discute-qualificacao-da-rede-de-protecao-dos-direitos-da-crianca-e-do-adolescente\/#authorImage","url":"https:\/\/secure.gravatar.com\/avatar\/507340682b8270222e1f208e23198b6ae7e2c6a1033ae84e99bc6bce4f82a387?s=96&d=mm&r=g","width":96,"height":96,"caption":"Encontra Ribeir\u00e3o Preto"}},{"@type":"WebPage","@id":"https:\/\/www.encontraribeiraopreto.com.br\/sobre\/ribeirao-preto-discute-qualificacao-da-rede-de-protecao-dos-direitos-da-crianca-e-do-adolescente\/#webpage","url":"https:\/\/www.encontraribeiraopreto.com.br\/sobre\/ribeirao-preto-discute-qualificacao-da-rede-de-protecao-dos-direitos-da-crianca-e-do-adolescente\/","name":"Ribeir\u00e3o Preto discute Qualifica\u00e7\u00e3o da Rede de Prote\u00e7\u00e3o dos Direitos da Crian\u00e7a e do Adolescente - Encontra Ribeir\u00e3o Preto","description":"O encontro promovido pela Defensoria P\u00fablica do Estado de S\u00e3o Paulo para capacitar conselheiros tutelares e entidades que trabalham com crian\u00e7as e adolescentes terminou nesta quarta-feira, dia 1\u00ba de junho, na ACI-RP (Associa\u00e7\u00e3o Comercial e Industrial de Ribeir\u00e3o Preto). O evento, com dois dias de programa\u00e7\u00e3o, reuniu cerca 350 participantes, entre conselheiros tutelares e entidades,","inLanguage":"pt-BR","isPartOf":{"@id":"https:\/\/www.encontraribeiraopreto.com.br\/sobre\/#website"},"breadcrumb":{"@id":"https:\/\/www.encontraribeiraopreto.com.br\/sobre\/ribeirao-preto-discute-qualificacao-da-rede-de-protecao-dos-direitos-da-crianca-e-do-adolescente\/#breadcrumblist"},"author":{"@id":"https:\/\/www.encontraribeiraopreto.com.br\/sobre\/author\/eribeiraopreto\/#author"},"creator":{"@id":"https:\/\/www.encontraribeiraopreto.com.br\/sobre\/author\/eribeiraopreto\/#author"},"datePublished":"2011-06-02T16:07:50-03:00","dateModified":"2019-04-15T11:28:11-03:00"},{"@type":"WebSite","@id":"https:\/\/www.encontraribeiraopreto.com.br\/sobre\/#website","url":"https:\/\/www.encontraribeiraopreto.com.br\/sobre\/","name":"Encontra Ribeir\u00e3o Preto","description":"Not\u00edcias, eventos, informa\u00e7\u00f5es e dicas na cidade Ribeir\u00e3o Preto e regi\u00e3o.","inLanguage":"pt-BR","publisher":{"@id":"https:\/\/www.encontraribeiraopreto.com.br\/sobre\/#organization"}}]},"og:locale":"pt_BR","og:site_name":"Encontra Ribeir\u00e3o Preto - Not\u00edcias, eventos, informa\u00e7\u00f5es e dicas na cidade Ribeir\u00e3o Preto e regi\u00e3o.","og:type":"article","og:title":"Ribeir\u00e3o Preto discute Qualifica\u00e7\u00e3o da Rede de Prote\u00e7\u00e3o dos Direitos da Crian\u00e7a e do Adolescente - Encontra Ribeir\u00e3o Preto","og:description":"O encontro promovido pela Defensoria P\u00fablica do Estado de S\u00e3o Paulo para capacitar conselheiros tutelares e entidades que trabalham com crian\u00e7as e adolescentes terminou nesta quarta-feira, dia 1\u00ba de junho, na ACI-RP (Associa\u00e7\u00e3o Comercial e Industrial de Ribeir\u00e3o Preto). O evento, com dois dias de programa\u00e7\u00e3o, reuniu cerca 350 participantes, entre conselheiros tutelares e entidades,","og:url":"https:\/\/www.encontraribeiraopreto.com.br\/sobre\/ribeirao-preto-discute-qualificacao-da-rede-de-protecao-dos-direitos-da-crianca-e-do-adolescente\/","article:published_time":"2011-06-02T19:07:50+00:00","article:modified_time":"2019-04-15T14:28:11+00:00","twitter:card":"summary_large_image","twitter:title":"Ribeir\u00e3o Preto discute Qualifica\u00e7\u00e3o da Rede de Prote\u00e7\u00e3o dos Direitos da Crian\u00e7a e do Adolescente - Encontra Ribeir\u00e3o Preto","twitter:description":"O encontro promovido pela Defensoria P\u00fablica do Estado de S\u00e3o Paulo para capacitar conselheiros tutelares e entidades que trabalham com crian\u00e7as e adolescentes terminou nesta quarta-feira, dia 1\u00ba de junho, na ACI-RP (Associa\u00e7\u00e3o Comercial e Industrial de Ribeir\u00e3o Preto). O evento, com dois dias de programa\u00e7\u00e3o, reuniu cerca 350 participantes, entre conselheiros tutelares e entidades,"},"aioseo_meta_data":{"post_id":"275","title":null,"description":null,"keywords":null,"keyphrases":null,"primary_term":null,"canonical_url":null,"og_title":null,"og_description":null,"og_object_type":"default","og_image_type":"default","og_image_url":null,"og_image_width":null,"og_image_height":null,"og_image_custom_url":null,"og_image_custom_fields":null,"og_video":null,"og_custom_url":null,"og_article_section":null,"og_article_tags":null,"twitter_use_og":false,"twitter_card":"default","twitter_image_type":"default","twitter_image_url":null,"twitter_image_custom_url":null,"twitter_image_custom_fields":null,"twitter_title":null,"twitter_description":null,"schema":{"blockGraphs":[],"customGraphs":[],"default":{"data":{"Article":[],"Course":[],"Dataset":[],"FAQPage":[],"Movie":[],"Person":[],"Product":[],"ProductReview":[],"Car":[],"Recipe":[],"Service":[],"SoftwareApplication":[],"WebPage":[]},"graphName":"BlogPosting","isEnabled":true},"graphs":[]},"schema_type":null,"schema_type_options":null,"pillar_content":false,"robots_default":true,"robots_noindex":false,"robots_noarchive":false,"robots_nosnippet":false,"robots_nofollow":false,"robots_noimageindex":false,"robots_noodp":false,"robots_notranslate":false,"robots_max_snippet":null,"robots_max_videopreview":null,"robots_max_imagepreview":"large","priority":null,"frequency":null,"local_seo":null,"limit_modified_date":false,"created":"2021-02-24 13:06:29","updated":"2023-03-07 18:15:56","focus_keyword":null,"additional_keywords":null,"truseo_locale":null,"ai":null,"breadcrumb_settings":null,"seo_analyzer_scan_date":null},"aioseo_breadcrumb":"<div class=\"aioseo-breadcrumbs\"><span class=\"aioseo-breadcrumb\">\n\t\t\t<a href=\"https:\/\/www.encontraribeiraopreto.com.br\/sobre\" title=\"In\u00edcio\">In\u00edcio<\/a>\n\t\t<\/span><span class=\"aioseo-breadcrumb-separator\">&raquo;<\/span><span class=\"aioseo-breadcrumb\">\n\t\t\t<a href=\"https:\/\/www.encontraribeiraopreto.com.br\/sobre\/noticias-em-ribeirao-preto\/\" title=\"Not\u00edcias Ribeir\u00e3o Preto\">Not\u00edcias Ribeir\u00e3o Preto<\/a>\n\t\t<\/span><span class=\"aioseo-breadcrumb-separator\">&raquo;<\/span><span class=\"aioseo-breadcrumb\">\n\t\t\tRibeir\u00e3o Preto discute Qualifica\u00e7\u00e3o da Rede de Prote\u00e7\u00e3o dos Direitos da Crian\u00e7a e do Adolescente\n\t\t<\/span><\/div>","aioseo_breadcrumb_json":[{"label":"In\u00edcio","link":"https:\/\/www.encontraribeiraopreto.com.br\/sobre"},{"label":"Not\u00edcias Ribeir\u00e3o Preto","link":"https:\/\/www.encontraribeiraopreto.com.br\/sobre\/noticias-em-ribeirao-preto\/"},{"label":"Ribeir\u00e3o Preto discute Qualifica\u00e7\u00e3o da Rede de Prote\u00e7\u00e3o dos Direitos da Crian\u00e7a e do Adolescente","link":"https:\/\/www.encontraribeiraopreto.com.br\/sobre\/ribeirao-preto-discute-qualificacao-da-rede-de-protecao-dos-direitos-da-crianca-e-do-adolescente\/"}],"_links":{"self":[{"href":"https:\/\/www.encontraribeiraopreto.com.br\/sobre\/wp-json\/wp\/v2\/posts\/275","targetHints":{"allow":["GET"]}}],"collection":[{"href":"https:\/\/www.encontraribeiraopreto.com.br\/sobre\/wp-json\/wp\/v2\/posts"}],"about":[{"href":"https:\/\/www.encontraribeiraopreto.com.br\/sobre\/wp-json\/wp\/v2\/types\/post"}],"author":[{"embeddable":true,"href":"https:\/\/www.encontraribeiraopreto.com.br\/sobre\/wp-json\/wp\/v2\/users\/1"}],"replies":[{"embeddable":true,"href":"https:\/\/www.encontraribeiraopreto.com.br\/sobre\/wp-json\/wp\/v2\/comments?post=275"}],"version-history":[{"count":0,"href":"https:\/\/www.encontraribeiraopreto.com.br\/sobre\/wp-json\/wp\/v2\/posts\/275\/revisions"}],"wp:attachment":[{"href":"https:\/\/www.encontraribeiraopreto.com.br\/sobre\/wp-json\/wp\/v2\/media?parent=275"}],"wp:term":[{"taxonomy":"category","embeddable":true,"href":"https:\/\/www.encontraribeiraopreto.com.br\/sobre\/wp-json\/wp\/v2\/categories?post=275"},{"taxonomy":"post_tag","embeddable":true,"href":"https:\/\/www.encontraribeiraopreto.com.br\/sobre\/wp-json\/wp\/v2\/tags?post=275"}],"curies":[{"name":"wp","href":"https:\/\/api.w.org\/{rel}","templated":true}]}}