{"id":2867,"date":"2013-07-03T00:01:08","date_gmt":"2013-07-03T03:01:08","guid":{"rendered":"http:\/\/www.encontraribeiraopreto.com.br\/noticias\/?p=2867"},"modified":"2019-04-15T11:24:00","modified_gmt":"2019-04-15T14:24:00","slug":"cooperativa-e-prefeitura-de-ribeirao-preto-assinam-contrato-para-triagem-de-lixo","status":"publish","type":"post","link":"https:\/\/www.encontraribeiraopreto.com.br\/sobre\/cooperativa-e-prefeitura-de-ribeirao-preto-assinam-contrato-para-triagem-de-lixo\/","title":{"rendered":"Cooperativa e Prefeitura de Ribeir\u00e3o Preto assinam contrato para triagem de lixo"},"content":{"rendered":"<div class=\"cd7ef838bed10b2b4567f853226bc383\" data-index=\"1\" style=\"float: none; margin:0px;\">\n<!-- Anuncio display - global -->\r\n<ins class=\"adsbygoogle\"\r\n     style=\"display:block\"\r\n     data-ad-client=\"ca-pub-8585364105181520\"\r\n     data-ad-slot=\"8789329856\"\r\n     data-ad-format=\"auto\"\r\n     data-full-width-responsive=\"true\"><\/ins>\r\n<script>\r\n     (adsbygoogle = window.adsbygoogle || []).push({});\r\n<\/script>\r\n\n<\/div>\n<p>A Cooperativa \u201cM\u00e3os Dadas\u201d e a Prefeitura entraram em um consenso e assinaram na segunda-feira (1\u00ba) um contrato para remunerar o servi\u00e7o de triagem de lixo recicl\u00e1vel em\u00a0Ribeir\u00e3o Preto\u00a0(SP). O acordo foi firmado no Minist\u00e9rio P\u00fablico durante uma reuni\u00e3o entre representantes da administra\u00e7\u00e3o municipal e da entidade quatro dias ap\u00f3s uma manifesta\u00e7\u00e3o de catadores de lixo em frente ao Pa\u00e7o Municipal por melhores condi\u00e7\u00f5es de trabalho. At\u00e9 ent\u00e3o, a cooperativa mantinha um conv\u00eanio com o munic\u00edpio que apenas garantia a doa\u00e7\u00e3o do material para triagem, mas um plano municipal de res\u00edduos s\u00f3lidos, j\u00e1 aprovado, obriga o Executivo a bancar a triagem e a infraestrutura da cooperativa.<\/p>\n<p>O contrato prev\u00ea que a \u201cM\u00e3os Dadas\u201d receba R$ 607 por tonelada separada do material entregue pela Prefeitura, o que dever\u00e1 garantir ao menos um sal\u00e1rio m\u00ednimo para cada funcion\u00e1rio da entidade por m\u00eas. Al\u00e9m disso, a institui\u00e7\u00e3o contar\u00e1 com repasse municipal suficiente para custear o funcionamento de suas atividades \u2013 \u00e1gua, energia el\u00e9trica, seguran\u00e7a e manuten\u00e7\u00e3o de equipamentos.<\/p>\n<p>A cooperativa ainda poder\u00e1 se beneficiar da venda do lixo gra\u00e7as a uma doa\u00e7\u00e3o do mesmo material por interm\u00e9dio da Secretaria Municipal de Assist\u00eancia Social \u2013 a doa\u00e7\u00e3o exclusiva \u00e9 v\u00e1lida enquanto n\u00e3o houver outras associa\u00e7\u00f5es de finalidade social legalmente aptas a terem o mesmo direito.<\/p>\n<p>De acordo com o promotor do Meio Ambiente Sebasti\u00e3o Donizete Lopes dos Santos, que mediou a reuni\u00e3o nesta segunda-feira, o in\u00edcio da triagem depende apenas de quest\u00f5es operacionais para que a ordem de servi\u00e7o seja emitida pela Prefeitura. \u201cIsso pode acontecer amanh\u00e3, em 15 ou 30 dias. Isso depende de aspectos puramente operacionais, de log\u00edstica\u201d, afirmou.<\/p>\n<p>Impasse<\/p>\n<p>Antes da reuni\u00e3o, a cooperativa discordou de um item do contrato que n\u00e3o especificava a destina\u00e7\u00e3o do material recicl\u00e1vel, o que para ela significava perda de receita com sua venda. O impasse fez com que a assinatura, prevista para acontecer no dia 27, fosse adiada.<\/p>\n<p>No entanto, nesta segunda-feira, durante a reuni\u00e3o no MP, a Prefeitura confirmou que a mesma cl\u00e1usula garante \u00e0 cooperativa o direito de se beneficiar da venda do lixo, j\u00e1 que \u00e9 a \u00fanica do setor de reciclagem da cidade a preencher todos os requisitos exigidos pelas leis nacional e municipal de res\u00edduos s\u00f3lidos e a lei das cooperativas sociais, como a destina\u00e7\u00e3o com o intuito de beneficiar a popula\u00e7\u00e3o de baixa renda.<\/p>\n<p>Por outro lado, caso outras cooperativas sejam consideradas aptas a receber o material para reciclagem, o produto da triagem ter\u00e1 que ser dividido. \u201cHoje em Ribeir\u00e3o Preto a \u00fanica institui\u00e7\u00e3o que preenche os requisitos das tr\u00eas \u00e9 a M\u00e3os Dadas (&#8230;) Mas tendo outra poder\u00e1 haver participa\u00e7\u00e3o\u201d, explicou.<\/p>\n<p>Cooperativa<\/p>\n<p>Para a presidente da cooperativa \u201cM\u00e3os Dadas\u201d, Iracy Pereira, o contrato garantir\u00e1 a inclus\u00e3o de mais pessoas ao trabalho da reciclagem, al\u00e9m de melhores condi\u00e7\u00f5es para os cooperados. \u201cAcertamos tudo gra\u00e7as a Deus. Agora vai ter melhora para todo mundo. Vamos ajustar mais pessoas com necessidade que n\u00e3o t\u00eam estudo para trabalhar com a gente, para ganhar seu p\u00e3o de cada dia\u201d, afirmou, citando que vai aumentar o quadro de funcion\u00e1rios, atualmente com 25 pessoas.<\/p>\n<p>Segundo ela, a entidade tem capacidade de triar por m\u00eas at\u00e9 40 toneladas de lixo que forem levados pela Prefeitura. Demanda que, de acordo com ela, n\u00e3o prejudicar\u00e1 o trabalho de coleta que a entidade j\u00e1 faz com seu pr\u00f3prio caminh\u00e3o \u2013 servi\u00e7o n\u00e3o abrangido pelo contrato com o Executivo.<\/p>\n<p>Se outra cooperativa adquirir o direito de se beneficiar da venda do lixo, haver\u00e1 novas conversa\u00e7\u00f5es, disse Iracy. \u201cA\u00ed modifica e a gente torna a negociar novamente como vai ficar.\u201d<\/p>\n<p><em>Fonte: G1<\/em><\/p>\n\n<div style=\"font-size: 0px; height: 0px; line-height: 0px; margin: 0; padding: 0; clear: both;\"><\/div>","protected":false},"excerpt":{"rendered":"<p>A Cooperativa \u201cM\u00e3os Dadas\u201d e a Prefeitura entraram em um consenso e assinaram na segunda-feira (1\u00ba) um contrato para remunerar o servi\u00e7o de triagem de lixo recicl\u00e1vel em\u00a0Ribeir\u00e3o Preto\u00a0(SP). O acordo foi firmado no Minist\u00e9rio P\u00fablico durante uma reuni\u00e3o entre representantes da administra\u00e7\u00e3o municipal e da entidade quatro dias ap\u00f3s uma manifesta\u00e7\u00e3o de catadores de lixo em frente ao Pa\u00e7o Municipal por melhores condi\u00e7\u00f5es de trabalho. At\u00e9 ent\u00e3o, a cooperativa mantinha um conv\u00eanio com o munic\u00edpio que apenas garantia a doa\u00e7\u00e3o do material para triagem, mas um plano municipal de res\u00edduos s\u00f3lidos, j\u00e1 aprovado, obriga o Executivo a bancar a <\/p>\n","protected":false},"author":1,"featured_media":0,"comment_status":"open","ping_status":"closed","sticky":false,"template":"","format":"standard","meta":{"footnotes":""},"categories":[6,8],"tags":[14],"class_list":["post-2867","post","type-post","status-publish","format-standard","hentry","category-noticias-em-ribeirao-preto","category-servicos-em-ribeirao-preto","tag-ribeirao-preto"],"aioseo_notices":[],"aioseo_head":"\n\t\t<!-- All in One SEO 5.0.0.1 - aioseo.com -->\n\t<meta name=\"description\" content=\"A Cooperativa \u201cM\u00e3os Dadas\u201d e a Prefeitura entraram em um consenso e assinaram na segunda-feira (1\u00ba) um contrato para remunerar o servi\u00e7o de triagem de lixo recicl\u00e1vel em Ribeir\u00e3o Preto (SP). O acordo foi firmado no Minist\u00e9rio P\u00fablico durante uma reuni\u00e3o entre representantes da administra\u00e7\u00e3o municipal e da entidade quatro dias ap\u00f3s uma manifesta\u00e7\u00e3o de catadores de\" \/>\n\t<meta name=\"robots\" content=\"max-image-preview:large\" \/>\n\t<meta name=\"author\" content=\"Encontra Ribeir\u00e3o Preto\"\/>\n\t<link rel=\"canonical\" href=\"https:\/\/www.encontraribeiraopreto.com.br\/sobre\/cooperativa-e-prefeitura-de-ribeirao-preto-assinam-contrato-para-triagem-de-lixo\/\" \/>\n\t<meta name=\"generator\" content=\"All in One SEO (AIOSEO) 5.0.0.1\" \/>\n\t\t<meta property=\"og:locale\" content=\"pt_BR\" \/>\n\t\t<meta property=\"og:site_name\" content=\"Encontra Ribeir\u00e3o Preto - Not\u00edcias, eventos, informa\u00e7\u00f5es e dicas na cidade Ribeir\u00e3o Preto e regi\u00e3o.\" \/>\n\t\t<meta property=\"og:type\" content=\"article\" \/>\n\t\t<meta property=\"og:title\" content=\"Cooperativa e Prefeitura de Ribeir\u00e3o Preto assinam contrato para triagem de lixo - Encontra Ribeir\u00e3o Preto\" \/>\n\t\t<meta property=\"og:description\" content=\"A Cooperativa \u201cM\u00e3os Dadas\u201d e a Prefeitura entraram em um consenso e assinaram na segunda-feira (1\u00ba) um contrato para remunerar o servi\u00e7o de triagem de lixo recicl\u00e1vel em Ribeir\u00e3o Preto (SP). O acordo foi firmado no Minist\u00e9rio P\u00fablico durante uma reuni\u00e3o entre representantes da administra\u00e7\u00e3o municipal e da entidade quatro dias ap\u00f3s uma manifesta\u00e7\u00e3o de catadores de\" \/>\n\t\t<meta property=\"og:url\" content=\"https:\/\/www.encontraribeiraopreto.com.br\/sobre\/cooperativa-e-prefeitura-de-ribeirao-preto-assinam-contrato-para-triagem-de-lixo\/\" \/>\n\t\t<meta property=\"article:published_time\" content=\"2013-07-03T03:01:08+00:00\" \/>\n\t\t<meta property=\"article:modified_time\" content=\"2019-04-15T14:24:00+00:00\" \/>\n\t\t<meta name=\"twitter:card\" content=\"summary_large_image\" \/>\n\t\t<meta name=\"twitter:title\" content=\"Cooperativa e Prefeitura de Ribeir\u00e3o Preto assinam contrato para triagem de lixo - Encontra Ribeir\u00e3o Preto\" \/>\n\t\t<meta name=\"twitter:description\" content=\"A Cooperativa \u201cM\u00e3os Dadas\u201d e a Prefeitura entraram em um consenso e assinaram na segunda-feira (1\u00ba) um contrato para remunerar o servi\u00e7o de triagem de lixo recicl\u00e1vel em Ribeir\u00e3o Preto (SP). O acordo foi firmado no Minist\u00e9rio P\u00fablico durante uma reuni\u00e3o entre representantes da administra\u00e7\u00e3o municipal e da entidade quatro dias ap\u00f3s uma manifesta\u00e7\u00e3o de catadores de\" \/>\n\t\t<script type=\"application\/ld+json\" class=\"aioseo-schema\">\n\t\t\t{\"@context\":\"https:\\\/\\\/schema.org\",\"@graph\":[{\"@type\":\"BlogPosting\",\"@id\":\"https:\\\/\\\/www.encontraribeiraopreto.com.br\\\/sobre\\\/cooperativa-e-prefeitura-de-ribeirao-preto-assinam-contrato-para-triagem-de-lixo\\\/#blogposting\",\"name\":\"Cooperativa e Prefeitura de Ribeir\\u00e3o Preto assinam contrato para triagem de lixo - Encontra Ribeir\\u00e3o Preto\",\"headline\":\"Cooperativa e Prefeitura de Ribeir\\u00e3o Preto assinam contrato para triagem de lixo\",\"author\":{\"@id\":\"https:\\\/\\\/www.encontraribeiraopreto.com.br\\\/sobre\\\/author\\\/eribeiraopreto\\\/#author\"},\"publisher\":{\"@id\":\"https:\\\/\\\/www.encontraribeiraopreto.com.br\\\/sobre\\\/#organization\"},\"datePublished\":\"2013-07-03T00:01:08-03:00\",\"dateModified\":\"2019-04-15T11:24:00-03:00\",\"inLanguage\":\"pt-BR\",\"mainEntityOfPage\":{\"@id\":\"https:\\\/\\\/www.encontraribeiraopreto.com.br\\\/sobre\\\/cooperativa-e-prefeitura-de-ribeirao-preto-assinam-contrato-para-triagem-de-lixo\\\/#webpage\"},\"isPartOf\":{\"@id\":\"https:\\\/\\\/www.encontraribeiraopreto.com.br\\\/sobre\\\/cooperativa-e-prefeitura-de-ribeirao-preto-assinam-contrato-para-triagem-de-lixo\\\/#webpage\"},\"articleSection\":\"Not\\u00edcias Ribeir\\u00e3o Preto, Servi\\u00e7os Ribeir\\u00e3o Preto, Ribeir\\u00e3o Preto\"},{\"@type\":\"BreadcrumbList\",\"@id\":\"https:\\\/\\\/www.encontraribeiraopreto.com.br\\\/sobre\\\/cooperativa-e-prefeitura-de-ribeirao-preto-assinam-contrato-para-triagem-de-lixo\\\/#breadcrumblist\",\"itemListElement\":[{\"@type\":\"ListItem\",\"@id\":\"https:\\\/\\\/www.encontraribeiraopreto.com.br\\\/sobre#listItem\",\"position\":1,\"name\":\"In\\u00edcio\",\"item\":\"https:\\\/\\\/www.encontraribeiraopreto.com.br\\\/sobre\",\"nextItem\":{\"@type\":\"ListItem\",\"@id\":\"https:\\\/\\\/www.encontraribeiraopreto.com.br\\\/sobre\\\/noticias-em-ribeirao-preto\\\/#listItem\",\"name\":\"Not\\u00edcias Ribeir\\u00e3o Preto\"}},{\"@type\":\"ListItem\",\"@id\":\"https:\\\/\\\/www.encontraribeiraopreto.com.br\\\/sobre\\\/noticias-em-ribeirao-preto\\\/#listItem\",\"position\":2,\"name\":\"Not\\u00edcias Ribeir\\u00e3o Preto\",\"item\":\"https:\\\/\\\/www.encontraribeiraopreto.com.br\\\/sobre\\\/noticias-em-ribeirao-preto\\\/\",\"nextItem\":{\"@type\":\"ListItem\",\"@id\":\"https:\\\/\\\/www.encontraribeiraopreto.com.br\\\/sobre\\\/cooperativa-e-prefeitura-de-ribeirao-preto-assinam-contrato-para-triagem-de-lixo\\\/#listItem\",\"name\":\"Cooperativa e Prefeitura de Ribeir\\u00e3o Preto assinam contrato para triagem de lixo\"},\"previousItem\":{\"@type\":\"ListItem\",\"@id\":\"https:\\\/\\\/www.encontraribeiraopreto.com.br\\\/sobre#listItem\",\"name\":\"In\\u00edcio\"}},{\"@type\":\"ListItem\",\"@id\":\"https:\\\/\\\/www.encontraribeiraopreto.com.br\\\/sobre\\\/cooperativa-e-prefeitura-de-ribeirao-preto-assinam-contrato-para-triagem-de-lixo\\\/#listItem\",\"position\":3,\"name\":\"Cooperativa e Prefeitura de Ribeir\\u00e3o Preto assinam contrato para triagem de lixo\",\"previousItem\":{\"@type\":\"ListItem\",\"@id\":\"https:\\\/\\\/www.encontraribeiraopreto.com.br\\\/sobre\\\/noticias-em-ribeirao-preto\\\/#listItem\",\"name\":\"Not\\u00edcias Ribeir\\u00e3o Preto\"}}]},{\"@type\":\"Organization\",\"@id\":\"https:\\\/\\\/www.encontraribeiraopreto.com.br\\\/sobre\\\/#organization\",\"name\":\"Encontra Ribeir\\u00e3o Preto\",\"description\":\"Not\\u00edcias, eventos, informa\\u00e7\\u00f5es e dicas na cidade Ribeir\\u00e3o Preto e regi\\u00e3o.\",\"url\":\"https:\\\/\\\/www.encontraribeiraopreto.com.br\\\/sobre\\\/\"},{\"@type\":\"Person\",\"@id\":\"https:\\\/\\\/www.encontraribeiraopreto.com.br\\\/sobre\\\/author\\\/eribeiraopreto\\\/#author\",\"url\":\"https:\\\/\\\/www.encontraribeiraopreto.com.br\\\/sobre\\\/author\\\/eribeiraopreto\\\/\",\"name\":\"Encontra Ribeir\\u00e3o Preto\",\"image\":{\"@type\":\"ImageObject\",\"@id\":\"https:\\\/\\\/www.encontraribeiraopreto.com.br\\\/sobre\\\/cooperativa-e-prefeitura-de-ribeirao-preto-assinam-contrato-para-triagem-de-lixo\\\/#authorImage\",\"url\":\"https:\\\/\\\/secure.gravatar.com\\\/avatar\\\/507340682b8270222e1f208e23198b6ae7e2c6a1033ae84e99bc6bce4f82a387?s=96&d=mm&r=g\",\"width\":96,\"height\":96,\"caption\":\"Encontra Ribeir\\u00e3o Preto\"}},{\"@type\":\"WebPage\",\"@id\":\"https:\\\/\\\/www.encontraribeiraopreto.com.br\\\/sobre\\\/cooperativa-e-prefeitura-de-ribeirao-preto-assinam-contrato-para-triagem-de-lixo\\\/#webpage\",\"url\":\"https:\\\/\\\/www.encontraribeiraopreto.com.br\\\/sobre\\\/cooperativa-e-prefeitura-de-ribeirao-preto-assinam-contrato-para-triagem-de-lixo\\\/\",\"name\":\"Cooperativa e Prefeitura de Ribeir\\u00e3o Preto assinam contrato para triagem de lixo - Encontra Ribeir\\u00e3o Preto\",\"description\":\"A Cooperativa \\u201cM\\u00e3os Dadas\\u201d e a Prefeitura entraram em um consenso e assinaram na segunda-feira (1\\u00ba) um contrato para remunerar o servi\\u00e7o de triagem de lixo recicl\\u00e1vel em Ribeir\\u00e3o Preto (SP). O acordo foi firmado no Minist\\u00e9rio P\\u00fablico durante uma reuni\\u00e3o entre representantes da administra\\u00e7\\u00e3o municipal e da entidade quatro dias ap\\u00f3s uma manifesta\\u00e7\\u00e3o de catadores de\",\"inLanguage\":\"pt-BR\",\"isPartOf\":{\"@id\":\"https:\\\/\\\/www.encontraribeiraopreto.com.br\\\/sobre\\\/#website\"},\"breadcrumb\":{\"@id\":\"https:\\\/\\\/www.encontraribeiraopreto.com.br\\\/sobre\\\/cooperativa-e-prefeitura-de-ribeirao-preto-assinam-contrato-para-triagem-de-lixo\\\/#breadcrumblist\"},\"author\":{\"@id\":\"https:\\\/\\\/www.encontraribeiraopreto.com.br\\\/sobre\\\/author\\\/eribeiraopreto\\\/#author\"},\"creator\":{\"@id\":\"https:\\\/\\\/www.encontraribeiraopreto.com.br\\\/sobre\\\/author\\\/eribeiraopreto\\\/#author\"},\"datePublished\":\"2013-07-03T00:01:08-03:00\",\"dateModified\":\"2019-04-15T11:24:00-03:00\"},{\"@type\":\"WebSite\",\"@id\":\"https:\\\/\\\/www.encontraribeiraopreto.com.br\\\/sobre\\\/#website\",\"url\":\"https:\\\/\\\/www.encontraribeiraopreto.com.br\\\/sobre\\\/\",\"name\":\"Encontra Ribeir\\u00e3o Preto\",\"description\":\"Not\\u00edcias, eventos, informa\\u00e7\\u00f5es e dicas na cidade Ribeir\\u00e3o Preto e regi\\u00e3o.\",\"inLanguage\":\"pt-BR\",\"publisher\":{\"@id\":\"https:\\\/\\\/www.encontraribeiraopreto.com.br\\\/sobre\\\/#organization\"}}]}\n\t\t<\/script>\n\t\t<!-- All in One SEO -->\n\n","aioseo_head_json":{"title":"Cooperativa e Prefeitura de Ribeir\u00e3o Preto assinam contrato para triagem de lixo - Encontra Ribeir\u00e3o Preto","description":"A Cooperativa \u201cM\u00e3os Dadas\u201d e a Prefeitura entraram em um consenso e assinaram na segunda-feira (1\u00ba) um contrato para remunerar o servi\u00e7o de triagem de lixo recicl\u00e1vel em Ribeir\u00e3o Preto (SP). O acordo foi firmado no Minist\u00e9rio P\u00fablico durante uma reuni\u00e3o entre representantes da administra\u00e7\u00e3o municipal e da entidade quatro dias ap\u00f3s uma manifesta\u00e7\u00e3o de catadores de","canonical_url":"https:\/\/www.encontraribeiraopreto.com.br\/sobre\/cooperativa-e-prefeitura-de-ribeirao-preto-assinam-contrato-para-triagem-de-lixo\/","robots":"max-image-preview:large","keywords":"","webmasterTools":{"miscellaneous":""},"schema":{"@context":"https:\/\/schema.org","@graph":[{"@type":"BlogPosting","@id":"https:\/\/www.encontraribeiraopreto.com.br\/sobre\/cooperativa-e-prefeitura-de-ribeirao-preto-assinam-contrato-para-triagem-de-lixo\/#blogposting","name":"Cooperativa e Prefeitura de Ribeir\u00e3o Preto assinam contrato para triagem de lixo - Encontra Ribeir\u00e3o Preto","headline":"Cooperativa e Prefeitura de Ribeir\u00e3o Preto assinam contrato para triagem de lixo","author":{"@id":"https:\/\/www.encontraribeiraopreto.com.br\/sobre\/author\/eribeiraopreto\/#author"},"publisher":{"@id":"https:\/\/www.encontraribeiraopreto.com.br\/sobre\/#organization"},"datePublished":"2013-07-03T00:01:08-03:00","dateModified":"2019-04-15T11:24:00-03:00","inLanguage":"pt-BR","mainEntityOfPage":{"@id":"https:\/\/www.encontraribeiraopreto.com.br\/sobre\/cooperativa-e-prefeitura-de-ribeirao-preto-assinam-contrato-para-triagem-de-lixo\/#webpage"},"isPartOf":{"@id":"https:\/\/www.encontraribeiraopreto.com.br\/sobre\/cooperativa-e-prefeitura-de-ribeirao-preto-assinam-contrato-para-triagem-de-lixo\/#webpage"},"articleSection":"Not\u00edcias Ribeir\u00e3o Preto, Servi\u00e7os Ribeir\u00e3o Preto, Ribeir\u00e3o Preto"},{"@type":"BreadcrumbList","@id":"https:\/\/www.encontraribeiraopreto.com.br\/sobre\/cooperativa-e-prefeitura-de-ribeirao-preto-assinam-contrato-para-triagem-de-lixo\/#breadcrumblist","itemListElement":[{"@type":"ListItem","@id":"https:\/\/www.encontraribeiraopreto.com.br\/sobre#listItem","position":1,"name":"In\u00edcio","item":"https:\/\/www.encontraribeiraopreto.com.br\/sobre","nextItem":{"@type":"ListItem","@id":"https:\/\/www.encontraribeiraopreto.com.br\/sobre\/noticias-em-ribeirao-preto\/#listItem","name":"Not\u00edcias Ribeir\u00e3o Preto"}},{"@type":"ListItem","@id":"https:\/\/www.encontraribeiraopreto.com.br\/sobre\/noticias-em-ribeirao-preto\/#listItem","position":2,"name":"Not\u00edcias Ribeir\u00e3o Preto","item":"https:\/\/www.encontraribeiraopreto.com.br\/sobre\/noticias-em-ribeirao-preto\/","nextItem":{"@type":"ListItem","@id":"https:\/\/www.encontraribeiraopreto.com.br\/sobre\/cooperativa-e-prefeitura-de-ribeirao-preto-assinam-contrato-para-triagem-de-lixo\/#listItem","name":"Cooperativa e Prefeitura de Ribeir\u00e3o Preto assinam contrato para triagem de lixo"},"previousItem":{"@type":"ListItem","@id":"https:\/\/www.encontraribeiraopreto.com.br\/sobre#listItem","name":"In\u00edcio"}},{"@type":"ListItem","@id":"https:\/\/www.encontraribeiraopreto.com.br\/sobre\/cooperativa-e-prefeitura-de-ribeirao-preto-assinam-contrato-para-triagem-de-lixo\/#listItem","position":3,"name":"Cooperativa e Prefeitura de Ribeir\u00e3o Preto assinam contrato para triagem de lixo","previousItem":{"@type":"ListItem","@id":"https:\/\/www.encontraribeiraopreto.com.br\/sobre\/noticias-em-ribeirao-preto\/#listItem","name":"Not\u00edcias Ribeir\u00e3o Preto"}}]},{"@type":"Organization","@id":"https:\/\/www.encontraribeiraopreto.com.br\/sobre\/#organization","name":"Encontra Ribeir\u00e3o Preto","description":"Not\u00edcias, eventos, informa\u00e7\u00f5es e dicas na cidade Ribeir\u00e3o Preto e regi\u00e3o.","url":"https:\/\/www.encontraribeiraopreto.com.br\/sobre\/"},{"@type":"Person","@id":"https:\/\/www.encontraribeiraopreto.com.br\/sobre\/author\/eribeiraopreto\/#author","url":"https:\/\/www.encontraribeiraopreto.com.br\/sobre\/author\/eribeiraopreto\/","name":"Encontra Ribeir\u00e3o Preto","image":{"@type":"ImageObject","@id":"https:\/\/www.encontraribeiraopreto.com.br\/sobre\/cooperativa-e-prefeitura-de-ribeirao-preto-assinam-contrato-para-triagem-de-lixo\/#authorImage","url":"https:\/\/secure.gravatar.com\/avatar\/507340682b8270222e1f208e23198b6ae7e2c6a1033ae84e99bc6bce4f82a387?s=96&d=mm&r=g","width":96,"height":96,"caption":"Encontra Ribeir\u00e3o Preto"}},{"@type":"WebPage","@id":"https:\/\/www.encontraribeiraopreto.com.br\/sobre\/cooperativa-e-prefeitura-de-ribeirao-preto-assinam-contrato-para-triagem-de-lixo\/#webpage","url":"https:\/\/www.encontraribeiraopreto.com.br\/sobre\/cooperativa-e-prefeitura-de-ribeirao-preto-assinam-contrato-para-triagem-de-lixo\/","name":"Cooperativa e Prefeitura de Ribeir\u00e3o Preto assinam contrato para triagem de lixo - Encontra Ribeir\u00e3o Preto","description":"A Cooperativa \u201cM\u00e3os Dadas\u201d e a Prefeitura entraram em um consenso e assinaram na segunda-feira (1\u00ba) um contrato para remunerar o servi\u00e7o de triagem de lixo recicl\u00e1vel em Ribeir\u00e3o Preto (SP). O acordo foi firmado no Minist\u00e9rio P\u00fablico durante uma reuni\u00e3o entre representantes da administra\u00e7\u00e3o municipal e da entidade quatro dias ap\u00f3s uma manifesta\u00e7\u00e3o de catadores de","inLanguage":"pt-BR","isPartOf":{"@id":"https:\/\/www.encontraribeiraopreto.com.br\/sobre\/#website"},"breadcrumb":{"@id":"https:\/\/www.encontraribeiraopreto.com.br\/sobre\/cooperativa-e-prefeitura-de-ribeirao-preto-assinam-contrato-para-triagem-de-lixo\/#breadcrumblist"},"author":{"@id":"https:\/\/www.encontraribeiraopreto.com.br\/sobre\/author\/eribeiraopreto\/#author"},"creator":{"@id":"https:\/\/www.encontraribeiraopreto.com.br\/sobre\/author\/eribeiraopreto\/#author"},"datePublished":"2013-07-03T00:01:08-03:00","dateModified":"2019-04-15T11:24:00-03:00"},{"@type":"WebSite","@id":"https:\/\/www.encontraribeiraopreto.com.br\/sobre\/#website","url":"https:\/\/www.encontraribeiraopreto.com.br\/sobre\/","name":"Encontra Ribeir\u00e3o Preto","description":"Not\u00edcias, eventos, informa\u00e7\u00f5es e dicas na cidade Ribeir\u00e3o Preto e regi\u00e3o.","inLanguage":"pt-BR","publisher":{"@id":"https:\/\/www.encontraribeiraopreto.com.br\/sobre\/#organization"}}]},"og:locale":"pt_BR","og:site_name":"Encontra Ribeir\u00e3o Preto - Not\u00edcias, eventos, informa\u00e7\u00f5es e dicas na cidade Ribeir\u00e3o Preto e regi\u00e3o.","og:type":"article","og:title":"Cooperativa e Prefeitura de Ribeir\u00e3o Preto assinam contrato para triagem de lixo - Encontra Ribeir\u00e3o Preto","og:description":"A Cooperativa \u201cM\u00e3os Dadas\u201d e a Prefeitura entraram em um consenso e assinaram na segunda-feira (1\u00ba) um contrato para remunerar o servi\u00e7o de triagem de lixo recicl\u00e1vel em Ribeir\u00e3o Preto (SP). O acordo foi firmado no Minist\u00e9rio P\u00fablico durante uma reuni\u00e3o entre representantes da administra\u00e7\u00e3o municipal e da entidade quatro dias ap\u00f3s uma manifesta\u00e7\u00e3o de catadores de","og:url":"https:\/\/www.encontraribeiraopreto.com.br\/sobre\/cooperativa-e-prefeitura-de-ribeirao-preto-assinam-contrato-para-triagem-de-lixo\/","article:published_time":"2013-07-03T03:01:08+00:00","article:modified_time":"2019-04-15T14:24:00+00:00","twitter:card":"summary_large_image","twitter:title":"Cooperativa e Prefeitura de Ribeir\u00e3o Preto assinam contrato para triagem de lixo - Encontra Ribeir\u00e3o Preto","twitter:description":"A Cooperativa \u201cM\u00e3os Dadas\u201d e a Prefeitura entraram em um consenso e assinaram na segunda-feira (1\u00ba) um contrato para remunerar o servi\u00e7o de triagem de lixo recicl\u00e1vel em Ribeir\u00e3o Preto (SP). O acordo foi firmado no Minist\u00e9rio P\u00fablico durante uma reuni\u00e3o entre representantes da administra\u00e7\u00e3o municipal e da entidade quatro dias ap\u00f3s uma manifesta\u00e7\u00e3o de catadores de"},"aioseo_meta_data":{"post_id":"2867","title":null,"description":null,"keywords":null,"keyphrases":null,"primary_term":null,"canonical_url":null,"og_title":null,"og_description":null,"og_object_type":"default","og_image_type":"default","og_image_url":null,"og_image_width":null,"og_image_height":null,"og_image_custom_url":null,"og_image_custom_fields":null,"og_video":null,"og_custom_url":null,"og_article_section":null,"og_article_tags":null,"twitter_use_og":false,"twitter_card":"default","twitter_image_type":"default","twitter_image_url":null,"twitter_image_custom_url":null,"twitter_image_custom_fields":null,"twitter_title":null,"twitter_description":null,"schema":{"blockGraphs":[],"customGraphs":[],"default":{"data":{"Article":[],"Course":[],"Dataset":[],"FAQPage":[],"Movie":[],"Person":[],"Product":[],"ProductReview":[],"Car":[],"Recipe":[],"Service":[],"SoftwareApplication":[],"WebPage":[]},"graphName":"BlogPosting","isEnabled":true},"graphs":[]},"schema_type":null,"schema_type_options":null,"pillar_content":false,"robots_default":true,"robots_noindex":false,"robots_noarchive":false,"robots_nosnippet":false,"robots_nofollow":false,"robots_noimageindex":false,"robots_noodp":false,"robots_notranslate":false,"robots_max_snippet":null,"robots_max_videopreview":null,"robots_max_imagepreview":"large","priority":null,"frequency":null,"local_seo":null,"limit_modified_date":false,"created":"2021-02-24 17:21:52","updated":"2023-03-05 14:37:01","focus_keyword":null,"additional_keywords":null,"truseo_locale":null,"ai":null,"breadcrumb_settings":null,"seo_analyzer_scan_date":null},"aioseo_breadcrumb":"<div class=\"aioseo-breadcrumbs\"><span class=\"aioseo-breadcrumb\">\n\t\t\t<a href=\"https:\/\/www.encontraribeiraopreto.com.br\/sobre\" title=\"In\u00edcio\">In\u00edcio<\/a>\n\t\t<\/span><span class=\"aioseo-breadcrumb-separator\">&raquo;<\/span><span class=\"aioseo-breadcrumb\">\n\t\t\t<a href=\"https:\/\/www.encontraribeiraopreto.com.br\/sobre\/noticias-em-ribeirao-preto\/\" title=\"Not\u00edcias Ribeir\u00e3o Preto\">Not\u00edcias Ribeir\u00e3o Preto<\/a>\n\t\t<\/span><span class=\"aioseo-breadcrumb-separator\">&raquo;<\/span><span class=\"aioseo-breadcrumb\">\n\t\t\tCooperativa e Prefeitura de Ribeir\u00e3o Preto assinam contrato para triagem de lixo\n\t\t<\/span><\/div>","aioseo_breadcrumb_json":[{"label":"In\u00edcio","link":"https:\/\/www.encontraribeiraopreto.com.br\/sobre"},{"label":"Not\u00edcias Ribeir\u00e3o Preto","link":"https:\/\/www.encontraribeiraopreto.com.br\/sobre\/noticias-em-ribeirao-preto\/"},{"label":"Cooperativa e Prefeitura de Ribeir\u00e3o Preto assinam contrato para triagem de lixo","link":"https:\/\/www.encontraribeiraopreto.com.br\/sobre\/cooperativa-e-prefeitura-de-ribeirao-preto-assinam-contrato-para-triagem-de-lixo\/"}],"_links":{"self":[{"href":"https:\/\/www.encontraribeiraopreto.com.br\/sobre\/wp-json\/wp\/v2\/posts\/2867","targetHints":{"allow":["GET"]}}],"collection":[{"href":"https:\/\/www.encontraribeiraopreto.com.br\/sobre\/wp-json\/wp\/v2\/posts"}],"about":[{"href":"https:\/\/www.encontraribeiraopreto.com.br\/sobre\/wp-json\/wp\/v2\/types\/post"}],"author":[{"embeddable":true,"href":"https:\/\/www.encontraribeiraopreto.com.br\/sobre\/wp-json\/wp\/v2\/users\/1"}],"replies":[{"embeddable":true,"href":"https:\/\/www.encontraribeiraopreto.com.br\/sobre\/wp-json\/wp\/v2\/comments?post=2867"}],"version-history":[{"count":0,"href":"https:\/\/www.encontraribeiraopreto.com.br\/sobre\/wp-json\/wp\/v2\/posts\/2867\/revisions"}],"wp:attachment":[{"href":"https:\/\/www.encontraribeiraopreto.com.br\/sobre\/wp-json\/wp\/v2\/media?parent=2867"}],"wp:term":[{"taxonomy":"category","embeddable":true,"href":"https:\/\/www.encontraribeiraopreto.com.br\/sobre\/wp-json\/wp\/v2\/categories?post=2867"},{"taxonomy":"post_tag","embeddable":true,"href":"https:\/\/www.encontraribeiraopreto.com.br\/sobre\/wp-json\/wp\/v2\/tags?post=2867"}],"curies":[{"name":"wp","href":"https:\/\/api.w.org\/{rel}","templated":true}]}}