{"id":2941,"date":"2013-10-30T08:02:14","date_gmt":"2013-10-30T11:02:14","guid":{"rendered":"http:\/\/www.encontraribeiraopreto.com.br\/noticias\/?p=2941"},"modified":"2019-04-15T11:23:57","modified_gmt":"2019-04-15T14:23:57","slug":"ribeirao-preto-tera-musica-e-teatro-todas-as-semanas-de-novembro","status":"publish","type":"post","link":"https:\/\/www.encontraribeiraopreto.com.br\/sobre\/ribeirao-preto-tera-musica-e-teatro-todas-as-semanas-de-novembro\/","title":{"rendered":"Ribeir\u00e3o Preto ter\u00e1 m\u00fasica e teatro todas as semanas de novembro"},"content":{"rendered":"<div class=\"cd7ef838bed10b2b4567f853226bc383\" data-index=\"1\" style=\"float: none; margin:0px;\">\n<!-- Anuncio display - global -->\r\n<ins class=\"adsbygoogle\"\r\n     style=\"display:block\"\r\n     data-ad-client=\"ca-pub-8585364105181520\"\r\n     data-ad-slot=\"8789329856\"\r\n     data-ad-format=\"auto\"\r\n     data-full-width-responsive=\"true\"><\/ins>\r\n<script>\r\n     (adsbygoogle = window.adsbygoogle || []).push({});\r\n<\/script>\r\n\n<\/div>\n<p>O Shopping Center Iguatemi Ribeir\u00e3o Preto ter\u00e1 uma programa\u00e7\u00e3o cultural especial em novembro com atra\u00e7\u00f5es para toda fam\u00edlia. Al\u00e9m da exposi\u00e7\u00e3o itinerante &#8220;Corpo Humano Real e Surpreendente&#8221;, que segue at\u00e9 o final de dezembro, o centro de compras tem agenda fixa de eventos musicais todas as ter\u00e7as, quintas e sextas-feiras, al\u00e9m do projeto &#8220;Domingo \u00e9 Dia de Teatro&#8221;, voltado ao p\u00fablico infantil.<\/p>\n<p>Os tr\u00eas projetos musicais \u201cIguatemi Live Pan\u201d (ter\u00e7as-feiras), \u201cIguatemi Sounds\u201d (quintas-feiras) e \u201cSound Open Air\u201d (sextas-feiras), acontecem no Open Mall do shopping e t\u00eam entrada gratuita. Abaixo a programa\u00e7\u00e3o do m\u00eas:<\/p>\n<p>\u201cIguatemi Live Pan\u201d \u2013 O projeto acontece das 20h \u00e0s 22h, e conta com a presen\u00e7a de locutores da r\u00e1dio e da banda Social House Club, conhecida por seu estilo ecl\u00e9tico que une tecnologia, instrumentos org\u00e2nicos e vocais.<\/p>\n<p>\u201cIguatemi Sounds\u201d &#8211; Das 19h \u00e0s 22h, o projeto recebe\u00a0 DJs residentes da casa noturna Kiss&amp;Fly. Em novembro, as presen\u00e7as confirmadas s\u00e3o: Z\u00e9 Eduardo Ricciardi (07\/11), Ricardo Pazos (14\/11), Matheus Dressler (21\/11) e Tauan Miratti (28\/11).<\/p>\n<p>\u201cSound Open Air\u201d \u2013 O projeto recebe m\u00fasicos de Ribeir\u00e3o e regi\u00e3o com shows das 19h \u00e0s 22h. As atra\u00e7\u00f5es do m\u00eas s\u00e3o Tiago Santos (01\/11), Banda Composto Ativo (08\/11), Fernando Pacchioni (15\/11), Trio Machado (22\/11) e Tamanco Malandro (29\/11).<\/p>\n<p>J\u00e1 o projeto \u201cDomingo \u00e9 Dia de Teatro\u201d, que tem como objetivo despertar as crian\u00e7as para a arte do teatro e da literatura, acontece todos os domingos a partir das 17h no Open Mall e tamb\u00e9m tem entrada gratuita.\u00a0 As pe\u00e7as em cartaz nas pr\u00f3ximas semanas s\u00e3o:<\/p>\n<p>&#8211; 03 de novembro &#8211; Japim cantava bonito como ele s\u00f3 \u2013 Cia Palavras do Conto<\/p>\n<p>&#8211; 10 de novembro &#8211; Z\u00e9 e Caramelo contam o casamento da dona baratinha<\/p>\n<p>&#8211; 17 de novembro &#8211; Jo\u00e3o Jil\u00f3 &#8211; Cia Palavras do Conto<\/p>\n<p>&#8211; 24 de novembro &#8211; A caixa de Natal<\/p>\n\n<div style=\"font-size: 0px; height: 0px; line-height: 0px; margin: 0; padding: 0; clear: both;\"><\/div>","protected":false},"excerpt":{"rendered":"<p>O Shopping Center Iguatemi Ribeir\u00e3o Preto ter\u00e1 uma programa\u00e7\u00e3o cultural especial em novembro com atra\u00e7\u00f5es para toda fam\u00edlia. Al\u00e9m da exposi\u00e7\u00e3o itinerante &#8220;Corpo Humano Real e Surpreendente&#8221;, que segue at\u00e9 o final de dezembro, o centro de compras tem agenda fixa de eventos musicais todas as ter\u00e7as, quintas e sextas-feiras, al\u00e9m do projeto &#8220;Domingo \u00e9 Dia de Teatro&#8221;, voltado ao p\u00fablico infantil. Os tr\u00eas projetos musicais \u201cIguatemi Live Pan\u201d (ter\u00e7as-feiras), \u201cIguatemi Sounds\u201d (quintas-feiras) e \u201cSound Open Air\u201d (sextas-feiras), acontecem no Open Mall do shopping e t\u00eam entrada gratuita. Abaixo a programa\u00e7\u00e3o do m\u00eas: \u201cIguatemi Live Pan\u201d \u2013 O projeto acontece <\/p>\n","protected":false},"author":1,"featured_media":0,"comment_status":"open","ping_status":"closed","sticky":false,"template":"","format":"standard","meta":{"footnotes":""},"categories":[6],"tags":[],"class_list":["post-2941","post","type-post","status-publish","format-standard","hentry","category-noticias-em-ribeirao-preto"],"aioseo_notices":[],"aioseo_head":"\n\t\t<!-- All in One SEO 5.0.0.1 - aioseo.com -->\n\t<meta name=\"description\" content=\"O Shopping Center Iguatemi Ribeir\u00e3o Preto ter\u00e1 uma programa\u00e7\u00e3o cultural especial em novembro com atra\u00e7\u00f5es para toda fam\u00edlia. Al\u00e9m da exposi\u00e7\u00e3o itinerante &quot;Corpo Humano Real e Surpreendente&quot;, que segue at\u00e9 o final de dezembro, o centro de compras tem agenda fixa de eventos musicais todas as ter\u00e7as, quintas e sextas-feiras, al\u00e9m do projeto &quot;Domingo \u00e9\" \/>\n\t<meta name=\"robots\" content=\"max-image-preview:large\" \/>\n\t<meta name=\"author\" content=\"Encontra Ribeir\u00e3o Preto\"\/>\n\t<link rel=\"canonical\" href=\"https:\/\/www.encontraribeiraopreto.com.br\/sobre\/ribeirao-preto-tera-musica-e-teatro-todas-as-semanas-de-novembro\/\" \/>\n\t<meta name=\"generator\" content=\"All in One SEO (AIOSEO) 5.0.0.1\" \/>\n\t\t<meta property=\"og:locale\" content=\"pt_BR\" \/>\n\t\t<meta property=\"og:site_name\" content=\"Encontra Ribeir\u00e3o Preto - Not\u00edcias, eventos, informa\u00e7\u00f5es e dicas na cidade Ribeir\u00e3o Preto e regi\u00e3o.\" \/>\n\t\t<meta property=\"og:type\" content=\"article\" \/>\n\t\t<meta property=\"og:title\" content=\"Ribeir\u00e3o Preto ter\u00e1 m\u00fasica e teatro todas as semanas de novembro - Encontra Ribeir\u00e3o Preto\" \/>\n\t\t<meta property=\"og:description\" content=\"O Shopping Center Iguatemi Ribeir\u00e3o Preto ter\u00e1 uma programa\u00e7\u00e3o cultural especial em novembro com atra\u00e7\u00f5es para toda fam\u00edlia. Al\u00e9m da exposi\u00e7\u00e3o itinerante &quot;Corpo Humano Real e Surpreendente&quot;, que segue at\u00e9 o final de dezembro, o centro de compras tem agenda fixa de eventos musicais todas as ter\u00e7as, quintas e sextas-feiras, al\u00e9m do projeto &quot;Domingo \u00e9\" \/>\n\t\t<meta property=\"og:url\" content=\"https:\/\/www.encontraribeiraopreto.com.br\/sobre\/ribeirao-preto-tera-musica-e-teatro-todas-as-semanas-de-novembro\/\" \/>\n\t\t<meta property=\"article:published_time\" content=\"2013-10-30T11:02:14+00:00\" \/>\n\t\t<meta property=\"article:modified_time\" content=\"2019-04-15T14:23:57+00:00\" \/>\n\t\t<meta name=\"twitter:card\" content=\"summary_large_image\" \/>\n\t\t<meta name=\"twitter:title\" content=\"Ribeir\u00e3o Preto ter\u00e1 m\u00fasica e teatro todas as semanas de novembro - Encontra Ribeir\u00e3o Preto\" \/>\n\t\t<meta name=\"twitter:description\" content=\"O Shopping Center Iguatemi Ribeir\u00e3o Preto ter\u00e1 uma programa\u00e7\u00e3o cultural especial em novembro com atra\u00e7\u00f5es para toda fam\u00edlia. Al\u00e9m da exposi\u00e7\u00e3o itinerante &quot;Corpo Humano Real e Surpreendente&quot;, que segue at\u00e9 o final de dezembro, o centro de compras tem agenda fixa de eventos musicais todas as ter\u00e7as, quintas e sextas-feiras, al\u00e9m do projeto &quot;Domingo \u00e9\" \/>\n\t\t<script type=\"application\/ld+json\" class=\"aioseo-schema\">\n\t\t\t{\"@context\":\"https:\\\/\\\/schema.org\",\"@graph\":[{\"@type\":\"BlogPosting\",\"@id\":\"https:\\\/\\\/www.encontraribeiraopreto.com.br\\\/sobre\\\/ribeirao-preto-tera-musica-e-teatro-todas-as-semanas-de-novembro\\\/#blogposting\",\"name\":\"Ribeir\\u00e3o Preto ter\\u00e1 m\\u00fasica e teatro todas as semanas de novembro - Encontra Ribeir\\u00e3o Preto\",\"headline\":\"Ribeir\\u00e3o Preto ter\\u00e1 m\\u00fasica e teatro todas as semanas de novembro\",\"author\":{\"@id\":\"https:\\\/\\\/www.encontraribeiraopreto.com.br\\\/sobre\\\/author\\\/eribeiraopreto\\\/#author\"},\"publisher\":{\"@id\":\"https:\\\/\\\/www.encontraribeiraopreto.com.br\\\/sobre\\\/#organization\"},\"datePublished\":\"2013-10-30T08:02:14-03:00\",\"dateModified\":\"2019-04-15T11:23:57-03:00\",\"inLanguage\":\"pt-BR\",\"mainEntityOfPage\":{\"@id\":\"https:\\\/\\\/www.encontraribeiraopreto.com.br\\\/sobre\\\/ribeirao-preto-tera-musica-e-teatro-todas-as-semanas-de-novembro\\\/#webpage\"},\"isPartOf\":{\"@id\":\"https:\\\/\\\/www.encontraribeiraopreto.com.br\\\/sobre\\\/ribeirao-preto-tera-musica-e-teatro-todas-as-semanas-de-novembro\\\/#webpage\"},\"articleSection\":\"Not\\u00edcias Ribeir\\u00e3o Preto\"},{\"@type\":\"BreadcrumbList\",\"@id\":\"https:\\\/\\\/www.encontraribeiraopreto.com.br\\\/sobre\\\/ribeirao-preto-tera-musica-e-teatro-todas-as-semanas-de-novembro\\\/#breadcrumblist\",\"itemListElement\":[{\"@type\":\"ListItem\",\"@id\":\"https:\\\/\\\/www.encontraribeiraopreto.com.br\\\/sobre#listItem\",\"position\":1,\"name\":\"In\\u00edcio\",\"item\":\"https:\\\/\\\/www.encontraribeiraopreto.com.br\\\/sobre\",\"nextItem\":{\"@type\":\"ListItem\",\"@id\":\"https:\\\/\\\/www.encontraribeiraopreto.com.br\\\/sobre\\\/noticias-em-ribeirao-preto\\\/#listItem\",\"name\":\"Not\\u00edcias Ribeir\\u00e3o Preto\"}},{\"@type\":\"ListItem\",\"@id\":\"https:\\\/\\\/www.encontraribeiraopreto.com.br\\\/sobre\\\/noticias-em-ribeirao-preto\\\/#listItem\",\"position\":2,\"name\":\"Not\\u00edcias Ribeir\\u00e3o Preto\",\"item\":\"https:\\\/\\\/www.encontraribeiraopreto.com.br\\\/sobre\\\/noticias-em-ribeirao-preto\\\/\",\"nextItem\":{\"@type\":\"ListItem\",\"@id\":\"https:\\\/\\\/www.encontraribeiraopreto.com.br\\\/sobre\\\/ribeirao-preto-tera-musica-e-teatro-todas-as-semanas-de-novembro\\\/#listItem\",\"name\":\"Ribeir\\u00e3o Preto ter\\u00e1 m\\u00fasica e teatro todas as semanas de novembro\"},\"previousItem\":{\"@type\":\"ListItem\",\"@id\":\"https:\\\/\\\/www.encontraribeiraopreto.com.br\\\/sobre#listItem\",\"name\":\"In\\u00edcio\"}},{\"@type\":\"ListItem\",\"@id\":\"https:\\\/\\\/www.encontraribeiraopreto.com.br\\\/sobre\\\/ribeirao-preto-tera-musica-e-teatro-todas-as-semanas-de-novembro\\\/#listItem\",\"position\":3,\"name\":\"Ribeir\\u00e3o Preto ter\\u00e1 m\\u00fasica e teatro todas as semanas de novembro\",\"previousItem\":{\"@type\":\"ListItem\",\"@id\":\"https:\\\/\\\/www.encontraribeiraopreto.com.br\\\/sobre\\\/noticias-em-ribeirao-preto\\\/#listItem\",\"name\":\"Not\\u00edcias Ribeir\\u00e3o Preto\"}}]},{\"@type\":\"Organization\",\"@id\":\"https:\\\/\\\/www.encontraribeiraopreto.com.br\\\/sobre\\\/#organization\",\"name\":\"Encontra Ribeir\\u00e3o Preto\",\"description\":\"Not\\u00edcias, eventos, informa\\u00e7\\u00f5es e dicas na cidade Ribeir\\u00e3o Preto e regi\\u00e3o.\",\"url\":\"https:\\\/\\\/www.encontraribeiraopreto.com.br\\\/sobre\\\/\"},{\"@type\":\"Person\",\"@id\":\"https:\\\/\\\/www.encontraribeiraopreto.com.br\\\/sobre\\\/author\\\/eribeiraopreto\\\/#author\",\"url\":\"https:\\\/\\\/www.encontraribeiraopreto.com.br\\\/sobre\\\/author\\\/eribeiraopreto\\\/\",\"name\":\"Encontra Ribeir\\u00e3o Preto\",\"image\":{\"@type\":\"ImageObject\",\"@id\":\"https:\\\/\\\/www.encontraribeiraopreto.com.br\\\/sobre\\\/ribeirao-preto-tera-musica-e-teatro-todas-as-semanas-de-novembro\\\/#authorImage\",\"url\":\"https:\\\/\\\/secure.gravatar.com\\\/avatar\\\/507340682b8270222e1f208e23198b6ae7e2c6a1033ae84e99bc6bce4f82a387?s=96&d=mm&r=g\",\"width\":96,\"height\":96,\"caption\":\"Encontra Ribeir\\u00e3o Preto\"}},{\"@type\":\"WebPage\",\"@id\":\"https:\\\/\\\/www.encontraribeiraopreto.com.br\\\/sobre\\\/ribeirao-preto-tera-musica-e-teatro-todas-as-semanas-de-novembro\\\/#webpage\",\"url\":\"https:\\\/\\\/www.encontraribeiraopreto.com.br\\\/sobre\\\/ribeirao-preto-tera-musica-e-teatro-todas-as-semanas-de-novembro\\\/\",\"name\":\"Ribeir\\u00e3o Preto ter\\u00e1 m\\u00fasica e teatro todas as semanas de novembro - Encontra Ribeir\\u00e3o Preto\",\"description\":\"O Shopping Center Iguatemi Ribeir\\u00e3o Preto ter\\u00e1 uma programa\\u00e7\\u00e3o cultural especial em novembro com atra\\u00e7\\u00f5es para toda fam\\u00edlia. Al\\u00e9m da exposi\\u00e7\\u00e3o itinerante \\\"Corpo Humano Real e Surpreendente\\\", que segue at\\u00e9 o final de dezembro, o centro de compras tem agenda fixa de eventos musicais todas as ter\\u00e7as, quintas e sextas-feiras, al\\u00e9m do projeto \\\"Domingo \\u00e9\",\"inLanguage\":\"pt-BR\",\"isPartOf\":{\"@id\":\"https:\\\/\\\/www.encontraribeiraopreto.com.br\\\/sobre\\\/#website\"},\"breadcrumb\":{\"@id\":\"https:\\\/\\\/www.encontraribeiraopreto.com.br\\\/sobre\\\/ribeirao-preto-tera-musica-e-teatro-todas-as-semanas-de-novembro\\\/#breadcrumblist\"},\"author\":{\"@id\":\"https:\\\/\\\/www.encontraribeiraopreto.com.br\\\/sobre\\\/author\\\/eribeiraopreto\\\/#author\"},\"creator\":{\"@id\":\"https:\\\/\\\/www.encontraribeiraopreto.com.br\\\/sobre\\\/author\\\/eribeiraopreto\\\/#author\"},\"datePublished\":\"2013-10-30T08:02:14-03:00\",\"dateModified\":\"2019-04-15T11:23:57-03:00\"},{\"@type\":\"WebSite\",\"@id\":\"https:\\\/\\\/www.encontraribeiraopreto.com.br\\\/sobre\\\/#website\",\"url\":\"https:\\\/\\\/www.encontraribeiraopreto.com.br\\\/sobre\\\/\",\"name\":\"Encontra Ribeir\\u00e3o Preto\",\"description\":\"Not\\u00edcias, eventos, informa\\u00e7\\u00f5es e dicas na cidade Ribeir\\u00e3o Preto e regi\\u00e3o.\",\"inLanguage\":\"pt-BR\",\"publisher\":{\"@id\":\"https:\\\/\\\/www.encontraribeiraopreto.com.br\\\/sobre\\\/#organization\"}}]}\n\t\t<\/script>\n\t\t<!-- All in One SEO -->\n\n","aioseo_head_json":{"title":"Ribeir\u00e3o Preto ter\u00e1 m\u00fasica e teatro todas as semanas de novembro - Encontra Ribeir\u00e3o Preto","description":"O Shopping Center Iguatemi Ribeir\u00e3o Preto ter\u00e1 uma programa\u00e7\u00e3o cultural especial em novembro com atra\u00e7\u00f5es para toda fam\u00edlia. Al\u00e9m da exposi\u00e7\u00e3o itinerante \"Corpo Humano Real e Surpreendente\", que segue at\u00e9 o final de dezembro, o centro de compras tem agenda fixa de eventos musicais todas as ter\u00e7as, quintas e sextas-feiras, al\u00e9m do projeto \"Domingo \u00e9","canonical_url":"https:\/\/www.encontraribeiraopreto.com.br\/sobre\/ribeirao-preto-tera-musica-e-teatro-todas-as-semanas-de-novembro\/","robots":"max-image-preview:large","keywords":"","webmasterTools":{"miscellaneous":""},"schema":{"@context":"https:\/\/schema.org","@graph":[{"@type":"BlogPosting","@id":"https:\/\/www.encontraribeiraopreto.com.br\/sobre\/ribeirao-preto-tera-musica-e-teatro-todas-as-semanas-de-novembro\/#blogposting","name":"Ribeir\u00e3o Preto ter\u00e1 m\u00fasica e teatro todas as semanas de novembro - Encontra Ribeir\u00e3o Preto","headline":"Ribeir\u00e3o Preto ter\u00e1 m\u00fasica e teatro todas as semanas de novembro","author":{"@id":"https:\/\/www.encontraribeiraopreto.com.br\/sobre\/author\/eribeiraopreto\/#author"},"publisher":{"@id":"https:\/\/www.encontraribeiraopreto.com.br\/sobre\/#organization"},"datePublished":"2013-10-30T08:02:14-03:00","dateModified":"2019-04-15T11:23:57-03:00","inLanguage":"pt-BR","mainEntityOfPage":{"@id":"https:\/\/www.encontraribeiraopreto.com.br\/sobre\/ribeirao-preto-tera-musica-e-teatro-todas-as-semanas-de-novembro\/#webpage"},"isPartOf":{"@id":"https:\/\/www.encontraribeiraopreto.com.br\/sobre\/ribeirao-preto-tera-musica-e-teatro-todas-as-semanas-de-novembro\/#webpage"},"articleSection":"Not\u00edcias Ribeir\u00e3o Preto"},{"@type":"BreadcrumbList","@id":"https:\/\/www.encontraribeiraopreto.com.br\/sobre\/ribeirao-preto-tera-musica-e-teatro-todas-as-semanas-de-novembro\/#breadcrumblist","itemListElement":[{"@type":"ListItem","@id":"https:\/\/www.encontraribeiraopreto.com.br\/sobre#listItem","position":1,"name":"In\u00edcio","item":"https:\/\/www.encontraribeiraopreto.com.br\/sobre","nextItem":{"@type":"ListItem","@id":"https:\/\/www.encontraribeiraopreto.com.br\/sobre\/noticias-em-ribeirao-preto\/#listItem","name":"Not\u00edcias Ribeir\u00e3o Preto"}},{"@type":"ListItem","@id":"https:\/\/www.encontraribeiraopreto.com.br\/sobre\/noticias-em-ribeirao-preto\/#listItem","position":2,"name":"Not\u00edcias Ribeir\u00e3o Preto","item":"https:\/\/www.encontraribeiraopreto.com.br\/sobre\/noticias-em-ribeirao-preto\/","nextItem":{"@type":"ListItem","@id":"https:\/\/www.encontraribeiraopreto.com.br\/sobre\/ribeirao-preto-tera-musica-e-teatro-todas-as-semanas-de-novembro\/#listItem","name":"Ribeir\u00e3o Preto ter\u00e1 m\u00fasica e teatro todas as semanas de novembro"},"previousItem":{"@type":"ListItem","@id":"https:\/\/www.encontraribeiraopreto.com.br\/sobre#listItem","name":"In\u00edcio"}},{"@type":"ListItem","@id":"https:\/\/www.encontraribeiraopreto.com.br\/sobre\/ribeirao-preto-tera-musica-e-teatro-todas-as-semanas-de-novembro\/#listItem","position":3,"name":"Ribeir\u00e3o Preto ter\u00e1 m\u00fasica e teatro todas as semanas de novembro","previousItem":{"@type":"ListItem","@id":"https:\/\/www.encontraribeiraopreto.com.br\/sobre\/noticias-em-ribeirao-preto\/#listItem","name":"Not\u00edcias Ribeir\u00e3o Preto"}}]},{"@type":"Organization","@id":"https:\/\/www.encontraribeiraopreto.com.br\/sobre\/#organization","name":"Encontra Ribeir\u00e3o Preto","description":"Not\u00edcias, eventos, informa\u00e7\u00f5es e dicas na cidade Ribeir\u00e3o Preto e regi\u00e3o.","url":"https:\/\/www.encontraribeiraopreto.com.br\/sobre\/"},{"@type":"Person","@id":"https:\/\/www.encontraribeiraopreto.com.br\/sobre\/author\/eribeiraopreto\/#author","url":"https:\/\/www.encontraribeiraopreto.com.br\/sobre\/author\/eribeiraopreto\/","name":"Encontra Ribeir\u00e3o Preto","image":{"@type":"ImageObject","@id":"https:\/\/www.encontraribeiraopreto.com.br\/sobre\/ribeirao-preto-tera-musica-e-teatro-todas-as-semanas-de-novembro\/#authorImage","url":"https:\/\/secure.gravatar.com\/avatar\/507340682b8270222e1f208e23198b6ae7e2c6a1033ae84e99bc6bce4f82a387?s=96&d=mm&r=g","width":96,"height":96,"caption":"Encontra Ribeir\u00e3o Preto"}},{"@type":"WebPage","@id":"https:\/\/www.encontraribeiraopreto.com.br\/sobre\/ribeirao-preto-tera-musica-e-teatro-todas-as-semanas-de-novembro\/#webpage","url":"https:\/\/www.encontraribeiraopreto.com.br\/sobre\/ribeirao-preto-tera-musica-e-teatro-todas-as-semanas-de-novembro\/","name":"Ribeir\u00e3o Preto ter\u00e1 m\u00fasica e teatro todas as semanas de novembro - Encontra Ribeir\u00e3o Preto","description":"O Shopping Center Iguatemi Ribeir\u00e3o Preto ter\u00e1 uma programa\u00e7\u00e3o cultural especial em novembro com atra\u00e7\u00f5es para toda fam\u00edlia. Al\u00e9m da exposi\u00e7\u00e3o itinerante \"Corpo Humano Real e Surpreendente\", que segue at\u00e9 o final de dezembro, o centro de compras tem agenda fixa de eventos musicais todas as ter\u00e7as, quintas e sextas-feiras, al\u00e9m do projeto \"Domingo \u00e9","inLanguage":"pt-BR","isPartOf":{"@id":"https:\/\/www.encontraribeiraopreto.com.br\/sobre\/#website"},"breadcrumb":{"@id":"https:\/\/www.encontraribeiraopreto.com.br\/sobre\/ribeirao-preto-tera-musica-e-teatro-todas-as-semanas-de-novembro\/#breadcrumblist"},"author":{"@id":"https:\/\/www.encontraribeiraopreto.com.br\/sobre\/author\/eribeiraopreto\/#author"},"creator":{"@id":"https:\/\/www.encontraribeiraopreto.com.br\/sobre\/author\/eribeiraopreto\/#author"},"datePublished":"2013-10-30T08:02:14-03:00","dateModified":"2019-04-15T11:23:57-03:00"},{"@type":"WebSite","@id":"https:\/\/www.encontraribeiraopreto.com.br\/sobre\/#website","url":"https:\/\/www.encontraribeiraopreto.com.br\/sobre\/","name":"Encontra Ribeir\u00e3o Preto","description":"Not\u00edcias, eventos, informa\u00e7\u00f5es e dicas na cidade Ribeir\u00e3o Preto e regi\u00e3o.","inLanguage":"pt-BR","publisher":{"@id":"https:\/\/www.encontraribeiraopreto.com.br\/sobre\/#organization"}}]},"og:locale":"pt_BR","og:site_name":"Encontra Ribeir\u00e3o Preto - Not\u00edcias, eventos, informa\u00e7\u00f5es e dicas na cidade Ribeir\u00e3o Preto e regi\u00e3o.","og:type":"article","og:title":"Ribeir\u00e3o Preto ter\u00e1 m\u00fasica e teatro todas as semanas de novembro - Encontra Ribeir\u00e3o Preto","og:description":"O Shopping Center Iguatemi Ribeir\u00e3o Preto ter\u00e1 uma programa\u00e7\u00e3o cultural especial em novembro com atra\u00e7\u00f5es para toda fam\u00edlia. Al\u00e9m da exposi\u00e7\u00e3o itinerante &quot;Corpo Humano Real e Surpreendente&quot;, que segue at\u00e9 o final de dezembro, o centro de compras tem agenda fixa de eventos musicais todas as ter\u00e7as, quintas e sextas-feiras, al\u00e9m do projeto &quot;Domingo \u00e9","og:url":"https:\/\/www.encontraribeiraopreto.com.br\/sobre\/ribeirao-preto-tera-musica-e-teatro-todas-as-semanas-de-novembro\/","article:published_time":"2013-10-30T11:02:14+00:00","article:modified_time":"2019-04-15T14:23:57+00:00","twitter:card":"summary_large_image","twitter:title":"Ribeir\u00e3o Preto ter\u00e1 m\u00fasica e teatro todas as semanas de novembro - Encontra Ribeir\u00e3o Preto","twitter:description":"O Shopping Center Iguatemi Ribeir\u00e3o Preto ter\u00e1 uma programa\u00e7\u00e3o cultural especial em novembro com atra\u00e7\u00f5es para toda fam\u00edlia. Al\u00e9m da exposi\u00e7\u00e3o itinerante &quot;Corpo Humano Real e Surpreendente&quot;, que segue at\u00e9 o final de dezembro, o centro de compras tem agenda fixa de eventos musicais todas as ter\u00e7as, quintas e sextas-feiras, al\u00e9m do projeto &quot;Domingo \u00e9"},"aioseo_meta_data":{"post_id":"2941","title":null,"description":null,"keywords":null,"keyphrases":null,"primary_term":null,"canonical_url":null,"og_title":null,"og_description":null,"og_object_type":"default","og_image_type":"default","og_image_url":null,"og_image_width":null,"og_image_height":null,"og_image_custom_url":null,"og_image_custom_fields":null,"og_video":null,"og_custom_url":null,"og_article_section":null,"og_article_tags":null,"twitter_use_og":false,"twitter_card":"default","twitter_image_type":"default","twitter_image_url":null,"twitter_image_custom_url":null,"twitter_image_custom_fields":null,"twitter_title":null,"twitter_description":null,"schema":{"blockGraphs":[],"customGraphs":[],"default":{"data":{"Article":[],"Course":[],"Dataset":[],"FAQPage":[],"Movie":[],"Person":[],"Product":[],"ProductReview":[],"Car":[],"Recipe":[],"Service":[],"SoftwareApplication":[],"WebPage":[]},"graphName":"BlogPosting","isEnabled":true},"graphs":[]},"schema_type":null,"schema_type_options":null,"pillar_content":false,"robots_default":true,"robots_noindex":false,"robots_noarchive":false,"robots_nosnippet":false,"robots_nofollow":false,"robots_noimageindex":false,"robots_noodp":false,"robots_notranslate":false,"robots_max_snippet":null,"robots_max_videopreview":null,"robots_max_imagepreview":"large","priority":null,"frequency":null,"local_seo":null,"limit_modified_date":false,"created":"2021-02-24 17:26:45","updated":"2023-03-15 16:59:05","focus_keyword":null,"additional_keywords":null,"truseo_locale":null,"ai":null,"breadcrumb_settings":null,"seo_analyzer_scan_date":null},"aioseo_breadcrumb":"<div class=\"aioseo-breadcrumbs\"><span class=\"aioseo-breadcrumb\">\n\t\t\t<a href=\"https:\/\/www.encontraribeiraopreto.com.br\/sobre\" title=\"In\u00edcio\">In\u00edcio<\/a>\n\t\t<\/span><span class=\"aioseo-breadcrumb-separator\">&raquo;<\/span><span class=\"aioseo-breadcrumb\">\n\t\t\t<a href=\"https:\/\/www.encontraribeiraopreto.com.br\/sobre\/noticias-em-ribeirao-preto\/\" title=\"Not\u00edcias Ribeir\u00e3o Preto\">Not\u00edcias Ribeir\u00e3o Preto<\/a>\n\t\t<\/span><span class=\"aioseo-breadcrumb-separator\">&raquo;<\/span><span class=\"aioseo-breadcrumb\">\n\t\t\tRibeir\u00e3o Preto ter\u00e1 m\u00fasica e teatro todas as semanas de novembro\n\t\t<\/span><\/div>","aioseo_breadcrumb_json":[{"label":"In\u00edcio","link":"https:\/\/www.encontraribeiraopreto.com.br\/sobre"},{"label":"Not\u00edcias Ribeir\u00e3o Preto","link":"https:\/\/www.encontraribeiraopreto.com.br\/sobre\/noticias-em-ribeirao-preto\/"},{"label":"Ribeir\u00e3o Preto ter\u00e1 m\u00fasica e teatro todas as semanas de novembro","link":"https:\/\/www.encontraribeiraopreto.com.br\/sobre\/ribeirao-preto-tera-musica-e-teatro-todas-as-semanas-de-novembro\/"}],"_links":{"self":[{"href":"https:\/\/www.encontraribeiraopreto.com.br\/sobre\/wp-json\/wp\/v2\/posts\/2941","targetHints":{"allow":["GET"]}}],"collection":[{"href":"https:\/\/www.encontraribeiraopreto.com.br\/sobre\/wp-json\/wp\/v2\/posts"}],"about":[{"href":"https:\/\/www.encontraribeiraopreto.com.br\/sobre\/wp-json\/wp\/v2\/types\/post"}],"author":[{"embeddable":true,"href":"https:\/\/www.encontraribeiraopreto.com.br\/sobre\/wp-json\/wp\/v2\/users\/1"}],"replies":[{"embeddable":true,"href":"https:\/\/www.encontraribeiraopreto.com.br\/sobre\/wp-json\/wp\/v2\/comments?post=2941"}],"version-history":[{"count":0,"href":"https:\/\/www.encontraribeiraopreto.com.br\/sobre\/wp-json\/wp\/v2\/posts\/2941\/revisions"}],"wp:attachment":[{"href":"https:\/\/www.encontraribeiraopreto.com.br\/sobre\/wp-json\/wp\/v2\/media?parent=2941"}],"wp:term":[{"taxonomy":"category","embeddable":true,"href":"https:\/\/www.encontraribeiraopreto.com.br\/sobre\/wp-json\/wp\/v2\/categories?post=2941"},{"taxonomy":"post_tag","embeddable":true,"href":"https:\/\/www.encontraribeiraopreto.com.br\/sobre\/wp-json\/wp\/v2\/tags?post=2941"}],"curies":[{"name":"wp","href":"https:\/\/api.w.org\/{rel}","templated":true}]}}