{"id":2963,"date":"2014-01-15T10:54:32","date_gmt":"2014-01-15T13:54:32","guid":{"rendered":"http:\/\/www.encontraribeiraopreto.com.br\/noticias\/?p=2963"},"modified":"2019-04-15T11:23:56","modified_gmt":"2019-04-15T14:23:56","slug":"projeto-mistura-boa-do-sesc-ribeirao-preto-traz-a-banda-balaco-nesta-quinta-feira","status":"publish","type":"post","link":"https:\/\/www.encontraribeiraopreto.com.br\/sobre\/projeto-mistura-boa-do-sesc-ribeirao-preto-traz-a-banda-balaco-nesta-quinta-feira\/","title":{"rendered":"Projeto Mistura Boa do Sesc Ribeir\u00e3o Preto traz a banda Balaco nesta quinta-feira"},"content":{"rendered":"<div class=\"cd7ef838bed10b2b4567f853226bc383\" data-index=\"1\" style=\"float: none; margin:0px;\">\n<!-- Anuncio display - global -->\r\n<ins class=\"adsbygoogle\"\r\n     style=\"display:block\"\r\n     data-ad-client=\"ca-pub-8585364105181520\"\r\n     data-ad-slot=\"8789329856\"\r\n     data-ad-format=\"auto\"\r\n     data-full-width-responsive=\"true\"><\/ins>\r\n<script>\r\n     (adsbygoogle = window.adsbygoogle || []).push({});\r\n<\/script>\r\n\n<\/div>\n<p>O projeto Mistura Boa do Sesc Ribeir\u00e3o Preto traz, todas as quintas, diferentes estilos musicais com muito suingue, samba, forr\u00f3, blues, rock e as novidades da cena musical. Nesta quinta-feira (16), a atra\u00e7\u00e3o ser\u00e1 a Banda Balaco, no Galp\u00e3o de Eventos, que far\u00e1 uma apresenta\u00e7\u00e3o especial com m\u00fasicas de Tim Maia e Jorge Ben Jor.<\/p>\n<p>Com 13 anos de carreira, dois CDs gravados, e trajet\u00f3ria de destaque no cen\u00e1rio de samba-rock do interior de S\u00e3o Paulo, a Banda Balaco sempre tocou Jorge Ben Jor e Tim Maia em suas apresenta\u00e7\u00f5es. A ideia de dedicar um show inteiro e especial aos dois artistas nasceu de forma natural, por pura empatia entre banda e o repert\u00f3rio dos artistas, e por desejo de proporcionar ao p\u00fablico um baile repleto de sucessos da d\u00e9cada de 60 at\u00e9 os anos 90, em ritmo de festa do come\u00e7o ao fim.<\/p>\n<p>Ben Jor e Tim Maia nasceram no Rio de Janeiro em 1942. A m\u00fasica dos dois, sin\u00f4nimo de festa e alegria para o ouvinte, \u00e9 tamb\u00e9m s\u00edntese do groove brasileiro que resultou da mistura do samba, maracatu e jovem guarda ao rhythm and blues, rock, soul e funk norte-americanos.\u00a0 O viol\u00e3o revolucion\u00e1rio do jovem Jorge Ben de 1963 e o soul cantado em portugu\u00eas por Tim Maia na passagem dos anos 60 para os anos 70 renovaram a m\u00fasica brasileira da \u00e9poca e continuaram a influenciar gera\u00e7\u00f5es de artistas at\u00e9 os dias de hoje no Brasil e por todo mundo.<\/p>\n<p>Tim Maia, falecido em 1998, e homenageado por Jorge Ben Jor, em 1993, na m\u00fasica W\/Brasil como o s\u00edndico da m\u00fasica brasileira, ganhou em 2012 da gravadora norte-americana Luaka Bop edi\u00e7\u00e3o em CD e vinil de colet\u00e2nea que re\u00fane m\u00fasicas dos discos de sua fase Racional. Jor Ben Jor segue na ativa, gravando discos, fazendo shows, compondo em parceira com as novas gera\u00e7\u00f5es.<\/p>\n<p>O encontro entre Banda Balaco e os artistas \u00e9 baile, \u00e9 festa, mas funciona tamb\u00e9m para o ouvinte atento como uma viagem pelos caminhos do groove nacional e mostra como as obras de Tim Maia e Jorge Ben Jor s\u00e3o incontorn\u00e1veis para quem quer ouvir m\u00fasica inventiva e dan\u00e7ante ao mesmo tempo.<\/p>\n<p>Do samba misto de maracatu do Jorge Ben do in\u00edcio dos aos 60, passando pelos seus hinos sobre futebol e mulheres brasileiras, entrando em sua fase afro el\u00e9trica marcada pelo disco \u00c1frica Brasil, quando assumiu de vez a guitarra em meados dos anos 70, ouve-se todo o nascimento de um vocabul\u00e1rio novo que hoje \u00e9 sin\u00f4nimo da m\u00fasica brasileira pelo mundo afora.<\/p>\n<p>Com Tim Maia n\u00e3o \u00e9 diferente. Seus funks s\u00e3o t\u00e3o originais que quem ouve \u00e9 capaz de pensar que foi o s\u00edndico quem ensinou o groove aos norte-americanos.\u00a0 E chega a se surpreender como seu repert\u00f3rio da fase Racional, que na \u00e9poca pareceu herm\u00e9tico aos ouvidos do p\u00fablico, e hoje \u00e9 cantado em coro nos shows do Balaco.<\/p>\n<p>Compet\u00eancia da banda que sabe extrair dos artistas homenageados a ess\u00eancia e que consegue reunir no palco m\u00fasicos experientes, com uma forma\u00e7\u00e3o bem temperada pelo trio de sopros, dois vocalistas carism\u00e1ticos, cozinha r\u00edtmica coesa e cheia de balan\u00e7o.<\/p>\n<p><strong>Servi\u00e7o<\/strong><\/p>\n<p>Show \u201cBanda Balaco\u201d \u2013 Especial Tim Maia e Jorge Bem Jor<\/p>\n<p>Sesc Ribeir\u00e3o Preto<\/p>\n<p>Dia: 16\/01 \u2013 Quinta-feira<\/p>\n<p>Hora: 20h30<\/p>\n<p>Local: Galp\u00e3o de Eventos do SESC<\/p>\n<p>Classifica\u00e7\u00e3o: 16 anos<\/p>\n<p>Valores:<\/p>\n<p>R$ 10 (inteira);<\/p>\n<p>R$ 5 (usu\u00e1rio matriculado, estudante e idoso)<\/p>\n<p>R$ 2 (comerci\u00e1rio matriculado)<\/p>\n<p>Sesc Ribeir\u00e3o Preto<\/p>\n<p>Rua Tibiri\u00e7\u00e1, 50, Centro<\/p>\n<p>Central de Atendimento e Bilheteria<\/p>\n<p>(16) 3977-4472.<\/p>\n\n<div style=\"font-size: 0px; height: 0px; line-height: 0px; margin: 0; padding: 0; clear: both;\"><\/div>","protected":false},"excerpt":{"rendered":"<p>O projeto Mistura Boa do Sesc Ribeir\u00e3o Preto traz, todas as quintas, diferentes estilos musicais com muito suingue, samba, forr\u00f3, blues, rock e as novidades da cena musical. Nesta quinta-feira (16), a atra\u00e7\u00e3o ser\u00e1 a Banda Balaco, no Galp\u00e3o de Eventos, que far\u00e1 uma apresenta\u00e7\u00e3o especial com m\u00fasicas de Tim Maia e Jorge Ben Jor. Com 13 anos de carreira, dois CDs gravados, e trajet\u00f3ria de destaque no cen\u00e1rio de samba-rock do interior de S\u00e3o Paulo, a Banda Balaco sempre tocou Jorge Ben Jor e Tim Maia em suas apresenta\u00e7\u00f5es. A ideia de dedicar um show inteiro e especial aos <\/p>\n","protected":false},"author":1,"featured_media":0,"comment_status":"open","ping_status":"closed","sticky":false,"template":"","format":"standard","meta":{"footnotes":""},"categories":[6],"tags":[],"class_list":["post-2963","post","type-post","status-publish","format-standard","hentry","category-noticias-em-ribeirao-preto"],"aioseo_notices":[],"aioseo_head":"\n\t\t<!-- All in One SEO 5.0.0.1 - aioseo.com -->\n\t<meta name=\"description\" content=\"O projeto Mistura Boa do Sesc Ribeir\u00e3o Preto traz, todas as quintas, diferentes estilos musicais com muito suingue, samba, forr\u00f3, blues, rock e as novidades da cena musical. Nesta quinta-feira (16), a atra\u00e7\u00e3o ser\u00e1 a Banda Balaco, no Galp\u00e3o de Eventos, que far\u00e1 uma apresenta\u00e7\u00e3o especial com m\u00fasicas de Tim Maia e Jorge Ben Jor.\" \/>\n\t<meta name=\"robots\" content=\"max-image-preview:large\" \/>\n\t<meta name=\"author\" content=\"Encontra Ribeir\u00e3o Preto\"\/>\n\t<link rel=\"canonical\" href=\"https:\/\/www.encontraribeiraopreto.com.br\/sobre\/projeto-mistura-boa-do-sesc-ribeirao-preto-traz-a-banda-balaco-nesta-quinta-feira\/\" \/>\n\t<meta name=\"generator\" content=\"All in One SEO (AIOSEO) 5.0.0.1\" \/>\n\t\t<meta property=\"og:locale\" content=\"pt_BR\" \/>\n\t\t<meta property=\"og:site_name\" content=\"Encontra Ribeir\u00e3o Preto - Not\u00edcias, eventos, informa\u00e7\u00f5es e dicas na cidade Ribeir\u00e3o Preto e regi\u00e3o.\" \/>\n\t\t<meta property=\"og:type\" content=\"article\" \/>\n\t\t<meta property=\"og:title\" content=\"Projeto Mistura Boa do Sesc Ribeir\u00e3o Preto traz a banda Balaco nesta quinta-feira - Encontra Ribeir\u00e3o Preto\" \/>\n\t\t<meta property=\"og:description\" content=\"O projeto Mistura Boa do Sesc Ribeir\u00e3o Preto traz, todas as quintas, diferentes estilos musicais com muito suingue, samba, forr\u00f3, blues, rock e as novidades da cena musical. Nesta quinta-feira (16), a atra\u00e7\u00e3o ser\u00e1 a Banda Balaco, no Galp\u00e3o de Eventos, que far\u00e1 uma apresenta\u00e7\u00e3o especial com m\u00fasicas de Tim Maia e Jorge Ben Jor.\" \/>\n\t\t<meta property=\"og:url\" content=\"https:\/\/www.encontraribeiraopreto.com.br\/sobre\/projeto-mistura-boa-do-sesc-ribeirao-preto-traz-a-banda-balaco-nesta-quinta-feira\/\" \/>\n\t\t<meta property=\"article:published_time\" content=\"2014-01-15T13:54:32+00:00\" \/>\n\t\t<meta property=\"article:modified_time\" content=\"2019-04-15T14:23:56+00:00\" \/>\n\t\t<meta name=\"twitter:card\" content=\"summary_large_image\" \/>\n\t\t<meta name=\"twitter:title\" content=\"Projeto Mistura Boa do Sesc Ribeir\u00e3o Preto traz a banda Balaco nesta quinta-feira - Encontra Ribeir\u00e3o Preto\" \/>\n\t\t<meta name=\"twitter:description\" content=\"O projeto Mistura Boa do Sesc Ribeir\u00e3o Preto traz, todas as quintas, diferentes estilos musicais com muito suingue, samba, forr\u00f3, blues, rock e as novidades da cena musical. Nesta quinta-feira (16), a atra\u00e7\u00e3o ser\u00e1 a Banda Balaco, no Galp\u00e3o de Eventos, que far\u00e1 uma apresenta\u00e7\u00e3o especial com m\u00fasicas de Tim Maia e Jorge Ben Jor.\" \/>\n\t\t<script type=\"application\/ld+json\" class=\"aioseo-schema\">\n\t\t\t{\"@context\":\"https:\\\/\\\/schema.org\",\"@graph\":[{\"@type\":\"BlogPosting\",\"@id\":\"https:\\\/\\\/www.encontraribeiraopreto.com.br\\\/sobre\\\/projeto-mistura-boa-do-sesc-ribeirao-preto-traz-a-banda-balaco-nesta-quinta-feira\\\/#blogposting\",\"name\":\"Projeto Mistura Boa do Sesc Ribeir\\u00e3o Preto traz a banda Balaco nesta quinta-feira - Encontra Ribeir\\u00e3o Preto\",\"headline\":\"Projeto Mistura Boa do Sesc Ribeir\\u00e3o Preto traz a banda Balaco nesta quinta-feira\",\"author\":{\"@id\":\"https:\\\/\\\/www.encontraribeiraopreto.com.br\\\/sobre\\\/author\\\/eribeiraopreto\\\/#author\"},\"publisher\":{\"@id\":\"https:\\\/\\\/www.encontraribeiraopreto.com.br\\\/sobre\\\/#organization\"},\"datePublished\":\"2014-01-15T10:54:32-03:00\",\"dateModified\":\"2019-04-15T11:23:56-03:00\",\"inLanguage\":\"pt-BR\",\"mainEntityOfPage\":{\"@id\":\"https:\\\/\\\/www.encontraribeiraopreto.com.br\\\/sobre\\\/projeto-mistura-boa-do-sesc-ribeirao-preto-traz-a-banda-balaco-nesta-quinta-feira\\\/#webpage\"},\"isPartOf\":{\"@id\":\"https:\\\/\\\/www.encontraribeiraopreto.com.br\\\/sobre\\\/projeto-mistura-boa-do-sesc-ribeirao-preto-traz-a-banda-balaco-nesta-quinta-feira\\\/#webpage\"},\"articleSection\":\"Not\\u00edcias Ribeir\\u00e3o Preto\"},{\"@type\":\"BreadcrumbList\",\"@id\":\"https:\\\/\\\/www.encontraribeiraopreto.com.br\\\/sobre\\\/projeto-mistura-boa-do-sesc-ribeirao-preto-traz-a-banda-balaco-nesta-quinta-feira\\\/#breadcrumblist\",\"itemListElement\":[{\"@type\":\"ListItem\",\"@id\":\"https:\\\/\\\/www.encontraribeiraopreto.com.br\\\/sobre#listItem\",\"position\":1,\"name\":\"In\\u00edcio\",\"item\":\"https:\\\/\\\/www.encontraribeiraopreto.com.br\\\/sobre\",\"nextItem\":{\"@type\":\"ListItem\",\"@id\":\"https:\\\/\\\/www.encontraribeiraopreto.com.br\\\/sobre\\\/noticias-em-ribeirao-preto\\\/#listItem\",\"name\":\"Not\\u00edcias Ribeir\\u00e3o Preto\"}},{\"@type\":\"ListItem\",\"@id\":\"https:\\\/\\\/www.encontraribeiraopreto.com.br\\\/sobre\\\/noticias-em-ribeirao-preto\\\/#listItem\",\"position\":2,\"name\":\"Not\\u00edcias Ribeir\\u00e3o Preto\",\"item\":\"https:\\\/\\\/www.encontraribeiraopreto.com.br\\\/sobre\\\/noticias-em-ribeirao-preto\\\/\",\"nextItem\":{\"@type\":\"ListItem\",\"@id\":\"https:\\\/\\\/www.encontraribeiraopreto.com.br\\\/sobre\\\/projeto-mistura-boa-do-sesc-ribeirao-preto-traz-a-banda-balaco-nesta-quinta-feira\\\/#listItem\",\"name\":\"Projeto Mistura Boa do Sesc Ribeir\\u00e3o Preto traz a banda Balaco nesta quinta-feira\"},\"previousItem\":{\"@type\":\"ListItem\",\"@id\":\"https:\\\/\\\/www.encontraribeiraopreto.com.br\\\/sobre#listItem\",\"name\":\"In\\u00edcio\"}},{\"@type\":\"ListItem\",\"@id\":\"https:\\\/\\\/www.encontraribeiraopreto.com.br\\\/sobre\\\/projeto-mistura-boa-do-sesc-ribeirao-preto-traz-a-banda-balaco-nesta-quinta-feira\\\/#listItem\",\"position\":3,\"name\":\"Projeto Mistura Boa do Sesc Ribeir\\u00e3o Preto traz a banda Balaco nesta quinta-feira\",\"previousItem\":{\"@type\":\"ListItem\",\"@id\":\"https:\\\/\\\/www.encontraribeiraopreto.com.br\\\/sobre\\\/noticias-em-ribeirao-preto\\\/#listItem\",\"name\":\"Not\\u00edcias Ribeir\\u00e3o Preto\"}}]},{\"@type\":\"Organization\",\"@id\":\"https:\\\/\\\/www.encontraribeiraopreto.com.br\\\/sobre\\\/#organization\",\"name\":\"Encontra Ribeir\\u00e3o Preto\",\"description\":\"Not\\u00edcias, eventos, informa\\u00e7\\u00f5es e dicas na cidade Ribeir\\u00e3o Preto e regi\\u00e3o.\",\"url\":\"https:\\\/\\\/www.encontraribeiraopreto.com.br\\\/sobre\\\/\"},{\"@type\":\"Person\",\"@id\":\"https:\\\/\\\/www.encontraribeiraopreto.com.br\\\/sobre\\\/author\\\/eribeiraopreto\\\/#author\",\"url\":\"https:\\\/\\\/www.encontraribeiraopreto.com.br\\\/sobre\\\/author\\\/eribeiraopreto\\\/\",\"name\":\"Encontra Ribeir\\u00e3o Preto\",\"image\":{\"@type\":\"ImageObject\",\"@id\":\"https:\\\/\\\/www.encontraribeiraopreto.com.br\\\/sobre\\\/projeto-mistura-boa-do-sesc-ribeirao-preto-traz-a-banda-balaco-nesta-quinta-feira\\\/#authorImage\",\"url\":\"https:\\\/\\\/secure.gravatar.com\\\/avatar\\\/507340682b8270222e1f208e23198b6ae7e2c6a1033ae84e99bc6bce4f82a387?s=96&d=mm&r=g\",\"width\":96,\"height\":96,\"caption\":\"Encontra Ribeir\\u00e3o Preto\"}},{\"@type\":\"WebPage\",\"@id\":\"https:\\\/\\\/www.encontraribeiraopreto.com.br\\\/sobre\\\/projeto-mistura-boa-do-sesc-ribeirao-preto-traz-a-banda-balaco-nesta-quinta-feira\\\/#webpage\",\"url\":\"https:\\\/\\\/www.encontraribeiraopreto.com.br\\\/sobre\\\/projeto-mistura-boa-do-sesc-ribeirao-preto-traz-a-banda-balaco-nesta-quinta-feira\\\/\",\"name\":\"Projeto Mistura Boa do Sesc Ribeir\\u00e3o Preto traz a banda Balaco nesta quinta-feira - Encontra Ribeir\\u00e3o Preto\",\"description\":\"O projeto Mistura Boa do Sesc Ribeir\\u00e3o Preto traz, todas as quintas, diferentes estilos musicais com muito suingue, samba, forr\\u00f3, blues, rock e as novidades da cena musical. Nesta quinta-feira (16), a atra\\u00e7\\u00e3o ser\\u00e1 a Banda Balaco, no Galp\\u00e3o de Eventos, que far\\u00e1 uma apresenta\\u00e7\\u00e3o especial com m\\u00fasicas de Tim Maia e Jorge Ben Jor.\",\"inLanguage\":\"pt-BR\",\"isPartOf\":{\"@id\":\"https:\\\/\\\/www.encontraribeiraopreto.com.br\\\/sobre\\\/#website\"},\"breadcrumb\":{\"@id\":\"https:\\\/\\\/www.encontraribeiraopreto.com.br\\\/sobre\\\/projeto-mistura-boa-do-sesc-ribeirao-preto-traz-a-banda-balaco-nesta-quinta-feira\\\/#breadcrumblist\"},\"author\":{\"@id\":\"https:\\\/\\\/www.encontraribeiraopreto.com.br\\\/sobre\\\/author\\\/eribeiraopreto\\\/#author\"},\"creator\":{\"@id\":\"https:\\\/\\\/www.encontraribeiraopreto.com.br\\\/sobre\\\/author\\\/eribeiraopreto\\\/#author\"},\"datePublished\":\"2014-01-15T10:54:32-03:00\",\"dateModified\":\"2019-04-15T11:23:56-03:00\"},{\"@type\":\"WebSite\",\"@id\":\"https:\\\/\\\/www.encontraribeiraopreto.com.br\\\/sobre\\\/#website\",\"url\":\"https:\\\/\\\/www.encontraribeiraopreto.com.br\\\/sobre\\\/\",\"name\":\"Encontra Ribeir\\u00e3o Preto\",\"description\":\"Not\\u00edcias, eventos, informa\\u00e7\\u00f5es e dicas na cidade Ribeir\\u00e3o Preto e regi\\u00e3o.\",\"inLanguage\":\"pt-BR\",\"publisher\":{\"@id\":\"https:\\\/\\\/www.encontraribeiraopreto.com.br\\\/sobre\\\/#organization\"}}]}\n\t\t<\/script>\n\t\t<!-- All in One SEO -->\n\n","aioseo_head_json":{"title":"Projeto Mistura Boa do Sesc Ribeir\u00e3o Preto traz a banda Balaco nesta quinta-feira - Encontra Ribeir\u00e3o Preto","description":"O projeto Mistura Boa do Sesc Ribeir\u00e3o Preto traz, todas as quintas, diferentes estilos musicais com muito suingue, samba, forr\u00f3, blues, rock e as novidades da cena musical. Nesta quinta-feira (16), a atra\u00e7\u00e3o ser\u00e1 a Banda Balaco, no Galp\u00e3o de Eventos, que far\u00e1 uma apresenta\u00e7\u00e3o especial com m\u00fasicas de Tim Maia e Jorge Ben Jor.","canonical_url":"https:\/\/www.encontraribeiraopreto.com.br\/sobre\/projeto-mistura-boa-do-sesc-ribeirao-preto-traz-a-banda-balaco-nesta-quinta-feira\/","robots":"max-image-preview:large","keywords":"","webmasterTools":{"miscellaneous":""},"schema":{"@context":"https:\/\/schema.org","@graph":[{"@type":"BlogPosting","@id":"https:\/\/www.encontraribeiraopreto.com.br\/sobre\/projeto-mistura-boa-do-sesc-ribeirao-preto-traz-a-banda-balaco-nesta-quinta-feira\/#blogposting","name":"Projeto Mistura Boa do Sesc Ribeir\u00e3o Preto traz a banda Balaco nesta quinta-feira - Encontra Ribeir\u00e3o Preto","headline":"Projeto Mistura Boa do Sesc Ribeir\u00e3o Preto traz a banda Balaco nesta quinta-feira","author":{"@id":"https:\/\/www.encontraribeiraopreto.com.br\/sobre\/author\/eribeiraopreto\/#author"},"publisher":{"@id":"https:\/\/www.encontraribeiraopreto.com.br\/sobre\/#organization"},"datePublished":"2014-01-15T10:54:32-03:00","dateModified":"2019-04-15T11:23:56-03:00","inLanguage":"pt-BR","mainEntityOfPage":{"@id":"https:\/\/www.encontraribeiraopreto.com.br\/sobre\/projeto-mistura-boa-do-sesc-ribeirao-preto-traz-a-banda-balaco-nesta-quinta-feira\/#webpage"},"isPartOf":{"@id":"https:\/\/www.encontraribeiraopreto.com.br\/sobre\/projeto-mistura-boa-do-sesc-ribeirao-preto-traz-a-banda-balaco-nesta-quinta-feira\/#webpage"},"articleSection":"Not\u00edcias Ribeir\u00e3o Preto"},{"@type":"BreadcrumbList","@id":"https:\/\/www.encontraribeiraopreto.com.br\/sobre\/projeto-mistura-boa-do-sesc-ribeirao-preto-traz-a-banda-balaco-nesta-quinta-feira\/#breadcrumblist","itemListElement":[{"@type":"ListItem","@id":"https:\/\/www.encontraribeiraopreto.com.br\/sobre#listItem","position":1,"name":"In\u00edcio","item":"https:\/\/www.encontraribeiraopreto.com.br\/sobre","nextItem":{"@type":"ListItem","@id":"https:\/\/www.encontraribeiraopreto.com.br\/sobre\/noticias-em-ribeirao-preto\/#listItem","name":"Not\u00edcias Ribeir\u00e3o Preto"}},{"@type":"ListItem","@id":"https:\/\/www.encontraribeiraopreto.com.br\/sobre\/noticias-em-ribeirao-preto\/#listItem","position":2,"name":"Not\u00edcias Ribeir\u00e3o Preto","item":"https:\/\/www.encontraribeiraopreto.com.br\/sobre\/noticias-em-ribeirao-preto\/","nextItem":{"@type":"ListItem","@id":"https:\/\/www.encontraribeiraopreto.com.br\/sobre\/projeto-mistura-boa-do-sesc-ribeirao-preto-traz-a-banda-balaco-nesta-quinta-feira\/#listItem","name":"Projeto Mistura Boa do Sesc Ribeir\u00e3o Preto traz a banda Balaco nesta quinta-feira"},"previousItem":{"@type":"ListItem","@id":"https:\/\/www.encontraribeiraopreto.com.br\/sobre#listItem","name":"In\u00edcio"}},{"@type":"ListItem","@id":"https:\/\/www.encontraribeiraopreto.com.br\/sobre\/projeto-mistura-boa-do-sesc-ribeirao-preto-traz-a-banda-balaco-nesta-quinta-feira\/#listItem","position":3,"name":"Projeto Mistura Boa do Sesc Ribeir\u00e3o Preto traz a banda Balaco nesta quinta-feira","previousItem":{"@type":"ListItem","@id":"https:\/\/www.encontraribeiraopreto.com.br\/sobre\/noticias-em-ribeirao-preto\/#listItem","name":"Not\u00edcias Ribeir\u00e3o Preto"}}]},{"@type":"Organization","@id":"https:\/\/www.encontraribeiraopreto.com.br\/sobre\/#organization","name":"Encontra Ribeir\u00e3o Preto","description":"Not\u00edcias, eventos, informa\u00e7\u00f5es e dicas na cidade Ribeir\u00e3o Preto e regi\u00e3o.","url":"https:\/\/www.encontraribeiraopreto.com.br\/sobre\/"},{"@type":"Person","@id":"https:\/\/www.encontraribeiraopreto.com.br\/sobre\/author\/eribeiraopreto\/#author","url":"https:\/\/www.encontraribeiraopreto.com.br\/sobre\/author\/eribeiraopreto\/","name":"Encontra Ribeir\u00e3o Preto","image":{"@type":"ImageObject","@id":"https:\/\/www.encontraribeiraopreto.com.br\/sobre\/projeto-mistura-boa-do-sesc-ribeirao-preto-traz-a-banda-balaco-nesta-quinta-feira\/#authorImage","url":"https:\/\/secure.gravatar.com\/avatar\/507340682b8270222e1f208e23198b6ae7e2c6a1033ae84e99bc6bce4f82a387?s=96&d=mm&r=g","width":96,"height":96,"caption":"Encontra Ribeir\u00e3o Preto"}},{"@type":"WebPage","@id":"https:\/\/www.encontraribeiraopreto.com.br\/sobre\/projeto-mistura-boa-do-sesc-ribeirao-preto-traz-a-banda-balaco-nesta-quinta-feira\/#webpage","url":"https:\/\/www.encontraribeiraopreto.com.br\/sobre\/projeto-mistura-boa-do-sesc-ribeirao-preto-traz-a-banda-balaco-nesta-quinta-feira\/","name":"Projeto Mistura Boa do Sesc Ribeir\u00e3o Preto traz a banda Balaco nesta quinta-feira - Encontra Ribeir\u00e3o Preto","description":"O projeto Mistura Boa do Sesc Ribeir\u00e3o Preto traz, todas as quintas, diferentes estilos musicais com muito suingue, samba, forr\u00f3, blues, rock e as novidades da cena musical. Nesta quinta-feira (16), a atra\u00e7\u00e3o ser\u00e1 a Banda Balaco, no Galp\u00e3o de Eventos, que far\u00e1 uma apresenta\u00e7\u00e3o especial com m\u00fasicas de Tim Maia e Jorge Ben Jor.","inLanguage":"pt-BR","isPartOf":{"@id":"https:\/\/www.encontraribeiraopreto.com.br\/sobre\/#website"},"breadcrumb":{"@id":"https:\/\/www.encontraribeiraopreto.com.br\/sobre\/projeto-mistura-boa-do-sesc-ribeirao-preto-traz-a-banda-balaco-nesta-quinta-feira\/#breadcrumblist"},"author":{"@id":"https:\/\/www.encontraribeiraopreto.com.br\/sobre\/author\/eribeiraopreto\/#author"},"creator":{"@id":"https:\/\/www.encontraribeiraopreto.com.br\/sobre\/author\/eribeiraopreto\/#author"},"datePublished":"2014-01-15T10:54:32-03:00","dateModified":"2019-04-15T11:23:56-03:00"},{"@type":"WebSite","@id":"https:\/\/www.encontraribeiraopreto.com.br\/sobre\/#website","url":"https:\/\/www.encontraribeiraopreto.com.br\/sobre\/","name":"Encontra Ribeir\u00e3o Preto","description":"Not\u00edcias, eventos, informa\u00e7\u00f5es e dicas na cidade Ribeir\u00e3o Preto e regi\u00e3o.","inLanguage":"pt-BR","publisher":{"@id":"https:\/\/www.encontraribeiraopreto.com.br\/sobre\/#organization"}}]},"og:locale":"pt_BR","og:site_name":"Encontra Ribeir\u00e3o Preto - Not\u00edcias, eventos, informa\u00e7\u00f5es e dicas na cidade Ribeir\u00e3o Preto e regi\u00e3o.","og:type":"article","og:title":"Projeto Mistura Boa do Sesc Ribeir\u00e3o Preto traz a banda Balaco nesta quinta-feira - Encontra Ribeir\u00e3o Preto","og:description":"O projeto Mistura Boa do Sesc Ribeir\u00e3o Preto traz, todas as quintas, diferentes estilos musicais com muito suingue, samba, forr\u00f3, blues, rock e as novidades da cena musical. Nesta quinta-feira (16), a atra\u00e7\u00e3o ser\u00e1 a Banda Balaco, no Galp\u00e3o de Eventos, que far\u00e1 uma apresenta\u00e7\u00e3o especial com m\u00fasicas de Tim Maia e Jorge Ben Jor.","og:url":"https:\/\/www.encontraribeiraopreto.com.br\/sobre\/projeto-mistura-boa-do-sesc-ribeirao-preto-traz-a-banda-balaco-nesta-quinta-feira\/","article:published_time":"2014-01-15T13:54:32+00:00","article:modified_time":"2019-04-15T14:23:56+00:00","twitter:card":"summary_large_image","twitter:title":"Projeto Mistura Boa do Sesc Ribeir\u00e3o Preto traz a banda Balaco nesta quinta-feira - Encontra Ribeir\u00e3o Preto","twitter:description":"O projeto Mistura Boa do Sesc Ribeir\u00e3o Preto traz, todas as quintas, diferentes estilos musicais com muito suingue, samba, forr\u00f3, blues, rock e as novidades da cena musical. Nesta quinta-feira (16), a atra\u00e7\u00e3o ser\u00e1 a Banda Balaco, no Galp\u00e3o de Eventos, que far\u00e1 uma apresenta\u00e7\u00e3o especial com m\u00fasicas de Tim Maia e Jorge Ben Jor."},"aioseo_meta_data":{"post_id":"2963","title":null,"description":null,"keywords":null,"keyphrases":null,"primary_term":null,"canonical_url":null,"og_title":null,"og_description":null,"og_object_type":"default","og_image_type":"default","og_image_url":null,"og_image_width":null,"og_image_height":null,"og_image_custom_url":null,"og_image_custom_fields":null,"og_video":null,"og_custom_url":null,"og_article_section":null,"og_article_tags":null,"twitter_use_og":false,"twitter_card":"default","twitter_image_type":"default","twitter_image_url":null,"twitter_image_custom_url":null,"twitter_image_custom_fields":null,"twitter_title":null,"twitter_description":null,"schema":{"blockGraphs":[],"customGraphs":[],"default":{"data":{"Article":[],"Course":[],"Dataset":[],"FAQPage":[],"Movie":[],"Person":[],"Product":[],"ProductReview":[],"Car":[],"Recipe":[],"Service":[],"SoftwareApplication":[],"WebPage":[]},"graphName":"BlogPosting","isEnabled":true},"graphs":[]},"schema_type":null,"schema_type_options":null,"pillar_content":false,"robots_default":true,"robots_noindex":false,"robots_noarchive":false,"robots_nosnippet":false,"robots_nofollow":false,"robots_noimageindex":false,"robots_noodp":false,"robots_notranslate":false,"robots_max_snippet":null,"robots_max_videopreview":null,"robots_max_imagepreview":"large","priority":null,"frequency":null,"local_seo":null,"limit_modified_date":false,"created":"2021-02-24 17:27:23","updated":"2023-03-08 00:19:00","focus_keyword":null,"additional_keywords":null,"truseo_locale":null,"ai":null,"breadcrumb_settings":null,"seo_analyzer_scan_date":null},"aioseo_breadcrumb":"<div class=\"aioseo-breadcrumbs\"><span class=\"aioseo-breadcrumb\">\n\t\t\t<a href=\"https:\/\/www.encontraribeiraopreto.com.br\/sobre\" title=\"In\u00edcio\">In\u00edcio<\/a>\n\t\t<\/span><span class=\"aioseo-breadcrumb-separator\">&raquo;<\/span><span class=\"aioseo-breadcrumb\">\n\t\t\t<a href=\"https:\/\/www.encontraribeiraopreto.com.br\/sobre\/noticias-em-ribeirao-preto\/\" title=\"Not\u00edcias Ribeir\u00e3o Preto\">Not\u00edcias Ribeir\u00e3o Preto<\/a>\n\t\t<\/span><span class=\"aioseo-breadcrumb-separator\">&raquo;<\/span><span class=\"aioseo-breadcrumb\">\n\t\t\tProjeto Mistura Boa do Sesc Ribeir\u00e3o Preto traz a banda Balaco nesta quinta-feira\n\t\t<\/span><\/div>","aioseo_breadcrumb_json":[{"label":"In\u00edcio","link":"https:\/\/www.encontraribeiraopreto.com.br\/sobre"},{"label":"Not\u00edcias Ribeir\u00e3o Preto","link":"https:\/\/www.encontraribeiraopreto.com.br\/sobre\/noticias-em-ribeirao-preto\/"},{"label":"Projeto Mistura Boa do Sesc Ribeir\u00e3o Preto traz a banda Balaco nesta quinta-feira","link":"https:\/\/www.encontraribeiraopreto.com.br\/sobre\/projeto-mistura-boa-do-sesc-ribeirao-preto-traz-a-banda-balaco-nesta-quinta-feira\/"}],"_links":{"self":[{"href":"https:\/\/www.encontraribeiraopreto.com.br\/sobre\/wp-json\/wp\/v2\/posts\/2963","targetHints":{"allow":["GET"]}}],"collection":[{"href":"https:\/\/www.encontraribeiraopreto.com.br\/sobre\/wp-json\/wp\/v2\/posts"}],"about":[{"href":"https:\/\/www.encontraribeiraopreto.com.br\/sobre\/wp-json\/wp\/v2\/types\/post"}],"author":[{"embeddable":true,"href":"https:\/\/www.encontraribeiraopreto.com.br\/sobre\/wp-json\/wp\/v2\/users\/1"}],"replies":[{"embeddable":true,"href":"https:\/\/www.encontraribeiraopreto.com.br\/sobre\/wp-json\/wp\/v2\/comments?post=2963"}],"version-history":[{"count":0,"href":"https:\/\/www.encontraribeiraopreto.com.br\/sobre\/wp-json\/wp\/v2\/posts\/2963\/revisions"}],"wp:attachment":[{"href":"https:\/\/www.encontraribeiraopreto.com.br\/sobre\/wp-json\/wp\/v2\/media?parent=2963"}],"wp:term":[{"taxonomy":"category","embeddable":true,"href":"https:\/\/www.encontraribeiraopreto.com.br\/sobre\/wp-json\/wp\/v2\/categories?post=2963"},{"taxonomy":"post_tag","embeddable":true,"href":"https:\/\/www.encontraribeiraopreto.com.br\/sobre\/wp-json\/wp\/v2\/tags?post=2963"}],"curies":[{"name":"wp","href":"https:\/\/api.w.org\/{rel}","templated":true}]}}