{"id":5046,"date":"2026-01-24T12:28:15","date_gmt":"2026-01-24T15:28:15","guid":{"rendered":"https:\/\/www.encontraribeiraopreto.com.br\/sobre\/ribeirao-preto-recebe-entrega-oficial-de-caminhoes-do-programa-move-brasil\/"},"modified":"2026-01-24T12:28:15","modified_gmt":"2026-01-24T15:28:15","slug":"ribeirao-preto-recebe-entrega-oficial-de-caminhoes-do-programa-move-brasil","status":"publish","type":"post","link":"https:\/\/www.encontraribeiraopreto.com.br\/sobre\/ribeirao-preto-recebe-entrega-oficial-de-caminhoes-do-programa-move-brasil\/","title":{"rendered":"Ribeir\u00e3o Preto recebe entrega oficial de caminh\u00f5es do Programa Move Brasil"},"content":{"rendered":"<div class=\"cd7ef838bed10b2b4567f853226bc383\" data-index=\"1\" style=\"float: none; margin:0px;\">\n<!-- Anuncio display - global -->\r\n<ins class=\"adsbygoogle\"\r\n     style=\"display:block\"\r\n     data-ad-client=\"ca-pub-8585364105181520\"\r\n     data-ad-slot=\"8789329856\"\r\n     data-ad-format=\"auto\"\r\n     data-full-width-responsive=\"true\"><\/ins>\r\n<script>\r\n     (adsbygoogle = window.adsbygoogle || []).push({});\r\n<\/script>\r\n\n<\/div>\n<h2>A Entrega Oficial dos Caminh\u00f5es<\/h2>\n<p>Na manh\u00e3 do dia 23 de janeiro de 2026, Ribeir\u00e3o Preto se tornou o cen\u00e1rio para a entrega simb\u00f3lica de caminh\u00f5es, promovida pelo Programa Move Brasil. Este evento ocorreu na concession\u00e1ria Iveco Rodonaves e contou com a presen\u00e7a de v\u00e1rias autoridades, incluindo o vice-presidente da Rep\u00fablica e ministro do Desenvolvimento, Ind\u00fastria, Com\u00e9rcio e Servi\u00e7os, Geraldo Alckmin; o prefeito de Ribeir\u00e3o Preto, Ricardo Silva; o presidente da Iveco para a Am\u00e9rica Latina, M\u00e1rcio Querichelli; o CEO do Grupo Rodonaves, Regis Tiecher; e o diretor da Iveco Capital para a Am\u00e9rica Latina, Frans Alpaert.<\/p>\n<h2>O que \u00e9 o Programa Move Brasil?<\/h2>\n<p>O Programa Move Brasil \u00e9 uma iniciativa do Governo Federal destinada a modernizar a frota de ve\u00edculos pesados no pa\u00eds. Com um investimento de R$ 10 bilh\u00f5es, o programa visa oferecer linhas de cr\u00e9dito com juros reduzidos para facilitar a aquisi\u00e7\u00e3o de caminh\u00f5es novos e seminovos. Anteriormente, as taxas de juros eram de 22% a 23%, mas com essa iniciativa, reduziram-se para valores entre 13% e 14%. Essa a\u00e7\u00e3o n\u00e3o apenas visa a renova\u00e7\u00e3o da frota, mas tamb\u00e9m promove melhoria na efici\u00eancia operacional e seguran\u00e7a no transporte.<\/p>\n<h2>Benef\u00edcios da Renova\u00e7\u00e3o da Frota<\/h2>\n<p>A renova\u00e7\u00e3o da frota traz diversos benef\u00edcios, tanto econ\u00f4micos quanto sociais e ambientais. A atualiza\u00e7\u00e3o dos ve\u00edculos resulta em opera\u00e7\u00f5es mais eficientes e seguras, al\u00e9m de contribuir para a redu\u00e7\u00e3o de custos operacionais para transporte de mercadorias. Isso, por sua vez, afeta positivamente a pre\u00e7os finais ao consumidor, pois reduz os custos dos produtos no mercado.<\/p>\n<p><img decoding=\"async\" src=\"https:\/\/www.encontraribeiraopreto.com.br\/sobre\/wp-content\/uploads\/ribeirao-preto-recebe-entrega-oficial-de-caminhoes-do-programa-move-brasil.webp\" alt=\"Programa Move Brasil\" loading=\"lazy\" \/><\/p>\n<h2>Impacto Ambiental e Sustentabilidade<\/h2>\n<p>Um dos aspectos mais significativos do Programa Move Brasil \u00e9 seu impacto ambiental. A iniciativa estimula a troca de caminh\u00f5es antigos, que s\u00e3o menos eficientes e mais poluentes, por modelos mais modernos. De acordo com especialistas, um caminh\u00e3o novo polui cerca de 40 vezes menos que os antigos. Essa substitui\u00e7\u00e3o \u00e9 crucial para melhorar a log\u00edstica e reduzir as emiss\u00f5es de poluentes, trazendo benef\u00edcios n\u00e3o apenas para a economia, mas tamb\u00e9m para o meio ambiente.<\/p>\n<h2>Economia Local: Reflexos da Iniciativa<\/h2>\n<p>O prefeito Ricardo Silva enfatizou os impactos positivos dessa iniciativa para a economia local e para a popula\u00e7\u00e3o de Ribeir\u00e3o Preto. Ao disponibilizar financiamento para a renova\u00e7\u00e3o da frota com custos mais acess\u00edveis, observou que a medida refor\u00e7a a economia local e contribui para a queda nos pre\u00e7os dos produtos, beneficiando especialmente as camadas sociais mais vulner\u00e1veis.<\/p>\n<h2>Caminh\u00f5es Novos: Menos Polui\u00e7\u00e3o<\/h2>\n<p>Os ve\u00edculos novos, utilizados para o transporte de mercadorias, s\u00e3o projetados com tecnologias que atendem a normas rigorosas de controle de emiss\u00f5es. Essa moderniza\u00e7\u00e3o n\u00e3o apenas diminui a pegada de carbono da frota, como tamb\u00e9m \u00e9 fundamental para criar um ambiente mais limpo e sustent\u00e1vel nas cidades. Representantes do setor destacaram que essa transi\u00e7\u00e3o \u00e9 vital para um futuro mais verde e saud\u00e1vel.<\/p>\n<h2>Financiamento Acess\u00edvel para Empresas<\/h2>\n<p>Um dos grandes atrativos do Programa Move Brasil \u00e9 a facilita\u00e7\u00e3o do financiamento para empresas que buscam modernizar suas frotas. O CEO da ASN Ambiental, Adriano Silva Nascimento, relatou sua pr\u00f3pria experi\u00eancia durante a cerim\u00f4nia de entrega. Ele destacou que, ao conseguir financiar diretamente a compra de novos ve\u00edculos a taxas de juros reduzidas, sua empresa p\u00f4de adquirir dois caminh\u00f5es novos, em vez de apenas cinco no ano anterior com condi\u00e7\u00f5es menos favor\u00e1veis. Essa mudan\u00e7a financeira pode aumentar significativamente a competitividade e a capacidade de crescimento das empresas.<\/p>\n<h2>A Voz das Autoridades em Ribeir\u00e3o Preto<\/h2>\n<p>Os discursos dos l\u00edderes presentes na cerim\u00f4nia ressaltaram a import\u00e2ncia do Programa Move Brasil. O vice-presidente Geraldo Alckmin declarou que a meta do programa \u00e9 n\u00e3o apenas aumentar a efici\u00eancia do transporte, mas tamb\u00e9m criar mais empregos, reduzir custos e, em \u00faltima inst\u00e2ncia, aprimorar a competitividade do Brasil no setor de transporte e log\u00edstica. Essa vis\u00e3o abrangente revela um compromisso com a transforma\u00e7\u00e3o do cen\u00e1rio econ\u00f4mico nacional.<\/p>\n<h2>Vis\u00e3o do Setor Industrial sobre o Programa<\/h2>\n<p>Representantes do setor industrial expressaram otimismo em rela\u00e7\u00e3o aos resultados que o Programa Move Brasil pode trazer. A vis\u00e3o \u00e9 de que a moderniza\u00e7\u00e3o da frota n\u00e3o s\u00f3 ir\u00e1 trazer benef\u00edcios operacionais diretos, mas tamb\u00e9m impactar\u00e1 positivamente na estrutura log\u00edstica do Brasil. A perspectiva \u00e9 que, com uma frota mais moderna, haver\u00e1 maior agilidade e seguran\u00e7a no transporte de cargas, fundamentais para atender a demanda crescente do mercado.<\/p>\n<h2>O Futuro do Transporte em Ribeir\u00e3o Preto<\/h2>\n<p>O Programa Move Brasil representa uma mudan\u00e7a significativa e promissora para a cidade de Ribeir\u00e3o Preto e para o pa\u00eds como um todo. Com um enfoque em sustentabilidade e efici\u00eancia, espera-se que a moderniza\u00e7\u00e3o da frota n\u00e3o apenas engendre crescimento econ\u00f4mico, mas tamb\u00e9m contribua para um futuro mais limpo e sustent\u00e1vel. Os pr\u00f3ximos anos muito provavelmente trar\u00e3o avan\u00e7os ainda mais significativos, conforme as pol\u00edticas de apoio \u00e0 renova\u00e7\u00e3o do transporte ganham for\u00e7a e apoio em n\u00edvel nacional.<\/p>\n\n<div style=\"font-size: 0px; height: 0px; line-height: 0px; margin: 0; padding: 0; clear: both;\"><\/div>","protected":false},"excerpt":{"rendered":"<p>Ribeir\u00e3o Preto recebe caminh\u00f5es do Programa Move Brasil, trazendo inova\u00e7\u00e3o e sustentabilidade.<\/p>\n","protected":false},"author":1,"featured_media":5045,"comment_status":"closed","ping_status":"closed","sticky":false,"template":"","format":"standard","meta":{"footnotes":""},"categories":[6],"tags":[],"class_list":["post-5046","post","type-post","status-publish","format-standard","has-post-thumbnail","hentry","category-noticias-em-ribeirao-preto","has_thumb"],"aioseo_notices":[],"aioseo_head":"\n\t\t<!-- All in One SEO 5.0.0.1 - aioseo.com -->\n\t<meta name=\"description\" content=\"Ribeir\u00e3o Preto recebe caminh\u00f5es do Programa Move Brasil, trazendo inova\u00e7\u00e3o e sustentabilidade.\" \/>\n\t<meta name=\"robots\" content=\"max-image-preview:large\" \/>\n\t<meta name=\"author\" content=\"Encontra Ribeir\u00e3o Preto\"\/>\n\t<link rel=\"canonical\" href=\"https:\/\/www.encontraribeiraopreto.com.br\/sobre\/ribeirao-preto-recebe-entrega-oficial-de-caminhoes-do-programa-move-brasil\/\" \/>\n\t<meta name=\"generator\" content=\"All in One SEO (AIOSEO) 5.0.0.1\" \/>\n\t\t<meta property=\"og:locale\" content=\"pt_BR\" \/>\n\t\t<meta property=\"og:site_name\" content=\"Encontra Ribeir\u00e3o Preto - Not\u00edcias, eventos, informa\u00e7\u00f5es e dicas na cidade Ribeir\u00e3o Preto e regi\u00e3o.\" \/>\n\t\t<meta property=\"og:type\" content=\"article\" \/>\n\t\t<meta property=\"og:title\" content=\"Ribeir\u00e3o Preto recebe entrega oficial de caminh\u00f5es do Programa Move Brasil - Encontra Ribeir\u00e3o Preto\" \/>\n\t\t<meta property=\"og:description\" content=\"Ribeir\u00e3o Preto recebe caminh\u00f5es do Programa Move Brasil, trazendo inova\u00e7\u00e3o e sustentabilidade.\" \/>\n\t\t<meta property=\"og:url\" content=\"https:\/\/www.encontraribeiraopreto.com.br\/sobre\/ribeirao-preto-recebe-entrega-oficial-de-caminhoes-do-programa-move-brasil\/\" \/>\n\t\t<meta property=\"article:published_time\" content=\"2026-01-24T15:28:15+00:00\" \/>\n\t\t<meta property=\"article:modified_time\" content=\"2026-01-24T15:28:15+00:00\" \/>\n\t\t<meta name=\"twitter:card\" content=\"summary_large_image\" \/>\n\t\t<meta name=\"twitter:title\" content=\"Ribeir\u00e3o Preto recebe entrega oficial de caminh\u00f5es do Programa Move Brasil - Encontra Ribeir\u00e3o Preto\" \/>\n\t\t<meta name=\"twitter:description\" content=\"Ribeir\u00e3o Preto recebe caminh\u00f5es do Programa Move Brasil, trazendo inova\u00e7\u00e3o e sustentabilidade.\" \/>\n\t\t<script type=\"application\/ld+json\" class=\"aioseo-schema\">\n\t\t\t{\"@context\":\"https:\\\/\\\/schema.org\",\"@graph\":[{\"@type\":\"BlogPosting\",\"@id\":\"https:\\\/\\\/www.encontraribeiraopreto.com.br\\\/sobre\\\/ribeirao-preto-recebe-entrega-oficial-de-caminhoes-do-programa-move-brasil\\\/#blogposting\",\"name\":\"Ribeir\\u00e3o Preto recebe entrega oficial de caminh\\u00f5es do Programa Move Brasil - Encontra Ribeir\\u00e3o Preto\",\"headline\":\"Ribeir\\u00e3o Preto recebe entrega oficial de caminh\\u00f5es do Programa Move Brasil\",\"author\":{\"@id\":\"https:\\\/\\\/www.encontraribeiraopreto.com.br\\\/sobre\\\/author\\\/eribeiraopreto\\\/#author\"},\"publisher\":{\"@id\":\"https:\\\/\\\/www.encontraribeiraopreto.com.br\\\/sobre\\\/#organization\"},\"image\":{\"@type\":\"ImageObject\",\"url\":\"https:\\\/\\\/www.encontraribeiraopreto.com.br\\\/sobre\\\/wp-content\\\/uploads\\\/ribeirao-preto-recebe-entrega-oficial-de-caminhoes-do-programa-move-brasil.webp\",\"width\":280,\"height\":280,\"caption\":\"Programa Move Brasil\"},\"datePublished\":\"2026-01-24T12:28:15-03:00\",\"dateModified\":\"2026-01-24T12:28:15-03:00\",\"inLanguage\":\"pt-BR\",\"mainEntityOfPage\":{\"@id\":\"https:\\\/\\\/www.encontraribeiraopreto.com.br\\\/sobre\\\/ribeirao-preto-recebe-entrega-oficial-de-caminhoes-do-programa-move-brasil\\\/#webpage\"},\"isPartOf\":{\"@id\":\"https:\\\/\\\/www.encontraribeiraopreto.com.br\\\/sobre\\\/ribeirao-preto-recebe-entrega-oficial-de-caminhoes-do-programa-move-brasil\\\/#webpage\"},\"articleSection\":\"Not\\u00edcias Ribeir\\u00e3o Preto\"},{\"@type\":\"BreadcrumbList\",\"@id\":\"https:\\\/\\\/www.encontraribeiraopreto.com.br\\\/sobre\\\/ribeirao-preto-recebe-entrega-oficial-de-caminhoes-do-programa-move-brasil\\\/#breadcrumblist\",\"itemListElement\":[{\"@type\":\"ListItem\",\"@id\":\"https:\\\/\\\/www.encontraribeiraopreto.com.br\\\/sobre#listItem\",\"position\":1,\"name\":\"In\\u00edcio\",\"item\":\"https:\\\/\\\/www.encontraribeiraopreto.com.br\\\/sobre\",\"nextItem\":{\"@type\":\"ListItem\",\"@id\":\"https:\\\/\\\/www.encontraribeiraopreto.com.br\\\/sobre\\\/noticias-em-ribeirao-preto\\\/#listItem\",\"name\":\"Not\\u00edcias Ribeir\\u00e3o Preto\"}},{\"@type\":\"ListItem\",\"@id\":\"https:\\\/\\\/www.encontraribeiraopreto.com.br\\\/sobre\\\/noticias-em-ribeirao-preto\\\/#listItem\",\"position\":2,\"name\":\"Not\\u00edcias Ribeir\\u00e3o Preto\",\"item\":\"https:\\\/\\\/www.encontraribeiraopreto.com.br\\\/sobre\\\/noticias-em-ribeirao-preto\\\/\",\"nextItem\":{\"@type\":\"ListItem\",\"@id\":\"https:\\\/\\\/www.encontraribeiraopreto.com.br\\\/sobre\\\/ribeirao-preto-recebe-entrega-oficial-de-caminhoes-do-programa-move-brasil\\\/#listItem\",\"name\":\"Ribeir\\u00e3o Preto recebe entrega oficial de caminh\\u00f5es do Programa Move Brasil\"},\"previousItem\":{\"@type\":\"ListItem\",\"@id\":\"https:\\\/\\\/www.encontraribeiraopreto.com.br\\\/sobre#listItem\",\"name\":\"In\\u00edcio\"}},{\"@type\":\"ListItem\",\"@id\":\"https:\\\/\\\/www.encontraribeiraopreto.com.br\\\/sobre\\\/ribeirao-preto-recebe-entrega-oficial-de-caminhoes-do-programa-move-brasil\\\/#listItem\",\"position\":3,\"name\":\"Ribeir\\u00e3o Preto recebe entrega oficial de caminh\\u00f5es do Programa Move Brasil\",\"previousItem\":{\"@type\":\"ListItem\",\"@id\":\"https:\\\/\\\/www.encontraribeiraopreto.com.br\\\/sobre\\\/noticias-em-ribeirao-preto\\\/#listItem\",\"name\":\"Not\\u00edcias Ribeir\\u00e3o Preto\"}}]},{\"@type\":\"Organization\",\"@id\":\"https:\\\/\\\/www.encontraribeiraopreto.com.br\\\/sobre\\\/#organization\",\"name\":\"Encontra Ribeir\\u00e3o Preto\",\"description\":\"Not\\u00edcias, eventos, informa\\u00e7\\u00f5es e dicas na cidade Ribeir\\u00e3o Preto e regi\\u00e3o.\",\"url\":\"https:\\\/\\\/www.encontraribeiraopreto.com.br\\\/sobre\\\/\"},{\"@type\":\"Person\",\"@id\":\"https:\\\/\\\/www.encontraribeiraopreto.com.br\\\/sobre\\\/author\\\/eribeiraopreto\\\/#author\",\"url\":\"https:\\\/\\\/www.encontraribeiraopreto.com.br\\\/sobre\\\/author\\\/eribeiraopreto\\\/\",\"name\":\"Encontra Ribeir\\u00e3o Preto\",\"image\":{\"@type\":\"ImageObject\",\"@id\":\"https:\\\/\\\/www.encontraribeiraopreto.com.br\\\/sobre\\\/ribeirao-preto-recebe-entrega-oficial-de-caminhoes-do-programa-move-brasil\\\/#authorImage\",\"url\":\"https:\\\/\\\/secure.gravatar.com\\\/avatar\\\/507340682b8270222e1f208e23198b6ae7e2c6a1033ae84e99bc6bce4f82a387?s=96&d=mm&r=g\",\"width\":96,\"height\":96,\"caption\":\"Encontra Ribeir\\u00e3o Preto\"}},{\"@type\":\"WebPage\",\"@id\":\"https:\\\/\\\/www.encontraribeiraopreto.com.br\\\/sobre\\\/ribeirao-preto-recebe-entrega-oficial-de-caminhoes-do-programa-move-brasil\\\/#webpage\",\"url\":\"https:\\\/\\\/www.encontraribeiraopreto.com.br\\\/sobre\\\/ribeirao-preto-recebe-entrega-oficial-de-caminhoes-do-programa-move-brasil\\\/\",\"name\":\"Ribeir\\u00e3o Preto recebe entrega oficial de caminh\\u00f5es do Programa Move Brasil - Encontra Ribeir\\u00e3o Preto\",\"description\":\"Ribeir\\u00e3o Preto recebe caminh\\u00f5es do Programa Move Brasil, trazendo inova\\u00e7\\u00e3o e sustentabilidade.\",\"inLanguage\":\"pt-BR\",\"isPartOf\":{\"@id\":\"https:\\\/\\\/www.encontraribeiraopreto.com.br\\\/sobre\\\/#website\"},\"breadcrumb\":{\"@id\":\"https:\\\/\\\/www.encontraribeiraopreto.com.br\\\/sobre\\\/ribeirao-preto-recebe-entrega-oficial-de-caminhoes-do-programa-move-brasil\\\/#breadcrumblist\"},\"author\":{\"@id\":\"https:\\\/\\\/www.encontraribeiraopreto.com.br\\\/sobre\\\/author\\\/eribeiraopreto\\\/#author\"},\"creator\":{\"@id\":\"https:\\\/\\\/www.encontraribeiraopreto.com.br\\\/sobre\\\/author\\\/eribeiraopreto\\\/#author\"},\"image\":{\"@type\":\"ImageObject\",\"url\":\"https:\\\/\\\/www.encontraribeiraopreto.com.br\\\/sobre\\\/wp-content\\\/uploads\\\/ribeirao-preto-recebe-entrega-oficial-de-caminhoes-do-programa-move-brasil.webp\",\"@id\":\"https:\\\/\\\/www.encontraribeiraopreto.com.br\\\/sobre\\\/ribeirao-preto-recebe-entrega-oficial-de-caminhoes-do-programa-move-brasil\\\/#mainImage\",\"width\":280,\"height\":280,\"caption\":\"Programa Move Brasil\"},\"primaryImageOfPage\":{\"@id\":\"https:\\\/\\\/www.encontraribeiraopreto.com.br\\\/sobre\\\/ribeirao-preto-recebe-entrega-oficial-de-caminhoes-do-programa-move-brasil\\\/#mainImage\"},\"datePublished\":\"2026-01-24T12:28:15-03:00\",\"dateModified\":\"2026-01-24T12:28:15-03:00\"},{\"@type\":\"WebSite\",\"@id\":\"https:\\\/\\\/www.encontraribeiraopreto.com.br\\\/sobre\\\/#website\",\"url\":\"https:\\\/\\\/www.encontraribeiraopreto.com.br\\\/sobre\\\/\",\"name\":\"Encontra Ribeir\\u00e3o Preto\",\"description\":\"Not\\u00edcias, eventos, informa\\u00e7\\u00f5es e dicas na cidade Ribeir\\u00e3o Preto e regi\\u00e3o.\",\"inLanguage\":\"pt-BR\",\"publisher\":{\"@id\":\"https:\\\/\\\/www.encontraribeiraopreto.com.br\\\/sobre\\\/#organization\"}}]}\n\t\t<\/script>\n\t\t<!-- All in One SEO -->\n\n","aioseo_head_json":{"title":"Ribeir\u00e3o Preto recebe entrega oficial de caminh\u00f5es do Programa Move Brasil - Encontra Ribeir\u00e3o Preto","description":"Ribeir\u00e3o Preto recebe caminh\u00f5es do Programa Move Brasil, trazendo inova\u00e7\u00e3o e sustentabilidade.","canonical_url":"https:\/\/www.encontraribeiraopreto.com.br\/sobre\/ribeirao-preto-recebe-entrega-oficial-de-caminhoes-do-programa-move-brasil\/","robots":"max-image-preview:large","keywords":"","webmasterTools":{"miscellaneous":""},"schema":{"@context":"https:\/\/schema.org","@graph":[{"@type":"BlogPosting","@id":"https:\/\/www.encontraribeiraopreto.com.br\/sobre\/ribeirao-preto-recebe-entrega-oficial-de-caminhoes-do-programa-move-brasil\/#blogposting","name":"Ribeir\u00e3o Preto recebe entrega oficial de caminh\u00f5es do Programa Move Brasil - Encontra Ribeir\u00e3o Preto","headline":"Ribeir\u00e3o Preto recebe entrega oficial de caminh\u00f5es do Programa Move Brasil","author":{"@id":"https:\/\/www.encontraribeiraopreto.com.br\/sobre\/author\/eribeiraopreto\/#author"},"publisher":{"@id":"https:\/\/www.encontraribeiraopreto.com.br\/sobre\/#organization"},"image":{"@type":"ImageObject","url":"https:\/\/www.encontraribeiraopreto.com.br\/sobre\/wp-content\/uploads\/ribeirao-preto-recebe-entrega-oficial-de-caminhoes-do-programa-move-brasil.webp","width":280,"height":280,"caption":"Programa Move Brasil"},"datePublished":"2026-01-24T12:28:15-03:00","dateModified":"2026-01-24T12:28:15-03:00","inLanguage":"pt-BR","mainEntityOfPage":{"@id":"https:\/\/www.encontraribeiraopreto.com.br\/sobre\/ribeirao-preto-recebe-entrega-oficial-de-caminhoes-do-programa-move-brasil\/#webpage"},"isPartOf":{"@id":"https:\/\/www.encontraribeiraopreto.com.br\/sobre\/ribeirao-preto-recebe-entrega-oficial-de-caminhoes-do-programa-move-brasil\/#webpage"},"articleSection":"Not\u00edcias Ribeir\u00e3o Preto"},{"@type":"BreadcrumbList","@id":"https:\/\/www.encontraribeiraopreto.com.br\/sobre\/ribeirao-preto-recebe-entrega-oficial-de-caminhoes-do-programa-move-brasil\/#breadcrumblist","itemListElement":[{"@type":"ListItem","@id":"https:\/\/www.encontraribeiraopreto.com.br\/sobre#listItem","position":1,"name":"In\u00edcio","item":"https:\/\/www.encontraribeiraopreto.com.br\/sobre","nextItem":{"@type":"ListItem","@id":"https:\/\/www.encontraribeiraopreto.com.br\/sobre\/noticias-em-ribeirao-preto\/#listItem","name":"Not\u00edcias Ribeir\u00e3o Preto"}},{"@type":"ListItem","@id":"https:\/\/www.encontraribeiraopreto.com.br\/sobre\/noticias-em-ribeirao-preto\/#listItem","position":2,"name":"Not\u00edcias Ribeir\u00e3o Preto","item":"https:\/\/www.encontraribeiraopreto.com.br\/sobre\/noticias-em-ribeirao-preto\/","nextItem":{"@type":"ListItem","@id":"https:\/\/www.encontraribeiraopreto.com.br\/sobre\/ribeirao-preto-recebe-entrega-oficial-de-caminhoes-do-programa-move-brasil\/#listItem","name":"Ribeir\u00e3o Preto recebe entrega oficial de caminh\u00f5es do Programa Move Brasil"},"previousItem":{"@type":"ListItem","@id":"https:\/\/www.encontraribeiraopreto.com.br\/sobre#listItem","name":"In\u00edcio"}},{"@type":"ListItem","@id":"https:\/\/www.encontraribeiraopreto.com.br\/sobre\/ribeirao-preto-recebe-entrega-oficial-de-caminhoes-do-programa-move-brasil\/#listItem","position":3,"name":"Ribeir\u00e3o Preto recebe entrega oficial de caminh\u00f5es do Programa Move Brasil","previousItem":{"@type":"ListItem","@id":"https:\/\/www.encontraribeiraopreto.com.br\/sobre\/noticias-em-ribeirao-preto\/#listItem","name":"Not\u00edcias Ribeir\u00e3o Preto"}}]},{"@type":"Organization","@id":"https:\/\/www.encontraribeiraopreto.com.br\/sobre\/#organization","name":"Encontra Ribeir\u00e3o Preto","description":"Not\u00edcias, eventos, informa\u00e7\u00f5es e dicas na cidade Ribeir\u00e3o Preto e regi\u00e3o.","url":"https:\/\/www.encontraribeiraopreto.com.br\/sobre\/"},{"@type":"Person","@id":"https:\/\/www.encontraribeiraopreto.com.br\/sobre\/author\/eribeiraopreto\/#author","url":"https:\/\/www.encontraribeiraopreto.com.br\/sobre\/author\/eribeiraopreto\/","name":"Encontra Ribeir\u00e3o Preto","image":{"@type":"ImageObject","@id":"https:\/\/www.encontraribeiraopreto.com.br\/sobre\/ribeirao-preto-recebe-entrega-oficial-de-caminhoes-do-programa-move-brasil\/#authorImage","url":"https:\/\/secure.gravatar.com\/avatar\/507340682b8270222e1f208e23198b6ae7e2c6a1033ae84e99bc6bce4f82a387?s=96&d=mm&r=g","width":96,"height":96,"caption":"Encontra Ribeir\u00e3o Preto"}},{"@type":"WebPage","@id":"https:\/\/www.encontraribeiraopreto.com.br\/sobre\/ribeirao-preto-recebe-entrega-oficial-de-caminhoes-do-programa-move-brasil\/#webpage","url":"https:\/\/www.encontraribeiraopreto.com.br\/sobre\/ribeirao-preto-recebe-entrega-oficial-de-caminhoes-do-programa-move-brasil\/","name":"Ribeir\u00e3o Preto recebe entrega oficial de caminh\u00f5es do Programa Move Brasil - Encontra Ribeir\u00e3o Preto","description":"Ribeir\u00e3o Preto recebe caminh\u00f5es do Programa Move Brasil, trazendo inova\u00e7\u00e3o e sustentabilidade.","inLanguage":"pt-BR","isPartOf":{"@id":"https:\/\/www.encontraribeiraopreto.com.br\/sobre\/#website"},"breadcrumb":{"@id":"https:\/\/www.encontraribeiraopreto.com.br\/sobre\/ribeirao-preto-recebe-entrega-oficial-de-caminhoes-do-programa-move-brasil\/#breadcrumblist"},"author":{"@id":"https:\/\/www.encontraribeiraopreto.com.br\/sobre\/author\/eribeiraopreto\/#author"},"creator":{"@id":"https:\/\/www.encontraribeiraopreto.com.br\/sobre\/author\/eribeiraopreto\/#author"},"image":{"@type":"ImageObject","url":"https:\/\/www.encontraribeiraopreto.com.br\/sobre\/wp-content\/uploads\/ribeirao-preto-recebe-entrega-oficial-de-caminhoes-do-programa-move-brasil.webp","@id":"https:\/\/www.encontraribeiraopreto.com.br\/sobre\/ribeirao-preto-recebe-entrega-oficial-de-caminhoes-do-programa-move-brasil\/#mainImage","width":280,"height":280,"caption":"Programa Move Brasil"},"primaryImageOfPage":{"@id":"https:\/\/www.encontraribeiraopreto.com.br\/sobre\/ribeirao-preto-recebe-entrega-oficial-de-caminhoes-do-programa-move-brasil\/#mainImage"},"datePublished":"2026-01-24T12:28:15-03:00","dateModified":"2026-01-24T12:28:15-03:00"},{"@type":"WebSite","@id":"https:\/\/www.encontraribeiraopreto.com.br\/sobre\/#website","url":"https:\/\/www.encontraribeiraopreto.com.br\/sobre\/","name":"Encontra Ribeir\u00e3o Preto","description":"Not\u00edcias, eventos, informa\u00e7\u00f5es e dicas na cidade Ribeir\u00e3o Preto e regi\u00e3o.","inLanguage":"pt-BR","publisher":{"@id":"https:\/\/www.encontraribeiraopreto.com.br\/sobre\/#organization"}}]},"og:locale":"pt_BR","og:site_name":"Encontra Ribeir\u00e3o Preto - Not\u00edcias, eventos, informa\u00e7\u00f5es e dicas na cidade Ribeir\u00e3o Preto e regi\u00e3o.","og:type":"article","og:title":"Ribeir\u00e3o Preto recebe entrega oficial de caminh\u00f5es do Programa Move Brasil - Encontra Ribeir\u00e3o Preto","og:description":"Ribeir\u00e3o Preto recebe caminh\u00f5es do Programa Move Brasil, trazendo inova\u00e7\u00e3o e sustentabilidade.","og:url":"https:\/\/www.encontraribeiraopreto.com.br\/sobre\/ribeirao-preto-recebe-entrega-oficial-de-caminhoes-do-programa-move-brasil\/","article:published_time":"2026-01-24T15:28:15+00:00","article:modified_time":"2026-01-24T15:28:15+00:00","twitter:card":"summary_large_image","twitter:title":"Ribeir\u00e3o Preto recebe entrega oficial de caminh\u00f5es do Programa Move Brasil - Encontra Ribeir\u00e3o Preto","twitter:description":"Ribeir\u00e3o Preto recebe caminh\u00f5es do Programa Move Brasil, trazendo inova\u00e7\u00e3o e sustentabilidade."},"aioseo_meta_data":{"post_id":"5046","title":null,"description":null,"keywords":null,"keyphrases":null,"primary_term":null,"canonical_url":null,"og_title":null,"og_description":null,"og_object_type":"default","og_image_type":"default","og_image_url":null,"og_image_width":null,"og_image_height":null,"og_image_custom_url":null,"og_image_custom_fields":null,"og_video":null,"og_custom_url":null,"og_article_section":null,"og_article_tags":null,"twitter_use_og":false,"twitter_card":"default","twitter_image_type":"default","twitter_image_url":null,"twitter_image_custom_url":null,"twitter_image_custom_fields":null,"twitter_title":null,"twitter_description":null,"schema":{"blockGraphs":[],"customGraphs":[],"default":{"data":{"Article":[],"Course":[],"Dataset":[],"FAQPage":[],"Movie":[],"Person":[],"Product":[],"ProductReview":[],"Car":[],"Recipe":[],"Service":[],"SoftwareApplication":[],"WebPage":[]},"graphName":"BlogPosting","isEnabled":true},"graphs":[]},"schema_type":"default","schema_type_options":null,"pillar_content":false,"robots_default":true,"robots_noindex":false,"robots_noarchive":false,"robots_nosnippet":false,"robots_nofollow":false,"robots_noimageindex":false,"robots_noodp":false,"robots_notranslate":false,"robots_max_snippet":null,"robots_max_videopreview":null,"robots_max_imagepreview":"large","priority":null,"frequency":null,"local_seo":null,"limit_modified_date":false,"created":"2026-01-24 15:28:20","updated":"2026-01-24 15:50:55","focus_keyword":null,"additional_keywords":null,"truseo_locale":null,"ai":null,"breadcrumb_settings":null,"seo_analyzer_scan_date":null},"aioseo_breadcrumb":"<div class=\"aioseo-breadcrumbs\"><span class=\"aioseo-breadcrumb\">\n\t\t\t<a href=\"https:\/\/www.encontraribeiraopreto.com.br\/sobre\" title=\"In\u00edcio\">In\u00edcio<\/a>\n\t\t<\/span><span class=\"aioseo-breadcrumb-separator\">&raquo;<\/span><span class=\"aioseo-breadcrumb\">\n\t\t\t<a href=\"https:\/\/www.encontraribeiraopreto.com.br\/sobre\/noticias-em-ribeirao-preto\/\" title=\"Not\u00edcias Ribeir\u00e3o Preto\">Not\u00edcias Ribeir\u00e3o Preto<\/a>\n\t\t<\/span><span class=\"aioseo-breadcrumb-separator\">&raquo;<\/span><span class=\"aioseo-breadcrumb\">\n\t\t\tRibeir\u00e3o Preto recebe entrega oficial de caminh\u00f5es do Programa Move Brasil\n\t\t<\/span><\/div>","aioseo_breadcrumb_json":[{"label":"In\u00edcio","link":"https:\/\/www.encontraribeiraopreto.com.br\/sobre"},{"label":"Not\u00edcias Ribeir\u00e3o Preto","link":"https:\/\/www.encontraribeiraopreto.com.br\/sobre\/noticias-em-ribeirao-preto\/"},{"label":"Ribeir\u00e3o Preto recebe entrega oficial de caminh\u00f5es do Programa Move Brasil","link":"https:\/\/www.encontraribeiraopreto.com.br\/sobre\/ribeirao-preto-recebe-entrega-oficial-de-caminhoes-do-programa-move-brasil\/"}],"_links":{"self":[{"href":"https:\/\/www.encontraribeiraopreto.com.br\/sobre\/wp-json\/wp\/v2\/posts\/5046","targetHints":{"allow":["GET"]}}],"collection":[{"href":"https:\/\/www.encontraribeiraopreto.com.br\/sobre\/wp-json\/wp\/v2\/posts"}],"about":[{"href":"https:\/\/www.encontraribeiraopreto.com.br\/sobre\/wp-json\/wp\/v2\/types\/post"}],"author":[{"embeddable":true,"href":"https:\/\/www.encontraribeiraopreto.com.br\/sobre\/wp-json\/wp\/v2\/users\/1"}],"replies":[{"embeddable":true,"href":"https:\/\/www.encontraribeiraopreto.com.br\/sobre\/wp-json\/wp\/v2\/comments?post=5046"}],"version-history":[{"count":0,"href":"https:\/\/www.encontraribeiraopreto.com.br\/sobre\/wp-json\/wp\/v2\/posts\/5046\/revisions"}],"wp:featuredmedia":[{"embeddable":true,"href":"https:\/\/www.encontraribeiraopreto.com.br\/sobre\/wp-json\/wp\/v2\/media\/5045"}],"wp:attachment":[{"href":"https:\/\/www.encontraribeiraopreto.com.br\/sobre\/wp-json\/wp\/v2\/media?parent=5046"}],"wp:term":[{"taxonomy":"category","embeddable":true,"href":"https:\/\/www.encontraribeiraopreto.com.br\/sobre\/wp-json\/wp\/v2\/categories?post=5046"},{"taxonomy":"post_tag","embeddable":true,"href":"https:\/\/www.encontraribeiraopreto.com.br\/sobre\/wp-json\/wp\/v2\/tags?post=5046"}],"curies":[{"name":"wp","href":"https:\/\/api.w.org\/{rel}","templated":true}]}}