{"id":5079,"date":"2026-01-29T12:37:07","date_gmt":"2026-01-29T15:37:07","guid":{"rendered":"https:\/\/www.encontraribeiraopreto.com.br\/sobre\/menino-que-sobreviveu-a-queda-do-10o-andar-em-ribeirao-preto-e-desintubado-e-respira-sozinho-diz-pai\/"},"modified":"2026-01-29T12:37:07","modified_gmt":"2026-01-29T15:37:07","slug":"menino-que-sobreviveu-a-queda-do-10o-andar-em-ribeirao-preto-e-desintubado-e-respira-sozinho-diz-pai","status":"publish","type":"post","link":"https:\/\/www.encontraribeiraopreto.com.br\/sobre\/menino-que-sobreviveu-a-queda-do-10o-andar-em-ribeirao-preto-e-desintubado-e-respira-sozinho-diz-pai\/","title":{"rendered":"Menino que sobreviveu a queda do 10\u00ba andar em Ribeir\u00e3o Preto \u00e9 desintubado e respira sozinho, diz pai"},"content":{"rendered":"<div class=\"cd7ef838bed10b2b4567f853226bc383\" data-index=\"1\" style=\"float: none; margin:0px;\">\n<!-- Anuncio display - global -->\r\n<ins class=\"adsbygoogle\"\r\n     style=\"display:block\"\r\n     data-ad-client=\"ca-pub-8585364105181520\"\r\n     data-ad-slot=\"8789329856\"\r\n     data-ad-format=\"auto\"\r\n     data-full-width-responsive=\"true\"><\/ins>\r\n<script>\r\n     (adsbygoogle = window.adsbygoogle || []).push({});\r\n<\/script>\r\n\n<\/div>\n<h2>A Queda Surpreendente<\/h2>\n<p>Em um incidente chocante ocorrido em Ribeir\u00e3o Preto,  um menino de apenas 4 anos, identificado como Brenno Fernandes Girdziauckas, caiu do d\u00e9cimo andar de um pr\u00e9dio situado no centro da cidade. O evento aconteceu em 27 de dezembro de 2025, aproximadamente \u00e0s 15h30. A queda foi particularmente grave, uma vez que Brenno n\u00e3o verbalizou e \u00e9 autista, o que intensificou a preocupa\u00e7\u00e3o da fam\u00edlia e das autoridades sobre as circunst\u00e2ncias que permitiram acesso ao local.<\/p>\n<h2>Evolu\u00e7\u00e3o do Quadro Cl\u00ednico<\/h2>\n<p>Desde a sua interna\u00e7\u00e3o na Unidade de Terapia Intensiva (UTI) Pedi\u00e1trica do Hospital das Cl\u00ednicas, a condi\u00e7\u00e3o de Brenno apresentou sinais de melhora. De acordo com seu pai, Carlos Daniel Fernandes, o menino foi desintubado e agora respira sem a assist\u00eancia de aparelhos, embora ainda esteja sob seda\u00e7\u00e3o. A fam\u00edlia demonstrou esperan\u00e7a com o progresso do menino.<\/p>\n<h2>Desintuba\u00e7\u00e3o e Melhoras<\/h2>\n<p>Ap\u00f3s a desintuba\u00e7\u00e3o, que foi um marco significativo na recupera\u00e7\u00e3o de Brenno, seus m\u00e9dicos observaram uma evolu\u00e7\u00e3o consider\u00e1vel em seu estado de sa\u00fade. Ele vinha respondendo bem ao tratamento, com a necessidade de seda\u00e7\u00e3o sendo gradualmente reduzida. O paciente tamb\u00e9m n\u00e3o apresentou mais a necessidade de transfus\u00f5es de sangue, o que \u00e9 um sinal positivo para sua recupera\u00e7\u00e3o.<\/p>\n<p><img decoding=\"async\" src=\"https:\/\/www.encontraribeiraopreto.com.br\/sobre\/wp-content\/uploads\/menino-que-sobreviveu-a-queda-do-10-andar-em-ribeirao-preto-e-desintubado-e-respira-sozinho-diz-pai.webp\" alt=\"menino que caiu do 10\u00ba andar em Ribeir\u00e3o\" loading=\"lazy\" \/><\/p>\n<h2>Rea\u00e7\u00f5es da Fam\u00edlia<\/h2>\n<p>A fam\u00edlia de Brenno expressou um al\u00edvio ao ouvir sobre as melhorias do menino. O pai informou que um padre capel\u00e3o visitou o hospital e fez uma ora\u00e7\u00e3o especial pela recupera\u00e7\u00e3o de todas as crian\u00e7as na CTI, o que trouxe um momento de esperan\u00e7a e espiritualidade em um momento dif\u00edcil. O apoio da comunidade e das pessoas pr\u00f3ximas tem sido fundamental para oferec\u00ea-los conforto durante a recupera\u00e7\u00e3o do filho.<\/p>\n<h2>Contexto do Acidente<\/h2>\n<p>O incidente ocorreu quando Brenno teve acesso \u00e0 janela do banheiro do apartamento, que n\u00e3o contava com grades de prote\u00e7\u00e3o. A m\u00e3e do menino, que \u00e9 psic\u00f3loga, relatou que estava pr\u00f3xima ao quarto com o marido quando ouviu um barulho. Ao verificar o banheiro, percebeu que a crian\u00e7a n\u00e3o estava l\u00e1 e deduziu que havia ca\u00eddo pela janela. Assim que soube do ocorrido, ela desceu imediatamente para o t\u00e9rreo do pr\u00e9dio, onde encontrou seu filho ca\u00eddo na \u00e1rea comum do condom\u00ednio.<\/p>\n<h2>A Import\u00e2ncia do Atendimento Imediato<\/h2>\n<p>Ap\u00f3s a queda, a rapidez no atendimento foi crucial. A irm\u00e3 de Brenno acionou o Servi\u00e7o M\u00f3vel de Atendimento de Urg\u00eancia (Samu), que prestou os primeiros socorros e encaminhou a crian\u00e7a para a unidade de emerg\u00eancia mais pr\u00f3xima. A atua\u00e7\u00e3o r\u00e1pida das equipes de sa\u00fade foi fundamental para garantir que Brenno recebesse os cuidados necess\u00e1rios em tempo h\u00e1bil.<\/p>\n<h2>Depoimento do Pai<\/h2>\n<p>Carlos Daniel Fernandes exp\u00f4s a ang\u00fastia e as esperan\u00e7as da fam\u00edlia durante esse dif\u00edcil momento. &#8220;Estamos muito gratos pela resposta r\u00e1pida das equipes m\u00e9dicas e pela evolu\u00e7\u00e3o do nosso filho. \u00c9 um processo longo, mas a cada dia que passa vemos sinais de que ele est\u00e1 melhorando&#8221;, disse Carlos, reconhecendo a luta enfrentada por Brenno e a alegria em saber que seu filho continua vivo e lutando.<\/p>\n<h2>Reflex\u00f5es sobre Seguran\u00e7a em Apartamentos<\/h2>\n<p>A trag\u00e9dia que envolveu Brenno trouxe \u00e0 tona a quest\u00e3o da seguran\u00e7a em apartamentos. Especialistas e autoridades locais ressaltaram a import\u00e2ncia de medidas de seguran\u00e7a adequadas, como a instala\u00e7\u00e3o de grades nas janelas, a supervis\u00e3o constante de crian\u00e7as em locais altos e a necessidade de campanhas de conscientiza\u00e7\u00e3o sobre o tema. \u00c9 essencial que os pais e respons\u00e1veis fiquem atentos e adotem precau\u00e7\u00f5es para evitar acidentes semelhantes no futuro.<\/p>\n<h2>O Papel da Comunidade na Recupera\u00e7\u00e3o<\/h2>\n<p>O suporte da comunidade tem sido um pilar de for\u00e7a para a fam\u00edlia, com amigos, vizinhos e desconhecidos enviando mensagens de apoio e realiza\u00e7\u00f5es de ora\u00e7\u00f5es em favor da recupera\u00e7\u00e3o de Brenno. Essa rede de solidariedade \u00e9 uma demonstra\u00e7\u00e3o do poder comunit\u00e1rio em momentos de crise, ajudando a manter a esperan\u00e7a viva enquanto Brenno enfrenta sua longa jornada de recupera\u00e7\u00e3o.<\/p>\n<h2>Melhores Pr\u00e1ticas para Seguran\u00e7a Infantil<\/h2>\n<p>Para prevenir acidentes semelhantes, \u00e9 crucial seguir algumas pr\u00e1ticas recomendadas:<\/p>\n<ul>\n<li><strong>Instala\u00e7\u00e3o de Grades de Prote\u00e7\u00e3o:<\/strong> Colocar grades em janelas e sacadas pode ser um primeiro passo importante na seguran\u00e7a de crian\u00e7as.<\/li>\n<li><strong>Supervis\u00e3o Adulta:<\/strong> At\u00e9 que as crian\u00e7as atinjam uma idade em que possam entender os perigos, \u00e9 fundamental que estejam sempre sob vigil\u00e2ncia.<\/li>\n<li><strong>Educa\u00e7\u00e3o sobre Perigos:<\/strong> Ensinar as crian\u00e7as sobre o perigo que representam janelas altas e outros riscos \u00e9 essencial para a preven\u00e7\u00e3o.<\/li>\n<li><strong>Dispositivos de Seguran\u00e7a:<\/strong> Uso de dispositivos como trincos e bloqueadores pode ajudar a evitar que as crian\u00e7as acessem \u00e1reas perigosas.<\/li>\n<\/ul>\n<p>Essas pr\u00e1ticas n\u00e3o apenas proteger\u00e3o as crian\u00e7as, mas tamb\u00e9m proporcionar\u00e3o paz de esp\u00edrito a cuidadores e pais.<\/p>\n\n<div style=\"font-size: 0px; height: 0px; line-height: 0px; margin: 0; padding: 0; clear: both;\"><\/div>","protected":false},"excerpt":{"rendered":"<p>Menino que sobreviveu a queda do 10\u00ba andar de pr\u00e9dio j\u00e1 respira sem aparelhos.<\/p>\n","protected":false},"author":1,"featured_media":5078,"comment_status":"closed","ping_status":"closed","sticky":false,"template":"","format":"standard","meta":{"footnotes":""},"categories":[6],"tags":[],"class_list":["post-5079","post","type-post","status-publish","format-standard","has-post-thumbnail","hentry","category-noticias-em-ribeirao-preto","has_thumb"],"aioseo_notices":[],"aioseo_head":"\n\t\t<!-- All in One SEO 5.0.0.1 - aioseo.com -->\n\t<meta name=\"description\" content=\"Menino que sobreviveu a queda do 10\u00ba andar de pr\u00e9dio j\u00e1 respira sem aparelhos.\" \/>\n\t<meta name=\"robots\" content=\"max-image-preview:large\" \/>\n\t<meta name=\"author\" content=\"Encontra Ribeir\u00e3o Preto\"\/>\n\t<link rel=\"canonical\" href=\"https:\/\/www.encontraribeiraopreto.com.br\/sobre\/menino-que-sobreviveu-a-queda-do-10o-andar-em-ribeirao-preto-e-desintubado-e-respira-sozinho-diz-pai\/\" \/>\n\t<meta name=\"generator\" content=\"All in One SEO (AIOSEO) 5.0.0.1\" \/>\n\t\t<meta property=\"og:locale\" content=\"pt_BR\" \/>\n\t\t<meta property=\"og:site_name\" content=\"Encontra Ribeir\u00e3o Preto - Not\u00edcias, eventos, informa\u00e7\u00f5es e dicas na cidade Ribeir\u00e3o Preto e regi\u00e3o.\" \/>\n\t\t<meta property=\"og:type\" content=\"article\" \/>\n\t\t<meta property=\"og:title\" content=\"Menino que sobreviveu a queda do 10\u00ba andar em Ribeir\u00e3o Preto \u00e9 desintubado e respira sozinho, diz pai - Encontra Ribeir\u00e3o Preto\" \/>\n\t\t<meta property=\"og:description\" content=\"Menino que sobreviveu a queda do 10\u00ba andar de pr\u00e9dio j\u00e1 respira sem aparelhos.\" \/>\n\t\t<meta property=\"og:url\" content=\"https:\/\/www.encontraribeiraopreto.com.br\/sobre\/menino-que-sobreviveu-a-queda-do-10o-andar-em-ribeirao-preto-e-desintubado-e-respira-sozinho-diz-pai\/\" \/>\n\t\t<meta property=\"article:published_time\" content=\"2026-01-29T15:37:07+00:00\" \/>\n\t\t<meta property=\"article:modified_time\" content=\"2026-01-29T15:37:07+00:00\" \/>\n\t\t<meta name=\"twitter:card\" content=\"summary_large_image\" \/>\n\t\t<meta name=\"twitter:title\" content=\"Menino que sobreviveu a queda do 10\u00ba andar em Ribeir\u00e3o Preto \u00e9 desintubado e respira sozinho, diz pai - Encontra Ribeir\u00e3o Preto\" \/>\n\t\t<meta name=\"twitter:description\" content=\"Menino que sobreviveu a queda do 10\u00ba andar de pr\u00e9dio j\u00e1 respira sem aparelhos.\" \/>\n\t\t<script type=\"application\/ld+json\" class=\"aioseo-schema\">\n\t\t\t{\"@context\":\"https:\\\/\\\/schema.org\",\"@graph\":[{\"@type\":\"BlogPosting\",\"@id\":\"https:\\\/\\\/www.encontraribeiraopreto.com.br\\\/sobre\\\/menino-que-sobreviveu-a-queda-do-10o-andar-em-ribeirao-preto-e-desintubado-e-respira-sozinho-diz-pai\\\/#blogposting\",\"name\":\"Menino que sobreviveu a queda do 10\\u00ba andar em Ribeir\\u00e3o Preto \\u00e9 desintubado e respira sozinho, diz pai - Encontra Ribeir\\u00e3o Preto\",\"headline\":\"Menino que sobreviveu a queda do 10\\u00ba andar em Ribeir\\u00e3o Preto \\u00e9 desintubado e respira sozinho, diz pai\",\"author\":{\"@id\":\"https:\\\/\\\/www.encontraribeiraopreto.com.br\\\/sobre\\\/author\\\/eribeiraopreto\\\/#author\"},\"publisher\":{\"@id\":\"https:\\\/\\\/www.encontraribeiraopreto.com.br\\\/sobre\\\/#organization\"},\"image\":{\"@type\":\"ImageObject\",\"url\":\"https:\\\/\\\/www.encontraribeiraopreto.com.br\\\/sobre\\\/wp-content\\\/uploads\\\/menino-que-sobreviveu-a-queda-do-10-andar-em-ribeirao-preto-e-desintubado-e-respira-sozinho-diz-pai.webp\",\"width\":280,\"height\":280,\"caption\":\"menino que caiu do 10\\u00ba andar em Ribeir\\u00e3o\"},\"datePublished\":\"2026-01-29T12:37:07-03:00\",\"dateModified\":\"2026-01-29T12:37:07-03:00\",\"inLanguage\":\"pt-BR\",\"mainEntityOfPage\":{\"@id\":\"https:\\\/\\\/www.encontraribeiraopreto.com.br\\\/sobre\\\/menino-que-sobreviveu-a-queda-do-10o-andar-em-ribeirao-preto-e-desintubado-e-respira-sozinho-diz-pai\\\/#webpage\"},\"isPartOf\":{\"@id\":\"https:\\\/\\\/www.encontraribeiraopreto.com.br\\\/sobre\\\/menino-que-sobreviveu-a-queda-do-10o-andar-em-ribeirao-preto-e-desintubado-e-respira-sozinho-diz-pai\\\/#webpage\"},\"articleSection\":\"Not\\u00edcias Ribeir\\u00e3o Preto\"},{\"@type\":\"BreadcrumbList\",\"@id\":\"https:\\\/\\\/www.encontraribeiraopreto.com.br\\\/sobre\\\/menino-que-sobreviveu-a-queda-do-10o-andar-em-ribeirao-preto-e-desintubado-e-respira-sozinho-diz-pai\\\/#breadcrumblist\",\"itemListElement\":[{\"@type\":\"ListItem\",\"@id\":\"https:\\\/\\\/www.encontraribeiraopreto.com.br\\\/sobre#listItem\",\"position\":1,\"name\":\"In\\u00edcio\",\"item\":\"https:\\\/\\\/www.encontraribeiraopreto.com.br\\\/sobre\",\"nextItem\":{\"@type\":\"ListItem\",\"@id\":\"https:\\\/\\\/www.encontraribeiraopreto.com.br\\\/sobre\\\/noticias-em-ribeirao-preto\\\/#listItem\",\"name\":\"Not\\u00edcias Ribeir\\u00e3o Preto\"}},{\"@type\":\"ListItem\",\"@id\":\"https:\\\/\\\/www.encontraribeiraopreto.com.br\\\/sobre\\\/noticias-em-ribeirao-preto\\\/#listItem\",\"position\":2,\"name\":\"Not\\u00edcias Ribeir\\u00e3o Preto\",\"item\":\"https:\\\/\\\/www.encontraribeiraopreto.com.br\\\/sobre\\\/noticias-em-ribeirao-preto\\\/\",\"nextItem\":{\"@type\":\"ListItem\",\"@id\":\"https:\\\/\\\/www.encontraribeiraopreto.com.br\\\/sobre\\\/menino-que-sobreviveu-a-queda-do-10o-andar-em-ribeirao-preto-e-desintubado-e-respira-sozinho-diz-pai\\\/#listItem\",\"name\":\"Menino que sobreviveu a queda do 10\\u00ba andar em Ribeir\\u00e3o Preto \\u00e9 desintubado e respira sozinho, diz pai\"},\"previousItem\":{\"@type\":\"ListItem\",\"@id\":\"https:\\\/\\\/www.encontraribeiraopreto.com.br\\\/sobre#listItem\",\"name\":\"In\\u00edcio\"}},{\"@type\":\"ListItem\",\"@id\":\"https:\\\/\\\/www.encontraribeiraopreto.com.br\\\/sobre\\\/menino-que-sobreviveu-a-queda-do-10o-andar-em-ribeirao-preto-e-desintubado-e-respira-sozinho-diz-pai\\\/#listItem\",\"position\":3,\"name\":\"Menino que sobreviveu a queda do 10\\u00ba andar em Ribeir\\u00e3o Preto \\u00e9 desintubado e respira sozinho, diz pai\",\"previousItem\":{\"@type\":\"ListItem\",\"@id\":\"https:\\\/\\\/www.encontraribeiraopreto.com.br\\\/sobre\\\/noticias-em-ribeirao-preto\\\/#listItem\",\"name\":\"Not\\u00edcias Ribeir\\u00e3o Preto\"}}]},{\"@type\":\"Organization\",\"@id\":\"https:\\\/\\\/www.encontraribeiraopreto.com.br\\\/sobre\\\/#organization\",\"name\":\"Encontra Ribeir\\u00e3o Preto\",\"description\":\"Not\\u00edcias, eventos, informa\\u00e7\\u00f5es e dicas na cidade Ribeir\\u00e3o Preto e regi\\u00e3o.\",\"url\":\"https:\\\/\\\/www.encontraribeiraopreto.com.br\\\/sobre\\\/\"},{\"@type\":\"Person\",\"@id\":\"https:\\\/\\\/www.encontraribeiraopreto.com.br\\\/sobre\\\/author\\\/eribeiraopreto\\\/#author\",\"url\":\"https:\\\/\\\/www.encontraribeiraopreto.com.br\\\/sobre\\\/author\\\/eribeiraopreto\\\/\",\"name\":\"Encontra Ribeir\\u00e3o Preto\",\"image\":{\"@type\":\"ImageObject\",\"@id\":\"https:\\\/\\\/www.encontraribeiraopreto.com.br\\\/sobre\\\/menino-que-sobreviveu-a-queda-do-10o-andar-em-ribeirao-preto-e-desintubado-e-respira-sozinho-diz-pai\\\/#authorImage\",\"url\":\"https:\\\/\\\/secure.gravatar.com\\\/avatar\\\/507340682b8270222e1f208e23198b6ae7e2c6a1033ae84e99bc6bce4f82a387?s=96&d=mm&r=g\",\"width\":96,\"height\":96,\"caption\":\"Encontra Ribeir\\u00e3o Preto\"}},{\"@type\":\"WebPage\",\"@id\":\"https:\\\/\\\/www.encontraribeiraopreto.com.br\\\/sobre\\\/menino-que-sobreviveu-a-queda-do-10o-andar-em-ribeirao-preto-e-desintubado-e-respira-sozinho-diz-pai\\\/#webpage\",\"url\":\"https:\\\/\\\/www.encontraribeiraopreto.com.br\\\/sobre\\\/menino-que-sobreviveu-a-queda-do-10o-andar-em-ribeirao-preto-e-desintubado-e-respira-sozinho-diz-pai\\\/\",\"name\":\"Menino que sobreviveu a queda do 10\\u00ba andar em Ribeir\\u00e3o Preto \\u00e9 desintubado e respira sozinho, diz pai - Encontra Ribeir\\u00e3o Preto\",\"description\":\"Menino que sobreviveu a queda do 10\\u00ba andar de pr\\u00e9dio j\\u00e1 respira sem aparelhos.\",\"inLanguage\":\"pt-BR\",\"isPartOf\":{\"@id\":\"https:\\\/\\\/www.encontraribeiraopreto.com.br\\\/sobre\\\/#website\"},\"breadcrumb\":{\"@id\":\"https:\\\/\\\/www.encontraribeiraopreto.com.br\\\/sobre\\\/menino-que-sobreviveu-a-queda-do-10o-andar-em-ribeirao-preto-e-desintubado-e-respira-sozinho-diz-pai\\\/#breadcrumblist\"},\"author\":{\"@id\":\"https:\\\/\\\/www.encontraribeiraopreto.com.br\\\/sobre\\\/author\\\/eribeiraopreto\\\/#author\"},\"creator\":{\"@id\":\"https:\\\/\\\/www.encontraribeiraopreto.com.br\\\/sobre\\\/author\\\/eribeiraopreto\\\/#author\"},\"image\":{\"@type\":\"ImageObject\",\"url\":\"https:\\\/\\\/www.encontraribeiraopreto.com.br\\\/sobre\\\/wp-content\\\/uploads\\\/menino-que-sobreviveu-a-queda-do-10-andar-em-ribeirao-preto-e-desintubado-e-respira-sozinho-diz-pai.webp\",\"@id\":\"https:\\\/\\\/www.encontraribeiraopreto.com.br\\\/sobre\\\/menino-que-sobreviveu-a-queda-do-10o-andar-em-ribeirao-preto-e-desintubado-e-respira-sozinho-diz-pai\\\/#mainImage\",\"width\":280,\"height\":280,\"caption\":\"menino que caiu do 10\\u00ba andar em Ribeir\\u00e3o\"},\"primaryImageOfPage\":{\"@id\":\"https:\\\/\\\/www.encontraribeiraopreto.com.br\\\/sobre\\\/menino-que-sobreviveu-a-queda-do-10o-andar-em-ribeirao-preto-e-desintubado-e-respira-sozinho-diz-pai\\\/#mainImage\"},\"datePublished\":\"2026-01-29T12:37:07-03:00\",\"dateModified\":\"2026-01-29T12:37:07-03:00\"},{\"@type\":\"WebSite\",\"@id\":\"https:\\\/\\\/www.encontraribeiraopreto.com.br\\\/sobre\\\/#website\",\"url\":\"https:\\\/\\\/www.encontraribeiraopreto.com.br\\\/sobre\\\/\",\"name\":\"Encontra Ribeir\\u00e3o Preto\",\"description\":\"Not\\u00edcias, eventos, informa\\u00e7\\u00f5es e dicas na cidade Ribeir\\u00e3o Preto e regi\\u00e3o.\",\"inLanguage\":\"pt-BR\",\"publisher\":{\"@id\":\"https:\\\/\\\/www.encontraribeiraopreto.com.br\\\/sobre\\\/#organization\"}}]}\n\t\t<\/script>\n\t\t<!-- All in One SEO -->\n\n","aioseo_head_json":{"title":"Menino que sobreviveu a queda do 10\u00ba andar em Ribeir\u00e3o Preto \u00e9 desintubado e respira sozinho, diz pai - Encontra Ribeir\u00e3o Preto","description":"Menino que sobreviveu a queda do 10\u00ba andar de pr\u00e9dio j\u00e1 respira sem aparelhos.","canonical_url":"https:\/\/www.encontraribeiraopreto.com.br\/sobre\/menino-que-sobreviveu-a-queda-do-10o-andar-em-ribeirao-preto-e-desintubado-e-respira-sozinho-diz-pai\/","robots":"max-image-preview:large","keywords":"","webmasterTools":{"miscellaneous":""},"schema":{"@context":"https:\/\/schema.org","@graph":[{"@type":"BlogPosting","@id":"https:\/\/www.encontraribeiraopreto.com.br\/sobre\/menino-que-sobreviveu-a-queda-do-10o-andar-em-ribeirao-preto-e-desintubado-e-respira-sozinho-diz-pai\/#blogposting","name":"Menino que sobreviveu a queda do 10\u00ba andar em Ribeir\u00e3o Preto \u00e9 desintubado e respira sozinho, diz pai - Encontra Ribeir\u00e3o Preto","headline":"Menino que sobreviveu a queda do 10\u00ba andar em Ribeir\u00e3o Preto \u00e9 desintubado e respira sozinho, diz pai","author":{"@id":"https:\/\/www.encontraribeiraopreto.com.br\/sobre\/author\/eribeiraopreto\/#author"},"publisher":{"@id":"https:\/\/www.encontraribeiraopreto.com.br\/sobre\/#organization"},"image":{"@type":"ImageObject","url":"https:\/\/www.encontraribeiraopreto.com.br\/sobre\/wp-content\/uploads\/menino-que-sobreviveu-a-queda-do-10-andar-em-ribeirao-preto-e-desintubado-e-respira-sozinho-diz-pai.webp","width":280,"height":280,"caption":"menino que caiu do 10\u00ba andar em Ribeir\u00e3o"},"datePublished":"2026-01-29T12:37:07-03:00","dateModified":"2026-01-29T12:37:07-03:00","inLanguage":"pt-BR","mainEntityOfPage":{"@id":"https:\/\/www.encontraribeiraopreto.com.br\/sobre\/menino-que-sobreviveu-a-queda-do-10o-andar-em-ribeirao-preto-e-desintubado-e-respira-sozinho-diz-pai\/#webpage"},"isPartOf":{"@id":"https:\/\/www.encontraribeiraopreto.com.br\/sobre\/menino-que-sobreviveu-a-queda-do-10o-andar-em-ribeirao-preto-e-desintubado-e-respira-sozinho-diz-pai\/#webpage"},"articleSection":"Not\u00edcias Ribeir\u00e3o Preto"},{"@type":"BreadcrumbList","@id":"https:\/\/www.encontraribeiraopreto.com.br\/sobre\/menino-que-sobreviveu-a-queda-do-10o-andar-em-ribeirao-preto-e-desintubado-e-respira-sozinho-diz-pai\/#breadcrumblist","itemListElement":[{"@type":"ListItem","@id":"https:\/\/www.encontraribeiraopreto.com.br\/sobre#listItem","position":1,"name":"In\u00edcio","item":"https:\/\/www.encontraribeiraopreto.com.br\/sobre","nextItem":{"@type":"ListItem","@id":"https:\/\/www.encontraribeiraopreto.com.br\/sobre\/noticias-em-ribeirao-preto\/#listItem","name":"Not\u00edcias Ribeir\u00e3o Preto"}},{"@type":"ListItem","@id":"https:\/\/www.encontraribeiraopreto.com.br\/sobre\/noticias-em-ribeirao-preto\/#listItem","position":2,"name":"Not\u00edcias Ribeir\u00e3o Preto","item":"https:\/\/www.encontraribeiraopreto.com.br\/sobre\/noticias-em-ribeirao-preto\/","nextItem":{"@type":"ListItem","@id":"https:\/\/www.encontraribeiraopreto.com.br\/sobre\/menino-que-sobreviveu-a-queda-do-10o-andar-em-ribeirao-preto-e-desintubado-e-respira-sozinho-diz-pai\/#listItem","name":"Menino que sobreviveu a queda do 10\u00ba andar em Ribeir\u00e3o Preto \u00e9 desintubado e respira sozinho, diz pai"},"previousItem":{"@type":"ListItem","@id":"https:\/\/www.encontraribeiraopreto.com.br\/sobre#listItem","name":"In\u00edcio"}},{"@type":"ListItem","@id":"https:\/\/www.encontraribeiraopreto.com.br\/sobre\/menino-que-sobreviveu-a-queda-do-10o-andar-em-ribeirao-preto-e-desintubado-e-respira-sozinho-diz-pai\/#listItem","position":3,"name":"Menino que sobreviveu a queda do 10\u00ba andar em Ribeir\u00e3o Preto \u00e9 desintubado e respira sozinho, diz pai","previousItem":{"@type":"ListItem","@id":"https:\/\/www.encontraribeiraopreto.com.br\/sobre\/noticias-em-ribeirao-preto\/#listItem","name":"Not\u00edcias Ribeir\u00e3o Preto"}}]},{"@type":"Organization","@id":"https:\/\/www.encontraribeiraopreto.com.br\/sobre\/#organization","name":"Encontra Ribeir\u00e3o Preto","description":"Not\u00edcias, eventos, informa\u00e7\u00f5es e dicas na cidade Ribeir\u00e3o Preto e regi\u00e3o.","url":"https:\/\/www.encontraribeiraopreto.com.br\/sobre\/"},{"@type":"Person","@id":"https:\/\/www.encontraribeiraopreto.com.br\/sobre\/author\/eribeiraopreto\/#author","url":"https:\/\/www.encontraribeiraopreto.com.br\/sobre\/author\/eribeiraopreto\/","name":"Encontra Ribeir\u00e3o Preto","image":{"@type":"ImageObject","@id":"https:\/\/www.encontraribeiraopreto.com.br\/sobre\/menino-que-sobreviveu-a-queda-do-10o-andar-em-ribeirao-preto-e-desintubado-e-respira-sozinho-diz-pai\/#authorImage","url":"https:\/\/secure.gravatar.com\/avatar\/507340682b8270222e1f208e23198b6ae7e2c6a1033ae84e99bc6bce4f82a387?s=96&d=mm&r=g","width":96,"height":96,"caption":"Encontra Ribeir\u00e3o Preto"}},{"@type":"WebPage","@id":"https:\/\/www.encontraribeiraopreto.com.br\/sobre\/menino-que-sobreviveu-a-queda-do-10o-andar-em-ribeirao-preto-e-desintubado-e-respira-sozinho-diz-pai\/#webpage","url":"https:\/\/www.encontraribeiraopreto.com.br\/sobre\/menino-que-sobreviveu-a-queda-do-10o-andar-em-ribeirao-preto-e-desintubado-e-respira-sozinho-diz-pai\/","name":"Menino que sobreviveu a queda do 10\u00ba andar em Ribeir\u00e3o Preto \u00e9 desintubado e respira sozinho, diz pai - Encontra Ribeir\u00e3o Preto","description":"Menino que sobreviveu a queda do 10\u00ba andar de pr\u00e9dio j\u00e1 respira sem aparelhos.","inLanguage":"pt-BR","isPartOf":{"@id":"https:\/\/www.encontraribeiraopreto.com.br\/sobre\/#website"},"breadcrumb":{"@id":"https:\/\/www.encontraribeiraopreto.com.br\/sobre\/menino-que-sobreviveu-a-queda-do-10o-andar-em-ribeirao-preto-e-desintubado-e-respira-sozinho-diz-pai\/#breadcrumblist"},"author":{"@id":"https:\/\/www.encontraribeiraopreto.com.br\/sobre\/author\/eribeiraopreto\/#author"},"creator":{"@id":"https:\/\/www.encontraribeiraopreto.com.br\/sobre\/author\/eribeiraopreto\/#author"},"image":{"@type":"ImageObject","url":"https:\/\/www.encontraribeiraopreto.com.br\/sobre\/wp-content\/uploads\/menino-que-sobreviveu-a-queda-do-10-andar-em-ribeirao-preto-e-desintubado-e-respira-sozinho-diz-pai.webp","@id":"https:\/\/www.encontraribeiraopreto.com.br\/sobre\/menino-que-sobreviveu-a-queda-do-10o-andar-em-ribeirao-preto-e-desintubado-e-respira-sozinho-diz-pai\/#mainImage","width":280,"height":280,"caption":"menino que caiu do 10\u00ba andar em Ribeir\u00e3o"},"primaryImageOfPage":{"@id":"https:\/\/www.encontraribeiraopreto.com.br\/sobre\/menino-que-sobreviveu-a-queda-do-10o-andar-em-ribeirao-preto-e-desintubado-e-respira-sozinho-diz-pai\/#mainImage"},"datePublished":"2026-01-29T12:37:07-03:00","dateModified":"2026-01-29T12:37:07-03:00"},{"@type":"WebSite","@id":"https:\/\/www.encontraribeiraopreto.com.br\/sobre\/#website","url":"https:\/\/www.encontraribeiraopreto.com.br\/sobre\/","name":"Encontra Ribeir\u00e3o Preto","description":"Not\u00edcias, eventos, informa\u00e7\u00f5es e dicas na cidade Ribeir\u00e3o Preto e regi\u00e3o.","inLanguage":"pt-BR","publisher":{"@id":"https:\/\/www.encontraribeiraopreto.com.br\/sobre\/#organization"}}]},"og:locale":"pt_BR","og:site_name":"Encontra Ribeir\u00e3o Preto - Not\u00edcias, eventos, informa\u00e7\u00f5es e dicas na cidade Ribeir\u00e3o Preto e regi\u00e3o.","og:type":"article","og:title":"Menino que sobreviveu a queda do 10\u00ba andar em Ribeir\u00e3o Preto \u00e9 desintubado e respira sozinho, diz pai - Encontra Ribeir\u00e3o Preto","og:description":"Menino que sobreviveu a queda do 10\u00ba andar de pr\u00e9dio j\u00e1 respira sem aparelhos.","og:url":"https:\/\/www.encontraribeiraopreto.com.br\/sobre\/menino-que-sobreviveu-a-queda-do-10o-andar-em-ribeirao-preto-e-desintubado-e-respira-sozinho-diz-pai\/","article:published_time":"2026-01-29T15:37:07+00:00","article:modified_time":"2026-01-29T15:37:07+00:00","twitter:card":"summary_large_image","twitter:title":"Menino que sobreviveu a queda do 10\u00ba andar em Ribeir\u00e3o Preto \u00e9 desintubado e respira sozinho, diz pai - Encontra Ribeir\u00e3o Preto","twitter:description":"Menino que sobreviveu a queda do 10\u00ba andar de pr\u00e9dio j\u00e1 respira sem aparelhos."},"aioseo_meta_data":{"post_id":"5079","title":null,"description":null,"keywords":null,"keyphrases":null,"primary_term":null,"canonical_url":null,"og_title":null,"og_description":null,"og_object_type":"default","og_image_type":"default","og_image_url":null,"og_image_width":null,"og_image_height":null,"og_image_custom_url":null,"og_image_custom_fields":null,"og_video":null,"og_custom_url":null,"og_article_section":null,"og_article_tags":null,"twitter_use_og":false,"twitter_card":"default","twitter_image_type":"default","twitter_image_url":null,"twitter_image_custom_url":null,"twitter_image_custom_fields":null,"twitter_title":null,"twitter_description":null,"schema":{"blockGraphs":[],"customGraphs":[],"default":{"data":{"Article":[],"Course":[],"Dataset":[],"FAQPage":[],"Movie":[],"Person":[],"Product":[],"ProductReview":[],"Car":[],"Recipe":[],"Service":[],"SoftwareApplication":[],"WebPage":[]},"graphName":"BlogPosting","isEnabled":true},"graphs":[]},"schema_type":"default","schema_type_options":null,"pillar_content":false,"robots_default":true,"robots_noindex":false,"robots_noarchive":false,"robots_nosnippet":false,"robots_nofollow":false,"robots_noimageindex":false,"robots_noodp":false,"robots_notranslate":false,"robots_max_snippet":null,"robots_max_videopreview":null,"robots_max_imagepreview":"large","priority":null,"frequency":null,"local_seo":null,"limit_modified_date":false,"created":"2026-01-29 15:37:12","updated":"2026-01-29 15:51:46","focus_keyword":null,"additional_keywords":null,"truseo_locale":null,"ai":null,"breadcrumb_settings":null,"seo_analyzer_scan_date":null},"aioseo_breadcrumb":"<div class=\"aioseo-breadcrumbs\"><span class=\"aioseo-breadcrumb\">\n\t\t\t<a href=\"https:\/\/www.encontraribeiraopreto.com.br\/sobre\" title=\"In\u00edcio\">In\u00edcio<\/a>\n\t\t<\/span><span class=\"aioseo-breadcrumb-separator\">&raquo;<\/span><span class=\"aioseo-breadcrumb\">\n\t\t\t<a href=\"https:\/\/www.encontraribeiraopreto.com.br\/sobre\/noticias-em-ribeirao-preto\/\" title=\"Not\u00edcias Ribeir\u00e3o Preto\">Not\u00edcias Ribeir\u00e3o Preto<\/a>\n\t\t<\/span><span class=\"aioseo-breadcrumb-separator\">&raquo;<\/span><span class=\"aioseo-breadcrumb\">\n\t\t\tMenino que sobreviveu a queda do 10\u00ba andar em Ribeir\u00e3o Preto \u00e9 desintubado e respira sozinho, diz pai\n\t\t<\/span><\/div>","aioseo_breadcrumb_json":[{"label":"In\u00edcio","link":"https:\/\/www.encontraribeiraopreto.com.br\/sobre"},{"label":"Not\u00edcias Ribeir\u00e3o Preto","link":"https:\/\/www.encontraribeiraopreto.com.br\/sobre\/noticias-em-ribeirao-preto\/"},{"label":"Menino que sobreviveu a queda do 10\u00ba andar em Ribeir\u00e3o Preto \u00e9 desintubado e respira sozinho, diz pai","link":"https:\/\/www.encontraribeiraopreto.com.br\/sobre\/menino-que-sobreviveu-a-queda-do-10o-andar-em-ribeirao-preto-e-desintubado-e-respira-sozinho-diz-pai\/"}],"_links":{"self":[{"href":"https:\/\/www.encontraribeiraopreto.com.br\/sobre\/wp-json\/wp\/v2\/posts\/5079","targetHints":{"allow":["GET"]}}],"collection":[{"href":"https:\/\/www.encontraribeiraopreto.com.br\/sobre\/wp-json\/wp\/v2\/posts"}],"about":[{"href":"https:\/\/www.encontraribeiraopreto.com.br\/sobre\/wp-json\/wp\/v2\/types\/post"}],"author":[{"embeddable":true,"href":"https:\/\/www.encontraribeiraopreto.com.br\/sobre\/wp-json\/wp\/v2\/users\/1"}],"replies":[{"embeddable":true,"href":"https:\/\/www.encontraribeiraopreto.com.br\/sobre\/wp-json\/wp\/v2\/comments?post=5079"}],"version-history":[{"count":0,"href":"https:\/\/www.encontraribeiraopreto.com.br\/sobre\/wp-json\/wp\/v2\/posts\/5079\/revisions"}],"wp:featuredmedia":[{"embeddable":true,"href":"https:\/\/www.encontraribeiraopreto.com.br\/sobre\/wp-json\/wp\/v2\/media\/5078"}],"wp:attachment":[{"href":"https:\/\/www.encontraribeiraopreto.com.br\/sobre\/wp-json\/wp\/v2\/media?parent=5079"}],"wp:term":[{"taxonomy":"category","embeddable":true,"href":"https:\/\/www.encontraribeiraopreto.com.br\/sobre\/wp-json\/wp\/v2\/categories?post=5079"},{"taxonomy":"post_tag","embeddable":true,"href":"https:\/\/www.encontraribeiraopreto.com.br\/sobre\/wp-json\/wp\/v2\/tags?post=5079"}],"curies":[{"name":"wp","href":"https:\/\/api.w.org\/{rel}","templated":true}]}}