{"id":508,"date":"2011-10-13T14:06:24","date_gmt":"2011-10-13T17:06:24","guid":{"rendered":"http:\/\/www.encontraribeiraopreto.com.br\/noticias\/?p=508"},"modified":"2019-04-15T11:27:59","modified_gmt":"2019-04-15T14:27:59","slug":"mpt-de-ribeirao-preto-aciona-magazine-luiza-por-leis-trabalhistas","status":"publish","type":"post","link":"https:\/\/www.encontraribeiraopreto.com.br\/sobre\/mpt-de-ribeirao-preto-aciona-magazine-luiza-por-leis-trabalhistas\/","title":{"rendered":"MPT de Ribeir\u00e3o Preto aciona Magazine Luiza por leis trabalhistas"},"content":{"rendered":"<div class=\"cd7ef838bed10b2b4567f853226bc383\" data-index=\"1\" style=\"float: none; margin:0px;\">\n<!-- Anuncio display - global -->\r\n<ins class=\"adsbygoogle\"\r\n     style=\"display:block\"\r\n     data-ad-client=\"ca-pub-8585364105181520\"\r\n     data-ad-slot=\"8789329856\"\r\n     data-ad-format=\"auto\"\r\n     data-full-width-responsive=\"true\"><\/ins>\r\n<script>\r\n     (adsbygoogle = window.adsbygoogle || []).push({});\r\n<\/script>\r\n\n<\/div>\n<p>O Minist\u00e9rio P\u00fablico do Trabalho em <a href=\"http:\/\/www.encontraribeiraopreto.com.br\/\" target=\"_blank\">guia de Ribeir\u00e3o Preto<\/a> ingressou nesta ter\u00e7a-feira com uma a\u00e7\u00e3o civil p\u00fablica contra o Magazine Luiza acusando a empresa de praticar dumping social e pedindo que a empresa seja multada em R$ 3 milh\u00f5es.<\/p>\n<p>O MPT afirma que a varejista n\u00e3o respeitou a lei trabalhista em diversas ocasi\u00f5es. A procuradora Regina Duarte da Silva disse ao jornal Valor que a empresa procurou obter ganhos cortando os direitos trabalhistas dos empregados. Ela acrescentou que a rede j\u00e1 havia firmado dois Termos de Ajustamento de Conduta (TAC), em 1999 e em 2003, mas que &#8220;posteriormente foi 87 vezes autuada pelo MPT&#8221;.<\/p>\n<p>&#8220;A empresa, sonegando os direitos trabalhistas, aumenta o seu lucro e pratica o que a gente chama de concorr\u00eancia desleal&#8221;, diz Regina, acrescentando que a empresa &#8220;n\u00e3o concede aquele intervalo de uma hora previsto no artigo 71&#8221; e nem paga o descanso do funcion\u00e1rio no domingo.<\/p>\n<p>O documento enviado pela promotoria lista autos de infra\u00e7\u00e3o tais como: prorroga\u00e7\u00e3o da jornada normal de trabalho, al\u00e9m do limite de duas horas di\u00e1rias; deixar de conceder per\u00edodo m\u00ednimo de 11 onze horas de intervalo entre as jornadas; deixar de registrar os hor\u00e1rios de entrada e sa\u00edda; e manter empregado trabalhando sob condi\u00e7\u00f5es contr\u00e1rias \u00e0 conven\u00e7\u00e3o coletiva &#8211; labor aos domingos, entre outras.<\/p>\n<p>Os auditores do minist\u00e9rio fiscalizaram as lojas no interior do Estado e constaram que a empresa n\u00e3o havia cumprido com o TAC. Foram inspecionadas as unidades em Franca, Araraquara, Mat\u00e3o, Presidente Prudente, Mar\u00edlia, Pedregulho, Santa Rosa do Viterbo, Igarapava, Ituverava, S\u00e3o Joaquim da Barra, Ribeir\u00e3o Preto, Cravinhos, Batatais, Altin\u00f3polis, Brodowski e Monte Alto. Para Regina, o Magazine Luiza se acha &#8220;al\u00e9m da lei&#8221;.<\/p>\n<p>&#8220;Ela [a empresa] firma acordo, mas n\u00e3o est\u00e1 nem a\u00ed, faz pouco caso do MPT&#8221;. Procurada, a assessoria de imprensa do Magazine Luiza informou que estava apurando o caso antes de fazer qualquer coment\u00e1rio sobre o assunto.<\/p>\n<p>A empres\u00e1ria Luiza Trajano, dona do Magazine Luiza, \u00e9 cotada para o cargo de ministra especial da Secretaria da Micro e Pequena Empresa e a a\u00e7\u00e3o pode interferir no processo de escolha pelo Pal\u00e1cio do Planalto. A cria\u00e7\u00e3o da secretaria ainda precisa de aprova\u00e7\u00e3o do Congresso.<\/p>\n<p><em>Fonte: iG<\/em><\/p>\n\n<div style=\"font-size: 0px; height: 0px; line-height: 0px; margin: 0; padding: 0; clear: both;\"><\/div>","protected":false},"excerpt":{"rendered":"<p>O Minist\u00e9rio P\u00fablico do Trabalho em guia de Ribeir\u00e3o Preto ingressou nesta ter\u00e7a-feira com uma a\u00e7\u00e3o civil p\u00fablica contra o Magazine Luiza acusando a empresa de praticar dumping social e pedindo que a empresa seja multada em R$ 3 milh\u00f5es. O MPT afirma que a varejista n\u00e3o respeitou a lei trabalhista em diversas ocasi\u00f5es. A procuradora Regina Duarte da Silva disse ao jornal Valor que a empresa procurou obter ganhos cortando os direitos trabalhistas dos empregados. Ela acrescentou que a rede j\u00e1 havia firmado dois Termos de Ajustamento de Conduta (TAC), em 1999 e em 2003, mas que &#8220;posteriormente foi <\/p>\n","protected":false},"author":1,"featured_media":0,"comment_status":"open","ping_status":"closed","sticky":false,"template":"","format":"standard","meta":{"footnotes":""},"categories":[6],"tags":[14],"class_list":["post-508","post","type-post","status-publish","format-standard","hentry","category-noticias-em-ribeirao-preto","tag-ribeirao-preto"],"aioseo_notices":[],"aioseo_head":"\n\t\t<!-- All in One SEO 5.0.0.1 - aioseo.com -->\n\t<meta name=\"description\" content=\"O Minist\u00e9rio P\u00fablico do Trabalho em guia de Ribeir\u00e3o Preto ingressou nesta ter\u00e7a-feira com uma a\u00e7\u00e3o civil p\u00fablica contra o Magazine Luiza acusando a empresa de praticar dumping social e pedindo que a empresa seja multada em R$ 3 milh\u00f5es. O MPT afirma que a varejista n\u00e3o respeitou a lei trabalhista em diversas ocasi\u00f5es. A\" \/>\n\t<meta name=\"robots\" content=\"max-image-preview:large\" \/>\n\t<meta name=\"author\" content=\"Encontra Ribeir\u00e3o Preto\"\/>\n\t<link rel=\"canonical\" href=\"https:\/\/www.encontraribeiraopreto.com.br\/sobre\/mpt-de-ribeirao-preto-aciona-magazine-luiza-por-leis-trabalhistas\/\" \/>\n\t<meta name=\"generator\" content=\"All in One SEO (AIOSEO) 5.0.0.1\" \/>\n\t\t<meta property=\"og:locale\" content=\"pt_BR\" \/>\n\t\t<meta property=\"og:site_name\" content=\"Encontra Ribeir\u00e3o Preto - Not\u00edcias, eventos, informa\u00e7\u00f5es e dicas na cidade Ribeir\u00e3o Preto e regi\u00e3o.\" \/>\n\t\t<meta property=\"og:type\" content=\"article\" \/>\n\t\t<meta property=\"og:title\" content=\"MPT de Ribeir\u00e3o Preto aciona Magazine Luiza por leis trabalhistas - Encontra Ribeir\u00e3o Preto\" \/>\n\t\t<meta property=\"og:description\" content=\"O Minist\u00e9rio P\u00fablico do Trabalho em guia de Ribeir\u00e3o Preto ingressou nesta ter\u00e7a-feira com uma a\u00e7\u00e3o civil p\u00fablica contra o Magazine Luiza acusando a empresa de praticar dumping social e pedindo que a empresa seja multada em R$ 3 milh\u00f5es. O MPT afirma que a varejista n\u00e3o respeitou a lei trabalhista em diversas ocasi\u00f5es. A\" \/>\n\t\t<meta property=\"og:url\" content=\"https:\/\/www.encontraribeiraopreto.com.br\/sobre\/mpt-de-ribeirao-preto-aciona-magazine-luiza-por-leis-trabalhistas\/\" \/>\n\t\t<meta property=\"article:published_time\" content=\"2011-10-13T17:06:24+00:00\" \/>\n\t\t<meta property=\"article:modified_time\" content=\"2019-04-15T14:27:59+00:00\" \/>\n\t\t<meta name=\"twitter:card\" content=\"summary_large_image\" \/>\n\t\t<meta name=\"twitter:title\" content=\"MPT de Ribeir\u00e3o Preto aciona Magazine Luiza por leis trabalhistas - Encontra Ribeir\u00e3o Preto\" \/>\n\t\t<meta name=\"twitter:description\" content=\"O Minist\u00e9rio P\u00fablico do Trabalho em guia de Ribeir\u00e3o Preto ingressou nesta ter\u00e7a-feira com uma a\u00e7\u00e3o civil p\u00fablica contra o Magazine Luiza acusando a empresa de praticar dumping social e pedindo que a empresa seja multada em R$ 3 milh\u00f5es. O MPT afirma que a varejista n\u00e3o respeitou a lei trabalhista em diversas ocasi\u00f5es. A\" \/>\n\t\t<script type=\"application\/ld+json\" class=\"aioseo-schema\">\n\t\t\t{\"@context\":\"https:\\\/\\\/schema.org\",\"@graph\":[{\"@type\":\"BlogPosting\",\"@id\":\"https:\\\/\\\/www.encontraribeiraopreto.com.br\\\/sobre\\\/mpt-de-ribeirao-preto-aciona-magazine-luiza-por-leis-trabalhistas\\\/#blogposting\",\"name\":\"MPT de Ribeir\\u00e3o Preto aciona Magazine Luiza por leis trabalhistas - Encontra Ribeir\\u00e3o Preto\",\"headline\":\"MPT de Ribeir\\u00e3o Preto aciona Magazine Luiza por leis trabalhistas\",\"author\":{\"@id\":\"https:\\\/\\\/www.encontraribeiraopreto.com.br\\\/sobre\\\/author\\\/eribeiraopreto\\\/#author\"},\"publisher\":{\"@id\":\"https:\\\/\\\/www.encontraribeiraopreto.com.br\\\/sobre\\\/#organization\"},\"datePublished\":\"2011-10-13T14:06:24-03:00\",\"dateModified\":\"2019-04-15T11:27:59-03:00\",\"inLanguage\":\"pt-BR\",\"mainEntityOfPage\":{\"@id\":\"https:\\\/\\\/www.encontraribeiraopreto.com.br\\\/sobre\\\/mpt-de-ribeirao-preto-aciona-magazine-luiza-por-leis-trabalhistas\\\/#webpage\"},\"isPartOf\":{\"@id\":\"https:\\\/\\\/www.encontraribeiraopreto.com.br\\\/sobre\\\/mpt-de-ribeirao-preto-aciona-magazine-luiza-por-leis-trabalhistas\\\/#webpage\"},\"articleSection\":\"Not\\u00edcias Ribeir\\u00e3o Preto, Ribeir\\u00e3o Preto\"},{\"@type\":\"BreadcrumbList\",\"@id\":\"https:\\\/\\\/www.encontraribeiraopreto.com.br\\\/sobre\\\/mpt-de-ribeirao-preto-aciona-magazine-luiza-por-leis-trabalhistas\\\/#breadcrumblist\",\"itemListElement\":[{\"@type\":\"ListItem\",\"@id\":\"https:\\\/\\\/www.encontraribeiraopreto.com.br\\\/sobre#listItem\",\"position\":1,\"name\":\"In\\u00edcio\",\"item\":\"https:\\\/\\\/www.encontraribeiraopreto.com.br\\\/sobre\",\"nextItem\":{\"@type\":\"ListItem\",\"@id\":\"https:\\\/\\\/www.encontraribeiraopreto.com.br\\\/sobre\\\/noticias-em-ribeirao-preto\\\/#listItem\",\"name\":\"Not\\u00edcias Ribeir\\u00e3o Preto\"}},{\"@type\":\"ListItem\",\"@id\":\"https:\\\/\\\/www.encontraribeiraopreto.com.br\\\/sobre\\\/noticias-em-ribeirao-preto\\\/#listItem\",\"position\":2,\"name\":\"Not\\u00edcias Ribeir\\u00e3o Preto\",\"item\":\"https:\\\/\\\/www.encontraribeiraopreto.com.br\\\/sobre\\\/noticias-em-ribeirao-preto\\\/\",\"nextItem\":{\"@type\":\"ListItem\",\"@id\":\"https:\\\/\\\/www.encontraribeiraopreto.com.br\\\/sobre\\\/mpt-de-ribeirao-preto-aciona-magazine-luiza-por-leis-trabalhistas\\\/#listItem\",\"name\":\"MPT de Ribeir\\u00e3o Preto aciona Magazine Luiza por leis trabalhistas\"},\"previousItem\":{\"@type\":\"ListItem\",\"@id\":\"https:\\\/\\\/www.encontraribeiraopreto.com.br\\\/sobre#listItem\",\"name\":\"In\\u00edcio\"}},{\"@type\":\"ListItem\",\"@id\":\"https:\\\/\\\/www.encontraribeiraopreto.com.br\\\/sobre\\\/mpt-de-ribeirao-preto-aciona-magazine-luiza-por-leis-trabalhistas\\\/#listItem\",\"position\":3,\"name\":\"MPT de Ribeir\\u00e3o Preto aciona Magazine Luiza por leis trabalhistas\",\"previousItem\":{\"@type\":\"ListItem\",\"@id\":\"https:\\\/\\\/www.encontraribeiraopreto.com.br\\\/sobre\\\/noticias-em-ribeirao-preto\\\/#listItem\",\"name\":\"Not\\u00edcias Ribeir\\u00e3o Preto\"}}]},{\"@type\":\"Organization\",\"@id\":\"https:\\\/\\\/www.encontraribeiraopreto.com.br\\\/sobre\\\/#organization\",\"name\":\"Encontra Ribeir\\u00e3o Preto\",\"description\":\"Not\\u00edcias, eventos, informa\\u00e7\\u00f5es e dicas na cidade Ribeir\\u00e3o Preto e regi\\u00e3o.\",\"url\":\"https:\\\/\\\/www.encontraribeiraopreto.com.br\\\/sobre\\\/\"},{\"@type\":\"Person\",\"@id\":\"https:\\\/\\\/www.encontraribeiraopreto.com.br\\\/sobre\\\/author\\\/eribeiraopreto\\\/#author\",\"url\":\"https:\\\/\\\/www.encontraribeiraopreto.com.br\\\/sobre\\\/author\\\/eribeiraopreto\\\/\",\"name\":\"Encontra Ribeir\\u00e3o Preto\",\"image\":{\"@type\":\"ImageObject\",\"@id\":\"https:\\\/\\\/www.encontraribeiraopreto.com.br\\\/sobre\\\/mpt-de-ribeirao-preto-aciona-magazine-luiza-por-leis-trabalhistas\\\/#authorImage\",\"url\":\"https:\\\/\\\/secure.gravatar.com\\\/avatar\\\/507340682b8270222e1f208e23198b6ae7e2c6a1033ae84e99bc6bce4f82a387?s=96&d=mm&r=g\",\"width\":96,\"height\":96,\"caption\":\"Encontra Ribeir\\u00e3o Preto\"}},{\"@type\":\"WebPage\",\"@id\":\"https:\\\/\\\/www.encontraribeiraopreto.com.br\\\/sobre\\\/mpt-de-ribeirao-preto-aciona-magazine-luiza-por-leis-trabalhistas\\\/#webpage\",\"url\":\"https:\\\/\\\/www.encontraribeiraopreto.com.br\\\/sobre\\\/mpt-de-ribeirao-preto-aciona-magazine-luiza-por-leis-trabalhistas\\\/\",\"name\":\"MPT de Ribeir\\u00e3o Preto aciona Magazine Luiza por leis trabalhistas - Encontra Ribeir\\u00e3o Preto\",\"description\":\"O Minist\\u00e9rio P\\u00fablico do Trabalho em guia de Ribeir\\u00e3o Preto ingressou nesta ter\\u00e7a-feira com uma a\\u00e7\\u00e3o civil p\\u00fablica contra o Magazine Luiza acusando a empresa de praticar dumping social e pedindo que a empresa seja multada em R$ 3 milh\\u00f5es. O MPT afirma que a varejista n\\u00e3o respeitou a lei trabalhista em diversas ocasi\\u00f5es. A\",\"inLanguage\":\"pt-BR\",\"isPartOf\":{\"@id\":\"https:\\\/\\\/www.encontraribeiraopreto.com.br\\\/sobre\\\/#website\"},\"breadcrumb\":{\"@id\":\"https:\\\/\\\/www.encontraribeiraopreto.com.br\\\/sobre\\\/mpt-de-ribeirao-preto-aciona-magazine-luiza-por-leis-trabalhistas\\\/#breadcrumblist\"},\"author\":{\"@id\":\"https:\\\/\\\/www.encontraribeiraopreto.com.br\\\/sobre\\\/author\\\/eribeiraopreto\\\/#author\"},\"creator\":{\"@id\":\"https:\\\/\\\/www.encontraribeiraopreto.com.br\\\/sobre\\\/author\\\/eribeiraopreto\\\/#author\"},\"datePublished\":\"2011-10-13T14:06:24-03:00\",\"dateModified\":\"2019-04-15T11:27:59-03:00\"},{\"@type\":\"WebSite\",\"@id\":\"https:\\\/\\\/www.encontraribeiraopreto.com.br\\\/sobre\\\/#website\",\"url\":\"https:\\\/\\\/www.encontraribeiraopreto.com.br\\\/sobre\\\/\",\"name\":\"Encontra Ribeir\\u00e3o Preto\",\"description\":\"Not\\u00edcias, eventos, informa\\u00e7\\u00f5es e dicas na cidade Ribeir\\u00e3o Preto e regi\\u00e3o.\",\"inLanguage\":\"pt-BR\",\"publisher\":{\"@id\":\"https:\\\/\\\/www.encontraribeiraopreto.com.br\\\/sobre\\\/#organization\"}}]}\n\t\t<\/script>\n\t\t<!-- All in One SEO -->\n\n","aioseo_head_json":{"title":"MPT de Ribeir\u00e3o Preto aciona Magazine Luiza por leis trabalhistas - Encontra Ribeir\u00e3o Preto","description":"O Minist\u00e9rio P\u00fablico do Trabalho em guia de Ribeir\u00e3o Preto ingressou nesta ter\u00e7a-feira com uma a\u00e7\u00e3o civil p\u00fablica contra o Magazine Luiza acusando a empresa de praticar dumping social e pedindo que a empresa seja multada em R$ 3 milh\u00f5es. O MPT afirma que a varejista n\u00e3o respeitou a lei trabalhista em diversas ocasi\u00f5es. A","canonical_url":"https:\/\/www.encontraribeiraopreto.com.br\/sobre\/mpt-de-ribeirao-preto-aciona-magazine-luiza-por-leis-trabalhistas\/","robots":"max-image-preview:large","keywords":"","webmasterTools":{"miscellaneous":""},"schema":{"@context":"https:\/\/schema.org","@graph":[{"@type":"BlogPosting","@id":"https:\/\/www.encontraribeiraopreto.com.br\/sobre\/mpt-de-ribeirao-preto-aciona-magazine-luiza-por-leis-trabalhistas\/#blogposting","name":"MPT de Ribeir\u00e3o Preto aciona Magazine Luiza por leis trabalhistas - Encontra Ribeir\u00e3o Preto","headline":"MPT de Ribeir\u00e3o Preto aciona Magazine Luiza por leis trabalhistas","author":{"@id":"https:\/\/www.encontraribeiraopreto.com.br\/sobre\/author\/eribeiraopreto\/#author"},"publisher":{"@id":"https:\/\/www.encontraribeiraopreto.com.br\/sobre\/#organization"},"datePublished":"2011-10-13T14:06:24-03:00","dateModified":"2019-04-15T11:27:59-03:00","inLanguage":"pt-BR","mainEntityOfPage":{"@id":"https:\/\/www.encontraribeiraopreto.com.br\/sobre\/mpt-de-ribeirao-preto-aciona-magazine-luiza-por-leis-trabalhistas\/#webpage"},"isPartOf":{"@id":"https:\/\/www.encontraribeiraopreto.com.br\/sobre\/mpt-de-ribeirao-preto-aciona-magazine-luiza-por-leis-trabalhistas\/#webpage"},"articleSection":"Not\u00edcias Ribeir\u00e3o Preto, Ribeir\u00e3o Preto"},{"@type":"BreadcrumbList","@id":"https:\/\/www.encontraribeiraopreto.com.br\/sobre\/mpt-de-ribeirao-preto-aciona-magazine-luiza-por-leis-trabalhistas\/#breadcrumblist","itemListElement":[{"@type":"ListItem","@id":"https:\/\/www.encontraribeiraopreto.com.br\/sobre#listItem","position":1,"name":"In\u00edcio","item":"https:\/\/www.encontraribeiraopreto.com.br\/sobre","nextItem":{"@type":"ListItem","@id":"https:\/\/www.encontraribeiraopreto.com.br\/sobre\/noticias-em-ribeirao-preto\/#listItem","name":"Not\u00edcias Ribeir\u00e3o Preto"}},{"@type":"ListItem","@id":"https:\/\/www.encontraribeiraopreto.com.br\/sobre\/noticias-em-ribeirao-preto\/#listItem","position":2,"name":"Not\u00edcias Ribeir\u00e3o Preto","item":"https:\/\/www.encontraribeiraopreto.com.br\/sobre\/noticias-em-ribeirao-preto\/","nextItem":{"@type":"ListItem","@id":"https:\/\/www.encontraribeiraopreto.com.br\/sobre\/mpt-de-ribeirao-preto-aciona-magazine-luiza-por-leis-trabalhistas\/#listItem","name":"MPT de Ribeir\u00e3o Preto aciona Magazine Luiza por leis trabalhistas"},"previousItem":{"@type":"ListItem","@id":"https:\/\/www.encontraribeiraopreto.com.br\/sobre#listItem","name":"In\u00edcio"}},{"@type":"ListItem","@id":"https:\/\/www.encontraribeiraopreto.com.br\/sobre\/mpt-de-ribeirao-preto-aciona-magazine-luiza-por-leis-trabalhistas\/#listItem","position":3,"name":"MPT de Ribeir\u00e3o Preto aciona Magazine Luiza por leis trabalhistas","previousItem":{"@type":"ListItem","@id":"https:\/\/www.encontraribeiraopreto.com.br\/sobre\/noticias-em-ribeirao-preto\/#listItem","name":"Not\u00edcias Ribeir\u00e3o Preto"}}]},{"@type":"Organization","@id":"https:\/\/www.encontraribeiraopreto.com.br\/sobre\/#organization","name":"Encontra Ribeir\u00e3o Preto","description":"Not\u00edcias, eventos, informa\u00e7\u00f5es e dicas na cidade Ribeir\u00e3o Preto e regi\u00e3o.","url":"https:\/\/www.encontraribeiraopreto.com.br\/sobre\/"},{"@type":"Person","@id":"https:\/\/www.encontraribeiraopreto.com.br\/sobre\/author\/eribeiraopreto\/#author","url":"https:\/\/www.encontraribeiraopreto.com.br\/sobre\/author\/eribeiraopreto\/","name":"Encontra Ribeir\u00e3o Preto","image":{"@type":"ImageObject","@id":"https:\/\/www.encontraribeiraopreto.com.br\/sobre\/mpt-de-ribeirao-preto-aciona-magazine-luiza-por-leis-trabalhistas\/#authorImage","url":"https:\/\/secure.gravatar.com\/avatar\/507340682b8270222e1f208e23198b6ae7e2c6a1033ae84e99bc6bce4f82a387?s=96&d=mm&r=g","width":96,"height":96,"caption":"Encontra Ribeir\u00e3o Preto"}},{"@type":"WebPage","@id":"https:\/\/www.encontraribeiraopreto.com.br\/sobre\/mpt-de-ribeirao-preto-aciona-magazine-luiza-por-leis-trabalhistas\/#webpage","url":"https:\/\/www.encontraribeiraopreto.com.br\/sobre\/mpt-de-ribeirao-preto-aciona-magazine-luiza-por-leis-trabalhistas\/","name":"MPT de Ribeir\u00e3o Preto aciona Magazine Luiza por leis trabalhistas - Encontra Ribeir\u00e3o Preto","description":"O Minist\u00e9rio P\u00fablico do Trabalho em guia de Ribeir\u00e3o Preto ingressou nesta ter\u00e7a-feira com uma a\u00e7\u00e3o civil p\u00fablica contra o Magazine Luiza acusando a empresa de praticar dumping social e pedindo que a empresa seja multada em R$ 3 milh\u00f5es. O MPT afirma que a varejista n\u00e3o respeitou a lei trabalhista em diversas ocasi\u00f5es. A","inLanguage":"pt-BR","isPartOf":{"@id":"https:\/\/www.encontraribeiraopreto.com.br\/sobre\/#website"},"breadcrumb":{"@id":"https:\/\/www.encontraribeiraopreto.com.br\/sobre\/mpt-de-ribeirao-preto-aciona-magazine-luiza-por-leis-trabalhistas\/#breadcrumblist"},"author":{"@id":"https:\/\/www.encontraribeiraopreto.com.br\/sobre\/author\/eribeiraopreto\/#author"},"creator":{"@id":"https:\/\/www.encontraribeiraopreto.com.br\/sobre\/author\/eribeiraopreto\/#author"},"datePublished":"2011-10-13T14:06:24-03:00","dateModified":"2019-04-15T11:27:59-03:00"},{"@type":"WebSite","@id":"https:\/\/www.encontraribeiraopreto.com.br\/sobre\/#website","url":"https:\/\/www.encontraribeiraopreto.com.br\/sobre\/","name":"Encontra Ribeir\u00e3o Preto","description":"Not\u00edcias, eventos, informa\u00e7\u00f5es e dicas na cidade Ribeir\u00e3o Preto e regi\u00e3o.","inLanguage":"pt-BR","publisher":{"@id":"https:\/\/www.encontraribeiraopreto.com.br\/sobre\/#organization"}}]},"og:locale":"pt_BR","og:site_name":"Encontra Ribeir\u00e3o Preto - Not\u00edcias, eventos, informa\u00e7\u00f5es e dicas na cidade Ribeir\u00e3o Preto e regi\u00e3o.","og:type":"article","og:title":"MPT de Ribeir\u00e3o Preto aciona Magazine Luiza por leis trabalhistas - Encontra Ribeir\u00e3o Preto","og:description":"O Minist\u00e9rio P\u00fablico do Trabalho em guia de Ribeir\u00e3o Preto ingressou nesta ter\u00e7a-feira com uma a\u00e7\u00e3o civil p\u00fablica contra o Magazine Luiza acusando a empresa de praticar dumping social e pedindo que a empresa seja multada em R$ 3 milh\u00f5es. O MPT afirma que a varejista n\u00e3o respeitou a lei trabalhista em diversas ocasi\u00f5es. A","og:url":"https:\/\/www.encontraribeiraopreto.com.br\/sobre\/mpt-de-ribeirao-preto-aciona-magazine-luiza-por-leis-trabalhistas\/","article:published_time":"2011-10-13T17:06:24+00:00","article:modified_time":"2019-04-15T14:27:59+00:00","twitter:card":"summary_large_image","twitter:title":"MPT de Ribeir\u00e3o Preto aciona Magazine Luiza por leis trabalhistas - Encontra Ribeir\u00e3o Preto","twitter:description":"O Minist\u00e9rio P\u00fablico do Trabalho em guia de Ribeir\u00e3o Preto ingressou nesta ter\u00e7a-feira com uma a\u00e7\u00e3o civil p\u00fablica contra o Magazine Luiza acusando a empresa de praticar dumping social e pedindo que a empresa seja multada em R$ 3 milh\u00f5es. O MPT afirma que a varejista n\u00e3o respeitou a lei trabalhista em diversas ocasi\u00f5es. A"},"aioseo_meta_data":{"post_id":"508","title":null,"description":null,"keywords":null,"keyphrases":null,"primary_term":null,"canonical_url":null,"og_title":null,"og_description":null,"og_object_type":"default","og_image_type":"default","og_image_url":null,"og_image_width":null,"og_image_height":null,"og_image_custom_url":null,"og_image_custom_fields":null,"og_video":null,"og_custom_url":null,"og_article_section":null,"og_article_tags":null,"twitter_use_og":false,"twitter_card":"default","twitter_image_type":"default","twitter_image_url":null,"twitter_image_custom_url":null,"twitter_image_custom_fields":null,"twitter_title":null,"twitter_description":null,"schema":{"blockGraphs":[],"customGraphs":[],"default":{"data":{"Article":[],"Course":[],"Dataset":[],"FAQPage":[],"Movie":[],"Person":[],"Product":[],"ProductReview":[],"Car":[],"Recipe":[],"Service":[],"SoftwareApplication":[],"WebPage":[]},"graphName":"BlogPosting","isEnabled":true},"graphs":[]},"schema_type":null,"schema_type_options":null,"pillar_content":false,"robots_default":true,"robots_noindex":false,"robots_noarchive":false,"robots_nosnippet":false,"robots_nofollow":false,"robots_noimageindex":false,"robots_noodp":false,"robots_notranslate":false,"robots_max_snippet":null,"robots_max_videopreview":null,"robots_max_imagepreview":"large","priority":null,"frequency":null,"local_seo":null,"limit_modified_date":false,"created":"2021-02-24 13:15:22","updated":"2023-03-04 09:33:50","focus_keyword":null,"additional_keywords":null,"truseo_locale":null,"ai":null,"breadcrumb_settings":null,"seo_analyzer_scan_date":null},"aioseo_breadcrumb":"<div class=\"aioseo-breadcrumbs\"><span class=\"aioseo-breadcrumb\">\n\t\t\t<a href=\"https:\/\/www.encontraribeiraopreto.com.br\/sobre\" title=\"In\u00edcio\">In\u00edcio<\/a>\n\t\t<\/span><span class=\"aioseo-breadcrumb-separator\">&raquo;<\/span><span class=\"aioseo-breadcrumb\">\n\t\t\t<a href=\"https:\/\/www.encontraribeiraopreto.com.br\/sobre\/noticias-em-ribeirao-preto\/\" title=\"Not\u00edcias Ribeir\u00e3o Preto\">Not\u00edcias Ribeir\u00e3o Preto<\/a>\n\t\t<\/span><span class=\"aioseo-breadcrumb-separator\">&raquo;<\/span><span class=\"aioseo-breadcrumb\">\n\t\t\tMPT de Ribeir\u00e3o Preto aciona Magazine Luiza por leis trabalhistas\n\t\t<\/span><\/div>","aioseo_breadcrumb_json":[{"label":"In\u00edcio","link":"https:\/\/www.encontraribeiraopreto.com.br\/sobre"},{"label":"Not\u00edcias Ribeir\u00e3o Preto","link":"https:\/\/www.encontraribeiraopreto.com.br\/sobre\/noticias-em-ribeirao-preto\/"},{"label":"MPT de Ribeir\u00e3o Preto aciona Magazine Luiza por leis trabalhistas","link":"https:\/\/www.encontraribeiraopreto.com.br\/sobre\/mpt-de-ribeirao-preto-aciona-magazine-luiza-por-leis-trabalhistas\/"}],"_links":{"self":[{"href":"https:\/\/www.encontraribeiraopreto.com.br\/sobre\/wp-json\/wp\/v2\/posts\/508","targetHints":{"allow":["GET"]}}],"collection":[{"href":"https:\/\/www.encontraribeiraopreto.com.br\/sobre\/wp-json\/wp\/v2\/posts"}],"about":[{"href":"https:\/\/www.encontraribeiraopreto.com.br\/sobre\/wp-json\/wp\/v2\/types\/post"}],"author":[{"embeddable":true,"href":"https:\/\/www.encontraribeiraopreto.com.br\/sobre\/wp-json\/wp\/v2\/users\/1"}],"replies":[{"embeddable":true,"href":"https:\/\/www.encontraribeiraopreto.com.br\/sobre\/wp-json\/wp\/v2\/comments?post=508"}],"version-history":[{"count":0,"href":"https:\/\/www.encontraribeiraopreto.com.br\/sobre\/wp-json\/wp\/v2\/posts\/508\/revisions"}],"wp:attachment":[{"href":"https:\/\/www.encontraribeiraopreto.com.br\/sobre\/wp-json\/wp\/v2\/media?parent=508"}],"wp:term":[{"taxonomy":"category","embeddable":true,"href":"https:\/\/www.encontraribeiraopreto.com.br\/sobre\/wp-json\/wp\/v2\/categories?post=508"},{"taxonomy":"post_tag","embeddable":true,"href":"https:\/\/www.encontraribeiraopreto.com.br\/sobre\/wp-json\/wp\/v2\/tags?post=508"}],"curies":[{"name":"wp","href":"https:\/\/api.w.org\/{rel}","templated":true}]}}