{"id":5093,"date":"2026-02-01T12:46:21","date_gmt":"2026-02-01T15:46:21","guid":{"rendered":"https:\/\/www.encontraribeiraopreto.com.br\/sobre\/transporte-publico-de-ribeirao-preto-registra-2-mil-denuncias-de-passageiros-em-2025\/"},"modified":"2026-02-01T12:46:21","modified_gmt":"2026-02-01T15:46:21","slug":"transporte-publico-de-ribeirao-preto-registra-2-mil-denuncias-de-passageiros-em-2025","status":"publish","type":"post","link":"https:\/\/www.encontraribeiraopreto.com.br\/sobre\/transporte-publico-de-ribeirao-preto-registra-2-mil-denuncias-de-passageiros-em-2025\/","title":{"rendered":"Transporte p\u00fablico de Ribeir\u00e3o Preto registra 2 mil den\u00fancias de passageiros em 2025"},"content":{"rendered":"<div class=\"cd7ef838bed10b2b4567f853226bc383\" data-index=\"1\" style=\"float: none; margin:0px;\">\n<!-- Anuncio display - global -->\r\n<ins class=\"adsbygoogle\"\r\n     style=\"display:block\"\r\n     data-ad-client=\"ca-pub-8585364105181520\"\r\n     data-ad-slot=\"8789329856\"\r\n     data-ad-format=\"auto\"\r\n     data-full-width-responsive=\"true\"><\/ins>\r\n<script>\r\n     (adsbygoogle = window.adsbygoogle || []).push({});\r\n<\/script>\r\n\n<\/div>\n<h2>Aumento das Den\u00fancias de Transporte P\u00fablico<\/h2>\n<p>Em 2025, o sistema de transporte p\u00fablico de Ribeir\u00e3o Preto, localizado em S\u00e3o Paulo, registrou um expressivo n\u00famero de 2.015 den\u00fancias feitas por usu\u00e1rios. Esta marca representa uma significativa preocupa\u00e7\u00e3o entre os passageiros a respeito da qualidade do servi\u00e7o oferecido na cidade. O monitoramento realizado pela <strong>RP Mobi<\/strong>, empresa respons\u00e1vel pela administra\u00e7\u00e3o do tr\u00e2nsito na regi\u00e3o, evidenciou que o aumento nas reclama\u00e7\u00f5es \u00e9 um reflexo de problemas recorrentes que afetam diariamente a experi\u00eancia dos usu\u00e1rios.<\/p>\n<h2>Principais Queixas dos Usu\u00e1rios<\/h2>\n<p>As queixas mais prevalentes entre os usu\u00e1rios incluem:<\/p>\n<ul>\n<li><strong>Atrasos:<\/strong> 1.172 reclama\u00e7\u00f5es referem-se a \u00f4nibus que n\u00e3o respeitam os hor\u00e1rios programados.<\/li>\n<li><strong>Hor\u00e1rios n\u00e3o cumpridos:<\/strong> 500 den\u00fancias apontam para o n\u00e3o cumprimento dos hor\u00e1rios estabelecidos.<\/li>\n<li><strong>Desvios de itiner\u00e1rios:<\/strong> 128 queixas foram registradas sobre \u00f4nibus que n\u00e3o seguiram as rotas previamente definidas.<\/li>\n<li><strong>\u00d4nibus adiantados:<\/strong> 122 reclama\u00e7\u00f5es indicam que ve\u00edculos chegaram aos pontos antes do hor\u00e1rio previsto.<\/li>\n<li><strong>Superlota\u00e7\u00e3o:<\/strong> 78 den\u00fancias relatam que algumas linhas operam com capacidade excessiva.<\/li>\n<li><strong>Aumento de hor\u00e1rios:<\/strong> Apenas 8 men\u00e7\u00f5es a altera\u00e7\u00f5es que aumentaram os hor\u00e1rios de algumas linhas.<\/li>\n<li><strong>Conex\u00f5es entre linhas:<\/strong> 7 reclama\u00e7\u00f5es sobre a falta de atendimento e conex\u00e3o entre as linhas.<\/li>\n<\/ul>\n<h2>Impacto das Superlota\u00e7\u00f5es nos Passageiros<\/h2>\n<p>A superlota\u00e7\u00e3o se tornou uma preocupa\u00e7\u00e3o crescente entre os usu\u00e1rios do transporte. A estudante <strong>Vanessa de Paula Rodrigues<\/strong>, que utiliza a linha 337 diariamente, \u00e9 um exemplo claro de como essa quest\u00e3o afeta a rotina dos passageiros. Ela revelou que os \u00f4nibus frequentemente aparecem lotados, resultando em atrasos e, em algumas situa\u00e7\u00f5es, colocando a seguran\u00e7a dos passageiros em risco ao tentarem embarcar naqueles que j\u00e1 est\u00e3o cheios. &#8220;O \u00f4nibus est\u00e1 sempre extremamente lotado e muitas vezes deixa pessoas para tr\u00e1s, inclusive aquelas que tentam embarcar e correm risco de acidentes. J\u00e1 cheguei atrasada no trabalho v\u00e1rias vezes devido a isso&#8221;, disse Vanessa.<\/p>\n<p><img decoding=\"async\" src=\"https:\/\/www.encontraribeiraopreto.com.br\/sobre\/wp-content\/uploads\/transporte-publico-de-ribeirao-preto-registra-2-mil-denuncias-de-passageiros-em-2025.webp\" alt=\"transporte p\u00fablico em Ribeir\u00e3o Preto\" loading=\"lazy\" \/><\/p>\n<h2>Atrasos Frequentes: Causas e Efeitos<\/h2>\n<p>Os atrasos no transporte p\u00fablico s\u00e3o uma das cr\u00edticas mais apontadas. De acordo com os relatos, muitos \u00f4nibus atrasam em m\u00e9dia 15 minutos, o que gera grandes transtornos na agenda dos passageiros. J\u00e1 a contabilista <strong>Djanira Cavalheiro<\/strong> manifestou que, para garantir que consegue chegar a compromissos importantes, precisa sair de casa com muita anteced\u00eancia: &#8220;Se tiver um compromisso marcado, tenho que sair com pelo menos tr\u00eas horas de anteced\u00eancia, o que \u00e9 insustent\u00e1vel&#8221;.<\/p>\n<h2>Altera\u00e7\u00f5es nas Linhas e Itiner\u00e1rios<\/h2>\n<p>A <strong>RP Mobi<\/strong> se manifestou em nota, esclarecendo que algumas mudan\u00e7as efetuadas nas linhas que atendem certos bairros, como Lagoinha, foram realizadas para ajustes operacionais, e prometeu que os hor\u00e1rios deveriam ser normalizados em breve. No entanto, o impacto dessas modifica\u00e7\u00f5es j\u00e1 prejudicou a rotina de muitos usu\u00e1rios, levando a um aumento nas queixas.<\/p>\n<h2>Resposta da RP Mobi \u00e0s Reclama\u00e7\u00f5es<\/h2>\n<p>Embora a RP Mobi tenha tentado explicar as raz\u00f5es por tr\u00e1s das mudan\u00e7as, as respostas \u00e0s reclama\u00e7\u00f5es permanecem morosas. O cons\u00f3rcio respons\u00e1vel pelo transporte p\u00fablico n\u00e3o se manifestou sobre as demais inquieta\u00e7\u00f5es levantadas pelos passageiros, o que levanta um questionamento sobre a efic\u00e1cia da comunica\u00e7\u00e3o e resolu\u00e7\u00e3o de problemas no sistema.<\/p>\n<h2>Hist\u00f3rias de Passageiros Afetados<\/h2>\n<p>As dificuldades enfrentadas pelos passageiros s\u00e3o n\u00e3o s\u00f3 n\u00fameros, mas hist\u00f3rias reais que refletem a insatisfa\u00e7\u00e3o coletiva. As reclama\u00e7\u00f5es n\u00e3o se limitam a atrasos e superlota\u00e7\u00e3o; os usu\u00e1rios relatam problemas de seguran\u00e7a e desconforto, tornando as experi\u00eancias di\u00e1rias um verdadeiro desafio. Al\u00e9m de Vanessa e Djanira, outros usu\u00e1rios compartilham suas hist\u00f3rias, revelando a necessidade urgente de melhorias no sistema de transporte.<\/p>\n<h2>Compara\u00e7\u00e3o com Outros Anos<\/h2>\n<p>Embora os n\u00fameros atuais de reclama\u00e7\u00f5es sejam alarmantes, \u00e9 importante contextualizar esses dados em rela\u00e7\u00e3o a anos anteriores. O aumento consider\u00e1vel de queixas em 2025 pode estar atrelado \u00e0 recupera\u00e7\u00e3o p\u00f3s-pandemia, onde a frequ\u00eancia de passageiros nos \u00f4nibus aumentou drasticamente, sem as devidas adequa\u00e7\u00f5es na infraestrutura e na opera\u00e7\u00e3o do transporte.<\/p>\n<h2>Medidas Propostas para Melhorar o Servi\u00e7o<\/h2>\n<p>A situa\u00e7\u00e3o atual do transporte p\u00fablico em Ribeir\u00e3o Preto revela a necessidade de a\u00e7\u00f5es concretas para elevar a qualidade do servi\u00e7o. Algumas medidas que poderiam ser implementadas incluem:<\/p>\n<ul>\n<li><strong>Aumentar a frota de \u00f4nibus:<\/strong> Para atender a demanda crescente de passageiros.<\/li>\n<li><strong>Melhorar a comunica\u00e7\u00e3o:<\/strong> Informar os usu\u00e1rios sobre mudan\u00e7as e atrasos em tempo h\u00e1bil.<\/li>\n<li><strong>Revisar itiner\u00e1rios:<\/strong> Para garantir que as rotas sejam eficazes e cumpram com as necessidades dos usu\u00e1rios.<\/li>\n<li><strong>Aumentar a fiscaliza\u00e7\u00e3o:<\/strong> Para garantir que os hor\u00e1rios sejam cumpridos e as condi\u00e7\u00f5es de seguran\u00e7a sejam respeitadas.<\/li>\n<\/ul>\n<h2>O Futuro do Transporte P\u00fablico em Ribeir\u00e3o Preto<\/h2>\n<p>O futuro do transporte p\u00fablico em Ribeir\u00e3o Preto depende de a\u00e7\u00f5es coletivas e efetivas que priorizem o conforto e a seguran\u00e7a dos passageiros. A administra\u00e7\u00e3o do sistema deve estar atenta \u00e0s demandas da popula\u00e7\u00e3o e promover melhorias cont\u00ednuas. Somente desta forma, ser\u00e1 poss\u00edvel reverter a insatisfa\u00e7\u00e3o atual e proporcionar um servi\u00e7o de qualidade que atenda \u00e0s expectativas dos usu\u00e1rios.<\/p>\n\n<div style=\"font-size: 0px; height: 0px; line-height: 0px; margin: 0; padding: 0; clear: both;\"><\/div>","protected":false},"excerpt":{"rendered":"<p>As queixas sobre transporte p\u00fablico em Ribeir\u00e3o Preto superam 2 mil em 2025, destacando os atrasos dos \u00f4nibus.<\/p>\n","protected":false},"author":1,"featured_media":5092,"comment_status":"closed","ping_status":"closed","sticky":false,"template":"","format":"standard","meta":{"footnotes":""},"categories":[6],"tags":[],"class_list":["post-5093","post","type-post","status-publish","format-standard","has-post-thumbnail","hentry","category-noticias-em-ribeirao-preto","has_thumb"],"aioseo_notices":[],"aioseo_head":"\n\t\t<!-- All in One SEO 5.0.0.1 - aioseo.com -->\n\t<meta name=\"description\" content=\"As queixas sobre transporte p\u00fablico em Ribeir\u00e3o Preto superam 2 mil em 2025, destacando os atrasos dos \u00f4nibus.\" \/>\n\t<meta name=\"robots\" content=\"max-image-preview:large\" \/>\n\t<meta name=\"author\" content=\"Encontra Ribeir\u00e3o Preto\"\/>\n\t<link rel=\"canonical\" href=\"https:\/\/www.encontraribeiraopreto.com.br\/sobre\/transporte-publico-de-ribeirao-preto-registra-2-mil-denuncias-de-passageiros-em-2025\/\" \/>\n\t<meta name=\"generator\" content=\"All in One SEO (AIOSEO) 5.0.0.1\" \/>\n\t\t<meta property=\"og:locale\" content=\"pt_BR\" \/>\n\t\t<meta property=\"og:site_name\" content=\"Encontra Ribeir\u00e3o Preto - Not\u00edcias, eventos, informa\u00e7\u00f5es e dicas na cidade Ribeir\u00e3o Preto e regi\u00e3o.\" \/>\n\t\t<meta property=\"og:type\" content=\"article\" \/>\n\t\t<meta property=\"og:title\" content=\"Transporte p\u00fablico de Ribeir\u00e3o Preto registra 2 mil den\u00fancias de passageiros em 2025 - Encontra Ribeir\u00e3o Preto\" \/>\n\t\t<meta property=\"og:description\" content=\"As queixas sobre transporte p\u00fablico em Ribeir\u00e3o Preto superam 2 mil em 2025, destacando os atrasos dos \u00f4nibus.\" \/>\n\t\t<meta property=\"og:url\" content=\"https:\/\/www.encontraribeiraopreto.com.br\/sobre\/transporte-publico-de-ribeirao-preto-registra-2-mil-denuncias-de-passageiros-em-2025\/\" \/>\n\t\t<meta property=\"article:published_time\" content=\"2026-02-01T15:46:21+00:00\" \/>\n\t\t<meta property=\"article:modified_time\" content=\"2026-02-01T15:46:21+00:00\" \/>\n\t\t<meta name=\"twitter:card\" content=\"summary_large_image\" \/>\n\t\t<meta name=\"twitter:title\" content=\"Transporte p\u00fablico de Ribeir\u00e3o Preto registra 2 mil den\u00fancias de passageiros em 2025 - Encontra Ribeir\u00e3o Preto\" \/>\n\t\t<meta name=\"twitter:description\" content=\"As queixas sobre transporte p\u00fablico em Ribeir\u00e3o Preto superam 2 mil em 2025, destacando os atrasos dos \u00f4nibus.\" \/>\n\t\t<script type=\"application\/ld+json\" class=\"aioseo-schema\">\n\t\t\t{\"@context\":\"https:\\\/\\\/schema.org\",\"@graph\":[{\"@type\":\"BlogPosting\",\"@id\":\"https:\\\/\\\/www.encontraribeiraopreto.com.br\\\/sobre\\\/transporte-publico-de-ribeirao-preto-registra-2-mil-denuncias-de-passageiros-em-2025\\\/#blogposting\",\"name\":\"Transporte p\\u00fablico de Ribeir\\u00e3o Preto registra 2 mil den\\u00fancias de passageiros em 2025 - Encontra Ribeir\\u00e3o Preto\",\"headline\":\"Transporte p\\u00fablico de Ribeir\\u00e3o Preto registra 2 mil den\\u00fancias de passageiros em 2025\",\"author\":{\"@id\":\"https:\\\/\\\/www.encontraribeiraopreto.com.br\\\/sobre\\\/author\\\/eribeiraopreto\\\/#author\"},\"publisher\":{\"@id\":\"https:\\\/\\\/www.encontraribeiraopreto.com.br\\\/sobre\\\/#organization\"},\"image\":{\"@type\":\"ImageObject\",\"url\":\"https:\\\/\\\/www.encontraribeiraopreto.com.br\\\/sobre\\\/wp-content\\\/uploads\\\/transporte-publico-de-ribeirao-preto-registra-2-mil-denuncias-de-passageiros-em-2025.webp\",\"width\":280,\"height\":280,\"caption\":\"transporte p\\u00fablico em Ribeir\\u00e3o Preto\"},\"datePublished\":\"2026-02-01T12:46:21-03:00\",\"dateModified\":\"2026-02-01T12:46:21-03:00\",\"inLanguage\":\"pt-BR\",\"mainEntityOfPage\":{\"@id\":\"https:\\\/\\\/www.encontraribeiraopreto.com.br\\\/sobre\\\/transporte-publico-de-ribeirao-preto-registra-2-mil-denuncias-de-passageiros-em-2025\\\/#webpage\"},\"isPartOf\":{\"@id\":\"https:\\\/\\\/www.encontraribeiraopreto.com.br\\\/sobre\\\/transporte-publico-de-ribeirao-preto-registra-2-mil-denuncias-de-passageiros-em-2025\\\/#webpage\"},\"articleSection\":\"Not\\u00edcias Ribeir\\u00e3o Preto\"},{\"@type\":\"BreadcrumbList\",\"@id\":\"https:\\\/\\\/www.encontraribeiraopreto.com.br\\\/sobre\\\/transporte-publico-de-ribeirao-preto-registra-2-mil-denuncias-de-passageiros-em-2025\\\/#breadcrumblist\",\"itemListElement\":[{\"@type\":\"ListItem\",\"@id\":\"https:\\\/\\\/www.encontraribeiraopreto.com.br\\\/sobre#listItem\",\"position\":1,\"name\":\"In\\u00edcio\",\"item\":\"https:\\\/\\\/www.encontraribeiraopreto.com.br\\\/sobre\",\"nextItem\":{\"@type\":\"ListItem\",\"@id\":\"https:\\\/\\\/www.encontraribeiraopreto.com.br\\\/sobre\\\/noticias-em-ribeirao-preto\\\/#listItem\",\"name\":\"Not\\u00edcias Ribeir\\u00e3o Preto\"}},{\"@type\":\"ListItem\",\"@id\":\"https:\\\/\\\/www.encontraribeiraopreto.com.br\\\/sobre\\\/noticias-em-ribeirao-preto\\\/#listItem\",\"position\":2,\"name\":\"Not\\u00edcias Ribeir\\u00e3o Preto\",\"item\":\"https:\\\/\\\/www.encontraribeiraopreto.com.br\\\/sobre\\\/noticias-em-ribeirao-preto\\\/\",\"nextItem\":{\"@type\":\"ListItem\",\"@id\":\"https:\\\/\\\/www.encontraribeiraopreto.com.br\\\/sobre\\\/transporte-publico-de-ribeirao-preto-registra-2-mil-denuncias-de-passageiros-em-2025\\\/#listItem\",\"name\":\"Transporte p\\u00fablico de Ribeir\\u00e3o Preto registra 2 mil den\\u00fancias de passageiros em 2025\"},\"previousItem\":{\"@type\":\"ListItem\",\"@id\":\"https:\\\/\\\/www.encontraribeiraopreto.com.br\\\/sobre#listItem\",\"name\":\"In\\u00edcio\"}},{\"@type\":\"ListItem\",\"@id\":\"https:\\\/\\\/www.encontraribeiraopreto.com.br\\\/sobre\\\/transporte-publico-de-ribeirao-preto-registra-2-mil-denuncias-de-passageiros-em-2025\\\/#listItem\",\"position\":3,\"name\":\"Transporte p\\u00fablico de Ribeir\\u00e3o Preto registra 2 mil den\\u00fancias de passageiros em 2025\",\"previousItem\":{\"@type\":\"ListItem\",\"@id\":\"https:\\\/\\\/www.encontraribeiraopreto.com.br\\\/sobre\\\/noticias-em-ribeirao-preto\\\/#listItem\",\"name\":\"Not\\u00edcias Ribeir\\u00e3o Preto\"}}]},{\"@type\":\"Organization\",\"@id\":\"https:\\\/\\\/www.encontraribeiraopreto.com.br\\\/sobre\\\/#organization\",\"name\":\"Encontra Ribeir\\u00e3o Preto\",\"description\":\"Not\\u00edcias, eventos, informa\\u00e7\\u00f5es e dicas na cidade Ribeir\\u00e3o Preto e regi\\u00e3o.\",\"url\":\"https:\\\/\\\/www.encontraribeiraopreto.com.br\\\/sobre\\\/\"},{\"@type\":\"Person\",\"@id\":\"https:\\\/\\\/www.encontraribeiraopreto.com.br\\\/sobre\\\/author\\\/eribeiraopreto\\\/#author\",\"url\":\"https:\\\/\\\/www.encontraribeiraopreto.com.br\\\/sobre\\\/author\\\/eribeiraopreto\\\/\",\"name\":\"Encontra Ribeir\\u00e3o Preto\",\"image\":{\"@type\":\"ImageObject\",\"@id\":\"https:\\\/\\\/www.encontraribeiraopreto.com.br\\\/sobre\\\/transporte-publico-de-ribeirao-preto-registra-2-mil-denuncias-de-passageiros-em-2025\\\/#authorImage\",\"url\":\"https:\\\/\\\/secure.gravatar.com\\\/avatar\\\/507340682b8270222e1f208e23198b6ae7e2c6a1033ae84e99bc6bce4f82a387?s=96&d=mm&r=g\",\"width\":96,\"height\":96,\"caption\":\"Encontra Ribeir\\u00e3o Preto\"}},{\"@type\":\"WebPage\",\"@id\":\"https:\\\/\\\/www.encontraribeiraopreto.com.br\\\/sobre\\\/transporte-publico-de-ribeirao-preto-registra-2-mil-denuncias-de-passageiros-em-2025\\\/#webpage\",\"url\":\"https:\\\/\\\/www.encontraribeiraopreto.com.br\\\/sobre\\\/transporte-publico-de-ribeirao-preto-registra-2-mil-denuncias-de-passageiros-em-2025\\\/\",\"name\":\"Transporte p\\u00fablico de Ribeir\\u00e3o Preto registra 2 mil den\\u00fancias de passageiros em 2025 - Encontra Ribeir\\u00e3o Preto\",\"description\":\"As queixas sobre transporte p\\u00fablico em Ribeir\\u00e3o Preto superam 2 mil em 2025, destacando os atrasos dos \\u00f4nibus.\",\"inLanguage\":\"pt-BR\",\"isPartOf\":{\"@id\":\"https:\\\/\\\/www.encontraribeiraopreto.com.br\\\/sobre\\\/#website\"},\"breadcrumb\":{\"@id\":\"https:\\\/\\\/www.encontraribeiraopreto.com.br\\\/sobre\\\/transporte-publico-de-ribeirao-preto-registra-2-mil-denuncias-de-passageiros-em-2025\\\/#breadcrumblist\"},\"author\":{\"@id\":\"https:\\\/\\\/www.encontraribeiraopreto.com.br\\\/sobre\\\/author\\\/eribeiraopreto\\\/#author\"},\"creator\":{\"@id\":\"https:\\\/\\\/www.encontraribeiraopreto.com.br\\\/sobre\\\/author\\\/eribeiraopreto\\\/#author\"},\"image\":{\"@type\":\"ImageObject\",\"url\":\"https:\\\/\\\/www.encontraribeiraopreto.com.br\\\/sobre\\\/wp-content\\\/uploads\\\/transporte-publico-de-ribeirao-preto-registra-2-mil-denuncias-de-passageiros-em-2025.webp\",\"@id\":\"https:\\\/\\\/www.encontraribeiraopreto.com.br\\\/sobre\\\/transporte-publico-de-ribeirao-preto-registra-2-mil-denuncias-de-passageiros-em-2025\\\/#mainImage\",\"width\":280,\"height\":280,\"caption\":\"transporte p\\u00fablico em Ribeir\\u00e3o Preto\"},\"primaryImageOfPage\":{\"@id\":\"https:\\\/\\\/www.encontraribeiraopreto.com.br\\\/sobre\\\/transporte-publico-de-ribeirao-preto-registra-2-mil-denuncias-de-passageiros-em-2025\\\/#mainImage\"},\"datePublished\":\"2026-02-01T12:46:21-03:00\",\"dateModified\":\"2026-02-01T12:46:21-03:00\"},{\"@type\":\"WebSite\",\"@id\":\"https:\\\/\\\/www.encontraribeiraopreto.com.br\\\/sobre\\\/#website\",\"url\":\"https:\\\/\\\/www.encontraribeiraopreto.com.br\\\/sobre\\\/\",\"name\":\"Encontra Ribeir\\u00e3o Preto\",\"description\":\"Not\\u00edcias, eventos, informa\\u00e7\\u00f5es e dicas na cidade Ribeir\\u00e3o Preto e regi\\u00e3o.\",\"inLanguage\":\"pt-BR\",\"publisher\":{\"@id\":\"https:\\\/\\\/www.encontraribeiraopreto.com.br\\\/sobre\\\/#organization\"}}]}\n\t\t<\/script>\n\t\t<!-- All in One SEO -->\n\n","aioseo_head_json":{"title":"Transporte p\u00fablico de Ribeir\u00e3o Preto registra 2 mil den\u00fancias de passageiros em 2025 - Encontra Ribeir\u00e3o Preto","description":"As queixas sobre transporte p\u00fablico em Ribeir\u00e3o Preto superam 2 mil em 2025, destacando os atrasos dos \u00f4nibus.","canonical_url":"https:\/\/www.encontraribeiraopreto.com.br\/sobre\/transporte-publico-de-ribeirao-preto-registra-2-mil-denuncias-de-passageiros-em-2025\/","robots":"max-image-preview:large","keywords":"","webmasterTools":{"miscellaneous":""},"schema":{"@context":"https:\/\/schema.org","@graph":[{"@type":"BlogPosting","@id":"https:\/\/www.encontraribeiraopreto.com.br\/sobre\/transporte-publico-de-ribeirao-preto-registra-2-mil-denuncias-de-passageiros-em-2025\/#blogposting","name":"Transporte p\u00fablico de Ribeir\u00e3o Preto registra 2 mil den\u00fancias de passageiros em 2025 - Encontra Ribeir\u00e3o Preto","headline":"Transporte p\u00fablico de Ribeir\u00e3o Preto registra 2 mil den\u00fancias de passageiros em 2025","author":{"@id":"https:\/\/www.encontraribeiraopreto.com.br\/sobre\/author\/eribeiraopreto\/#author"},"publisher":{"@id":"https:\/\/www.encontraribeiraopreto.com.br\/sobre\/#organization"},"image":{"@type":"ImageObject","url":"https:\/\/www.encontraribeiraopreto.com.br\/sobre\/wp-content\/uploads\/transporte-publico-de-ribeirao-preto-registra-2-mil-denuncias-de-passageiros-em-2025.webp","width":280,"height":280,"caption":"transporte p\u00fablico em Ribeir\u00e3o Preto"},"datePublished":"2026-02-01T12:46:21-03:00","dateModified":"2026-02-01T12:46:21-03:00","inLanguage":"pt-BR","mainEntityOfPage":{"@id":"https:\/\/www.encontraribeiraopreto.com.br\/sobre\/transporte-publico-de-ribeirao-preto-registra-2-mil-denuncias-de-passageiros-em-2025\/#webpage"},"isPartOf":{"@id":"https:\/\/www.encontraribeiraopreto.com.br\/sobre\/transporte-publico-de-ribeirao-preto-registra-2-mil-denuncias-de-passageiros-em-2025\/#webpage"},"articleSection":"Not\u00edcias Ribeir\u00e3o Preto"},{"@type":"BreadcrumbList","@id":"https:\/\/www.encontraribeiraopreto.com.br\/sobre\/transporte-publico-de-ribeirao-preto-registra-2-mil-denuncias-de-passageiros-em-2025\/#breadcrumblist","itemListElement":[{"@type":"ListItem","@id":"https:\/\/www.encontraribeiraopreto.com.br\/sobre#listItem","position":1,"name":"In\u00edcio","item":"https:\/\/www.encontraribeiraopreto.com.br\/sobre","nextItem":{"@type":"ListItem","@id":"https:\/\/www.encontraribeiraopreto.com.br\/sobre\/noticias-em-ribeirao-preto\/#listItem","name":"Not\u00edcias Ribeir\u00e3o Preto"}},{"@type":"ListItem","@id":"https:\/\/www.encontraribeiraopreto.com.br\/sobre\/noticias-em-ribeirao-preto\/#listItem","position":2,"name":"Not\u00edcias Ribeir\u00e3o Preto","item":"https:\/\/www.encontraribeiraopreto.com.br\/sobre\/noticias-em-ribeirao-preto\/","nextItem":{"@type":"ListItem","@id":"https:\/\/www.encontraribeiraopreto.com.br\/sobre\/transporte-publico-de-ribeirao-preto-registra-2-mil-denuncias-de-passageiros-em-2025\/#listItem","name":"Transporte p\u00fablico de Ribeir\u00e3o Preto registra 2 mil den\u00fancias de passageiros em 2025"},"previousItem":{"@type":"ListItem","@id":"https:\/\/www.encontraribeiraopreto.com.br\/sobre#listItem","name":"In\u00edcio"}},{"@type":"ListItem","@id":"https:\/\/www.encontraribeiraopreto.com.br\/sobre\/transporte-publico-de-ribeirao-preto-registra-2-mil-denuncias-de-passageiros-em-2025\/#listItem","position":3,"name":"Transporte p\u00fablico de Ribeir\u00e3o Preto registra 2 mil den\u00fancias de passageiros em 2025","previousItem":{"@type":"ListItem","@id":"https:\/\/www.encontraribeiraopreto.com.br\/sobre\/noticias-em-ribeirao-preto\/#listItem","name":"Not\u00edcias Ribeir\u00e3o Preto"}}]},{"@type":"Organization","@id":"https:\/\/www.encontraribeiraopreto.com.br\/sobre\/#organization","name":"Encontra Ribeir\u00e3o Preto","description":"Not\u00edcias, eventos, informa\u00e7\u00f5es e dicas na cidade Ribeir\u00e3o Preto e regi\u00e3o.","url":"https:\/\/www.encontraribeiraopreto.com.br\/sobre\/"},{"@type":"Person","@id":"https:\/\/www.encontraribeiraopreto.com.br\/sobre\/author\/eribeiraopreto\/#author","url":"https:\/\/www.encontraribeiraopreto.com.br\/sobre\/author\/eribeiraopreto\/","name":"Encontra Ribeir\u00e3o Preto","image":{"@type":"ImageObject","@id":"https:\/\/www.encontraribeiraopreto.com.br\/sobre\/transporte-publico-de-ribeirao-preto-registra-2-mil-denuncias-de-passageiros-em-2025\/#authorImage","url":"https:\/\/secure.gravatar.com\/avatar\/507340682b8270222e1f208e23198b6ae7e2c6a1033ae84e99bc6bce4f82a387?s=96&d=mm&r=g","width":96,"height":96,"caption":"Encontra Ribeir\u00e3o Preto"}},{"@type":"WebPage","@id":"https:\/\/www.encontraribeiraopreto.com.br\/sobre\/transporte-publico-de-ribeirao-preto-registra-2-mil-denuncias-de-passageiros-em-2025\/#webpage","url":"https:\/\/www.encontraribeiraopreto.com.br\/sobre\/transporte-publico-de-ribeirao-preto-registra-2-mil-denuncias-de-passageiros-em-2025\/","name":"Transporte p\u00fablico de Ribeir\u00e3o Preto registra 2 mil den\u00fancias de passageiros em 2025 - Encontra Ribeir\u00e3o Preto","description":"As queixas sobre transporte p\u00fablico em Ribeir\u00e3o Preto superam 2 mil em 2025, destacando os atrasos dos \u00f4nibus.","inLanguage":"pt-BR","isPartOf":{"@id":"https:\/\/www.encontraribeiraopreto.com.br\/sobre\/#website"},"breadcrumb":{"@id":"https:\/\/www.encontraribeiraopreto.com.br\/sobre\/transporte-publico-de-ribeirao-preto-registra-2-mil-denuncias-de-passageiros-em-2025\/#breadcrumblist"},"author":{"@id":"https:\/\/www.encontraribeiraopreto.com.br\/sobre\/author\/eribeiraopreto\/#author"},"creator":{"@id":"https:\/\/www.encontraribeiraopreto.com.br\/sobre\/author\/eribeiraopreto\/#author"},"image":{"@type":"ImageObject","url":"https:\/\/www.encontraribeiraopreto.com.br\/sobre\/wp-content\/uploads\/transporte-publico-de-ribeirao-preto-registra-2-mil-denuncias-de-passageiros-em-2025.webp","@id":"https:\/\/www.encontraribeiraopreto.com.br\/sobre\/transporte-publico-de-ribeirao-preto-registra-2-mil-denuncias-de-passageiros-em-2025\/#mainImage","width":280,"height":280,"caption":"transporte p\u00fablico em Ribeir\u00e3o Preto"},"primaryImageOfPage":{"@id":"https:\/\/www.encontraribeiraopreto.com.br\/sobre\/transporte-publico-de-ribeirao-preto-registra-2-mil-denuncias-de-passageiros-em-2025\/#mainImage"},"datePublished":"2026-02-01T12:46:21-03:00","dateModified":"2026-02-01T12:46:21-03:00"},{"@type":"WebSite","@id":"https:\/\/www.encontraribeiraopreto.com.br\/sobre\/#website","url":"https:\/\/www.encontraribeiraopreto.com.br\/sobre\/","name":"Encontra Ribeir\u00e3o Preto","description":"Not\u00edcias, eventos, informa\u00e7\u00f5es e dicas na cidade Ribeir\u00e3o Preto e regi\u00e3o.","inLanguage":"pt-BR","publisher":{"@id":"https:\/\/www.encontraribeiraopreto.com.br\/sobre\/#organization"}}]},"og:locale":"pt_BR","og:site_name":"Encontra Ribeir\u00e3o Preto - Not\u00edcias, eventos, informa\u00e7\u00f5es e dicas na cidade Ribeir\u00e3o Preto e regi\u00e3o.","og:type":"article","og:title":"Transporte p\u00fablico de Ribeir\u00e3o Preto registra 2 mil den\u00fancias de passageiros em 2025 - Encontra Ribeir\u00e3o Preto","og:description":"As queixas sobre transporte p\u00fablico em Ribeir\u00e3o Preto superam 2 mil em 2025, destacando os atrasos dos \u00f4nibus.","og:url":"https:\/\/www.encontraribeiraopreto.com.br\/sobre\/transporte-publico-de-ribeirao-preto-registra-2-mil-denuncias-de-passageiros-em-2025\/","article:published_time":"2026-02-01T15:46:21+00:00","article:modified_time":"2026-02-01T15:46:21+00:00","twitter:card":"summary_large_image","twitter:title":"Transporte p\u00fablico de Ribeir\u00e3o Preto registra 2 mil den\u00fancias de passageiros em 2025 - Encontra Ribeir\u00e3o Preto","twitter:description":"As queixas sobre transporte p\u00fablico em Ribeir\u00e3o Preto superam 2 mil em 2025, destacando os atrasos dos \u00f4nibus."},"aioseo_meta_data":{"post_id":"5093","title":null,"description":null,"keywords":null,"keyphrases":null,"primary_term":null,"canonical_url":null,"og_title":null,"og_description":null,"og_object_type":"default","og_image_type":"default","og_image_url":null,"og_image_width":null,"og_image_height":null,"og_image_custom_url":null,"og_image_custom_fields":null,"og_video":null,"og_custom_url":null,"og_article_section":null,"og_article_tags":null,"twitter_use_og":false,"twitter_card":"default","twitter_image_type":"default","twitter_image_url":null,"twitter_image_custom_url":null,"twitter_image_custom_fields":null,"twitter_title":null,"twitter_description":null,"schema":{"blockGraphs":[],"customGraphs":[],"default":{"data":{"Article":[],"Course":[],"Dataset":[],"FAQPage":[],"Movie":[],"Person":[],"Product":[],"ProductReview":[],"Car":[],"Recipe":[],"Service":[],"SoftwareApplication":[],"WebPage":[]},"graphName":"BlogPosting","isEnabled":true},"graphs":[]},"schema_type":"default","schema_type_options":null,"pillar_content":false,"robots_default":true,"robots_noindex":false,"robots_noarchive":false,"robots_nosnippet":false,"robots_nofollow":false,"robots_noimageindex":false,"robots_noodp":false,"robots_notranslate":false,"robots_max_snippet":null,"robots_max_videopreview":null,"robots_max_imagepreview":"large","priority":null,"frequency":null,"local_seo":null,"limit_modified_date":false,"created":"2026-02-01 15:46:24","updated":"2026-02-01 15:56:37","focus_keyword":null,"additional_keywords":null,"truseo_locale":null,"ai":null,"breadcrumb_settings":null,"seo_analyzer_scan_date":null},"aioseo_breadcrumb":"<div class=\"aioseo-breadcrumbs\"><span class=\"aioseo-breadcrumb\">\n\t\t\t<a href=\"https:\/\/www.encontraribeiraopreto.com.br\/sobre\" title=\"In\u00edcio\">In\u00edcio<\/a>\n\t\t<\/span><span class=\"aioseo-breadcrumb-separator\">&raquo;<\/span><span class=\"aioseo-breadcrumb\">\n\t\t\t<a href=\"https:\/\/www.encontraribeiraopreto.com.br\/sobre\/noticias-em-ribeirao-preto\/\" title=\"Not\u00edcias Ribeir\u00e3o Preto\">Not\u00edcias Ribeir\u00e3o Preto<\/a>\n\t\t<\/span><span class=\"aioseo-breadcrumb-separator\">&raquo;<\/span><span class=\"aioseo-breadcrumb\">\n\t\t\tTransporte p\u00fablico de Ribeir\u00e3o Preto registra 2 mil den\u00fancias de passageiros em 2025\n\t\t<\/span><\/div>","aioseo_breadcrumb_json":[{"label":"In\u00edcio","link":"https:\/\/www.encontraribeiraopreto.com.br\/sobre"},{"label":"Not\u00edcias Ribeir\u00e3o Preto","link":"https:\/\/www.encontraribeiraopreto.com.br\/sobre\/noticias-em-ribeirao-preto\/"},{"label":"Transporte p\u00fablico de Ribeir\u00e3o Preto registra 2 mil den\u00fancias de passageiros em 2025","link":"https:\/\/www.encontraribeiraopreto.com.br\/sobre\/transporte-publico-de-ribeirao-preto-registra-2-mil-denuncias-de-passageiros-em-2025\/"}],"_links":{"self":[{"href":"https:\/\/www.encontraribeiraopreto.com.br\/sobre\/wp-json\/wp\/v2\/posts\/5093","targetHints":{"allow":["GET"]}}],"collection":[{"href":"https:\/\/www.encontraribeiraopreto.com.br\/sobre\/wp-json\/wp\/v2\/posts"}],"about":[{"href":"https:\/\/www.encontraribeiraopreto.com.br\/sobre\/wp-json\/wp\/v2\/types\/post"}],"author":[{"embeddable":true,"href":"https:\/\/www.encontraribeiraopreto.com.br\/sobre\/wp-json\/wp\/v2\/users\/1"}],"replies":[{"embeddable":true,"href":"https:\/\/www.encontraribeiraopreto.com.br\/sobre\/wp-json\/wp\/v2\/comments?post=5093"}],"version-history":[{"count":0,"href":"https:\/\/www.encontraribeiraopreto.com.br\/sobre\/wp-json\/wp\/v2\/posts\/5093\/revisions"}],"wp:featuredmedia":[{"embeddable":true,"href":"https:\/\/www.encontraribeiraopreto.com.br\/sobre\/wp-json\/wp\/v2\/media\/5092"}],"wp:attachment":[{"href":"https:\/\/www.encontraribeiraopreto.com.br\/sobre\/wp-json\/wp\/v2\/media?parent=5093"}],"wp:term":[{"taxonomy":"category","embeddable":true,"href":"https:\/\/www.encontraribeiraopreto.com.br\/sobre\/wp-json\/wp\/v2\/categories?post=5093"},{"taxonomy":"post_tag","embeddable":true,"href":"https:\/\/www.encontraribeiraopreto.com.br\/sobre\/wp-json\/wp\/v2\/tags?post=5093"}],"curies":[{"name":"wp","href":"https:\/\/api.w.org\/{rel}","templated":true}]}}