{"id":5128,"date":"2026-02-07T12:30:22","date_gmt":"2026-02-07T15:30:22","guid":{"rendered":"https:\/\/www.encontraribeiraopreto.com.br\/sobre\/coleta-de-lixo-em-ribeirao-preto-deve-ser-normalizada-ate-domingo-apos-fim-de-greve\/"},"modified":"2026-02-07T12:30:22","modified_gmt":"2026-02-07T15:30:22","slug":"coleta-de-lixo-em-ribeirao-preto-deve-ser-normalizada-ate-domingo-apos-fim-de-greve","status":"publish","type":"post","link":"https:\/\/www.encontraribeiraopreto.com.br\/sobre\/coleta-de-lixo-em-ribeirao-preto-deve-ser-normalizada-ate-domingo-apos-fim-de-greve\/","title":{"rendered":"Coleta de lixo em Ribeir\u00e3o Preto deve ser normalizada at\u00e9 domingo ap\u00f3s fim de greve"},"content":{"rendered":"<div class=\"cd7ef838bed10b2b4567f853226bc383\" data-index=\"1\" style=\"float: none; margin:0px;\">\n<!-- Anuncio display - global -->\r\n<ins class=\"adsbygoogle\"\r\n     style=\"display:block\"\r\n     data-ad-client=\"ca-pub-8585364105181520\"\r\n     data-ad-slot=\"8789329856\"\r\n     data-ad-format=\"auto\"\r\n     data-full-width-responsive=\"true\"><\/ins>\r\n<script>\r\n     (adsbygoogle = window.adsbygoogle || []).push({});\r\n<\/script>\r\n\n<\/div>\n<h2>Retomada da Coleta de Lixo<\/h2>\n<p>A coleta de res\u00edduos em Ribeir\u00e3o Preto (SP) come\u00e7ou a ser restabelecida nesta sexta-feira, 6 de fevereiro, ap\u00f3s os funcion\u00e1rios da empresa Estre, encarregada do servi\u00e7o, decidirem encerrar a greve. A solu\u00e7\u00e3o para o impasse nas negocia\u00e7\u00f5es salariais foi acordada em uma reuni\u00e3o que ocorreu pela manh\u00e3. As estimativas apontam para a normaliza\u00e7\u00e3o completa do servi\u00e7o at\u00e9 domingo, 8 de fevereiro.<\/p>\n<h2>Impacto da Greve na Cidade<\/h2>\n<p>A interrup\u00e7\u00e3o na coleta de lixo trouxe s\u00e9rios transtornos a v\u00e1rias comunidades, como os bairros Jardim Bot\u00e2nico, Dom Miele, Sumarezinho e Manoel Pena. Os residentes enfrentaram a situa\u00e7\u00e3o de lixeiras transbordando e res\u00edduos acumulados nas cal\u00e7adas, o que gerou inc\u00f4modo e preocupa\u00e7\u00e3o com a higiene p\u00fablica e o aumento de pragas urbanas.<\/p>\n<h2>Acordo Salarial e suas Implica\u00e7\u00f5es<\/h2>\n<p>A paralisa\u00e7\u00e3o havia sido desencadeada pela falta de consenso sobre benef\u00edcios e reajustes salariais entre os colaboradores e a empresa Estre. De acordo com a Prefeitura de Ribeir\u00e3o Preto, os pagamentos \u00e0 concession\u00e1ria estavam regularizados, o que indica que a situa\u00e7\u00e3o decorreu de um conflito interno entre a administra\u00e7\u00e3o da empresa e seus funcion\u00e1rios.<\/p>\n<p><img decoding=\"async\" src=\"https:\/\/www.encontraribeiraopreto.com.br\/sobre\/wp-content\/uploads\/coleta-de-lixo-em-ribeirao-preto-deve-ser-normalizada-ate-domingo-apos-fim-de-greve.webp\" alt=\"\" loading=\"lazy\" \/><\/p>\n<h2>For\u00e7a-Tarefa e Limpeza Urgente<\/h2>\n<p>Em resposta ao ac\u00famulo significativo de lixo nas ruas, a Prefeitura determinou que a empresa mobilizasse equipes adicionais para atender \u00e0 demanda emergencial. Uma for\u00e7a-tarefa foi organizada e est\u00e1 programada para operar durante todo o fim de semana, com o intuito de restaurar a limpeza da cidade o mais r\u00e1pido poss\u00edvel.<\/p>\n<h2>Orienta\u00e7\u00f5es aos Moradores<\/h2>\n<p>Enquanto as opera\u00e7\u00f5es de coleta est\u00e3o sendo regularizadas, as autoridades locais pedem a colabora\u00e7\u00e3o dos cidad\u00e3os. \u00c9 recomend\u00e1vel que n\u00e3o sejam dispostos mais res\u00edduos nas ruas at\u00e9 a passagem do caminh\u00e3o coletor, evitando assim que animais circulem e rasguem os pacotes, o que poderia agravar a situa\u00e7\u00e3o. O acumular de lixo pode causar entupimentos nos bueiros, acarretando alagamentos durante chuvas intensas.<\/p>\n<h2>Hist\u00f3rico da Coleta de Lixo<\/h2>\n<p>A coleta de lixo na cidade de Ribeir\u00e3o Preto tem enfrentado desafios frequentes ao longo dos anos, incluindo greves e problemas de gest\u00e3o. Tais dificuldades demonstram a import\u00e2ncia de um di\u00e1logo cont\u00ednuo entre a administra\u00e7\u00e3o da empresa de coleta e os trabalhadores, a fim de assegurar um servi\u00e7o eficiente e pontual, essencial para a sa\u00fade p\u00fablica e o bem-estar da popula\u00e7\u00e3o.<\/p>\n<h2>Expectativas para o Futuro<\/h2>\n<p>A expectativa \u00e9 que, com o acordo salarial alcan\u00e7ado, a continuidade dos servi\u00e7os de coleta de lixo se estabilize nos pr\u00f3ximos meses. A gest\u00e3o municipal deve monitorar de perto a execu\u00e7\u00e3o das atividades de limpeza e coletagem, garantindo que novos problemas n\u00e3o surjam novamente e que a popula\u00e7\u00e3o n\u00e3o enfrente mais desconfortos desse tipo.<\/p>\n<h2>Administra\u00e7\u00e3o Municipal em A\u00e7\u00e3o<\/h2>\n<p>A prefeitura tem se empenhado em garantir a qualidade dos servi\u00e7os prestados e respondeu rapidamente \u00e0 reclama\u00e7\u00e3o da popula\u00e7\u00e3o, convocando a for\u00e7a-tarefa. Essa a\u00e7\u00e3o demonstra um comprometimento em manter a cidade limpa e minimizar os impactos da interrup\u00e7\u00e3o do servi\u00e7o de coleta.<\/p>\n<h2>Rea\u00e7\u00f5es da Popula\u00e7\u00e3o<\/h2>\n<p>A comunidade de Ribeir\u00e3o Preto manifestou sua insatisfa\u00e7\u00e3o durante o per\u00edodo da greve, com diversas reclama\u00e7\u00f5es sobre a falta de coleta. A situa\u00e7\u00e3o gerou uma s\u00e9rie de descontentamentos nas redes sociais, com cidad\u00e3os expressando preocupa\u00e7\u00f5es sobre a sa\u00fade p\u00fablica e a higiene nas ruas. Entretanto, a iminente normaliza\u00e7\u00e3o dos servi\u00e7os j\u00e1 apresenta uma resposta positiva a essas cr\u00edticas.<\/p>\n<h2>Desafios na Coleta de Lixo<\/h2>\n<p>Os desafios para a coleta de lixo na cidade n\u00e3o se restringem apenas a quest\u00f5es salariais. A log\u00edstica e o planejamento das rotas de coleta tamb\u00e9m s\u00e3o aspectos que demandam aten\u00e7\u00e3o diligente para evitar interrup\u00e7\u00f5es no servi\u00e7o. Al\u00e9m disso, a participa\u00e7\u00e3o ativa da popula\u00e7\u00e3o em manter os ambientes limpos contribui decisivamente para a efic\u00e1cia do servi\u00e7o de coleta e para a conserva\u00e7\u00e3o do espa\u00e7o urbano.<\/p>\n\n<div style=\"font-size: 0px; height: 0px; line-height: 0px; margin: 0; padding: 0; clear: both;\"><\/div>","protected":false},"excerpt":{"rendered":"<p>Coleta de lixo em Ribeir\u00e3o Preto ser\u00e1 normalizada ap\u00f3s greve e acordos.<\/p>\n","protected":false},"author":1,"featured_media":5127,"comment_status":"closed","ping_status":"closed","sticky":false,"template":"","format":"standard","meta":{"footnotes":""},"categories":[6],"tags":[],"class_list":["post-5128","post","type-post","status-publish","format-standard","has-post-thumbnail","hentry","category-noticias-em-ribeirao-preto","has_thumb"],"aioseo_notices":[],"aioseo_head":"\n\t\t<!-- All in One SEO 5.0.0.1 - aioseo.com -->\n\t<meta name=\"description\" content=\"Coleta de lixo em Ribeir\u00e3o Preto ser\u00e1 normalizada ap\u00f3s greve e acordos.\" \/>\n\t<meta name=\"robots\" content=\"max-image-preview:large\" \/>\n\t<meta name=\"author\" content=\"Encontra Ribeir\u00e3o Preto\"\/>\n\t<link rel=\"canonical\" href=\"https:\/\/www.encontraribeiraopreto.com.br\/sobre\/coleta-de-lixo-em-ribeirao-preto-deve-ser-normalizada-ate-domingo-apos-fim-de-greve\/\" \/>\n\t<meta name=\"generator\" content=\"All in One SEO (AIOSEO) 5.0.0.1\" \/>\n\t\t<meta property=\"og:locale\" content=\"pt_BR\" \/>\n\t\t<meta property=\"og:site_name\" content=\"Encontra Ribeir\u00e3o Preto - Not\u00edcias, eventos, informa\u00e7\u00f5es e dicas na cidade Ribeir\u00e3o Preto e regi\u00e3o.\" \/>\n\t\t<meta property=\"og:type\" content=\"article\" \/>\n\t\t<meta property=\"og:title\" content=\"Coleta de lixo em Ribeir\u00e3o Preto deve ser normalizada at\u00e9 domingo ap\u00f3s fim de greve - Encontra Ribeir\u00e3o Preto\" \/>\n\t\t<meta property=\"og:description\" content=\"Coleta de lixo em Ribeir\u00e3o Preto ser\u00e1 normalizada ap\u00f3s greve e acordos.\" \/>\n\t\t<meta property=\"og:url\" content=\"https:\/\/www.encontraribeiraopreto.com.br\/sobre\/coleta-de-lixo-em-ribeirao-preto-deve-ser-normalizada-ate-domingo-apos-fim-de-greve\/\" \/>\n\t\t<meta property=\"article:published_time\" content=\"2026-02-07T15:30:22+00:00\" \/>\n\t\t<meta property=\"article:modified_time\" content=\"2026-02-07T15:30:22+00:00\" \/>\n\t\t<meta name=\"twitter:card\" content=\"summary_large_image\" \/>\n\t\t<meta name=\"twitter:title\" content=\"Coleta de lixo em Ribeir\u00e3o Preto deve ser normalizada at\u00e9 domingo ap\u00f3s fim de greve - Encontra Ribeir\u00e3o Preto\" \/>\n\t\t<meta name=\"twitter:description\" content=\"Coleta de lixo em Ribeir\u00e3o Preto ser\u00e1 normalizada ap\u00f3s greve e acordos.\" \/>\n\t\t<script type=\"application\/ld+json\" class=\"aioseo-schema\">\n\t\t\t{\"@context\":\"https:\\\/\\\/schema.org\",\"@graph\":[{\"@type\":\"BlogPosting\",\"@id\":\"https:\\\/\\\/www.encontraribeiraopreto.com.br\\\/sobre\\\/coleta-de-lixo-em-ribeirao-preto-deve-ser-normalizada-ate-domingo-apos-fim-de-greve\\\/#blogposting\",\"name\":\"Coleta de lixo em Ribeir\\u00e3o Preto deve ser normalizada at\\u00e9 domingo ap\\u00f3s fim de greve - Encontra Ribeir\\u00e3o Preto\",\"headline\":\"Coleta de lixo em Ribeir\\u00e3o Preto deve ser normalizada at\\u00e9 domingo ap\\u00f3s fim de greve\",\"author\":{\"@id\":\"https:\\\/\\\/www.encontraribeiraopreto.com.br\\\/sobre\\\/author\\\/eribeiraopreto\\\/#author\"},\"publisher\":{\"@id\":\"https:\\\/\\\/www.encontraribeiraopreto.com.br\\\/sobre\\\/#organization\"},\"image\":{\"@type\":\"ImageObject\",\"url\":\"https:\\\/\\\/www.encontraribeiraopreto.com.br\\\/sobre\\\/wp-content\\\/uploads\\\/coleta-de-lixo-em-ribeirao-preto-deve-ser-normalizada-ate-domingo-apos-fim-de-greve.webp\",\"width\":280,\"height\":280},\"datePublished\":\"2026-02-07T12:30:22-03:00\",\"dateModified\":\"2026-02-07T12:30:22-03:00\",\"inLanguage\":\"pt-BR\",\"mainEntityOfPage\":{\"@id\":\"https:\\\/\\\/www.encontraribeiraopreto.com.br\\\/sobre\\\/coleta-de-lixo-em-ribeirao-preto-deve-ser-normalizada-ate-domingo-apos-fim-de-greve\\\/#webpage\"},\"isPartOf\":{\"@id\":\"https:\\\/\\\/www.encontraribeiraopreto.com.br\\\/sobre\\\/coleta-de-lixo-em-ribeirao-preto-deve-ser-normalizada-ate-domingo-apos-fim-de-greve\\\/#webpage\"},\"articleSection\":\"Not\\u00edcias Ribeir\\u00e3o Preto\"},{\"@type\":\"BreadcrumbList\",\"@id\":\"https:\\\/\\\/www.encontraribeiraopreto.com.br\\\/sobre\\\/coleta-de-lixo-em-ribeirao-preto-deve-ser-normalizada-ate-domingo-apos-fim-de-greve\\\/#breadcrumblist\",\"itemListElement\":[{\"@type\":\"ListItem\",\"@id\":\"https:\\\/\\\/www.encontraribeiraopreto.com.br\\\/sobre#listItem\",\"position\":1,\"name\":\"In\\u00edcio\",\"item\":\"https:\\\/\\\/www.encontraribeiraopreto.com.br\\\/sobre\",\"nextItem\":{\"@type\":\"ListItem\",\"@id\":\"https:\\\/\\\/www.encontraribeiraopreto.com.br\\\/sobre\\\/noticias-em-ribeirao-preto\\\/#listItem\",\"name\":\"Not\\u00edcias Ribeir\\u00e3o Preto\"}},{\"@type\":\"ListItem\",\"@id\":\"https:\\\/\\\/www.encontraribeiraopreto.com.br\\\/sobre\\\/noticias-em-ribeirao-preto\\\/#listItem\",\"position\":2,\"name\":\"Not\\u00edcias Ribeir\\u00e3o Preto\",\"item\":\"https:\\\/\\\/www.encontraribeiraopreto.com.br\\\/sobre\\\/noticias-em-ribeirao-preto\\\/\",\"nextItem\":{\"@type\":\"ListItem\",\"@id\":\"https:\\\/\\\/www.encontraribeiraopreto.com.br\\\/sobre\\\/coleta-de-lixo-em-ribeirao-preto-deve-ser-normalizada-ate-domingo-apos-fim-de-greve\\\/#listItem\",\"name\":\"Coleta de lixo em Ribeir\\u00e3o Preto deve ser normalizada at\\u00e9 domingo ap\\u00f3s fim de greve\"},\"previousItem\":{\"@type\":\"ListItem\",\"@id\":\"https:\\\/\\\/www.encontraribeiraopreto.com.br\\\/sobre#listItem\",\"name\":\"In\\u00edcio\"}},{\"@type\":\"ListItem\",\"@id\":\"https:\\\/\\\/www.encontraribeiraopreto.com.br\\\/sobre\\\/coleta-de-lixo-em-ribeirao-preto-deve-ser-normalizada-ate-domingo-apos-fim-de-greve\\\/#listItem\",\"position\":3,\"name\":\"Coleta de lixo em Ribeir\\u00e3o Preto deve ser normalizada at\\u00e9 domingo ap\\u00f3s fim de greve\",\"previousItem\":{\"@type\":\"ListItem\",\"@id\":\"https:\\\/\\\/www.encontraribeiraopreto.com.br\\\/sobre\\\/noticias-em-ribeirao-preto\\\/#listItem\",\"name\":\"Not\\u00edcias Ribeir\\u00e3o Preto\"}}]},{\"@type\":\"Organization\",\"@id\":\"https:\\\/\\\/www.encontraribeiraopreto.com.br\\\/sobre\\\/#organization\",\"name\":\"Encontra Ribeir\\u00e3o Preto\",\"description\":\"Not\\u00edcias, eventos, informa\\u00e7\\u00f5es e dicas na cidade Ribeir\\u00e3o Preto e regi\\u00e3o.\",\"url\":\"https:\\\/\\\/www.encontraribeiraopreto.com.br\\\/sobre\\\/\"},{\"@type\":\"Person\",\"@id\":\"https:\\\/\\\/www.encontraribeiraopreto.com.br\\\/sobre\\\/author\\\/eribeiraopreto\\\/#author\",\"url\":\"https:\\\/\\\/www.encontraribeiraopreto.com.br\\\/sobre\\\/author\\\/eribeiraopreto\\\/\",\"name\":\"Encontra Ribeir\\u00e3o Preto\",\"image\":{\"@type\":\"ImageObject\",\"@id\":\"https:\\\/\\\/www.encontraribeiraopreto.com.br\\\/sobre\\\/coleta-de-lixo-em-ribeirao-preto-deve-ser-normalizada-ate-domingo-apos-fim-de-greve\\\/#authorImage\",\"url\":\"https:\\\/\\\/secure.gravatar.com\\\/avatar\\\/507340682b8270222e1f208e23198b6ae7e2c6a1033ae84e99bc6bce4f82a387?s=96&d=mm&r=g\",\"width\":96,\"height\":96,\"caption\":\"Encontra Ribeir\\u00e3o Preto\"}},{\"@type\":\"WebPage\",\"@id\":\"https:\\\/\\\/www.encontraribeiraopreto.com.br\\\/sobre\\\/coleta-de-lixo-em-ribeirao-preto-deve-ser-normalizada-ate-domingo-apos-fim-de-greve\\\/#webpage\",\"url\":\"https:\\\/\\\/www.encontraribeiraopreto.com.br\\\/sobre\\\/coleta-de-lixo-em-ribeirao-preto-deve-ser-normalizada-ate-domingo-apos-fim-de-greve\\\/\",\"name\":\"Coleta de lixo em Ribeir\\u00e3o Preto deve ser normalizada at\\u00e9 domingo ap\\u00f3s fim de greve - Encontra Ribeir\\u00e3o Preto\",\"description\":\"Coleta de lixo em Ribeir\\u00e3o Preto ser\\u00e1 normalizada ap\\u00f3s greve e acordos.\",\"inLanguage\":\"pt-BR\",\"isPartOf\":{\"@id\":\"https:\\\/\\\/www.encontraribeiraopreto.com.br\\\/sobre\\\/#website\"},\"breadcrumb\":{\"@id\":\"https:\\\/\\\/www.encontraribeiraopreto.com.br\\\/sobre\\\/coleta-de-lixo-em-ribeirao-preto-deve-ser-normalizada-ate-domingo-apos-fim-de-greve\\\/#breadcrumblist\"},\"author\":{\"@id\":\"https:\\\/\\\/www.encontraribeiraopreto.com.br\\\/sobre\\\/author\\\/eribeiraopreto\\\/#author\"},\"creator\":{\"@id\":\"https:\\\/\\\/www.encontraribeiraopreto.com.br\\\/sobre\\\/author\\\/eribeiraopreto\\\/#author\"},\"image\":{\"@type\":\"ImageObject\",\"url\":\"https:\\\/\\\/www.encontraribeiraopreto.com.br\\\/sobre\\\/wp-content\\\/uploads\\\/coleta-de-lixo-em-ribeirao-preto-deve-ser-normalizada-ate-domingo-apos-fim-de-greve.webp\",\"@id\":\"https:\\\/\\\/www.encontraribeiraopreto.com.br\\\/sobre\\\/coleta-de-lixo-em-ribeirao-preto-deve-ser-normalizada-ate-domingo-apos-fim-de-greve\\\/#mainImage\",\"width\":280,\"height\":280},\"primaryImageOfPage\":{\"@id\":\"https:\\\/\\\/www.encontraribeiraopreto.com.br\\\/sobre\\\/coleta-de-lixo-em-ribeirao-preto-deve-ser-normalizada-ate-domingo-apos-fim-de-greve\\\/#mainImage\"},\"datePublished\":\"2026-02-07T12:30:22-03:00\",\"dateModified\":\"2026-02-07T12:30:22-03:00\"},{\"@type\":\"WebSite\",\"@id\":\"https:\\\/\\\/www.encontraribeiraopreto.com.br\\\/sobre\\\/#website\",\"url\":\"https:\\\/\\\/www.encontraribeiraopreto.com.br\\\/sobre\\\/\",\"name\":\"Encontra Ribeir\\u00e3o Preto\",\"description\":\"Not\\u00edcias, eventos, informa\\u00e7\\u00f5es e dicas na cidade Ribeir\\u00e3o Preto e regi\\u00e3o.\",\"inLanguage\":\"pt-BR\",\"publisher\":{\"@id\":\"https:\\\/\\\/www.encontraribeiraopreto.com.br\\\/sobre\\\/#organization\"}}]}\n\t\t<\/script>\n\t\t<!-- All in One SEO -->\n\n","aioseo_head_json":{"title":"Coleta de lixo em Ribeir\u00e3o Preto deve ser normalizada at\u00e9 domingo ap\u00f3s fim de greve - Encontra Ribeir\u00e3o Preto","description":"Coleta de lixo em Ribeir\u00e3o Preto ser\u00e1 normalizada ap\u00f3s greve e acordos.","canonical_url":"https:\/\/www.encontraribeiraopreto.com.br\/sobre\/coleta-de-lixo-em-ribeirao-preto-deve-ser-normalizada-ate-domingo-apos-fim-de-greve\/","robots":"max-image-preview:large","keywords":"","webmasterTools":{"miscellaneous":""},"schema":{"@context":"https:\/\/schema.org","@graph":[{"@type":"BlogPosting","@id":"https:\/\/www.encontraribeiraopreto.com.br\/sobre\/coleta-de-lixo-em-ribeirao-preto-deve-ser-normalizada-ate-domingo-apos-fim-de-greve\/#blogposting","name":"Coleta de lixo em Ribeir\u00e3o Preto deve ser normalizada at\u00e9 domingo ap\u00f3s fim de greve - Encontra Ribeir\u00e3o Preto","headline":"Coleta de lixo em Ribeir\u00e3o Preto deve ser normalizada at\u00e9 domingo ap\u00f3s fim de greve","author":{"@id":"https:\/\/www.encontraribeiraopreto.com.br\/sobre\/author\/eribeiraopreto\/#author"},"publisher":{"@id":"https:\/\/www.encontraribeiraopreto.com.br\/sobre\/#organization"},"image":{"@type":"ImageObject","url":"https:\/\/www.encontraribeiraopreto.com.br\/sobre\/wp-content\/uploads\/coleta-de-lixo-em-ribeirao-preto-deve-ser-normalizada-ate-domingo-apos-fim-de-greve.webp","width":280,"height":280},"datePublished":"2026-02-07T12:30:22-03:00","dateModified":"2026-02-07T12:30:22-03:00","inLanguage":"pt-BR","mainEntityOfPage":{"@id":"https:\/\/www.encontraribeiraopreto.com.br\/sobre\/coleta-de-lixo-em-ribeirao-preto-deve-ser-normalizada-ate-domingo-apos-fim-de-greve\/#webpage"},"isPartOf":{"@id":"https:\/\/www.encontraribeiraopreto.com.br\/sobre\/coleta-de-lixo-em-ribeirao-preto-deve-ser-normalizada-ate-domingo-apos-fim-de-greve\/#webpage"},"articleSection":"Not\u00edcias Ribeir\u00e3o Preto"},{"@type":"BreadcrumbList","@id":"https:\/\/www.encontraribeiraopreto.com.br\/sobre\/coleta-de-lixo-em-ribeirao-preto-deve-ser-normalizada-ate-domingo-apos-fim-de-greve\/#breadcrumblist","itemListElement":[{"@type":"ListItem","@id":"https:\/\/www.encontraribeiraopreto.com.br\/sobre#listItem","position":1,"name":"In\u00edcio","item":"https:\/\/www.encontraribeiraopreto.com.br\/sobre","nextItem":{"@type":"ListItem","@id":"https:\/\/www.encontraribeiraopreto.com.br\/sobre\/noticias-em-ribeirao-preto\/#listItem","name":"Not\u00edcias Ribeir\u00e3o Preto"}},{"@type":"ListItem","@id":"https:\/\/www.encontraribeiraopreto.com.br\/sobre\/noticias-em-ribeirao-preto\/#listItem","position":2,"name":"Not\u00edcias Ribeir\u00e3o Preto","item":"https:\/\/www.encontraribeiraopreto.com.br\/sobre\/noticias-em-ribeirao-preto\/","nextItem":{"@type":"ListItem","@id":"https:\/\/www.encontraribeiraopreto.com.br\/sobre\/coleta-de-lixo-em-ribeirao-preto-deve-ser-normalizada-ate-domingo-apos-fim-de-greve\/#listItem","name":"Coleta de lixo em Ribeir\u00e3o Preto deve ser normalizada at\u00e9 domingo ap\u00f3s fim de greve"},"previousItem":{"@type":"ListItem","@id":"https:\/\/www.encontraribeiraopreto.com.br\/sobre#listItem","name":"In\u00edcio"}},{"@type":"ListItem","@id":"https:\/\/www.encontraribeiraopreto.com.br\/sobre\/coleta-de-lixo-em-ribeirao-preto-deve-ser-normalizada-ate-domingo-apos-fim-de-greve\/#listItem","position":3,"name":"Coleta de lixo em Ribeir\u00e3o Preto deve ser normalizada at\u00e9 domingo ap\u00f3s fim de greve","previousItem":{"@type":"ListItem","@id":"https:\/\/www.encontraribeiraopreto.com.br\/sobre\/noticias-em-ribeirao-preto\/#listItem","name":"Not\u00edcias Ribeir\u00e3o Preto"}}]},{"@type":"Organization","@id":"https:\/\/www.encontraribeiraopreto.com.br\/sobre\/#organization","name":"Encontra Ribeir\u00e3o Preto","description":"Not\u00edcias, eventos, informa\u00e7\u00f5es e dicas na cidade Ribeir\u00e3o Preto e regi\u00e3o.","url":"https:\/\/www.encontraribeiraopreto.com.br\/sobre\/"},{"@type":"Person","@id":"https:\/\/www.encontraribeiraopreto.com.br\/sobre\/author\/eribeiraopreto\/#author","url":"https:\/\/www.encontraribeiraopreto.com.br\/sobre\/author\/eribeiraopreto\/","name":"Encontra Ribeir\u00e3o Preto","image":{"@type":"ImageObject","@id":"https:\/\/www.encontraribeiraopreto.com.br\/sobre\/coleta-de-lixo-em-ribeirao-preto-deve-ser-normalizada-ate-domingo-apos-fim-de-greve\/#authorImage","url":"https:\/\/secure.gravatar.com\/avatar\/507340682b8270222e1f208e23198b6ae7e2c6a1033ae84e99bc6bce4f82a387?s=96&d=mm&r=g","width":96,"height":96,"caption":"Encontra Ribeir\u00e3o Preto"}},{"@type":"WebPage","@id":"https:\/\/www.encontraribeiraopreto.com.br\/sobre\/coleta-de-lixo-em-ribeirao-preto-deve-ser-normalizada-ate-domingo-apos-fim-de-greve\/#webpage","url":"https:\/\/www.encontraribeiraopreto.com.br\/sobre\/coleta-de-lixo-em-ribeirao-preto-deve-ser-normalizada-ate-domingo-apos-fim-de-greve\/","name":"Coleta de lixo em Ribeir\u00e3o Preto deve ser normalizada at\u00e9 domingo ap\u00f3s fim de greve - Encontra Ribeir\u00e3o Preto","description":"Coleta de lixo em Ribeir\u00e3o Preto ser\u00e1 normalizada ap\u00f3s greve e acordos.","inLanguage":"pt-BR","isPartOf":{"@id":"https:\/\/www.encontraribeiraopreto.com.br\/sobre\/#website"},"breadcrumb":{"@id":"https:\/\/www.encontraribeiraopreto.com.br\/sobre\/coleta-de-lixo-em-ribeirao-preto-deve-ser-normalizada-ate-domingo-apos-fim-de-greve\/#breadcrumblist"},"author":{"@id":"https:\/\/www.encontraribeiraopreto.com.br\/sobre\/author\/eribeiraopreto\/#author"},"creator":{"@id":"https:\/\/www.encontraribeiraopreto.com.br\/sobre\/author\/eribeiraopreto\/#author"},"image":{"@type":"ImageObject","url":"https:\/\/www.encontraribeiraopreto.com.br\/sobre\/wp-content\/uploads\/coleta-de-lixo-em-ribeirao-preto-deve-ser-normalizada-ate-domingo-apos-fim-de-greve.webp","@id":"https:\/\/www.encontraribeiraopreto.com.br\/sobre\/coleta-de-lixo-em-ribeirao-preto-deve-ser-normalizada-ate-domingo-apos-fim-de-greve\/#mainImage","width":280,"height":280},"primaryImageOfPage":{"@id":"https:\/\/www.encontraribeiraopreto.com.br\/sobre\/coleta-de-lixo-em-ribeirao-preto-deve-ser-normalizada-ate-domingo-apos-fim-de-greve\/#mainImage"},"datePublished":"2026-02-07T12:30:22-03:00","dateModified":"2026-02-07T12:30:22-03:00"},{"@type":"WebSite","@id":"https:\/\/www.encontraribeiraopreto.com.br\/sobre\/#website","url":"https:\/\/www.encontraribeiraopreto.com.br\/sobre\/","name":"Encontra Ribeir\u00e3o Preto","description":"Not\u00edcias, eventos, informa\u00e7\u00f5es e dicas na cidade Ribeir\u00e3o Preto e regi\u00e3o.","inLanguage":"pt-BR","publisher":{"@id":"https:\/\/www.encontraribeiraopreto.com.br\/sobre\/#organization"}}]},"og:locale":"pt_BR","og:site_name":"Encontra Ribeir\u00e3o Preto - Not\u00edcias, eventos, informa\u00e7\u00f5es e dicas na cidade Ribeir\u00e3o Preto e regi\u00e3o.","og:type":"article","og:title":"Coleta de lixo em Ribeir\u00e3o Preto deve ser normalizada at\u00e9 domingo ap\u00f3s fim de greve - Encontra Ribeir\u00e3o Preto","og:description":"Coleta de lixo em Ribeir\u00e3o Preto ser\u00e1 normalizada ap\u00f3s greve e acordos.","og:url":"https:\/\/www.encontraribeiraopreto.com.br\/sobre\/coleta-de-lixo-em-ribeirao-preto-deve-ser-normalizada-ate-domingo-apos-fim-de-greve\/","article:published_time":"2026-02-07T15:30:22+00:00","article:modified_time":"2026-02-07T15:30:22+00:00","twitter:card":"summary_large_image","twitter:title":"Coleta de lixo em Ribeir\u00e3o Preto deve ser normalizada at\u00e9 domingo ap\u00f3s fim de greve - Encontra Ribeir\u00e3o Preto","twitter:description":"Coleta de lixo em Ribeir\u00e3o Preto ser\u00e1 normalizada ap\u00f3s greve e acordos."},"aioseo_meta_data":{"post_id":"5128","title":null,"description":null,"keywords":null,"keyphrases":null,"primary_term":null,"canonical_url":null,"og_title":null,"og_description":null,"og_object_type":"default","og_image_type":"default","og_image_url":null,"og_image_width":null,"og_image_height":null,"og_image_custom_url":null,"og_image_custom_fields":null,"og_video":null,"og_custom_url":null,"og_article_section":null,"og_article_tags":null,"twitter_use_og":false,"twitter_card":"default","twitter_image_type":"default","twitter_image_url":null,"twitter_image_custom_url":null,"twitter_image_custom_fields":null,"twitter_title":null,"twitter_description":null,"schema":{"blockGraphs":[],"customGraphs":[],"default":{"data":{"Article":[],"Course":[],"Dataset":[],"FAQPage":[],"Movie":[],"Person":[],"Product":[],"ProductReview":[],"Car":[],"Recipe":[],"Service":[],"SoftwareApplication":[],"WebPage":[]},"graphName":"BlogPosting","isEnabled":true},"graphs":[]},"schema_type":"default","schema_type_options":null,"pillar_content":false,"robots_default":true,"robots_noindex":false,"robots_noarchive":false,"robots_nosnippet":false,"robots_nofollow":false,"robots_noimageindex":false,"robots_noodp":false,"robots_notranslate":false,"robots_max_snippet":null,"robots_max_videopreview":null,"robots_max_imagepreview":"large","priority":null,"frequency":null,"local_seo":null,"limit_modified_date":false,"created":"2026-02-07 15:30:27","updated":"2026-02-07 15:56:48","focus_keyword":null,"additional_keywords":null,"truseo_locale":null,"ai":null,"breadcrumb_settings":null,"seo_analyzer_scan_date":null},"aioseo_breadcrumb":"<div class=\"aioseo-breadcrumbs\"><span class=\"aioseo-breadcrumb\">\n\t\t\t<a href=\"https:\/\/www.encontraribeiraopreto.com.br\/sobre\" title=\"In\u00edcio\">In\u00edcio<\/a>\n\t\t<\/span><span class=\"aioseo-breadcrumb-separator\">&raquo;<\/span><span class=\"aioseo-breadcrumb\">\n\t\t\t<a href=\"https:\/\/www.encontraribeiraopreto.com.br\/sobre\/noticias-em-ribeirao-preto\/\" title=\"Not\u00edcias Ribeir\u00e3o Preto\">Not\u00edcias Ribeir\u00e3o Preto<\/a>\n\t\t<\/span><span class=\"aioseo-breadcrumb-separator\">&raquo;<\/span><span class=\"aioseo-breadcrumb\">\n\t\t\tColeta de lixo em Ribeir\u00e3o Preto deve ser normalizada at\u00e9 domingo ap\u00f3s fim de greve\n\t\t<\/span><\/div>","aioseo_breadcrumb_json":[{"label":"In\u00edcio","link":"https:\/\/www.encontraribeiraopreto.com.br\/sobre"},{"label":"Not\u00edcias Ribeir\u00e3o Preto","link":"https:\/\/www.encontraribeiraopreto.com.br\/sobre\/noticias-em-ribeirao-preto\/"},{"label":"Coleta de lixo em Ribeir\u00e3o Preto deve ser normalizada at\u00e9 domingo ap\u00f3s fim de greve","link":"https:\/\/www.encontraribeiraopreto.com.br\/sobre\/coleta-de-lixo-em-ribeirao-preto-deve-ser-normalizada-ate-domingo-apos-fim-de-greve\/"}],"_links":{"self":[{"href":"https:\/\/www.encontraribeiraopreto.com.br\/sobre\/wp-json\/wp\/v2\/posts\/5128","targetHints":{"allow":["GET"]}}],"collection":[{"href":"https:\/\/www.encontraribeiraopreto.com.br\/sobre\/wp-json\/wp\/v2\/posts"}],"about":[{"href":"https:\/\/www.encontraribeiraopreto.com.br\/sobre\/wp-json\/wp\/v2\/types\/post"}],"author":[{"embeddable":true,"href":"https:\/\/www.encontraribeiraopreto.com.br\/sobre\/wp-json\/wp\/v2\/users\/1"}],"replies":[{"embeddable":true,"href":"https:\/\/www.encontraribeiraopreto.com.br\/sobre\/wp-json\/wp\/v2\/comments?post=5128"}],"version-history":[{"count":0,"href":"https:\/\/www.encontraribeiraopreto.com.br\/sobre\/wp-json\/wp\/v2\/posts\/5128\/revisions"}],"wp:featuredmedia":[{"embeddable":true,"href":"https:\/\/www.encontraribeiraopreto.com.br\/sobre\/wp-json\/wp\/v2\/media\/5127"}],"wp:attachment":[{"href":"https:\/\/www.encontraribeiraopreto.com.br\/sobre\/wp-json\/wp\/v2\/media?parent=5128"}],"wp:term":[{"taxonomy":"category","embeddable":true,"href":"https:\/\/www.encontraribeiraopreto.com.br\/sobre\/wp-json\/wp\/v2\/categories?post=5128"},{"taxonomy":"post_tag","embeddable":true,"href":"https:\/\/www.encontraribeiraopreto.com.br\/sobre\/wp-json\/wp\/v2\/tags?post=5128"}],"curies":[{"name":"wp","href":"https:\/\/api.w.org\/{rel}","templated":true}]}}