{"id":576,"date":"2011-12-06T17:18:33","date_gmt":"2011-12-06T20:18:33","guid":{"rendered":"http:\/\/www.encontraribeiraopreto.com.br\/noticias\/?p=576"},"modified":"2019-04-15T11:27:37","modified_gmt":"2019-04-15T14:27:37","slug":"ministerio-da-saude-coloca-ribeirao-preto-em-situacao-de-alerta-para-a-dengue","status":"publish","type":"post","link":"https:\/\/www.encontraribeiraopreto.com.br\/sobre\/ministerio-da-saude-coloca-ribeirao-preto-em-situacao-de-alerta-para-a-dengue\/","title":{"rendered":"Minist\u00e9rio da Sa\u00fade coloca Ribeir\u00e3o Preto em situa\u00e7\u00e3o de alerta para a dengue"},"content":{"rendered":"<div class=\"cd7ef838bed10b2b4567f853226bc383\" data-index=\"1\" style=\"float: none; margin:0px;\">\n<!-- Anuncio display - global -->\r\n<ins class=\"adsbygoogle\"\r\n     style=\"display:block\"\r\n     data-ad-client=\"ca-pub-8585364105181520\"\r\n     data-ad-slot=\"8789329856\"\r\n     data-ad-format=\"auto\"\r\n     data-full-width-responsive=\"true\"><\/ins>\r\n<script>\r\n     (adsbygoogle = window.adsbygoogle || []).push({});\r\n<\/script>\r\n\n<\/div>\n<p>A <a href=\"http:\/\/www.encontraribeiraopreto.com.br\/\" target=\"_blank\">cidade Ribeir\u00e3o Preto<\/a> est\u00e1 na lista do Minist\u00e9rio da\u00a0Sa\u00fade\u00a0de\u00a0cidades\u00a0com situa\u00e7\u00e3o de risco de epidemia de dengue. O munic\u00edpio \u00e9 o \u00fanico da regi\u00e3o que n\u00e3o obteve \u00edndice satisfat\u00f3rio pelo Liraa (Levantamento de \u00cdndice R\u00e1pido de Infesta\u00e7\u00e3o por Aedes aegypti).<\/p>\n<p>O estudo identifica os focos de reprodu\u00e7\u00e3o do mosquito transmissor da dengue. O \u00edndice de Ribeir\u00e3o foi de 1,9, ou seja, de cada cem\u00a0<a title=\"Imobili\u00e1rias em Ribeir\u00e3o Preto\" href=\"http:\/\/www.encontraribeiraopreto.com.br\/i\/imobiliarias-em-ribeirao-preto.shtml\" target=\"_blank\">im\u00f3veis<\/a>\u00a0visitados por agentes da prefeitura, em quase dois foram encontradas larvas do mosquito. Em 2010, o \u00edndice foi de 1,8.<\/p>\n<p>Munic\u00edpios com taxas entre 1 a 3,9 s\u00e3o consideradas em situa\u00e7\u00e3o de alerta. Quando o \u00edndice \u00e9 4 ou maior \u00e9 considerado risco de surto. Abaixo de 1 \u00e9 considerado satisfat\u00f3rio.<\/p>\n<p>Ribeir\u00e3o Preto teve sua pior epidemia de dengue da hist\u00f3ria em 2010, com quase 30 mil doentes e 9 mortes. Um levantamento feito at\u00e9 20 de novembro deste ano mostra que a\u00a0cidade\u00a0registra 19,2 mil casos e 12 mortes. O \u00edndice de letalidade da dengue este ano chega a 6,3%.<\/p>\n<p>O Minist\u00e9rio da Sa\u00fade vai liberar um incentivo financeiro a 989 munic\u00edpios para a qualifica\u00e7\u00e3o das a\u00e7\u00f5es de preven\u00e7\u00e3o e controle da doen\u00e7a e o monitoramento da situa\u00e7\u00e3o epidemiol\u00f3gica pelas redes sociais.<\/p>\n<p>Ribeir\u00e3o est\u00e1 nessa lista e receber\u00e1 R$ 348,56 mil, valor referente a 20% da verba de R$ 1,742 milh\u00e3o repassada anualmente pela pasta. Ribeir\u00e3o apresenta 19,37% das ocorr\u00eancias de dengue no Estado.<\/p>\n<p><em>Fonte:\u00a0<\/em><\/p>\n\n<div style=\"font-size: 0px; height: 0px; line-height: 0px; margin: 0; padding: 0; clear: both;\"><\/div>","protected":false},"excerpt":{"rendered":"<p>A cidade Ribeir\u00e3o Preto est\u00e1 na lista do Minist\u00e9rio da\u00a0Sa\u00fade\u00a0de\u00a0cidades\u00a0com situa\u00e7\u00e3o de risco de epidemia de dengue. O munic\u00edpio \u00e9 o \u00fanico da regi\u00e3o que n\u00e3o obteve \u00edndice satisfat\u00f3rio pelo Liraa (Levantamento de \u00cdndice R\u00e1pido de Infesta\u00e7\u00e3o por Aedes aegypti). O estudo identifica os focos de reprodu\u00e7\u00e3o do mosquito transmissor da dengue. O \u00edndice de Ribeir\u00e3o foi de 1,9, ou seja, de cada cem\u00a0im\u00f3veis\u00a0visitados por agentes da prefeitura, em quase dois foram encontradas larvas do mosquito. Em 2010, o \u00edndice foi de 1,8. Munic\u00edpios com taxas entre 1 a 3,9 s\u00e3o consideradas em situa\u00e7\u00e3o de alerta. Quando o \u00edndice \u00e9 <\/p>\n","protected":false},"author":1,"featured_media":0,"comment_status":"open","ping_status":"closed","sticky":false,"template":"","format":"standard","meta":{"footnotes":""},"categories":[6],"tags":[14],"class_list":["post-576","post","type-post","status-publish","format-standard","hentry","category-noticias-em-ribeirao-preto","tag-ribeirao-preto"],"aioseo_notices":[],"aioseo_head":"\n\t\t<!-- All in One SEO 5.0.0.1 - aioseo.com -->\n\t<meta name=\"description\" content=\"A cidade Ribeir\u00e3o Preto est\u00e1 na lista do Minist\u00e9rio da Sa\u00fade de cidades com situa\u00e7\u00e3o de risco de epidemia de dengue. O munic\u00edpio \u00e9 o \u00fanico da regi\u00e3o que n\u00e3o obteve \u00edndice satisfat\u00f3rio pelo Liraa (Levantamento de \u00cdndice R\u00e1pido de Infesta\u00e7\u00e3o por Aedes aegypti). O estudo identifica os focos de reprodu\u00e7\u00e3o do mosquito transmissor da dengue. O \u00edndice de\" \/>\n\t<meta name=\"robots\" content=\"max-image-preview:large\" \/>\n\t<meta name=\"author\" content=\"Encontra Ribeir\u00e3o Preto\"\/>\n\t<link rel=\"canonical\" href=\"https:\/\/www.encontraribeiraopreto.com.br\/sobre\/ministerio-da-saude-coloca-ribeirao-preto-em-situacao-de-alerta-para-a-dengue\/\" \/>\n\t<meta name=\"generator\" content=\"All in One SEO (AIOSEO) 5.0.0.1\" \/>\n\t\t<meta property=\"og:locale\" content=\"pt_BR\" \/>\n\t\t<meta property=\"og:site_name\" content=\"Encontra Ribeir\u00e3o Preto - Not\u00edcias, eventos, informa\u00e7\u00f5es e dicas na cidade Ribeir\u00e3o Preto e regi\u00e3o.\" \/>\n\t\t<meta property=\"og:type\" content=\"article\" \/>\n\t\t<meta property=\"og:title\" content=\"Minist\u00e9rio da Sa\u00fade coloca Ribeir\u00e3o Preto em situa\u00e7\u00e3o de alerta para a dengue - Encontra Ribeir\u00e3o Preto\" \/>\n\t\t<meta property=\"og:description\" content=\"A cidade Ribeir\u00e3o Preto est\u00e1 na lista do Minist\u00e9rio da Sa\u00fade de cidades com situa\u00e7\u00e3o de risco de epidemia de dengue. O munic\u00edpio \u00e9 o \u00fanico da regi\u00e3o que n\u00e3o obteve \u00edndice satisfat\u00f3rio pelo Liraa (Levantamento de \u00cdndice R\u00e1pido de Infesta\u00e7\u00e3o por Aedes aegypti). O estudo identifica os focos de reprodu\u00e7\u00e3o do mosquito transmissor da dengue. O \u00edndice de\" \/>\n\t\t<meta property=\"og:url\" content=\"https:\/\/www.encontraribeiraopreto.com.br\/sobre\/ministerio-da-saude-coloca-ribeirao-preto-em-situacao-de-alerta-para-a-dengue\/\" \/>\n\t\t<meta property=\"article:published_time\" content=\"2011-12-06T20:18:33+00:00\" \/>\n\t\t<meta property=\"article:modified_time\" content=\"2019-04-15T14:27:37+00:00\" \/>\n\t\t<meta name=\"twitter:card\" content=\"summary_large_image\" \/>\n\t\t<meta name=\"twitter:title\" content=\"Minist\u00e9rio da Sa\u00fade coloca Ribeir\u00e3o Preto em situa\u00e7\u00e3o de alerta para a dengue - Encontra Ribeir\u00e3o Preto\" \/>\n\t\t<meta name=\"twitter:description\" content=\"A cidade Ribeir\u00e3o Preto est\u00e1 na lista do Minist\u00e9rio da Sa\u00fade de cidades com situa\u00e7\u00e3o de risco de epidemia de dengue. O munic\u00edpio \u00e9 o \u00fanico da regi\u00e3o que n\u00e3o obteve \u00edndice satisfat\u00f3rio pelo Liraa (Levantamento de \u00cdndice R\u00e1pido de Infesta\u00e7\u00e3o por Aedes aegypti). O estudo identifica os focos de reprodu\u00e7\u00e3o do mosquito transmissor da dengue. O \u00edndice de\" \/>\n\t\t<script type=\"application\/ld+json\" class=\"aioseo-schema\">\n\t\t\t{\"@context\":\"https:\\\/\\\/schema.org\",\"@graph\":[{\"@type\":\"BlogPosting\",\"@id\":\"https:\\\/\\\/www.encontraribeiraopreto.com.br\\\/sobre\\\/ministerio-da-saude-coloca-ribeirao-preto-em-situacao-de-alerta-para-a-dengue\\\/#blogposting\",\"name\":\"Minist\\u00e9rio da Sa\\u00fade coloca Ribeir\\u00e3o Preto em situa\\u00e7\\u00e3o de alerta para a dengue - Encontra Ribeir\\u00e3o Preto\",\"headline\":\"Minist\\u00e9rio da Sa\\u00fade coloca Ribeir\\u00e3o Preto em situa\\u00e7\\u00e3o de alerta para a dengue\",\"author\":{\"@id\":\"https:\\\/\\\/www.encontraribeiraopreto.com.br\\\/sobre\\\/author\\\/eribeiraopreto\\\/#author\"},\"publisher\":{\"@id\":\"https:\\\/\\\/www.encontraribeiraopreto.com.br\\\/sobre\\\/#organization\"},\"datePublished\":\"2011-12-06T17:18:33-03:00\",\"dateModified\":\"2019-04-15T11:27:37-03:00\",\"inLanguage\":\"pt-BR\",\"mainEntityOfPage\":{\"@id\":\"https:\\\/\\\/www.encontraribeiraopreto.com.br\\\/sobre\\\/ministerio-da-saude-coloca-ribeirao-preto-em-situacao-de-alerta-para-a-dengue\\\/#webpage\"},\"isPartOf\":{\"@id\":\"https:\\\/\\\/www.encontraribeiraopreto.com.br\\\/sobre\\\/ministerio-da-saude-coloca-ribeirao-preto-em-situacao-de-alerta-para-a-dengue\\\/#webpage\"},\"articleSection\":\"Not\\u00edcias Ribeir\\u00e3o Preto, Ribeir\\u00e3o Preto\"},{\"@type\":\"BreadcrumbList\",\"@id\":\"https:\\\/\\\/www.encontraribeiraopreto.com.br\\\/sobre\\\/ministerio-da-saude-coloca-ribeirao-preto-em-situacao-de-alerta-para-a-dengue\\\/#breadcrumblist\",\"itemListElement\":[{\"@type\":\"ListItem\",\"@id\":\"https:\\\/\\\/www.encontraribeiraopreto.com.br\\\/sobre#listItem\",\"position\":1,\"name\":\"In\\u00edcio\",\"item\":\"https:\\\/\\\/www.encontraribeiraopreto.com.br\\\/sobre\",\"nextItem\":{\"@type\":\"ListItem\",\"@id\":\"https:\\\/\\\/www.encontraribeiraopreto.com.br\\\/sobre\\\/noticias-em-ribeirao-preto\\\/#listItem\",\"name\":\"Not\\u00edcias Ribeir\\u00e3o Preto\"}},{\"@type\":\"ListItem\",\"@id\":\"https:\\\/\\\/www.encontraribeiraopreto.com.br\\\/sobre\\\/noticias-em-ribeirao-preto\\\/#listItem\",\"position\":2,\"name\":\"Not\\u00edcias Ribeir\\u00e3o Preto\",\"item\":\"https:\\\/\\\/www.encontraribeiraopreto.com.br\\\/sobre\\\/noticias-em-ribeirao-preto\\\/\",\"nextItem\":{\"@type\":\"ListItem\",\"@id\":\"https:\\\/\\\/www.encontraribeiraopreto.com.br\\\/sobre\\\/ministerio-da-saude-coloca-ribeirao-preto-em-situacao-de-alerta-para-a-dengue\\\/#listItem\",\"name\":\"Minist\\u00e9rio da Sa\\u00fade coloca Ribeir\\u00e3o Preto em situa\\u00e7\\u00e3o de alerta para a dengue\"},\"previousItem\":{\"@type\":\"ListItem\",\"@id\":\"https:\\\/\\\/www.encontraribeiraopreto.com.br\\\/sobre#listItem\",\"name\":\"In\\u00edcio\"}},{\"@type\":\"ListItem\",\"@id\":\"https:\\\/\\\/www.encontraribeiraopreto.com.br\\\/sobre\\\/ministerio-da-saude-coloca-ribeirao-preto-em-situacao-de-alerta-para-a-dengue\\\/#listItem\",\"position\":3,\"name\":\"Minist\\u00e9rio da Sa\\u00fade coloca Ribeir\\u00e3o Preto em situa\\u00e7\\u00e3o de alerta para a dengue\",\"previousItem\":{\"@type\":\"ListItem\",\"@id\":\"https:\\\/\\\/www.encontraribeiraopreto.com.br\\\/sobre\\\/noticias-em-ribeirao-preto\\\/#listItem\",\"name\":\"Not\\u00edcias Ribeir\\u00e3o Preto\"}}]},{\"@type\":\"Organization\",\"@id\":\"https:\\\/\\\/www.encontraribeiraopreto.com.br\\\/sobre\\\/#organization\",\"name\":\"Encontra Ribeir\\u00e3o Preto\",\"description\":\"Not\\u00edcias, eventos, informa\\u00e7\\u00f5es e dicas na cidade Ribeir\\u00e3o Preto e regi\\u00e3o.\",\"url\":\"https:\\\/\\\/www.encontraribeiraopreto.com.br\\\/sobre\\\/\"},{\"@type\":\"Person\",\"@id\":\"https:\\\/\\\/www.encontraribeiraopreto.com.br\\\/sobre\\\/author\\\/eribeiraopreto\\\/#author\",\"url\":\"https:\\\/\\\/www.encontraribeiraopreto.com.br\\\/sobre\\\/author\\\/eribeiraopreto\\\/\",\"name\":\"Encontra Ribeir\\u00e3o Preto\",\"image\":{\"@type\":\"ImageObject\",\"@id\":\"https:\\\/\\\/www.encontraribeiraopreto.com.br\\\/sobre\\\/ministerio-da-saude-coloca-ribeirao-preto-em-situacao-de-alerta-para-a-dengue\\\/#authorImage\",\"url\":\"https:\\\/\\\/secure.gravatar.com\\\/avatar\\\/507340682b8270222e1f208e23198b6ae7e2c6a1033ae84e99bc6bce4f82a387?s=96&d=mm&r=g\",\"width\":96,\"height\":96,\"caption\":\"Encontra Ribeir\\u00e3o Preto\"}},{\"@type\":\"WebPage\",\"@id\":\"https:\\\/\\\/www.encontraribeiraopreto.com.br\\\/sobre\\\/ministerio-da-saude-coloca-ribeirao-preto-em-situacao-de-alerta-para-a-dengue\\\/#webpage\",\"url\":\"https:\\\/\\\/www.encontraribeiraopreto.com.br\\\/sobre\\\/ministerio-da-saude-coloca-ribeirao-preto-em-situacao-de-alerta-para-a-dengue\\\/\",\"name\":\"Minist\\u00e9rio da Sa\\u00fade coloca Ribeir\\u00e3o Preto em situa\\u00e7\\u00e3o de alerta para a dengue - Encontra Ribeir\\u00e3o Preto\",\"description\":\"A cidade Ribeir\\u00e3o Preto est\\u00e1 na lista do Minist\\u00e9rio da Sa\\u00fade de cidades com situa\\u00e7\\u00e3o de risco de epidemia de dengue. O munic\\u00edpio \\u00e9 o \\u00fanico da regi\\u00e3o que n\\u00e3o obteve \\u00edndice satisfat\\u00f3rio pelo Liraa (Levantamento de \\u00cdndice R\\u00e1pido de Infesta\\u00e7\\u00e3o por Aedes aegypti). O estudo identifica os focos de reprodu\\u00e7\\u00e3o do mosquito transmissor da dengue. O \\u00edndice de\",\"inLanguage\":\"pt-BR\",\"isPartOf\":{\"@id\":\"https:\\\/\\\/www.encontraribeiraopreto.com.br\\\/sobre\\\/#website\"},\"breadcrumb\":{\"@id\":\"https:\\\/\\\/www.encontraribeiraopreto.com.br\\\/sobre\\\/ministerio-da-saude-coloca-ribeirao-preto-em-situacao-de-alerta-para-a-dengue\\\/#breadcrumblist\"},\"author\":{\"@id\":\"https:\\\/\\\/www.encontraribeiraopreto.com.br\\\/sobre\\\/author\\\/eribeiraopreto\\\/#author\"},\"creator\":{\"@id\":\"https:\\\/\\\/www.encontraribeiraopreto.com.br\\\/sobre\\\/author\\\/eribeiraopreto\\\/#author\"},\"datePublished\":\"2011-12-06T17:18:33-03:00\",\"dateModified\":\"2019-04-15T11:27:37-03:00\"},{\"@type\":\"WebSite\",\"@id\":\"https:\\\/\\\/www.encontraribeiraopreto.com.br\\\/sobre\\\/#website\",\"url\":\"https:\\\/\\\/www.encontraribeiraopreto.com.br\\\/sobre\\\/\",\"name\":\"Encontra Ribeir\\u00e3o Preto\",\"description\":\"Not\\u00edcias, eventos, informa\\u00e7\\u00f5es e dicas na cidade Ribeir\\u00e3o Preto e regi\\u00e3o.\",\"inLanguage\":\"pt-BR\",\"publisher\":{\"@id\":\"https:\\\/\\\/www.encontraribeiraopreto.com.br\\\/sobre\\\/#organization\"}}]}\n\t\t<\/script>\n\t\t<!-- All in One SEO -->\n\n","aioseo_head_json":{"title":"Minist\u00e9rio da Sa\u00fade coloca Ribeir\u00e3o Preto em situa\u00e7\u00e3o de alerta para a dengue - Encontra Ribeir\u00e3o Preto","description":"A cidade Ribeir\u00e3o Preto est\u00e1 na lista do Minist\u00e9rio da Sa\u00fade de cidades com situa\u00e7\u00e3o de risco de epidemia de dengue. O munic\u00edpio \u00e9 o \u00fanico da regi\u00e3o que n\u00e3o obteve \u00edndice satisfat\u00f3rio pelo Liraa (Levantamento de \u00cdndice R\u00e1pido de Infesta\u00e7\u00e3o por Aedes aegypti). O estudo identifica os focos de reprodu\u00e7\u00e3o do mosquito transmissor da dengue. O \u00edndice de","canonical_url":"https:\/\/www.encontraribeiraopreto.com.br\/sobre\/ministerio-da-saude-coloca-ribeirao-preto-em-situacao-de-alerta-para-a-dengue\/","robots":"max-image-preview:large","keywords":"","webmasterTools":{"miscellaneous":""},"schema":{"@context":"https:\/\/schema.org","@graph":[{"@type":"BlogPosting","@id":"https:\/\/www.encontraribeiraopreto.com.br\/sobre\/ministerio-da-saude-coloca-ribeirao-preto-em-situacao-de-alerta-para-a-dengue\/#blogposting","name":"Minist\u00e9rio da Sa\u00fade coloca Ribeir\u00e3o Preto em situa\u00e7\u00e3o de alerta para a dengue - Encontra Ribeir\u00e3o Preto","headline":"Minist\u00e9rio da Sa\u00fade coloca Ribeir\u00e3o Preto em situa\u00e7\u00e3o de alerta para a dengue","author":{"@id":"https:\/\/www.encontraribeiraopreto.com.br\/sobre\/author\/eribeiraopreto\/#author"},"publisher":{"@id":"https:\/\/www.encontraribeiraopreto.com.br\/sobre\/#organization"},"datePublished":"2011-12-06T17:18:33-03:00","dateModified":"2019-04-15T11:27:37-03:00","inLanguage":"pt-BR","mainEntityOfPage":{"@id":"https:\/\/www.encontraribeiraopreto.com.br\/sobre\/ministerio-da-saude-coloca-ribeirao-preto-em-situacao-de-alerta-para-a-dengue\/#webpage"},"isPartOf":{"@id":"https:\/\/www.encontraribeiraopreto.com.br\/sobre\/ministerio-da-saude-coloca-ribeirao-preto-em-situacao-de-alerta-para-a-dengue\/#webpage"},"articleSection":"Not\u00edcias Ribeir\u00e3o Preto, Ribeir\u00e3o Preto"},{"@type":"BreadcrumbList","@id":"https:\/\/www.encontraribeiraopreto.com.br\/sobre\/ministerio-da-saude-coloca-ribeirao-preto-em-situacao-de-alerta-para-a-dengue\/#breadcrumblist","itemListElement":[{"@type":"ListItem","@id":"https:\/\/www.encontraribeiraopreto.com.br\/sobre#listItem","position":1,"name":"In\u00edcio","item":"https:\/\/www.encontraribeiraopreto.com.br\/sobre","nextItem":{"@type":"ListItem","@id":"https:\/\/www.encontraribeiraopreto.com.br\/sobre\/noticias-em-ribeirao-preto\/#listItem","name":"Not\u00edcias Ribeir\u00e3o Preto"}},{"@type":"ListItem","@id":"https:\/\/www.encontraribeiraopreto.com.br\/sobre\/noticias-em-ribeirao-preto\/#listItem","position":2,"name":"Not\u00edcias Ribeir\u00e3o Preto","item":"https:\/\/www.encontraribeiraopreto.com.br\/sobre\/noticias-em-ribeirao-preto\/","nextItem":{"@type":"ListItem","@id":"https:\/\/www.encontraribeiraopreto.com.br\/sobre\/ministerio-da-saude-coloca-ribeirao-preto-em-situacao-de-alerta-para-a-dengue\/#listItem","name":"Minist\u00e9rio da Sa\u00fade coloca Ribeir\u00e3o Preto em situa\u00e7\u00e3o de alerta para a dengue"},"previousItem":{"@type":"ListItem","@id":"https:\/\/www.encontraribeiraopreto.com.br\/sobre#listItem","name":"In\u00edcio"}},{"@type":"ListItem","@id":"https:\/\/www.encontraribeiraopreto.com.br\/sobre\/ministerio-da-saude-coloca-ribeirao-preto-em-situacao-de-alerta-para-a-dengue\/#listItem","position":3,"name":"Minist\u00e9rio da Sa\u00fade coloca Ribeir\u00e3o Preto em situa\u00e7\u00e3o de alerta para a dengue","previousItem":{"@type":"ListItem","@id":"https:\/\/www.encontraribeiraopreto.com.br\/sobre\/noticias-em-ribeirao-preto\/#listItem","name":"Not\u00edcias Ribeir\u00e3o Preto"}}]},{"@type":"Organization","@id":"https:\/\/www.encontraribeiraopreto.com.br\/sobre\/#organization","name":"Encontra Ribeir\u00e3o Preto","description":"Not\u00edcias, eventos, informa\u00e7\u00f5es e dicas na cidade Ribeir\u00e3o Preto e regi\u00e3o.","url":"https:\/\/www.encontraribeiraopreto.com.br\/sobre\/"},{"@type":"Person","@id":"https:\/\/www.encontraribeiraopreto.com.br\/sobre\/author\/eribeiraopreto\/#author","url":"https:\/\/www.encontraribeiraopreto.com.br\/sobre\/author\/eribeiraopreto\/","name":"Encontra Ribeir\u00e3o Preto","image":{"@type":"ImageObject","@id":"https:\/\/www.encontraribeiraopreto.com.br\/sobre\/ministerio-da-saude-coloca-ribeirao-preto-em-situacao-de-alerta-para-a-dengue\/#authorImage","url":"https:\/\/secure.gravatar.com\/avatar\/507340682b8270222e1f208e23198b6ae7e2c6a1033ae84e99bc6bce4f82a387?s=96&d=mm&r=g","width":96,"height":96,"caption":"Encontra Ribeir\u00e3o Preto"}},{"@type":"WebPage","@id":"https:\/\/www.encontraribeiraopreto.com.br\/sobre\/ministerio-da-saude-coloca-ribeirao-preto-em-situacao-de-alerta-para-a-dengue\/#webpage","url":"https:\/\/www.encontraribeiraopreto.com.br\/sobre\/ministerio-da-saude-coloca-ribeirao-preto-em-situacao-de-alerta-para-a-dengue\/","name":"Minist\u00e9rio da Sa\u00fade coloca Ribeir\u00e3o Preto em situa\u00e7\u00e3o de alerta para a dengue - Encontra Ribeir\u00e3o Preto","description":"A cidade Ribeir\u00e3o Preto est\u00e1 na lista do Minist\u00e9rio da Sa\u00fade de cidades com situa\u00e7\u00e3o de risco de epidemia de dengue. O munic\u00edpio \u00e9 o \u00fanico da regi\u00e3o que n\u00e3o obteve \u00edndice satisfat\u00f3rio pelo Liraa (Levantamento de \u00cdndice R\u00e1pido de Infesta\u00e7\u00e3o por Aedes aegypti). O estudo identifica os focos de reprodu\u00e7\u00e3o do mosquito transmissor da dengue. O \u00edndice de","inLanguage":"pt-BR","isPartOf":{"@id":"https:\/\/www.encontraribeiraopreto.com.br\/sobre\/#website"},"breadcrumb":{"@id":"https:\/\/www.encontraribeiraopreto.com.br\/sobre\/ministerio-da-saude-coloca-ribeirao-preto-em-situacao-de-alerta-para-a-dengue\/#breadcrumblist"},"author":{"@id":"https:\/\/www.encontraribeiraopreto.com.br\/sobre\/author\/eribeiraopreto\/#author"},"creator":{"@id":"https:\/\/www.encontraribeiraopreto.com.br\/sobre\/author\/eribeiraopreto\/#author"},"datePublished":"2011-12-06T17:18:33-03:00","dateModified":"2019-04-15T11:27:37-03:00"},{"@type":"WebSite","@id":"https:\/\/www.encontraribeiraopreto.com.br\/sobre\/#website","url":"https:\/\/www.encontraribeiraopreto.com.br\/sobre\/","name":"Encontra Ribeir\u00e3o Preto","description":"Not\u00edcias, eventos, informa\u00e7\u00f5es e dicas na cidade Ribeir\u00e3o Preto e regi\u00e3o.","inLanguage":"pt-BR","publisher":{"@id":"https:\/\/www.encontraribeiraopreto.com.br\/sobre\/#organization"}}]},"og:locale":"pt_BR","og:site_name":"Encontra Ribeir\u00e3o Preto - Not\u00edcias, eventos, informa\u00e7\u00f5es e dicas na cidade Ribeir\u00e3o Preto e regi\u00e3o.","og:type":"article","og:title":"Minist\u00e9rio da Sa\u00fade coloca Ribeir\u00e3o Preto em situa\u00e7\u00e3o de alerta para a dengue - Encontra Ribeir\u00e3o Preto","og:description":"A cidade Ribeir\u00e3o Preto est\u00e1 na lista do Minist\u00e9rio da Sa\u00fade de cidades com situa\u00e7\u00e3o de risco de epidemia de dengue. O munic\u00edpio \u00e9 o \u00fanico da regi\u00e3o que n\u00e3o obteve \u00edndice satisfat\u00f3rio pelo Liraa (Levantamento de \u00cdndice R\u00e1pido de Infesta\u00e7\u00e3o por Aedes aegypti). O estudo identifica os focos de reprodu\u00e7\u00e3o do mosquito transmissor da dengue. O \u00edndice de","og:url":"https:\/\/www.encontraribeiraopreto.com.br\/sobre\/ministerio-da-saude-coloca-ribeirao-preto-em-situacao-de-alerta-para-a-dengue\/","article:published_time":"2011-12-06T20:18:33+00:00","article:modified_time":"2019-04-15T14:27:37+00:00","twitter:card":"summary_large_image","twitter:title":"Minist\u00e9rio da Sa\u00fade coloca Ribeir\u00e3o Preto em situa\u00e7\u00e3o de alerta para a dengue - Encontra Ribeir\u00e3o Preto","twitter:description":"A cidade Ribeir\u00e3o Preto est\u00e1 na lista do Minist\u00e9rio da Sa\u00fade de cidades com situa\u00e7\u00e3o de risco de epidemia de dengue. O munic\u00edpio \u00e9 o \u00fanico da regi\u00e3o que n\u00e3o obteve \u00edndice satisfat\u00f3rio pelo Liraa (Levantamento de \u00cdndice R\u00e1pido de Infesta\u00e7\u00e3o por Aedes aegypti). O estudo identifica os focos de reprodu\u00e7\u00e3o do mosquito transmissor da dengue. O \u00edndice de"},"aioseo_meta_data":{"post_id":"576","title":null,"description":null,"keywords":null,"keyphrases":null,"primary_term":null,"canonical_url":null,"og_title":null,"og_description":null,"og_object_type":"default","og_image_type":"default","og_image_url":null,"og_image_width":null,"og_image_height":null,"og_image_custom_url":null,"og_image_custom_fields":null,"og_video":null,"og_custom_url":null,"og_article_section":null,"og_article_tags":null,"twitter_use_og":false,"twitter_card":"default","twitter_image_type":"default","twitter_image_url":null,"twitter_image_custom_url":null,"twitter_image_custom_fields":null,"twitter_title":null,"twitter_description":null,"schema":{"blockGraphs":[],"customGraphs":[],"default":{"data":{"Article":[],"Course":[],"Dataset":[],"FAQPage":[],"Movie":[],"Person":[],"Product":[],"ProductReview":[],"Car":[],"Recipe":[],"Service":[],"SoftwareApplication":[],"WebPage":[]},"graphName":"BlogPosting","isEnabled":true},"graphs":[]},"schema_type":null,"schema_type_options":null,"pillar_content":false,"robots_default":true,"robots_noindex":false,"robots_noarchive":false,"robots_nosnippet":false,"robots_nofollow":false,"robots_noimageindex":false,"robots_noodp":false,"robots_notranslate":false,"robots_max_snippet":null,"robots_max_videopreview":null,"robots_max_imagepreview":"large","priority":null,"frequency":null,"local_seo":null,"limit_modified_date":false,"created":"2021-02-24 13:18:30","updated":"2023-03-20 08:02:28","focus_keyword":null,"additional_keywords":null,"truseo_locale":null,"ai":null,"breadcrumb_settings":null,"seo_analyzer_scan_date":null},"aioseo_breadcrumb":"<div class=\"aioseo-breadcrumbs\"><span class=\"aioseo-breadcrumb\">\n\t\t\t<a href=\"https:\/\/www.encontraribeiraopreto.com.br\/sobre\" title=\"In\u00edcio\">In\u00edcio<\/a>\n\t\t<\/span><span class=\"aioseo-breadcrumb-separator\">&raquo;<\/span><span class=\"aioseo-breadcrumb\">\n\t\t\t<a href=\"https:\/\/www.encontraribeiraopreto.com.br\/sobre\/noticias-em-ribeirao-preto\/\" title=\"Not\u00edcias Ribeir\u00e3o Preto\">Not\u00edcias Ribeir\u00e3o Preto<\/a>\n\t\t<\/span><span class=\"aioseo-breadcrumb-separator\">&raquo;<\/span><span class=\"aioseo-breadcrumb\">\n\t\t\tMinist\u00e9rio da Sa\u00fade coloca Ribeir\u00e3o Preto em situa\u00e7\u00e3o de alerta para a dengue\n\t\t<\/span><\/div>","aioseo_breadcrumb_json":[{"label":"In\u00edcio","link":"https:\/\/www.encontraribeiraopreto.com.br\/sobre"},{"label":"Not\u00edcias Ribeir\u00e3o Preto","link":"https:\/\/www.encontraribeiraopreto.com.br\/sobre\/noticias-em-ribeirao-preto\/"},{"label":"Minist\u00e9rio da Sa\u00fade coloca Ribeir\u00e3o Preto em situa\u00e7\u00e3o de alerta para a dengue","link":"https:\/\/www.encontraribeiraopreto.com.br\/sobre\/ministerio-da-saude-coloca-ribeirao-preto-em-situacao-de-alerta-para-a-dengue\/"}],"_links":{"self":[{"href":"https:\/\/www.encontraribeiraopreto.com.br\/sobre\/wp-json\/wp\/v2\/posts\/576","targetHints":{"allow":["GET"]}}],"collection":[{"href":"https:\/\/www.encontraribeiraopreto.com.br\/sobre\/wp-json\/wp\/v2\/posts"}],"about":[{"href":"https:\/\/www.encontraribeiraopreto.com.br\/sobre\/wp-json\/wp\/v2\/types\/post"}],"author":[{"embeddable":true,"href":"https:\/\/www.encontraribeiraopreto.com.br\/sobre\/wp-json\/wp\/v2\/users\/1"}],"replies":[{"embeddable":true,"href":"https:\/\/www.encontraribeiraopreto.com.br\/sobre\/wp-json\/wp\/v2\/comments?post=576"}],"version-history":[{"count":0,"href":"https:\/\/www.encontraribeiraopreto.com.br\/sobre\/wp-json\/wp\/v2\/posts\/576\/revisions"}],"wp:attachment":[{"href":"https:\/\/www.encontraribeiraopreto.com.br\/sobre\/wp-json\/wp\/v2\/media?parent=576"}],"wp:term":[{"taxonomy":"category","embeddable":true,"href":"https:\/\/www.encontraribeiraopreto.com.br\/sobre\/wp-json\/wp\/v2\/categories?post=576"},{"taxonomy":"post_tag","embeddable":true,"href":"https:\/\/www.encontraribeiraopreto.com.br\/sobre\/wp-json\/wp\/v2\/tags?post=576"}],"curies":[{"name":"wp","href":"https:\/\/api.w.org\/{rel}","templated":true}]}}