{"id":591,"date":"2011-12-13T17:55:40","date_gmt":"2011-12-13T20:55:40","guid":{"rendered":"http:\/\/www.encontraribeiraopreto.com.br\/noticias\/?p=591"},"modified":"2019-04-15T11:27:37","modified_gmt":"2019-04-15T14:27:37","slug":"inadimplencia-vai-a-55-em-ribeirao-preto","status":"publish","type":"post","link":"https:\/\/www.encontraribeiraopreto.com.br\/sobre\/inadimplencia-vai-a-55-em-ribeirao-preto\/","title":{"rendered":"Inadimpl\u00eancia vai a 55% em Ribeir\u00e3o Preto"},"content":{"rendered":"<div class=\"cd7ef838bed10b2b4567f853226bc383\" data-index=\"1\" style=\"float: none; margin:0px;\">\n<!-- Anuncio display - global -->\r\n<ins class=\"adsbygoogle\"\r\n     style=\"display:block\"\r\n     data-ad-client=\"ca-pub-8585364105181520\"\r\n     data-ad-slot=\"8789329856\"\r\n     data-ad-format=\"auto\"\r\n     data-full-width-responsive=\"true\"><\/ins>\r\n<script>\r\n     (adsbygoogle = window.adsbygoogle || []).push({});\r\n<\/script>\r\n\n<\/div>\n<p>A inadimpl\u00eancia do consumidor cresceu 55% em novembro na <a href=\"http:\/\/www.encontraribeiraopreto.com.br\/\" target=\"_blank\">cidade Ribeir\u00e3o Preto<\/a>, na compara\u00e7\u00e3o com o mesmo per\u00edodo de 2010. Foram 60.609 registros em novembro do ano passado no Servi\u00e7o Central de Prote\u00e7\u00e3o ao Cr\u00e9dito (SCPC), contra 90.153 em novembro \u00faltimo.<\/p>\n<p>Os dados foram divulgados na manh\u00e3 desta ter\u00e7a-feira (13) pela coordena\u00e7\u00e3o do SCPC, que \u00e9 administrado pela Associa\u00e7\u00e3o Comercial e Industrial de Ribeir\u00e3o Preto (Acirp).<\/p>\n<p>Segundo a assessoria da Acirp, a maioria dos consumidores deve empregar o d\u00e9cimo terceiro sal\u00e1rio para quitar as d\u00edvidas.<\/p>\n<p>J\u00e1 em novembro, o n\u00famero de quita\u00e7\u00f5es chegou a 45% do total de d\u00edvidas at\u00e9 ent\u00e3o existentes.<\/p>\n<p><em>Fonte: Jornal A Cidade<\/em><\/p>\n\n<div style=\"font-size: 0px; height: 0px; line-height: 0px; margin: 0; padding: 0; clear: both;\"><\/div>","protected":false},"excerpt":{"rendered":"<p>A inadimpl\u00eancia do consumidor cresceu 55% em novembro na cidade Ribeir\u00e3o Preto, na compara\u00e7\u00e3o com o mesmo per\u00edodo de 2010. Foram 60.609 registros em novembro do ano passado no Servi\u00e7o Central de Prote\u00e7\u00e3o ao Cr\u00e9dito (SCPC), contra 90.153 em novembro \u00faltimo. Os dados foram divulgados na manh\u00e3 desta ter\u00e7a-feira (13) pela coordena\u00e7\u00e3o do SCPC, que \u00e9 administrado pela Associa\u00e7\u00e3o Comercial e Industrial de Ribeir\u00e3o Preto (Acirp). Segundo a assessoria da Acirp, a maioria dos consumidores deve empregar o d\u00e9cimo terceiro sal\u00e1rio para quitar as d\u00edvidas. J\u00e1 em novembro, o n\u00famero de quita\u00e7\u00f5es chegou a 45% do total de d\u00edvidas at\u00e9 <\/p>\n","protected":false},"author":1,"featured_media":0,"comment_status":"open","ping_status":"closed","sticky":false,"template":"","format":"standard","meta":{"footnotes":""},"categories":[6],"tags":[14],"class_list":["post-591","post","type-post","status-publish","format-standard","hentry","category-noticias-em-ribeirao-preto","tag-ribeirao-preto"],"aioseo_notices":[],"aioseo_head":"\n\t\t<!-- All in One SEO 5.0.0.1 - aioseo.com -->\n\t<meta name=\"description\" content=\"A inadimpl\u00eancia do consumidor cresceu 55% em novembro na cidade Ribeir\u00e3o Preto, na compara\u00e7\u00e3o com o mesmo per\u00edodo de 2010. Foram 60.609 registros em novembro do ano passado no Servi\u00e7o Central de Prote\u00e7\u00e3o ao Cr\u00e9dito (SCPC), contra 90.153 em novembro \u00faltimo. Os dados foram divulgados na manh\u00e3 desta ter\u00e7a-feira (13) pela coordena\u00e7\u00e3o do SCPC, que\" \/>\n\t<meta name=\"robots\" content=\"max-image-preview:large\" \/>\n\t<meta name=\"author\" content=\"Encontra Ribeir\u00e3o Preto\"\/>\n\t<link rel=\"canonical\" href=\"https:\/\/www.encontraribeiraopreto.com.br\/sobre\/inadimplencia-vai-a-55-em-ribeirao-preto\/\" \/>\n\t<meta name=\"generator\" content=\"All in One SEO (AIOSEO) 5.0.0.1\" \/>\n\t\t<meta property=\"og:locale\" content=\"pt_BR\" \/>\n\t\t<meta property=\"og:site_name\" content=\"Encontra Ribeir\u00e3o Preto - Not\u00edcias, eventos, informa\u00e7\u00f5es e dicas na cidade Ribeir\u00e3o Preto e regi\u00e3o.\" \/>\n\t\t<meta property=\"og:type\" content=\"article\" \/>\n\t\t<meta property=\"og:title\" content=\"Inadimpl\u00eancia vai a 55% em Ribeir\u00e3o Preto - Encontra Ribeir\u00e3o Preto\" \/>\n\t\t<meta property=\"og:description\" content=\"A inadimpl\u00eancia do consumidor cresceu 55% em novembro na cidade Ribeir\u00e3o Preto, na compara\u00e7\u00e3o com o mesmo per\u00edodo de 2010. Foram 60.609 registros em novembro do ano passado no Servi\u00e7o Central de Prote\u00e7\u00e3o ao Cr\u00e9dito (SCPC), contra 90.153 em novembro \u00faltimo. Os dados foram divulgados na manh\u00e3 desta ter\u00e7a-feira (13) pela coordena\u00e7\u00e3o do SCPC, que\" \/>\n\t\t<meta property=\"og:url\" content=\"https:\/\/www.encontraribeiraopreto.com.br\/sobre\/inadimplencia-vai-a-55-em-ribeirao-preto\/\" \/>\n\t\t<meta property=\"article:published_time\" content=\"2011-12-13T20:55:40+00:00\" \/>\n\t\t<meta property=\"article:modified_time\" content=\"2019-04-15T14:27:37+00:00\" \/>\n\t\t<meta name=\"twitter:card\" content=\"summary_large_image\" \/>\n\t\t<meta name=\"twitter:title\" content=\"Inadimpl\u00eancia vai a 55% em Ribeir\u00e3o Preto - Encontra Ribeir\u00e3o Preto\" \/>\n\t\t<meta name=\"twitter:description\" content=\"A inadimpl\u00eancia do consumidor cresceu 55% em novembro na cidade Ribeir\u00e3o Preto, na compara\u00e7\u00e3o com o mesmo per\u00edodo de 2010. Foram 60.609 registros em novembro do ano passado no Servi\u00e7o Central de Prote\u00e7\u00e3o ao Cr\u00e9dito (SCPC), contra 90.153 em novembro \u00faltimo. Os dados foram divulgados na manh\u00e3 desta ter\u00e7a-feira (13) pela coordena\u00e7\u00e3o do SCPC, que\" \/>\n\t\t<script type=\"application\/ld+json\" class=\"aioseo-schema\">\n\t\t\t{\"@context\":\"https:\\\/\\\/schema.org\",\"@graph\":[{\"@type\":\"BlogPosting\",\"@id\":\"https:\\\/\\\/www.encontraribeiraopreto.com.br\\\/sobre\\\/inadimplencia-vai-a-55-em-ribeirao-preto\\\/#blogposting\",\"name\":\"Inadimpl\\u00eancia vai a 55% em Ribeir\\u00e3o Preto - Encontra Ribeir\\u00e3o Preto\",\"headline\":\"Inadimpl\\u00eancia vai a 55% em Ribeir\\u00e3o Preto\",\"author\":{\"@id\":\"https:\\\/\\\/www.encontraribeiraopreto.com.br\\\/sobre\\\/author\\\/eribeiraopreto\\\/#author\"},\"publisher\":{\"@id\":\"https:\\\/\\\/www.encontraribeiraopreto.com.br\\\/sobre\\\/#organization\"},\"datePublished\":\"2011-12-13T17:55:40-03:00\",\"dateModified\":\"2019-04-15T11:27:37-03:00\",\"inLanguage\":\"pt-BR\",\"mainEntityOfPage\":{\"@id\":\"https:\\\/\\\/www.encontraribeiraopreto.com.br\\\/sobre\\\/inadimplencia-vai-a-55-em-ribeirao-preto\\\/#webpage\"},\"isPartOf\":{\"@id\":\"https:\\\/\\\/www.encontraribeiraopreto.com.br\\\/sobre\\\/inadimplencia-vai-a-55-em-ribeirao-preto\\\/#webpage\"},\"articleSection\":\"Not\\u00edcias Ribeir\\u00e3o Preto, Ribeir\\u00e3o Preto\"},{\"@type\":\"BreadcrumbList\",\"@id\":\"https:\\\/\\\/www.encontraribeiraopreto.com.br\\\/sobre\\\/inadimplencia-vai-a-55-em-ribeirao-preto\\\/#breadcrumblist\",\"itemListElement\":[{\"@type\":\"ListItem\",\"@id\":\"https:\\\/\\\/www.encontraribeiraopreto.com.br\\\/sobre#listItem\",\"position\":1,\"name\":\"In\\u00edcio\",\"item\":\"https:\\\/\\\/www.encontraribeiraopreto.com.br\\\/sobre\",\"nextItem\":{\"@type\":\"ListItem\",\"@id\":\"https:\\\/\\\/www.encontraribeiraopreto.com.br\\\/sobre\\\/noticias-em-ribeirao-preto\\\/#listItem\",\"name\":\"Not\\u00edcias Ribeir\\u00e3o Preto\"}},{\"@type\":\"ListItem\",\"@id\":\"https:\\\/\\\/www.encontraribeiraopreto.com.br\\\/sobre\\\/noticias-em-ribeirao-preto\\\/#listItem\",\"position\":2,\"name\":\"Not\\u00edcias Ribeir\\u00e3o Preto\",\"item\":\"https:\\\/\\\/www.encontraribeiraopreto.com.br\\\/sobre\\\/noticias-em-ribeirao-preto\\\/\",\"nextItem\":{\"@type\":\"ListItem\",\"@id\":\"https:\\\/\\\/www.encontraribeiraopreto.com.br\\\/sobre\\\/inadimplencia-vai-a-55-em-ribeirao-preto\\\/#listItem\",\"name\":\"Inadimpl\\u00eancia vai a 55% em Ribeir\\u00e3o Preto\"},\"previousItem\":{\"@type\":\"ListItem\",\"@id\":\"https:\\\/\\\/www.encontraribeiraopreto.com.br\\\/sobre#listItem\",\"name\":\"In\\u00edcio\"}},{\"@type\":\"ListItem\",\"@id\":\"https:\\\/\\\/www.encontraribeiraopreto.com.br\\\/sobre\\\/inadimplencia-vai-a-55-em-ribeirao-preto\\\/#listItem\",\"position\":3,\"name\":\"Inadimpl\\u00eancia vai a 55% em Ribeir\\u00e3o Preto\",\"previousItem\":{\"@type\":\"ListItem\",\"@id\":\"https:\\\/\\\/www.encontraribeiraopreto.com.br\\\/sobre\\\/noticias-em-ribeirao-preto\\\/#listItem\",\"name\":\"Not\\u00edcias Ribeir\\u00e3o Preto\"}}]},{\"@type\":\"Organization\",\"@id\":\"https:\\\/\\\/www.encontraribeiraopreto.com.br\\\/sobre\\\/#organization\",\"name\":\"Encontra Ribeir\\u00e3o Preto\",\"description\":\"Not\\u00edcias, eventos, informa\\u00e7\\u00f5es e dicas na cidade Ribeir\\u00e3o Preto e regi\\u00e3o.\",\"url\":\"https:\\\/\\\/www.encontraribeiraopreto.com.br\\\/sobre\\\/\"},{\"@type\":\"Person\",\"@id\":\"https:\\\/\\\/www.encontraribeiraopreto.com.br\\\/sobre\\\/author\\\/eribeiraopreto\\\/#author\",\"url\":\"https:\\\/\\\/www.encontraribeiraopreto.com.br\\\/sobre\\\/author\\\/eribeiraopreto\\\/\",\"name\":\"Encontra Ribeir\\u00e3o Preto\",\"image\":{\"@type\":\"ImageObject\",\"@id\":\"https:\\\/\\\/www.encontraribeiraopreto.com.br\\\/sobre\\\/inadimplencia-vai-a-55-em-ribeirao-preto\\\/#authorImage\",\"url\":\"https:\\\/\\\/secure.gravatar.com\\\/avatar\\\/507340682b8270222e1f208e23198b6ae7e2c6a1033ae84e99bc6bce4f82a387?s=96&d=mm&r=g\",\"width\":96,\"height\":96,\"caption\":\"Encontra Ribeir\\u00e3o Preto\"}},{\"@type\":\"WebPage\",\"@id\":\"https:\\\/\\\/www.encontraribeiraopreto.com.br\\\/sobre\\\/inadimplencia-vai-a-55-em-ribeirao-preto\\\/#webpage\",\"url\":\"https:\\\/\\\/www.encontraribeiraopreto.com.br\\\/sobre\\\/inadimplencia-vai-a-55-em-ribeirao-preto\\\/\",\"name\":\"Inadimpl\\u00eancia vai a 55% em Ribeir\\u00e3o Preto - Encontra Ribeir\\u00e3o Preto\",\"description\":\"A inadimpl\\u00eancia do consumidor cresceu 55% em novembro na cidade Ribeir\\u00e3o Preto, na compara\\u00e7\\u00e3o com o mesmo per\\u00edodo de 2010. Foram 60.609 registros em novembro do ano passado no Servi\\u00e7o Central de Prote\\u00e7\\u00e3o ao Cr\\u00e9dito (SCPC), contra 90.153 em novembro \\u00faltimo. Os dados foram divulgados na manh\\u00e3 desta ter\\u00e7a-feira (13) pela coordena\\u00e7\\u00e3o do SCPC, que\",\"inLanguage\":\"pt-BR\",\"isPartOf\":{\"@id\":\"https:\\\/\\\/www.encontraribeiraopreto.com.br\\\/sobre\\\/#website\"},\"breadcrumb\":{\"@id\":\"https:\\\/\\\/www.encontraribeiraopreto.com.br\\\/sobre\\\/inadimplencia-vai-a-55-em-ribeirao-preto\\\/#breadcrumblist\"},\"author\":{\"@id\":\"https:\\\/\\\/www.encontraribeiraopreto.com.br\\\/sobre\\\/author\\\/eribeiraopreto\\\/#author\"},\"creator\":{\"@id\":\"https:\\\/\\\/www.encontraribeiraopreto.com.br\\\/sobre\\\/author\\\/eribeiraopreto\\\/#author\"},\"datePublished\":\"2011-12-13T17:55:40-03:00\",\"dateModified\":\"2019-04-15T11:27:37-03:00\"},{\"@type\":\"WebSite\",\"@id\":\"https:\\\/\\\/www.encontraribeiraopreto.com.br\\\/sobre\\\/#website\",\"url\":\"https:\\\/\\\/www.encontraribeiraopreto.com.br\\\/sobre\\\/\",\"name\":\"Encontra Ribeir\\u00e3o Preto\",\"description\":\"Not\\u00edcias, eventos, informa\\u00e7\\u00f5es e dicas na cidade Ribeir\\u00e3o Preto e regi\\u00e3o.\",\"inLanguage\":\"pt-BR\",\"publisher\":{\"@id\":\"https:\\\/\\\/www.encontraribeiraopreto.com.br\\\/sobre\\\/#organization\"}}]}\n\t\t<\/script>\n\t\t<!-- All in One SEO -->\n\n","aioseo_head_json":{"title":"Inadimpl\u00eancia vai a 55% em Ribeir\u00e3o Preto - Encontra Ribeir\u00e3o Preto","description":"A inadimpl\u00eancia do consumidor cresceu 55% em novembro na cidade Ribeir\u00e3o Preto, na compara\u00e7\u00e3o com o mesmo per\u00edodo de 2010. Foram 60.609 registros em novembro do ano passado no Servi\u00e7o Central de Prote\u00e7\u00e3o ao Cr\u00e9dito (SCPC), contra 90.153 em novembro \u00faltimo. Os dados foram divulgados na manh\u00e3 desta ter\u00e7a-feira (13) pela coordena\u00e7\u00e3o do SCPC, que","canonical_url":"https:\/\/www.encontraribeiraopreto.com.br\/sobre\/inadimplencia-vai-a-55-em-ribeirao-preto\/","robots":"max-image-preview:large","keywords":"","webmasterTools":{"miscellaneous":""},"schema":{"@context":"https:\/\/schema.org","@graph":[{"@type":"BlogPosting","@id":"https:\/\/www.encontraribeiraopreto.com.br\/sobre\/inadimplencia-vai-a-55-em-ribeirao-preto\/#blogposting","name":"Inadimpl\u00eancia vai a 55% em Ribeir\u00e3o Preto - Encontra Ribeir\u00e3o Preto","headline":"Inadimpl\u00eancia vai a 55% em Ribeir\u00e3o Preto","author":{"@id":"https:\/\/www.encontraribeiraopreto.com.br\/sobre\/author\/eribeiraopreto\/#author"},"publisher":{"@id":"https:\/\/www.encontraribeiraopreto.com.br\/sobre\/#organization"},"datePublished":"2011-12-13T17:55:40-03:00","dateModified":"2019-04-15T11:27:37-03:00","inLanguage":"pt-BR","mainEntityOfPage":{"@id":"https:\/\/www.encontraribeiraopreto.com.br\/sobre\/inadimplencia-vai-a-55-em-ribeirao-preto\/#webpage"},"isPartOf":{"@id":"https:\/\/www.encontraribeiraopreto.com.br\/sobre\/inadimplencia-vai-a-55-em-ribeirao-preto\/#webpage"},"articleSection":"Not\u00edcias Ribeir\u00e3o Preto, Ribeir\u00e3o Preto"},{"@type":"BreadcrumbList","@id":"https:\/\/www.encontraribeiraopreto.com.br\/sobre\/inadimplencia-vai-a-55-em-ribeirao-preto\/#breadcrumblist","itemListElement":[{"@type":"ListItem","@id":"https:\/\/www.encontraribeiraopreto.com.br\/sobre#listItem","position":1,"name":"In\u00edcio","item":"https:\/\/www.encontraribeiraopreto.com.br\/sobre","nextItem":{"@type":"ListItem","@id":"https:\/\/www.encontraribeiraopreto.com.br\/sobre\/noticias-em-ribeirao-preto\/#listItem","name":"Not\u00edcias Ribeir\u00e3o Preto"}},{"@type":"ListItem","@id":"https:\/\/www.encontraribeiraopreto.com.br\/sobre\/noticias-em-ribeirao-preto\/#listItem","position":2,"name":"Not\u00edcias Ribeir\u00e3o Preto","item":"https:\/\/www.encontraribeiraopreto.com.br\/sobre\/noticias-em-ribeirao-preto\/","nextItem":{"@type":"ListItem","@id":"https:\/\/www.encontraribeiraopreto.com.br\/sobre\/inadimplencia-vai-a-55-em-ribeirao-preto\/#listItem","name":"Inadimpl\u00eancia vai a 55% em Ribeir\u00e3o Preto"},"previousItem":{"@type":"ListItem","@id":"https:\/\/www.encontraribeiraopreto.com.br\/sobre#listItem","name":"In\u00edcio"}},{"@type":"ListItem","@id":"https:\/\/www.encontraribeiraopreto.com.br\/sobre\/inadimplencia-vai-a-55-em-ribeirao-preto\/#listItem","position":3,"name":"Inadimpl\u00eancia vai a 55% em Ribeir\u00e3o Preto","previousItem":{"@type":"ListItem","@id":"https:\/\/www.encontraribeiraopreto.com.br\/sobre\/noticias-em-ribeirao-preto\/#listItem","name":"Not\u00edcias Ribeir\u00e3o Preto"}}]},{"@type":"Organization","@id":"https:\/\/www.encontraribeiraopreto.com.br\/sobre\/#organization","name":"Encontra Ribeir\u00e3o Preto","description":"Not\u00edcias, eventos, informa\u00e7\u00f5es e dicas na cidade Ribeir\u00e3o Preto e regi\u00e3o.","url":"https:\/\/www.encontraribeiraopreto.com.br\/sobre\/"},{"@type":"Person","@id":"https:\/\/www.encontraribeiraopreto.com.br\/sobre\/author\/eribeiraopreto\/#author","url":"https:\/\/www.encontraribeiraopreto.com.br\/sobre\/author\/eribeiraopreto\/","name":"Encontra Ribeir\u00e3o Preto","image":{"@type":"ImageObject","@id":"https:\/\/www.encontraribeiraopreto.com.br\/sobre\/inadimplencia-vai-a-55-em-ribeirao-preto\/#authorImage","url":"https:\/\/secure.gravatar.com\/avatar\/507340682b8270222e1f208e23198b6ae7e2c6a1033ae84e99bc6bce4f82a387?s=96&d=mm&r=g","width":96,"height":96,"caption":"Encontra Ribeir\u00e3o Preto"}},{"@type":"WebPage","@id":"https:\/\/www.encontraribeiraopreto.com.br\/sobre\/inadimplencia-vai-a-55-em-ribeirao-preto\/#webpage","url":"https:\/\/www.encontraribeiraopreto.com.br\/sobre\/inadimplencia-vai-a-55-em-ribeirao-preto\/","name":"Inadimpl\u00eancia vai a 55% em Ribeir\u00e3o Preto - Encontra Ribeir\u00e3o Preto","description":"A inadimpl\u00eancia do consumidor cresceu 55% em novembro na cidade Ribeir\u00e3o Preto, na compara\u00e7\u00e3o com o mesmo per\u00edodo de 2010. Foram 60.609 registros em novembro do ano passado no Servi\u00e7o Central de Prote\u00e7\u00e3o ao Cr\u00e9dito (SCPC), contra 90.153 em novembro \u00faltimo. Os dados foram divulgados na manh\u00e3 desta ter\u00e7a-feira (13) pela coordena\u00e7\u00e3o do SCPC, que","inLanguage":"pt-BR","isPartOf":{"@id":"https:\/\/www.encontraribeiraopreto.com.br\/sobre\/#website"},"breadcrumb":{"@id":"https:\/\/www.encontraribeiraopreto.com.br\/sobre\/inadimplencia-vai-a-55-em-ribeirao-preto\/#breadcrumblist"},"author":{"@id":"https:\/\/www.encontraribeiraopreto.com.br\/sobre\/author\/eribeiraopreto\/#author"},"creator":{"@id":"https:\/\/www.encontraribeiraopreto.com.br\/sobre\/author\/eribeiraopreto\/#author"},"datePublished":"2011-12-13T17:55:40-03:00","dateModified":"2019-04-15T11:27:37-03:00"},{"@type":"WebSite","@id":"https:\/\/www.encontraribeiraopreto.com.br\/sobre\/#website","url":"https:\/\/www.encontraribeiraopreto.com.br\/sobre\/","name":"Encontra Ribeir\u00e3o Preto","description":"Not\u00edcias, eventos, informa\u00e7\u00f5es e dicas na cidade Ribeir\u00e3o Preto e regi\u00e3o.","inLanguage":"pt-BR","publisher":{"@id":"https:\/\/www.encontraribeiraopreto.com.br\/sobre\/#organization"}}]},"og:locale":"pt_BR","og:site_name":"Encontra Ribeir\u00e3o Preto - Not\u00edcias, eventos, informa\u00e7\u00f5es e dicas na cidade Ribeir\u00e3o Preto e regi\u00e3o.","og:type":"article","og:title":"Inadimpl\u00eancia vai a 55% em Ribeir\u00e3o Preto - Encontra Ribeir\u00e3o Preto","og:description":"A inadimpl\u00eancia do consumidor cresceu 55% em novembro na cidade Ribeir\u00e3o Preto, na compara\u00e7\u00e3o com o mesmo per\u00edodo de 2010. Foram 60.609 registros em novembro do ano passado no Servi\u00e7o Central de Prote\u00e7\u00e3o ao Cr\u00e9dito (SCPC), contra 90.153 em novembro \u00faltimo. Os dados foram divulgados na manh\u00e3 desta ter\u00e7a-feira (13) pela coordena\u00e7\u00e3o do SCPC, que","og:url":"https:\/\/www.encontraribeiraopreto.com.br\/sobre\/inadimplencia-vai-a-55-em-ribeirao-preto\/","article:published_time":"2011-12-13T20:55:40+00:00","article:modified_time":"2019-04-15T14:27:37+00:00","twitter:card":"summary_large_image","twitter:title":"Inadimpl\u00eancia vai a 55% em Ribeir\u00e3o Preto - Encontra Ribeir\u00e3o Preto","twitter:description":"A inadimpl\u00eancia do consumidor cresceu 55% em novembro na cidade Ribeir\u00e3o Preto, na compara\u00e7\u00e3o com o mesmo per\u00edodo de 2010. Foram 60.609 registros em novembro do ano passado no Servi\u00e7o Central de Prote\u00e7\u00e3o ao Cr\u00e9dito (SCPC), contra 90.153 em novembro \u00faltimo. Os dados foram divulgados na manh\u00e3 desta ter\u00e7a-feira (13) pela coordena\u00e7\u00e3o do SCPC, que"},"aioseo_meta_data":{"post_id":"591","title":null,"description":null,"keywords":null,"keyphrases":null,"primary_term":null,"canonical_url":null,"og_title":null,"og_description":null,"og_object_type":"default","og_image_type":"default","og_image_url":null,"og_image_width":null,"og_image_height":null,"og_image_custom_url":null,"og_image_custom_fields":null,"og_video":null,"og_custom_url":null,"og_article_section":null,"og_article_tags":null,"twitter_use_og":false,"twitter_card":"default","twitter_image_type":"default","twitter_image_url":null,"twitter_image_custom_url":null,"twitter_image_custom_fields":null,"twitter_title":null,"twitter_description":null,"schema":{"blockGraphs":[],"customGraphs":[],"default":{"data":{"Article":[],"Course":[],"Dataset":[],"FAQPage":[],"Movie":[],"Person":[],"Product":[],"ProductReview":[],"Car":[],"Recipe":[],"Service":[],"SoftwareApplication":[],"WebPage":[]},"graphName":"BlogPosting","isEnabled":true},"graphs":[]},"schema_type":null,"schema_type_options":null,"pillar_content":false,"robots_default":true,"robots_noindex":false,"robots_noarchive":false,"robots_nosnippet":false,"robots_nofollow":false,"robots_noimageindex":false,"robots_noodp":false,"robots_notranslate":false,"robots_max_snippet":null,"robots_max_videopreview":null,"robots_max_imagepreview":"large","priority":null,"frequency":null,"local_seo":null,"limit_modified_date":false,"created":"2021-02-24 13:18:30","updated":"2023-03-07 21:04:02","focus_keyword":null,"additional_keywords":null,"truseo_locale":null,"ai":null,"breadcrumb_settings":null,"seo_analyzer_scan_date":null},"aioseo_breadcrumb":"<div class=\"aioseo-breadcrumbs\"><span class=\"aioseo-breadcrumb\">\n\t\t\t<a href=\"https:\/\/www.encontraribeiraopreto.com.br\/sobre\" title=\"In\u00edcio\">In\u00edcio<\/a>\n\t\t<\/span><span class=\"aioseo-breadcrumb-separator\">&raquo;<\/span><span class=\"aioseo-breadcrumb\">\n\t\t\t<a href=\"https:\/\/www.encontraribeiraopreto.com.br\/sobre\/noticias-em-ribeirao-preto\/\" title=\"Not\u00edcias Ribeir\u00e3o Preto\">Not\u00edcias Ribeir\u00e3o Preto<\/a>\n\t\t<\/span><span class=\"aioseo-breadcrumb-separator\">&raquo;<\/span><span class=\"aioseo-breadcrumb\">\n\t\t\tInadimpl\u00eancia vai a 55% em Ribeir\u00e3o Preto\n\t\t<\/span><\/div>","aioseo_breadcrumb_json":[{"label":"In\u00edcio","link":"https:\/\/www.encontraribeiraopreto.com.br\/sobre"},{"label":"Not\u00edcias Ribeir\u00e3o Preto","link":"https:\/\/www.encontraribeiraopreto.com.br\/sobre\/noticias-em-ribeirao-preto\/"},{"label":"Inadimpl\u00eancia vai a 55% em Ribeir\u00e3o Preto","link":"https:\/\/www.encontraribeiraopreto.com.br\/sobre\/inadimplencia-vai-a-55-em-ribeirao-preto\/"}],"_links":{"self":[{"href":"https:\/\/www.encontraribeiraopreto.com.br\/sobre\/wp-json\/wp\/v2\/posts\/591","targetHints":{"allow":["GET"]}}],"collection":[{"href":"https:\/\/www.encontraribeiraopreto.com.br\/sobre\/wp-json\/wp\/v2\/posts"}],"about":[{"href":"https:\/\/www.encontraribeiraopreto.com.br\/sobre\/wp-json\/wp\/v2\/types\/post"}],"author":[{"embeddable":true,"href":"https:\/\/www.encontraribeiraopreto.com.br\/sobre\/wp-json\/wp\/v2\/users\/1"}],"replies":[{"embeddable":true,"href":"https:\/\/www.encontraribeiraopreto.com.br\/sobre\/wp-json\/wp\/v2\/comments?post=591"}],"version-history":[{"count":0,"href":"https:\/\/www.encontraribeiraopreto.com.br\/sobre\/wp-json\/wp\/v2\/posts\/591\/revisions"}],"wp:attachment":[{"href":"https:\/\/www.encontraribeiraopreto.com.br\/sobre\/wp-json\/wp\/v2\/media?parent=591"}],"wp:term":[{"taxonomy":"category","embeddable":true,"href":"https:\/\/www.encontraribeiraopreto.com.br\/sobre\/wp-json\/wp\/v2\/categories?post=591"},{"taxonomy":"post_tag","embeddable":true,"href":"https:\/\/www.encontraribeiraopreto.com.br\/sobre\/wp-json\/wp\/v2\/tags?post=591"}],"curies":[{"name":"wp","href":"https:\/\/api.w.org\/{rel}","templated":true}]}}