{"id":787,"date":"2012-04-24T18:58:33","date_gmt":"2012-04-24T21:58:33","guid":{"rendered":"http:\/\/www.encontraribeiraopreto.com.br\/noticias\/?p=787"},"modified":"2019-04-15T11:27:30","modified_gmt":"2019-04-15T14:27:30","slug":"artistas-querem-realizar-virada-cultural-alternativa-em-ribeirao","status":"publish","type":"post","link":"https:\/\/www.encontraribeiraopreto.com.br\/sobre\/artistas-querem-realizar-virada-cultural-alternativa-em-ribeirao\/","title":{"rendered":"Artistas querem realizar virada cultural alternativa em Ribeir\u00e3o"},"content":{"rendered":"<div class=\"cd7ef838bed10b2b4567f853226bc383\" data-index=\"1\" style=\"float: none; margin:0px;\">\n<!-- Anuncio display - global -->\r\n<ins class=\"adsbygoogle\"\r\n     style=\"display:block\"\r\n     data-ad-client=\"ca-pub-8585364105181520\"\r\n     data-ad-slot=\"8789329856\"\r\n     data-ad-format=\"auto\"\r\n     data-full-width-responsive=\"true\"><\/ins>\r\n<script>\r\n     (adsbygoogle = window.adsbygoogle || []).push({});\r\n<\/script>\r\n\n<\/div>\n<p>Artistas e produtores culturais de Ribeir\u00e3o Preto (SP) se re\u00fanem nesta ter\u00e7a-feira (24) para discutir a realiza\u00e7\u00e3o da &#8220;Virada Cultural Independente&#8221;, em resposta \u00e0 exclus\u00e3o da cidade do circuito 2012 da Virada Cultural Paulista, promovida pelo governo estadual.<\/p>\n<p>Ap\u00f3s diverg\u00eancias sobre a disponibilidade de palcos, pela primeira vez Ribeir\u00e3o ficou de fora da programa\u00e7\u00e3o. Barretos e <a href=\"http:\/\/www.encontrafranca.com.br\/\" target=\"_blank\">Franca<\/a> foram as duas cidades da regi\u00e3o selecionadas.<\/p>\n<p>A reuni\u00e3o sobre a virada alternativa est\u00e1 marcada para as 21h na sede do Coletivo Fuligem, um dos incentivadores do projeto. A ideia tamb\u00e9m partiu de integrantes do &#8220;Movimento do Panela\u00e7o&#8221;, grupo que se articulou pela internet contra o aumento de 40% nos sal\u00e1rios dos vereadores e realizou protestos na C\u00e2mara.<\/p>\n<p>Cerca de 300 pessoas confirmaram, atrav\u00e9s de f\u00f3rum no Facebook, a participa\u00e7\u00e3o no encontro sobre a programa\u00e7\u00e3o cultural independente.<\/p>\n<p>A proposta \u00e9 criar um <a title=\"Eventos em Ribeir\u00e3o Preto\" href=\"http:\/\/www.encontraribeiraopreto.com.br\/e\/eventos-em-ribeirao-preto.shtml\" target=\"_blank\">evento<\/a> similar ao realizado pela Secretaria de Estado da Cultura, com 24 horas ininterruptas de apresenta\u00e7\u00f5es musicais, exposi\u00e7\u00f5es e performances teatrais, com entrada gratuita.<\/p>\n<p>Um dos pontos centrais da reuni\u00e3o desta ter\u00e7a \u00e9 a data do festival. Segundo o t\u00e9cnico em \u00e1udio v\u00eddeo e estudante universit\u00e1rio Matheus Jos\u00e9 Vieira, que tamb\u00e9m \u00e9 adepto do &#8220;Panela\u00e7o&#8221;, a virada alternativa pode acontecer entre 19 e 20 de maio &#8211; mesma data da oficial &#8211; ou entre 26 e 27 de maio &#8211; durante a Feira Nacional do Livro de Ribeir\u00e3o Preto.<\/p>\n<p>Al\u00e9m disso, detalhes como atra\u00e7\u00f5es, hor\u00e1rios e ordem das apresenta\u00e7\u00f5es ser\u00e3o pautados. &#8220;Temos condi\u00e7\u00f5es de montar dois palcos at\u00e9 agora. Estamos planejando como fazer o gerenciamento das bandas&#8221;, afirmou Vieira, por telefone.<\/p>\n<p>Ele acrescenta que tamb\u00e9m ser\u00e3o deliberados os locais dos shows, sugeridos em reuni\u00e3o preliminar no \u00faltimo s\u00e1bado (21). A Prefeitura deve ser comunicada sobre o evento ap\u00f3s os acertos finais, segundo Vieira. &#8220;Poss\u00edveis locais dependem de estudo de viabilidade t\u00e9cnica, de alvar\u00e1&#8221;, informou, citando que o grupo analisa fechar ruas para algumas atividades.<\/p>\n<p><em>Fonte: Jornal A Cidade<\/em><\/p>\n\n<div style=\"font-size: 0px; height: 0px; line-height: 0px; margin: 0; padding: 0; clear: both;\"><\/div>","protected":false},"excerpt":{"rendered":"<p>Artistas e produtores culturais de Ribeir\u00e3o Preto (SP) se re\u00fanem nesta ter\u00e7a-feira (24) para discutir a realiza\u00e7\u00e3o da &#8220;Virada Cultural Independente&#8221;, em resposta \u00e0 exclus\u00e3o da cidade do circuito 2012 da Virada Cultural Paulista, promovida pelo governo estadual. Ap\u00f3s diverg\u00eancias sobre a disponibilidade de palcos, pela primeira vez Ribeir\u00e3o ficou de fora da programa\u00e7\u00e3o. Barretos e Franca foram as duas cidades da regi\u00e3o selecionadas. A reuni\u00e3o sobre a virada alternativa est\u00e1 marcada para as 21h na sede do Coletivo Fuligem, um dos incentivadores do projeto. A ideia tamb\u00e9m partiu de integrantes do &#8220;Movimento do Panela\u00e7o&#8221;, grupo que se articulou pela <\/p>\n","protected":false},"author":1,"featured_media":0,"comment_status":"open","ping_status":"closed","sticky":false,"template":"","format":"standard","meta":{"footnotes":""},"categories":[6],"tags":[14],"class_list":["post-787","post","type-post","status-publish","format-standard","hentry","category-noticias-em-ribeirao-preto","tag-ribeirao-preto"],"aioseo_notices":[],"aioseo_head":"\n\t\t<!-- All in One SEO 5.0.0.1 - aioseo.com -->\n\t<meta name=\"description\" content=\"Artistas e produtores culturais de Ribeir\u00e3o Preto (SP) se re\u00fanem nesta ter\u00e7a-feira (24) para discutir a realiza\u00e7\u00e3o da &quot;Virada Cultural Independente&quot;, em resposta \u00e0 exclus\u00e3o da cidade do circuito 2012 da Virada Cultural Paulista, promovida pelo governo estadual. Ap\u00f3s diverg\u00eancias sobre a disponibilidade de palcos, pela primeira vez Ribeir\u00e3o ficou de fora da programa\u00e7\u00e3o. Barretos\" \/>\n\t<meta name=\"robots\" content=\"max-image-preview:large\" \/>\n\t<meta name=\"author\" content=\"Encontra Ribeir\u00e3o Preto\"\/>\n\t<link rel=\"canonical\" href=\"https:\/\/www.encontraribeiraopreto.com.br\/sobre\/artistas-querem-realizar-virada-cultural-alternativa-em-ribeirao\/\" \/>\n\t<meta name=\"generator\" content=\"All in One SEO (AIOSEO) 5.0.0.1\" \/>\n\t\t<meta property=\"og:locale\" content=\"pt_BR\" \/>\n\t\t<meta property=\"og:site_name\" content=\"Encontra Ribeir\u00e3o Preto - Not\u00edcias, eventos, informa\u00e7\u00f5es e dicas na cidade Ribeir\u00e3o Preto e regi\u00e3o.\" \/>\n\t\t<meta property=\"og:type\" content=\"article\" \/>\n\t\t<meta property=\"og:title\" content=\"Artistas querem realizar virada cultural alternativa em Ribeir\u00e3o - Encontra Ribeir\u00e3o Preto\" \/>\n\t\t<meta property=\"og:description\" content=\"Artistas e produtores culturais de Ribeir\u00e3o Preto (SP) se re\u00fanem nesta ter\u00e7a-feira (24) para discutir a realiza\u00e7\u00e3o da &quot;Virada Cultural Independente&quot;, em resposta \u00e0 exclus\u00e3o da cidade do circuito 2012 da Virada Cultural Paulista, promovida pelo governo estadual. Ap\u00f3s diverg\u00eancias sobre a disponibilidade de palcos, pela primeira vez Ribeir\u00e3o ficou de fora da programa\u00e7\u00e3o. Barretos\" \/>\n\t\t<meta property=\"og:url\" content=\"https:\/\/www.encontraribeiraopreto.com.br\/sobre\/artistas-querem-realizar-virada-cultural-alternativa-em-ribeirao\/\" \/>\n\t\t<meta property=\"article:published_time\" content=\"2012-04-24T21:58:33+00:00\" \/>\n\t\t<meta property=\"article:modified_time\" content=\"2019-04-15T14:27:30+00:00\" \/>\n\t\t<meta name=\"twitter:card\" content=\"summary_large_image\" \/>\n\t\t<meta name=\"twitter:title\" content=\"Artistas querem realizar virada cultural alternativa em Ribeir\u00e3o - Encontra Ribeir\u00e3o Preto\" \/>\n\t\t<meta name=\"twitter:description\" content=\"Artistas e produtores culturais de Ribeir\u00e3o Preto (SP) se re\u00fanem nesta ter\u00e7a-feira (24) para discutir a realiza\u00e7\u00e3o da &quot;Virada Cultural Independente&quot;, em resposta \u00e0 exclus\u00e3o da cidade do circuito 2012 da Virada Cultural Paulista, promovida pelo governo estadual. Ap\u00f3s diverg\u00eancias sobre a disponibilidade de palcos, pela primeira vez Ribeir\u00e3o ficou de fora da programa\u00e7\u00e3o. Barretos\" \/>\n\t\t<script type=\"application\/ld+json\" class=\"aioseo-schema\">\n\t\t\t{\"@context\":\"https:\\\/\\\/schema.org\",\"@graph\":[{\"@type\":\"BlogPosting\",\"@id\":\"https:\\\/\\\/www.encontraribeiraopreto.com.br\\\/sobre\\\/artistas-querem-realizar-virada-cultural-alternativa-em-ribeirao\\\/#blogposting\",\"name\":\"Artistas querem realizar virada cultural alternativa em Ribeir\\u00e3o - Encontra Ribeir\\u00e3o Preto\",\"headline\":\"Artistas querem realizar virada cultural alternativa em Ribeir\\u00e3o\",\"author\":{\"@id\":\"https:\\\/\\\/www.encontraribeiraopreto.com.br\\\/sobre\\\/author\\\/eribeiraopreto\\\/#author\"},\"publisher\":{\"@id\":\"https:\\\/\\\/www.encontraribeiraopreto.com.br\\\/sobre\\\/#organization\"},\"datePublished\":\"2012-04-24T18:58:33-03:00\",\"dateModified\":\"2019-04-15T11:27:30-03:00\",\"inLanguage\":\"pt-BR\",\"mainEntityOfPage\":{\"@id\":\"https:\\\/\\\/www.encontraribeiraopreto.com.br\\\/sobre\\\/artistas-querem-realizar-virada-cultural-alternativa-em-ribeirao\\\/#webpage\"},\"isPartOf\":{\"@id\":\"https:\\\/\\\/www.encontraribeiraopreto.com.br\\\/sobre\\\/artistas-querem-realizar-virada-cultural-alternativa-em-ribeirao\\\/#webpage\"},\"articleSection\":\"Not\\u00edcias Ribeir\\u00e3o Preto, Ribeir\\u00e3o Preto\"},{\"@type\":\"BreadcrumbList\",\"@id\":\"https:\\\/\\\/www.encontraribeiraopreto.com.br\\\/sobre\\\/artistas-querem-realizar-virada-cultural-alternativa-em-ribeirao\\\/#breadcrumblist\",\"itemListElement\":[{\"@type\":\"ListItem\",\"@id\":\"https:\\\/\\\/www.encontraribeiraopreto.com.br\\\/sobre#listItem\",\"position\":1,\"name\":\"In\\u00edcio\",\"item\":\"https:\\\/\\\/www.encontraribeiraopreto.com.br\\\/sobre\",\"nextItem\":{\"@type\":\"ListItem\",\"@id\":\"https:\\\/\\\/www.encontraribeiraopreto.com.br\\\/sobre\\\/noticias-em-ribeirao-preto\\\/#listItem\",\"name\":\"Not\\u00edcias Ribeir\\u00e3o Preto\"}},{\"@type\":\"ListItem\",\"@id\":\"https:\\\/\\\/www.encontraribeiraopreto.com.br\\\/sobre\\\/noticias-em-ribeirao-preto\\\/#listItem\",\"position\":2,\"name\":\"Not\\u00edcias Ribeir\\u00e3o Preto\",\"item\":\"https:\\\/\\\/www.encontraribeiraopreto.com.br\\\/sobre\\\/noticias-em-ribeirao-preto\\\/\",\"nextItem\":{\"@type\":\"ListItem\",\"@id\":\"https:\\\/\\\/www.encontraribeiraopreto.com.br\\\/sobre\\\/artistas-querem-realizar-virada-cultural-alternativa-em-ribeirao\\\/#listItem\",\"name\":\"Artistas querem realizar virada cultural alternativa em Ribeir\\u00e3o\"},\"previousItem\":{\"@type\":\"ListItem\",\"@id\":\"https:\\\/\\\/www.encontraribeiraopreto.com.br\\\/sobre#listItem\",\"name\":\"In\\u00edcio\"}},{\"@type\":\"ListItem\",\"@id\":\"https:\\\/\\\/www.encontraribeiraopreto.com.br\\\/sobre\\\/artistas-querem-realizar-virada-cultural-alternativa-em-ribeirao\\\/#listItem\",\"position\":3,\"name\":\"Artistas querem realizar virada cultural alternativa em Ribeir\\u00e3o\",\"previousItem\":{\"@type\":\"ListItem\",\"@id\":\"https:\\\/\\\/www.encontraribeiraopreto.com.br\\\/sobre\\\/noticias-em-ribeirao-preto\\\/#listItem\",\"name\":\"Not\\u00edcias Ribeir\\u00e3o Preto\"}}]},{\"@type\":\"Organization\",\"@id\":\"https:\\\/\\\/www.encontraribeiraopreto.com.br\\\/sobre\\\/#organization\",\"name\":\"Encontra Ribeir\\u00e3o Preto\",\"description\":\"Not\\u00edcias, eventos, informa\\u00e7\\u00f5es e dicas na cidade Ribeir\\u00e3o Preto e regi\\u00e3o.\",\"url\":\"https:\\\/\\\/www.encontraribeiraopreto.com.br\\\/sobre\\\/\"},{\"@type\":\"Person\",\"@id\":\"https:\\\/\\\/www.encontraribeiraopreto.com.br\\\/sobre\\\/author\\\/eribeiraopreto\\\/#author\",\"url\":\"https:\\\/\\\/www.encontraribeiraopreto.com.br\\\/sobre\\\/author\\\/eribeiraopreto\\\/\",\"name\":\"Encontra Ribeir\\u00e3o Preto\",\"image\":{\"@type\":\"ImageObject\",\"@id\":\"https:\\\/\\\/www.encontraribeiraopreto.com.br\\\/sobre\\\/artistas-querem-realizar-virada-cultural-alternativa-em-ribeirao\\\/#authorImage\",\"url\":\"https:\\\/\\\/secure.gravatar.com\\\/avatar\\\/507340682b8270222e1f208e23198b6ae7e2c6a1033ae84e99bc6bce4f82a387?s=96&d=mm&r=g\",\"width\":96,\"height\":96,\"caption\":\"Encontra Ribeir\\u00e3o Preto\"}},{\"@type\":\"WebPage\",\"@id\":\"https:\\\/\\\/www.encontraribeiraopreto.com.br\\\/sobre\\\/artistas-querem-realizar-virada-cultural-alternativa-em-ribeirao\\\/#webpage\",\"url\":\"https:\\\/\\\/www.encontraribeiraopreto.com.br\\\/sobre\\\/artistas-querem-realizar-virada-cultural-alternativa-em-ribeirao\\\/\",\"name\":\"Artistas querem realizar virada cultural alternativa em Ribeir\\u00e3o - Encontra Ribeir\\u00e3o Preto\",\"description\":\"Artistas e produtores culturais de Ribeir\\u00e3o Preto (SP) se re\\u00fanem nesta ter\\u00e7a-feira (24) para discutir a realiza\\u00e7\\u00e3o da \\\"Virada Cultural Independente\\\", em resposta \\u00e0 exclus\\u00e3o da cidade do circuito 2012 da Virada Cultural Paulista, promovida pelo governo estadual. Ap\\u00f3s diverg\\u00eancias sobre a disponibilidade de palcos, pela primeira vez Ribeir\\u00e3o ficou de fora da programa\\u00e7\\u00e3o. Barretos\",\"inLanguage\":\"pt-BR\",\"isPartOf\":{\"@id\":\"https:\\\/\\\/www.encontraribeiraopreto.com.br\\\/sobre\\\/#website\"},\"breadcrumb\":{\"@id\":\"https:\\\/\\\/www.encontraribeiraopreto.com.br\\\/sobre\\\/artistas-querem-realizar-virada-cultural-alternativa-em-ribeirao\\\/#breadcrumblist\"},\"author\":{\"@id\":\"https:\\\/\\\/www.encontraribeiraopreto.com.br\\\/sobre\\\/author\\\/eribeiraopreto\\\/#author\"},\"creator\":{\"@id\":\"https:\\\/\\\/www.encontraribeiraopreto.com.br\\\/sobre\\\/author\\\/eribeiraopreto\\\/#author\"},\"datePublished\":\"2012-04-24T18:58:33-03:00\",\"dateModified\":\"2019-04-15T11:27:30-03:00\"},{\"@type\":\"WebSite\",\"@id\":\"https:\\\/\\\/www.encontraribeiraopreto.com.br\\\/sobre\\\/#website\",\"url\":\"https:\\\/\\\/www.encontraribeiraopreto.com.br\\\/sobre\\\/\",\"name\":\"Encontra Ribeir\\u00e3o Preto\",\"description\":\"Not\\u00edcias, eventos, informa\\u00e7\\u00f5es e dicas na cidade Ribeir\\u00e3o Preto e regi\\u00e3o.\",\"inLanguage\":\"pt-BR\",\"publisher\":{\"@id\":\"https:\\\/\\\/www.encontraribeiraopreto.com.br\\\/sobre\\\/#organization\"}}]}\n\t\t<\/script>\n\t\t<!-- All in One SEO -->\n\n","aioseo_head_json":{"title":"Artistas querem realizar virada cultural alternativa em Ribeir\u00e3o - Encontra Ribeir\u00e3o Preto","description":"Artistas e produtores culturais de Ribeir\u00e3o Preto (SP) se re\u00fanem nesta ter\u00e7a-feira (24) para discutir a realiza\u00e7\u00e3o da \"Virada Cultural Independente\", em resposta \u00e0 exclus\u00e3o da cidade do circuito 2012 da Virada Cultural Paulista, promovida pelo governo estadual. Ap\u00f3s diverg\u00eancias sobre a disponibilidade de palcos, pela primeira vez Ribeir\u00e3o ficou de fora da programa\u00e7\u00e3o. Barretos","canonical_url":"https:\/\/www.encontraribeiraopreto.com.br\/sobre\/artistas-querem-realizar-virada-cultural-alternativa-em-ribeirao\/","robots":"max-image-preview:large","keywords":"","webmasterTools":{"miscellaneous":""},"schema":{"@context":"https:\/\/schema.org","@graph":[{"@type":"BlogPosting","@id":"https:\/\/www.encontraribeiraopreto.com.br\/sobre\/artistas-querem-realizar-virada-cultural-alternativa-em-ribeirao\/#blogposting","name":"Artistas querem realizar virada cultural alternativa em Ribeir\u00e3o - Encontra Ribeir\u00e3o Preto","headline":"Artistas querem realizar virada cultural alternativa em Ribeir\u00e3o","author":{"@id":"https:\/\/www.encontraribeiraopreto.com.br\/sobre\/author\/eribeiraopreto\/#author"},"publisher":{"@id":"https:\/\/www.encontraribeiraopreto.com.br\/sobre\/#organization"},"datePublished":"2012-04-24T18:58:33-03:00","dateModified":"2019-04-15T11:27:30-03:00","inLanguage":"pt-BR","mainEntityOfPage":{"@id":"https:\/\/www.encontraribeiraopreto.com.br\/sobre\/artistas-querem-realizar-virada-cultural-alternativa-em-ribeirao\/#webpage"},"isPartOf":{"@id":"https:\/\/www.encontraribeiraopreto.com.br\/sobre\/artistas-querem-realizar-virada-cultural-alternativa-em-ribeirao\/#webpage"},"articleSection":"Not\u00edcias Ribeir\u00e3o Preto, Ribeir\u00e3o Preto"},{"@type":"BreadcrumbList","@id":"https:\/\/www.encontraribeiraopreto.com.br\/sobre\/artistas-querem-realizar-virada-cultural-alternativa-em-ribeirao\/#breadcrumblist","itemListElement":[{"@type":"ListItem","@id":"https:\/\/www.encontraribeiraopreto.com.br\/sobre#listItem","position":1,"name":"In\u00edcio","item":"https:\/\/www.encontraribeiraopreto.com.br\/sobre","nextItem":{"@type":"ListItem","@id":"https:\/\/www.encontraribeiraopreto.com.br\/sobre\/noticias-em-ribeirao-preto\/#listItem","name":"Not\u00edcias Ribeir\u00e3o Preto"}},{"@type":"ListItem","@id":"https:\/\/www.encontraribeiraopreto.com.br\/sobre\/noticias-em-ribeirao-preto\/#listItem","position":2,"name":"Not\u00edcias Ribeir\u00e3o Preto","item":"https:\/\/www.encontraribeiraopreto.com.br\/sobre\/noticias-em-ribeirao-preto\/","nextItem":{"@type":"ListItem","@id":"https:\/\/www.encontraribeiraopreto.com.br\/sobre\/artistas-querem-realizar-virada-cultural-alternativa-em-ribeirao\/#listItem","name":"Artistas querem realizar virada cultural alternativa em Ribeir\u00e3o"},"previousItem":{"@type":"ListItem","@id":"https:\/\/www.encontraribeiraopreto.com.br\/sobre#listItem","name":"In\u00edcio"}},{"@type":"ListItem","@id":"https:\/\/www.encontraribeiraopreto.com.br\/sobre\/artistas-querem-realizar-virada-cultural-alternativa-em-ribeirao\/#listItem","position":3,"name":"Artistas querem realizar virada cultural alternativa em Ribeir\u00e3o","previousItem":{"@type":"ListItem","@id":"https:\/\/www.encontraribeiraopreto.com.br\/sobre\/noticias-em-ribeirao-preto\/#listItem","name":"Not\u00edcias Ribeir\u00e3o Preto"}}]},{"@type":"Organization","@id":"https:\/\/www.encontraribeiraopreto.com.br\/sobre\/#organization","name":"Encontra Ribeir\u00e3o Preto","description":"Not\u00edcias, eventos, informa\u00e7\u00f5es e dicas na cidade Ribeir\u00e3o Preto e regi\u00e3o.","url":"https:\/\/www.encontraribeiraopreto.com.br\/sobre\/"},{"@type":"Person","@id":"https:\/\/www.encontraribeiraopreto.com.br\/sobre\/author\/eribeiraopreto\/#author","url":"https:\/\/www.encontraribeiraopreto.com.br\/sobre\/author\/eribeiraopreto\/","name":"Encontra Ribeir\u00e3o Preto","image":{"@type":"ImageObject","@id":"https:\/\/www.encontraribeiraopreto.com.br\/sobre\/artistas-querem-realizar-virada-cultural-alternativa-em-ribeirao\/#authorImage","url":"https:\/\/secure.gravatar.com\/avatar\/507340682b8270222e1f208e23198b6ae7e2c6a1033ae84e99bc6bce4f82a387?s=96&d=mm&r=g","width":96,"height":96,"caption":"Encontra Ribeir\u00e3o Preto"}},{"@type":"WebPage","@id":"https:\/\/www.encontraribeiraopreto.com.br\/sobre\/artistas-querem-realizar-virada-cultural-alternativa-em-ribeirao\/#webpage","url":"https:\/\/www.encontraribeiraopreto.com.br\/sobre\/artistas-querem-realizar-virada-cultural-alternativa-em-ribeirao\/","name":"Artistas querem realizar virada cultural alternativa em Ribeir\u00e3o - Encontra Ribeir\u00e3o Preto","description":"Artistas e produtores culturais de Ribeir\u00e3o Preto (SP) se re\u00fanem nesta ter\u00e7a-feira (24) para discutir a realiza\u00e7\u00e3o da \"Virada Cultural Independente\", em resposta \u00e0 exclus\u00e3o da cidade do circuito 2012 da Virada Cultural Paulista, promovida pelo governo estadual. Ap\u00f3s diverg\u00eancias sobre a disponibilidade de palcos, pela primeira vez Ribeir\u00e3o ficou de fora da programa\u00e7\u00e3o. Barretos","inLanguage":"pt-BR","isPartOf":{"@id":"https:\/\/www.encontraribeiraopreto.com.br\/sobre\/#website"},"breadcrumb":{"@id":"https:\/\/www.encontraribeiraopreto.com.br\/sobre\/artistas-querem-realizar-virada-cultural-alternativa-em-ribeirao\/#breadcrumblist"},"author":{"@id":"https:\/\/www.encontraribeiraopreto.com.br\/sobre\/author\/eribeiraopreto\/#author"},"creator":{"@id":"https:\/\/www.encontraribeiraopreto.com.br\/sobre\/author\/eribeiraopreto\/#author"},"datePublished":"2012-04-24T18:58:33-03:00","dateModified":"2019-04-15T11:27:30-03:00"},{"@type":"WebSite","@id":"https:\/\/www.encontraribeiraopreto.com.br\/sobre\/#website","url":"https:\/\/www.encontraribeiraopreto.com.br\/sobre\/","name":"Encontra Ribeir\u00e3o Preto","description":"Not\u00edcias, eventos, informa\u00e7\u00f5es e dicas na cidade Ribeir\u00e3o Preto e regi\u00e3o.","inLanguage":"pt-BR","publisher":{"@id":"https:\/\/www.encontraribeiraopreto.com.br\/sobre\/#organization"}}]},"og:locale":"pt_BR","og:site_name":"Encontra Ribeir\u00e3o Preto - Not\u00edcias, eventos, informa\u00e7\u00f5es e dicas na cidade Ribeir\u00e3o Preto e regi\u00e3o.","og:type":"article","og:title":"Artistas querem realizar virada cultural alternativa em Ribeir\u00e3o - Encontra Ribeir\u00e3o Preto","og:description":"Artistas e produtores culturais de Ribeir\u00e3o Preto (SP) se re\u00fanem nesta ter\u00e7a-feira (24) para discutir a realiza\u00e7\u00e3o da &quot;Virada Cultural Independente&quot;, em resposta \u00e0 exclus\u00e3o da cidade do circuito 2012 da Virada Cultural Paulista, promovida pelo governo estadual. Ap\u00f3s diverg\u00eancias sobre a disponibilidade de palcos, pela primeira vez Ribeir\u00e3o ficou de fora da programa\u00e7\u00e3o. Barretos","og:url":"https:\/\/www.encontraribeiraopreto.com.br\/sobre\/artistas-querem-realizar-virada-cultural-alternativa-em-ribeirao\/","article:published_time":"2012-04-24T21:58:33+00:00","article:modified_time":"2019-04-15T14:27:30+00:00","twitter:card":"summary_large_image","twitter:title":"Artistas querem realizar virada cultural alternativa em Ribeir\u00e3o - Encontra Ribeir\u00e3o Preto","twitter:description":"Artistas e produtores culturais de Ribeir\u00e3o Preto (SP) se re\u00fanem nesta ter\u00e7a-feira (24) para discutir a realiza\u00e7\u00e3o da &quot;Virada Cultural Independente&quot;, em resposta \u00e0 exclus\u00e3o da cidade do circuito 2012 da Virada Cultural Paulista, promovida pelo governo estadual. Ap\u00f3s diverg\u00eancias sobre a disponibilidade de palcos, pela primeira vez Ribeir\u00e3o ficou de fora da programa\u00e7\u00e3o. Barretos"},"aioseo_meta_data":{"post_id":"787","title":null,"description":null,"keywords":null,"keyphrases":null,"primary_term":null,"canonical_url":null,"og_title":null,"og_description":null,"og_object_type":"default","og_image_type":"default","og_image_url":null,"og_image_width":null,"og_image_height":null,"og_image_custom_url":null,"og_image_custom_fields":null,"og_video":null,"og_custom_url":null,"og_article_section":null,"og_article_tags":null,"twitter_use_og":false,"twitter_card":"default","twitter_image_type":"default","twitter_image_url":null,"twitter_image_custom_url":null,"twitter_image_custom_fields":null,"twitter_title":null,"twitter_description":null,"schema":{"blockGraphs":[],"customGraphs":[],"default":{"data":{"Article":[],"Course":[],"Dataset":[],"FAQPage":[],"Movie":[],"Person":[],"Product":[],"ProductReview":[],"Car":[],"Recipe":[],"Service":[],"SoftwareApplication":[],"WebPage":[]},"graphName":"BlogPosting","isEnabled":true},"graphs":[]},"schema_type":null,"schema_type_options":null,"pillar_content":false,"robots_default":true,"robots_noindex":false,"robots_noarchive":false,"robots_nosnippet":false,"robots_nofollow":false,"robots_noimageindex":false,"robots_noodp":false,"robots_notranslate":false,"robots_max_snippet":null,"robots_max_videopreview":null,"robots_max_imagepreview":"large","priority":null,"frequency":null,"local_seo":null,"limit_modified_date":false,"created":"2021-02-24 13:31:42","updated":"2023-03-08 00:55:24","focus_keyword":null,"additional_keywords":null,"truseo_locale":null,"ai":null,"breadcrumb_settings":null,"seo_analyzer_scan_date":null},"aioseo_breadcrumb":"<div class=\"aioseo-breadcrumbs\"><span class=\"aioseo-breadcrumb\">\n\t\t\t<a href=\"https:\/\/www.encontraribeiraopreto.com.br\/sobre\" title=\"In\u00edcio\">In\u00edcio<\/a>\n\t\t<\/span><span class=\"aioseo-breadcrumb-separator\">&raquo;<\/span><span class=\"aioseo-breadcrumb\">\n\t\t\t<a href=\"https:\/\/www.encontraribeiraopreto.com.br\/sobre\/noticias-em-ribeirao-preto\/\" title=\"Not\u00edcias Ribeir\u00e3o Preto\">Not\u00edcias Ribeir\u00e3o Preto<\/a>\n\t\t<\/span><span class=\"aioseo-breadcrumb-separator\">&raquo;<\/span><span class=\"aioseo-breadcrumb\">\n\t\t\tArtistas querem realizar virada cultural alternativa em Ribeir\u00e3o\n\t\t<\/span><\/div>","aioseo_breadcrumb_json":[{"label":"In\u00edcio","link":"https:\/\/www.encontraribeiraopreto.com.br\/sobre"},{"label":"Not\u00edcias Ribeir\u00e3o Preto","link":"https:\/\/www.encontraribeiraopreto.com.br\/sobre\/noticias-em-ribeirao-preto\/"},{"label":"Artistas querem realizar virada cultural alternativa em Ribeir\u00e3o","link":"https:\/\/www.encontraribeiraopreto.com.br\/sobre\/artistas-querem-realizar-virada-cultural-alternativa-em-ribeirao\/"}],"_links":{"self":[{"href":"https:\/\/www.encontraribeiraopreto.com.br\/sobre\/wp-json\/wp\/v2\/posts\/787","targetHints":{"allow":["GET"]}}],"collection":[{"href":"https:\/\/www.encontraribeiraopreto.com.br\/sobre\/wp-json\/wp\/v2\/posts"}],"about":[{"href":"https:\/\/www.encontraribeiraopreto.com.br\/sobre\/wp-json\/wp\/v2\/types\/post"}],"author":[{"embeddable":true,"href":"https:\/\/www.encontraribeiraopreto.com.br\/sobre\/wp-json\/wp\/v2\/users\/1"}],"replies":[{"embeddable":true,"href":"https:\/\/www.encontraribeiraopreto.com.br\/sobre\/wp-json\/wp\/v2\/comments?post=787"}],"version-history":[{"count":0,"href":"https:\/\/www.encontraribeiraopreto.com.br\/sobre\/wp-json\/wp\/v2\/posts\/787\/revisions"}],"wp:attachment":[{"href":"https:\/\/www.encontraribeiraopreto.com.br\/sobre\/wp-json\/wp\/v2\/media?parent=787"}],"wp:term":[{"taxonomy":"category","embeddable":true,"href":"https:\/\/www.encontraribeiraopreto.com.br\/sobre\/wp-json\/wp\/v2\/categories?post=787"},{"taxonomy":"post_tag","embeddable":true,"href":"https:\/\/www.encontraribeiraopreto.com.br\/sobre\/wp-json\/wp\/v2\/tags?post=787"}],"curies":[{"name":"wp","href":"https:\/\/api.w.org\/{rel}","templated":true}]}}