{"id":842,"date":"2012-05-31T09:04:49","date_gmt":"2012-05-31T12:04:49","guid":{"rendered":"http:\/\/www.encontraribeiraopreto.com.br\/noticias\/?p=842"},"modified":"2019-04-15T11:27:08","modified_gmt":"2019-04-15T14:27:08","slug":"greve-de-motoristas-de-onibus-pode-acabar-hoje-em-ribeirao-preto-sp","status":"publish","type":"post","link":"https:\/\/www.encontraribeiraopreto.com.br\/sobre\/greve-de-motoristas-de-onibus-pode-acabar-hoje-em-ribeirao-preto-sp\/","title":{"rendered":"Greve de motoristas de \u00f4nibus pode acabar hoje em Ribeir\u00e3o Preto (SP)"},"content":{"rendered":"<div class=\"cd7ef838bed10b2b4567f853226bc383\" data-index=\"1\" style=\"float: none; margin:0px;\">\n<!-- Anuncio display - global -->\r\n<ins class=\"adsbygoogle\"\r\n     style=\"display:block\"\r\n     data-ad-client=\"ca-pub-8585364105181520\"\r\n     data-ad-slot=\"8789329856\"\r\n     data-ad-format=\"auto\"\r\n     data-full-width-responsive=\"true\"><\/ins>\r\n<script>\r\n     (adsbygoogle = window.adsbygoogle || []).push({});\r\n<\/script>\r\n\n<\/div>\n<p>Os usu\u00e1rios do <a title=\"Transporte em Rirbeir\u00e3o Preto\" href=\"http:\/\/www.encontraribeiraopreto.com.br\/t\/transporte-em-ribeirao-preto.shtml\" target=\"_blank\">transporte<\/a> coletivo urbano de Ribeir\u00e3o Preto (313 km de S\u00e3o Paulo) devem enfrentar novos problemas durante a manh\u00e3 desta quarta-feira devido \u00e0 greve dos motoristas de \u00f4nibus, que entra no terceiro dia. A paralisa\u00e7\u00e3o, no entanto, pode acabar \u00e0 tarde.<\/p>\n<p>A expectativa da categoria \u00e9 que hoje circulem pelas ruas da cidade entre 30% e 40% da frota das tr\u00eas empresas que atuam em Ribeir\u00e3o.<\/p>\n<p>Com isso, trechos como a avenida da Saudade e a Via Norte devem ter congestionamento em hor\u00e1rio de pico, mas n\u00e3o como anteontem, quando a greve come\u00e7ou com ades\u00e3o total da categoria.<\/p>\n<p>Ontem, cem \u00f4nibus (35%) foram para as ruas por decis\u00e3o &#8220;individual de alguns trabalhadores&#8221;, segundo o presidente do Seeturp (Sindicato dos Empregados das Empresas de Transporte Coletivo Urbano de Ribeir\u00e3o Preto), Jo\u00e3o Henrique Bueno.<\/p>\n<p>Uma audi\u00eancia com representantes do Seeturp e do sindicato patronal est\u00e1 marcada para as 13h, no TRT (Tribunal Regional do Trabalho).<\/p>\n<p>A expectativa dos motoristas \u00e9 que o TRT melhore a \u00faltima proposta das empresas -que aumenta em 6,34% o valor do sal\u00e1rio e em 7,5% o do vale-alimenta\u00e7\u00e3o.<\/p>\n<p>A categoria n\u00e3o aceitou os valores, que gerariam reajuste l\u00edquido de 7%. &#8220;N\u00e3o temos condi\u00e7\u00f5es de aumentar a proposta&#8221;, afirmou o presidente do sindicato das empresas de transporte coletivo, Lu\u00eds Gustavo Guimar\u00e3es Vianna.<\/p>\n<p>\u00a0<strong>LIMINAR<\/strong><\/p>\n<p>O TRT definiu domingo que 70% das linhas deveriam circular anteontem, mas a decis\u00e3o n\u00e3o foi acatada pelos motoristas e prev\u00ea multa de R$ 20 mil por dia de descumprimento. O presidente do Seeturp afirmou que vai recorrer da decis\u00e3o.<\/p>\n<p>Ontem \u00e0 tarde, as empresas se reuniram com os empregados, a Transerp e a prefeita D\u00e1rcy Vera (PSD) para tentar resolver o impasse, mas n\u00e3o houve acordo.<\/p>\n<p><em>Fonte: Brasil Local<\/em><\/p>\n<p>&nbsp;<\/p>\n\n<div style=\"font-size: 0px; height: 0px; line-height: 0px; margin: 0; padding: 0; clear: both;\"><\/div>","protected":false},"excerpt":{"rendered":"<p>Os usu\u00e1rios do transporte coletivo urbano de Ribeir\u00e3o Preto (313 km de S\u00e3o Paulo) devem enfrentar novos problemas durante a manh\u00e3 desta quarta-feira devido \u00e0 greve dos motoristas de \u00f4nibus, que entra no terceiro dia. A paralisa\u00e7\u00e3o, no entanto, pode acabar \u00e0 tarde. A expectativa da categoria \u00e9 que hoje circulem pelas ruas da cidade entre 30% e 40% da frota das tr\u00eas empresas que atuam em Ribeir\u00e3o. Com isso, trechos como a avenida da Saudade e a Via Norte devem ter congestionamento em hor\u00e1rio de pico, mas n\u00e3o como anteontem, quando a greve come\u00e7ou com ades\u00e3o total da categoria. <\/p>\n","protected":false},"author":1,"featured_media":0,"comment_status":"open","ping_status":"closed","sticky":false,"template":"","format":"standard","meta":{"footnotes":""},"categories":[6],"tags":[14],"class_list":["post-842","post","type-post","status-publish","format-standard","hentry","category-noticias-em-ribeirao-preto","tag-ribeirao-preto"],"aioseo_notices":[],"aioseo_head":"\n\t\t<!-- All in One SEO 5.0.0.1 - aioseo.com -->\n\t<meta name=\"description\" content=\"Os usu\u00e1rios do transporte coletivo urbano de Ribeir\u00e3o Preto (313 km de S\u00e3o Paulo) devem enfrentar novos problemas durante a manh\u00e3 desta quarta-feira devido \u00e0 greve dos motoristas de \u00f4nibus, que entra no terceiro dia. A paralisa\u00e7\u00e3o, no entanto, pode acabar \u00e0 tarde. A expectativa da categoria \u00e9 que hoje circulem pelas ruas da cidade\" \/>\n\t<meta name=\"robots\" content=\"max-image-preview:large\" \/>\n\t<meta name=\"author\" content=\"Encontra Ribeir\u00e3o Preto\"\/>\n\t<link rel=\"canonical\" href=\"https:\/\/www.encontraribeiraopreto.com.br\/sobre\/greve-de-motoristas-de-onibus-pode-acabar-hoje-em-ribeirao-preto-sp\/\" \/>\n\t<meta name=\"generator\" content=\"All in One SEO (AIOSEO) 5.0.0.1\" \/>\n\t\t<meta property=\"og:locale\" content=\"pt_BR\" \/>\n\t\t<meta property=\"og:site_name\" content=\"Encontra Ribeir\u00e3o Preto - Not\u00edcias, eventos, informa\u00e7\u00f5es e dicas na cidade Ribeir\u00e3o Preto e regi\u00e3o.\" \/>\n\t\t<meta property=\"og:type\" content=\"article\" \/>\n\t\t<meta property=\"og:title\" content=\"Greve de motoristas de \u00f4nibus pode acabar hoje em Ribeir\u00e3o Preto (SP) - Encontra Ribeir\u00e3o Preto\" \/>\n\t\t<meta property=\"og:description\" content=\"Os usu\u00e1rios do transporte coletivo urbano de Ribeir\u00e3o Preto (313 km de S\u00e3o Paulo) devem enfrentar novos problemas durante a manh\u00e3 desta quarta-feira devido \u00e0 greve dos motoristas de \u00f4nibus, que entra no terceiro dia. A paralisa\u00e7\u00e3o, no entanto, pode acabar \u00e0 tarde. A expectativa da categoria \u00e9 que hoje circulem pelas ruas da cidade\" \/>\n\t\t<meta property=\"og:url\" content=\"https:\/\/www.encontraribeiraopreto.com.br\/sobre\/greve-de-motoristas-de-onibus-pode-acabar-hoje-em-ribeirao-preto-sp\/\" \/>\n\t\t<meta property=\"article:published_time\" content=\"2012-05-31T12:04:49+00:00\" \/>\n\t\t<meta property=\"article:modified_time\" content=\"2019-04-15T14:27:08+00:00\" \/>\n\t\t<meta name=\"twitter:card\" content=\"summary_large_image\" \/>\n\t\t<meta name=\"twitter:title\" content=\"Greve de motoristas de \u00f4nibus pode acabar hoje em Ribeir\u00e3o Preto (SP) - Encontra Ribeir\u00e3o Preto\" \/>\n\t\t<meta name=\"twitter:description\" content=\"Os usu\u00e1rios do transporte coletivo urbano de Ribeir\u00e3o Preto (313 km de S\u00e3o Paulo) devem enfrentar novos problemas durante a manh\u00e3 desta quarta-feira devido \u00e0 greve dos motoristas de \u00f4nibus, que entra no terceiro dia. A paralisa\u00e7\u00e3o, no entanto, pode acabar \u00e0 tarde. A expectativa da categoria \u00e9 que hoje circulem pelas ruas da cidade\" \/>\n\t\t<script type=\"application\/ld+json\" class=\"aioseo-schema\">\n\t\t\t{\"@context\":\"https:\\\/\\\/schema.org\",\"@graph\":[{\"@type\":\"BlogPosting\",\"@id\":\"https:\\\/\\\/www.encontraribeiraopreto.com.br\\\/sobre\\\/greve-de-motoristas-de-onibus-pode-acabar-hoje-em-ribeirao-preto-sp\\\/#blogposting\",\"name\":\"Greve de motoristas de \\u00f4nibus pode acabar hoje em Ribeir\\u00e3o Preto (SP) - Encontra Ribeir\\u00e3o Preto\",\"headline\":\"Greve de motoristas de \\u00f4nibus pode acabar hoje em Ribeir\\u00e3o Preto (SP)\",\"author\":{\"@id\":\"https:\\\/\\\/www.encontraribeiraopreto.com.br\\\/sobre\\\/author\\\/eribeiraopreto\\\/#author\"},\"publisher\":{\"@id\":\"https:\\\/\\\/www.encontraribeiraopreto.com.br\\\/sobre\\\/#organization\"},\"datePublished\":\"2012-05-31T09:04:49-03:00\",\"dateModified\":\"2019-04-15T11:27:08-03:00\",\"inLanguage\":\"pt-BR\",\"mainEntityOfPage\":{\"@id\":\"https:\\\/\\\/www.encontraribeiraopreto.com.br\\\/sobre\\\/greve-de-motoristas-de-onibus-pode-acabar-hoje-em-ribeirao-preto-sp\\\/#webpage\"},\"isPartOf\":{\"@id\":\"https:\\\/\\\/www.encontraribeiraopreto.com.br\\\/sobre\\\/greve-de-motoristas-de-onibus-pode-acabar-hoje-em-ribeirao-preto-sp\\\/#webpage\"},\"articleSection\":\"Not\\u00edcias Ribeir\\u00e3o Preto, Ribeir\\u00e3o Preto\"},{\"@type\":\"BreadcrumbList\",\"@id\":\"https:\\\/\\\/www.encontraribeiraopreto.com.br\\\/sobre\\\/greve-de-motoristas-de-onibus-pode-acabar-hoje-em-ribeirao-preto-sp\\\/#breadcrumblist\",\"itemListElement\":[{\"@type\":\"ListItem\",\"@id\":\"https:\\\/\\\/www.encontraribeiraopreto.com.br\\\/sobre#listItem\",\"position\":1,\"name\":\"In\\u00edcio\",\"item\":\"https:\\\/\\\/www.encontraribeiraopreto.com.br\\\/sobre\",\"nextItem\":{\"@type\":\"ListItem\",\"@id\":\"https:\\\/\\\/www.encontraribeiraopreto.com.br\\\/sobre\\\/noticias-em-ribeirao-preto\\\/#listItem\",\"name\":\"Not\\u00edcias Ribeir\\u00e3o Preto\"}},{\"@type\":\"ListItem\",\"@id\":\"https:\\\/\\\/www.encontraribeiraopreto.com.br\\\/sobre\\\/noticias-em-ribeirao-preto\\\/#listItem\",\"position\":2,\"name\":\"Not\\u00edcias Ribeir\\u00e3o Preto\",\"item\":\"https:\\\/\\\/www.encontraribeiraopreto.com.br\\\/sobre\\\/noticias-em-ribeirao-preto\\\/\",\"nextItem\":{\"@type\":\"ListItem\",\"@id\":\"https:\\\/\\\/www.encontraribeiraopreto.com.br\\\/sobre\\\/greve-de-motoristas-de-onibus-pode-acabar-hoje-em-ribeirao-preto-sp\\\/#listItem\",\"name\":\"Greve de motoristas de \\u00f4nibus pode acabar hoje em Ribeir\\u00e3o Preto (SP)\"},\"previousItem\":{\"@type\":\"ListItem\",\"@id\":\"https:\\\/\\\/www.encontraribeiraopreto.com.br\\\/sobre#listItem\",\"name\":\"In\\u00edcio\"}},{\"@type\":\"ListItem\",\"@id\":\"https:\\\/\\\/www.encontraribeiraopreto.com.br\\\/sobre\\\/greve-de-motoristas-de-onibus-pode-acabar-hoje-em-ribeirao-preto-sp\\\/#listItem\",\"position\":3,\"name\":\"Greve de motoristas de \\u00f4nibus pode acabar hoje em Ribeir\\u00e3o Preto (SP)\",\"previousItem\":{\"@type\":\"ListItem\",\"@id\":\"https:\\\/\\\/www.encontraribeiraopreto.com.br\\\/sobre\\\/noticias-em-ribeirao-preto\\\/#listItem\",\"name\":\"Not\\u00edcias Ribeir\\u00e3o Preto\"}}]},{\"@type\":\"Organization\",\"@id\":\"https:\\\/\\\/www.encontraribeiraopreto.com.br\\\/sobre\\\/#organization\",\"name\":\"Encontra Ribeir\\u00e3o Preto\",\"description\":\"Not\\u00edcias, eventos, informa\\u00e7\\u00f5es e dicas na cidade Ribeir\\u00e3o Preto e regi\\u00e3o.\",\"url\":\"https:\\\/\\\/www.encontraribeiraopreto.com.br\\\/sobre\\\/\"},{\"@type\":\"Person\",\"@id\":\"https:\\\/\\\/www.encontraribeiraopreto.com.br\\\/sobre\\\/author\\\/eribeiraopreto\\\/#author\",\"url\":\"https:\\\/\\\/www.encontraribeiraopreto.com.br\\\/sobre\\\/author\\\/eribeiraopreto\\\/\",\"name\":\"Encontra Ribeir\\u00e3o Preto\",\"image\":{\"@type\":\"ImageObject\",\"@id\":\"https:\\\/\\\/www.encontraribeiraopreto.com.br\\\/sobre\\\/greve-de-motoristas-de-onibus-pode-acabar-hoje-em-ribeirao-preto-sp\\\/#authorImage\",\"url\":\"https:\\\/\\\/secure.gravatar.com\\\/avatar\\\/507340682b8270222e1f208e23198b6ae7e2c6a1033ae84e99bc6bce4f82a387?s=96&d=mm&r=g\",\"width\":96,\"height\":96,\"caption\":\"Encontra Ribeir\\u00e3o Preto\"}},{\"@type\":\"WebPage\",\"@id\":\"https:\\\/\\\/www.encontraribeiraopreto.com.br\\\/sobre\\\/greve-de-motoristas-de-onibus-pode-acabar-hoje-em-ribeirao-preto-sp\\\/#webpage\",\"url\":\"https:\\\/\\\/www.encontraribeiraopreto.com.br\\\/sobre\\\/greve-de-motoristas-de-onibus-pode-acabar-hoje-em-ribeirao-preto-sp\\\/\",\"name\":\"Greve de motoristas de \\u00f4nibus pode acabar hoje em Ribeir\\u00e3o Preto (SP) - Encontra Ribeir\\u00e3o Preto\",\"description\":\"Os usu\\u00e1rios do transporte coletivo urbano de Ribeir\\u00e3o Preto (313 km de S\\u00e3o Paulo) devem enfrentar novos problemas durante a manh\\u00e3 desta quarta-feira devido \\u00e0 greve dos motoristas de \\u00f4nibus, que entra no terceiro dia. A paralisa\\u00e7\\u00e3o, no entanto, pode acabar \\u00e0 tarde. A expectativa da categoria \\u00e9 que hoje circulem pelas ruas da cidade\",\"inLanguage\":\"pt-BR\",\"isPartOf\":{\"@id\":\"https:\\\/\\\/www.encontraribeiraopreto.com.br\\\/sobre\\\/#website\"},\"breadcrumb\":{\"@id\":\"https:\\\/\\\/www.encontraribeiraopreto.com.br\\\/sobre\\\/greve-de-motoristas-de-onibus-pode-acabar-hoje-em-ribeirao-preto-sp\\\/#breadcrumblist\"},\"author\":{\"@id\":\"https:\\\/\\\/www.encontraribeiraopreto.com.br\\\/sobre\\\/author\\\/eribeiraopreto\\\/#author\"},\"creator\":{\"@id\":\"https:\\\/\\\/www.encontraribeiraopreto.com.br\\\/sobre\\\/author\\\/eribeiraopreto\\\/#author\"},\"datePublished\":\"2012-05-31T09:04:49-03:00\",\"dateModified\":\"2019-04-15T11:27:08-03:00\"},{\"@type\":\"WebSite\",\"@id\":\"https:\\\/\\\/www.encontraribeiraopreto.com.br\\\/sobre\\\/#website\",\"url\":\"https:\\\/\\\/www.encontraribeiraopreto.com.br\\\/sobre\\\/\",\"name\":\"Encontra Ribeir\\u00e3o Preto\",\"description\":\"Not\\u00edcias, eventos, informa\\u00e7\\u00f5es e dicas na cidade Ribeir\\u00e3o Preto e regi\\u00e3o.\",\"inLanguage\":\"pt-BR\",\"publisher\":{\"@id\":\"https:\\\/\\\/www.encontraribeiraopreto.com.br\\\/sobre\\\/#organization\"}}]}\n\t\t<\/script>\n\t\t<!-- All in One SEO -->\n\n","aioseo_head_json":{"title":"Greve de motoristas de \u00f4nibus pode acabar hoje em Ribeir\u00e3o Preto (SP) - Encontra Ribeir\u00e3o Preto","description":"Os usu\u00e1rios do transporte coletivo urbano de Ribeir\u00e3o Preto (313 km de S\u00e3o Paulo) devem enfrentar novos problemas durante a manh\u00e3 desta quarta-feira devido \u00e0 greve dos motoristas de \u00f4nibus, que entra no terceiro dia. A paralisa\u00e7\u00e3o, no entanto, pode acabar \u00e0 tarde. A expectativa da categoria \u00e9 que hoje circulem pelas ruas da cidade","canonical_url":"https:\/\/www.encontraribeiraopreto.com.br\/sobre\/greve-de-motoristas-de-onibus-pode-acabar-hoje-em-ribeirao-preto-sp\/","robots":"max-image-preview:large","keywords":"","webmasterTools":{"miscellaneous":""},"schema":{"@context":"https:\/\/schema.org","@graph":[{"@type":"BlogPosting","@id":"https:\/\/www.encontraribeiraopreto.com.br\/sobre\/greve-de-motoristas-de-onibus-pode-acabar-hoje-em-ribeirao-preto-sp\/#blogposting","name":"Greve de motoristas de \u00f4nibus pode acabar hoje em Ribeir\u00e3o Preto (SP) - Encontra Ribeir\u00e3o Preto","headline":"Greve de motoristas de \u00f4nibus pode acabar hoje em Ribeir\u00e3o Preto (SP)","author":{"@id":"https:\/\/www.encontraribeiraopreto.com.br\/sobre\/author\/eribeiraopreto\/#author"},"publisher":{"@id":"https:\/\/www.encontraribeiraopreto.com.br\/sobre\/#organization"},"datePublished":"2012-05-31T09:04:49-03:00","dateModified":"2019-04-15T11:27:08-03:00","inLanguage":"pt-BR","mainEntityOfPage":{"@id":"https:\/\/www.encontraribeiraopreto.com.br\/sobre\/greve-de-motoristas-de-onibus-pode-acabar-hoje-em-ribeirao-preto-sp\/#webpage"},"isPartOf":{"@id":"https:\/\/www.encontraribeiraopreto.com.br\/sobre\/greve-de-motoristas-de-onibus-pode-acabar-hoje-em-ribeirao-preto-sp\/#webpage"},"articleSection":"Not\u00edcias Ribeir\u00e3o Preto, Ribeir\u00e3o Preto"},{"@type":"BreadcrumbList","@id":"https:\/\/www.encontraribeiraopreto.com.br\/sobre\/greve-de-motoristas-de-onibus-pode-acabar-hoje-em-ribeirao-preto-sp\/#breadcrumblist","itemListElement":[{"@type":"ListItem","@id":"https:\/\/www.encontraribeiraopreto.com.br\/sobre#listItem","position":1,"name":"In\u00edcio","item":"https:\/\/www.encontraribeiraopreto.com.br\/sobre","nextItem":{"@type":"ListItem","@id":"https:\/\/www.encontraribeiraopreto.com.br\/sobre\/noticias-em-ribeirao-preto\/#listItem","name":"Not\u00edcias Ribeir\u00e3o Preto"}},{"@type":"ListItem","@id":"https:\/\/www.encontraribeiraopreto.com.br\/sobre\/noticias-em-ribeirao-preto\/#listItem","position":2,"name":"Not\u00edcias Ribeir\u00e3o Preto","item":"https:\/\/www.encontraribeiraopreto.com.br\/sobre\/noticias-em-ribeirao-preto\/","nextItem":{"@type":"ListItem","@id":"https:\/\/www.encontraribeiraopreto.com.br\/sobre\/greve-de-motoristas-de-onibus-pode-acabar-hoje-em-ribeirao-preto-sp\/#listItem","name":"Greve de motoristas de \u00f4nibus pode acabar hoje em Ribeir\u00e3o Preto (SP)"},"previousItem":{"@type":"ListItem","@id":"https:\/\/www.encontraribeiraopreto.com.br\/sobre#listItem","name":"In\u00edcio"}},{"@type":"ListItem","@id":"https:\/\/www.encontraribeiraopreto.com.br\/sobre\/greve-de-motoristas-de-onibus-pode-acabar-hoje-em-ribeirao-preto-sp\/#listItem","position":3,"name":"Greve de motoristas de \u00f4nibus pode acabar hoje em Ribeir\u00e3o Preto (SP)","previousItem":{"@type":"ListItem","@id":"https:\/\/www.encontraribeiraopreto.com.br\/sobre\/noticias-em-ribeirao-preto\/#listItem","name":"Not\u00edcias Ribeir\u00e3o Preto"}}]},{"@type":"Organization","@id":"https:\/\/www.encontraribeiraopreto.com.br\/sobre\/#organization","name":"Encontra Ribeir\u00e3o Preto","description":"Not\u00edcias, eventos, informa\u00e7\u00f5es e dicas na cidade Ribeir\u00e3o Preto e regi\u00e3o.","url":"https:\/\/www.encontraribeiraopreto.com.br\/sobre\/"},{"@type":"Person","@id":"https:\/\/www.encontraribeiraopreto.com.br\/sobre\/author\/eribeiraopreto\/#author","url":"https:\/\/www.encontraribeiraopreto.com.br\/sobre\/author\/eribeiraopreto\/","name":"Encontra Ribeir\u00e3o Preto","image":{"@type":"ImageObject","@id":"https:\/\/www.encontraribeiraopreto.com.br\/sobre\/greve-de-motoristas-de-onibus-pode-acabar-hoje-em-ribeirao-preto-sp\/#authorImage","url":"https:\/\/secure.gravatar.com\/avatar\/507340682b8270222e1f208e23198b6ae7e2c6a1033ae84e99bc6bce4f82a387?s=96&d=mm&r=g","width":96,"height":96,"caption":"Encontra Ribeir\u00e3o Preto"}},{"@type":"WebPage","@id":"https:\/\/www.encontraribeiraopreto.com.br\/sobre\/greve-de-motoristas-de-onibus-pode-acabar-hoje-em-ribeirao-preto-sp\/#webpage","url":"https:\/\/www.encontraribeiraopreto.com.br\/sobre\/greve-de-motoristas-de-onibus-pode-acabar-hoje-em-ribeirao-preto-sp\/","name":"Greve de motoristas de \u00f4nibus pode acabar hoje em Ribeir\u00e3o Preto (SP) - Encontra Ribeir\u00e3o Preto","description":"Os usu\u00e1rios do transporte coletivo urbano de Ribeir\u00e3o Preto (313 km de S\u00e3o Paulo) devem enfrentar novos problemas durante a manh\u00e3 desta quarta-feira devido \u00e0 greve dos motoristas de \u00f4nibus, que entra no terceiro dia. A paralisa\u00e7\u00e3o, no entanto, pode acabar \u00e0 tarde. A expectativa da categoria \u00e9 que hoje circulem pelas ruas da cidade","inLanguage":"pt-BR","isPartOf":{"@id":"https:\/\/www.encontraribeiraopreto.com.br\/sobre\/#website"},"breadcrumb":{"@id":"https:\/\/www.encontraribeiraopreto.com.br\/sobre\/greve-de-motoristas-de-onibus-pode-acabar-hoje-em-ribeirao-preto-sp\/#breadcrumblist"},"author":{"@id":"https:\/\/www.encontraribeiraopreto.com.br\/sobre\/author\/eribeiraopreto\/#author"},"creator":{"@id":"https:\/\/www.encontraribeiraopreto.com.br\/sobre\/author\/eribeiraopreto\/#author"},"datePublished":"2012-05-31T09:04:49-03:00","dateModified":"2019-04-15T11:27:08-03:00"},{"@type":"WebSite","@id":"https:\/\/www.encontraribeiraopreto.com.br\/sobre\/#website","url":"https:\/\/www.encontraribeiraopreto.com.br\/sobre\/","name":"Encontra Ribeir\u00e3o Preto","description":"Not\u00edcias, eventos, informa\u00e7\u00f5es e dicas na cidade Ribeir\u00e3o Preto e regi\u00e3o.","inLanguage":"pt-BR","publisher":{"@id":"https:\/\/www.encontraribeiraopreto.com.br\/sobre\/#organization"}}]},"og:locale":"pt_BR","og:site_name":"Encontra Ribeir\u00e3o Preto - Not\u00edcias, eventos, informa\u00e7\u00f5es e dicas na cidade Ribeir\u00e3o Preto e regi\u00e3o.","og:type":"article","og:title":"Greve de motoristas de \u00f4nibus pode acabar hoje em Ribeir\u00e3o Preto (SP) - Encontra Ribeir\u00e3o Preto","og:description":"Os usu\u00e1rios do transporte coletivo urbano de Ribeir\u00e3o Preto (313 km de S\u00e3o Paulo) devem enfrentar novos problemas durante a manh\u00e3 desta quarta-feira devido \u00e0 greve dos motoristas de \u00f4nibus, que entra no terceiro dia. A paralisa\u00e7\u00e3o, no entanto, pode acabar \u00e0 tarde. A expectativa da categoria \u00e9 que hoje circulem pelas ruas da cidade","og:url":"https:\/\/www.encontraribeiraopreto.com.br\/sobre\/greve-de-motoristas-de-onibus-pode-acabar-hoje-em-ribeirao-preto-sp\/","article:published_time":"2012-05-31T12:04:49+00:00","article:modified_time":"2019-04-15T14:27:08+00:00","twitter:card":"summary_large_image","twitter:title":"Greve de motoristas de \u00f4nibus pode acabar hoje em Ribeir\u00e3o Preto (SP) - Encontra Ribeir\u00e3o Preto","twitter:description":"Os usu\u00e1rios do transporte coletivo urbano de Ribeir\u00e3o Preto (313 km de S\u00e3o Paulo) devem enfrentar novos problemas durante a manh\u00e3 desta quarta-feira devido \u00e0 greve dos motoristas de \u00f4nibus, que entra no terceiro dia. A paralisa\u00e7\u00e3o, no entanto, pode acabar \u00e0 tarde. A expectativa da categoria \u00e9 que hoje circulem pelas ruas da cidade"},"aioseo_meta_data":{"post_id":"842","title":null,"description":null,"keywords":null,"keyphrases":null,"primary_term":null,"canonical_url":null,"og_title":null,"og_description":null,"og_object_type":"default","og_image_type":"default","og_image_url":null,"og_image_width":null,"og_image_height":null,"og_image_custom_url":null,"og_image_custom_fields":null,"og_video":null,"og_custom_url":null,"og_article_section":null,"og_article_tags":null,"twitter_use_og":false,"twitter_card":"default","twitter_image_type":"default","twitter_image_url":null,"twitter_image_custom_url":null,"twitter_image_custom_fields":null,"twitter_title":null,"twitter_description":null,"schema":{"blockGraphs":[],"customGraphs":[],"default":{"data":{"Article":[],"Course":[],"Dataset":[],"FAQPage":[],"Movie":[],"Person":[],"Product":[],"ProductReview":[],"Car":[],"Recipe":[],"Service":[],"SoftwareApplication":[],"WebPage":[]},"graphName":"BlogPosting","isEnabled":true},"graphs":[]},"schema_type":null,"schema_type_options":null,"pillar_content":false,"robots_default":true,"robots_noindex":false,"robots_noarchive":false,"robots_nosnippet":false,"robots_nofollow":false,"robots_noimageindex":false,"robots_noodp":false,"robots_notranslate":false,"robots_max_snippet":null,"robots_max_videopreview":null,"robots_max_imagepreview":"large","priority":null,"frequency":null,"local_seo":null,"limit_modified_date":false,"created":"2021-02-24 13:33:21","updated":"2023-03-03 05:12:50","focus_keyword":null,"additional_keywords":null,"truseo_locale":null,"ai":null,"breadcrumb_settings":null,"seo_analyzer_scan_date":null},"aioseo_breadcrumb":"<div class=\"aioseo-breadcrumbs\"><span class=\"aioseo-breadcrumb\">\n\t\t\t<a href=\"https:\/\/www.encontraribeiraopreto.com.br\/sobre\" title=\"In\u00edcio\">In\u00edcio<\/a>\n\t\t<\/span><span class=\"aioseo-breadcrumb-separator\">&raquo;<\/span><span class=\"aioseo-breadcrumb\">\n\t\t\t<a href=\"https:\/\/www.encontraribeiraopreto.com.br\/sobre\/noticias-em-ribeirao-preto\/\" title=\"Not\u00edcias Ribeir\u00e3o Preto\">Not\u00edcias Ribeir\u00e3o Preto<\/a>\n\t\t<\/span><span class=\"aioseo-breadcrumb-separator\">&raquo;<\/span><span class=\"aioseo-breadcrumb\">\n\t\t\tGreve de motoristas de \u00f4nibus pode acabar hoje em Ribeir\u00e3o Preto (SP)\n\t\t<\/span><\/div>","aioseo_breadcrumb_json":[{"label":"In\u00edcio","link":"https:\/\/www.encontraribeiraopreto.com.br\/sobre"},{"label":"Not\u00edcias Ribeir\u00e3o Preto","link":"https:\/\/www.encontraribeiraopreto.com.br\/sobre\/noticias-em-ribeirao-preto\/"},{"label":"Greve de motoristas de \u00f4nibus pode acabar hoje em Ribeir\u00e3o Preto (SP)","link":"https:\/\/www.encontraribeiraopreto.com.br\/sobre\/greve-de-motoristas-de-onibus-pode-acabar-hoje-em-ribeirao-preto-sp\/"}],"_links":{"self":[{"href":"https:\/\/www.encontraribeiraopreto.com.br\/sobre\/wp-json\/wp\/v2\/posts\/842","targetHints":{"allow":["GET"]}}],"collection":[{"href":"https:\/\/www.encontraribeiraopreto.com.br\/sobre\/wp-json\/wp\/v2\/posts"}],"about":[{"href":"https:\/\/www.encontraribeiraopreto.com.br\/sobre\/wp-json\/wp\/v2\/types\/post"}],"author":[{"embeddable":true,"href":"https:\/\/www.encontraribeiraopreto.com.br\/sobre\/wp-json\/wp\/v2\/users\/1"}],"replies":[{"embeddable":true,"href":"https:\/\/www.encontraribeiraopreto.com.br\/sobre\/wp-json\/wp\/v2\/comments?post=842"}],"version-history":[{"count":0,"href":"https:\/\/www.encontraribeiraopreto.com.br\/sobre\/wp-json\/wp\/v2\/posts\/842\/revisions"}],"wp:attachment":[{"href":"https:\/\/www.encontraribeiraopreto.com.br\/sobre\/wp-json\/wp\/v2\/media?parent=842"}],"wp:term":[{"taxonomy":"category","embeddable":true,"href":"https:\/\/www.encontraribeiraopreto.com.br\/sobre\/wp-json\/wp\/v2\/categories?post=842"},{"taxonomy":"post_tag","embeddable":true,"href":"https:\/\/www.encontraribeiraopreto.com.br\/sobre\/wp-json\/wp\/v2\/tags?post=842"}],"curies":[{"name":"wp","href":"https:\/\/api.w.org\/{rel}","templated":true}]}}