{"id":909,"date":"2012-06-25T00:01:45","date_gmt":"2012-06-25T03:01:45","guid":{"rendered":"http:\/\/www.encontraribeiraopreto.com.br\/noticias\/?p=909"},"modified":"2019-04-15T11:27:06","modified_gmt":"2019-04-15T14:27:06","slug":"acao-revitalizara-locais-historicos-de-distrito-de-ribeirao-preto","status":"publish","type":"post","link":"https:\/\/www.encontraribeiraopreto.com.br\/sobre\/acao-revitalizara-locais-historicos-de-distrito-de-ribeirao-preto\/","title":{"rendered":"A\u00e7\u00e3o revitalizar\u00e1 locais hist\u00f3ricos de distrito de Ribeir\u00e3o Preto"},"content":{"rendered":"<div class=\"cd7ef838bed10b2b4567f853226bc383\" data-index=\"1\" style=\"float: none; margin:0px;\">\n<!-- Anuncio display - global -->\r\n<ins class=\"adsbygoogle\"\r\n     style=\"display:block\"\r\n     data-ad-client=\"ca-pub-8585364105181520\"\r\n     data-ad-slot=\"8789329856\"\r\n     data-ad-format=\"auto\"\r\n     data-full-width-responsive=\"true\"><\/ins>\r\n<script>\r\n     (adsbygoogle = window.adsbygoogle || []).push({});\r\n<\/script>\r\n\n<\/div>\n<p>A <a href=\"http:\/\/www.encontraribeiraopreto.com.br\/ribeirao-preto\/prefeitura-de-ribeirao-preto.shtml\" target=\"_blank\">Prefeitura de Ribeir\u00e3o Preto<\/a> (313 km de S\u00e3o Paulo) apresentou na \u00faltima sexta-feira (22) um plano de diretrizes urbanas que alia revitaliza\u00e7\u00e3o e preserva\u00e7\u00e3o hist\u00f3rica do distrito de Bonfim Paulista.<\/p>\n<p>Entre as propostas est\u00e1 a valoriza\u00e7\u00e3o dos espa\u00e7os para pedestres &#8211;integrando pra\u00e7as e \u00e1reas comerciais&#8211;, remodela\u00e7\u00e3o das vias, cria\u00e7\u00e3o de centro c\u00edvico para apoio \u00e0s atividades coletivas e a cria\u00e7\u00e3o de um terminal de \u00f4nibus urbano.<\/p>\n<p>Tamb\u00e9m prev\u00ea a forma\u00e7\u00e3o de um espa\u00e7o para atividades esportivas e a cria\u00e7\u00e3o de parques com ciclovias.<\/p>\n<p>De acordo com a secret\u00e1ria da Cultura, Adriana Silva, trata-se um projeto inicial, elaborado por um grupo de profissionais, que recebeu apoio da Alphaville Urbanismo. A <a title=\"Empresas de Mudan\u00e7a em Ribeir\u00e3o Preto\" href=\"http:\/\/www.encontraribeiraopreto.com.br\/m\/mudancas-em-ribeirao-preto.shtml\" target=\"_blank\">empresa<\/a> est\u00e1 construindo um condom\u00ednio no local.<\/p>\n<p>A secret\u00e1ria afirmou que o projeto est\u00e1 na primeira fase e que haver\u00e1 mudan\u00e7as com participa\u00e7\u00e3o dos moradores do distrito e de especialistas.<\/p>\n<p>De acordo com ela, depois de pronto, o plano entrar\u00e1 em fase de execu\u00e7\u00e3o, com a capta\u00e7\u00e3o de recursos privados e p\u00fablicos.<\/p>\n<p>Uma alternativa \u00e9 exigir contrapartidas de empreendimentos residenciais previstos para serem viabilizados no distrito, que \u00e9 uma valorizada \u00e1rea de expans\u00e3o urbana de Ribeir\u00e3o.<\/p>\n<p>&#8220;Com um projeto pronto, podemos exigir determinadas interven\u00e7\u00f5es&#8221;, afirmou.<\/p>\n<p>Entre os objetivos do projeto est\u00e1 a preserva\u00e7\u00e3o da igreja da Par\u00f3quia Senhor Bom Jesus do Bonfim e das edifica\u00e7\u00f5es hist\u00f3ricas da rua Felisberto Almada, a principal do distrito.<\/p>\n<p><em>Fonte: Folha de S\u00e3o Paulo<\/em><\/p>\n\n<div style=\"font-size: 0px; height: 0px; line-height: 0px; margin: 0; padding: 0; clear: both;\"><\/div>","protected":false},"excerpt":{"rendered":"<p>A Prefeitura de Ribeir\u00e3o Preto (313 km de S\u00e3o Paulo) apresentou na \u00faltima sexta-feira (22) um plano de diretrizes urbanas que alia revitaliza\u00e7\u00e3o e preserva\u00e7\u00e3o hist\u00f3rica do distrito de Bonfim Paulista. Entre as propostas est\u00e1 a valoriza\u00e7\u00e3o dos espa\u00e7os para pedestres &#8211;integrando pra\u00e7as e \u00e1reas comerciais&#8211;, remodela\u00e7\u00e3o das vias, cria\u00e7\u00e3o de centro c\u00edvico para apoio \u00e0s atividades coletivas e a cria\u00e7\u00e3o de um terminal de \u00f4nibus urbano. Tamb\u00e9m prev\u00ea a forma\u00e7\u00e3o de um espa\u00e7o para atividades esportivas e a cria\u00e7\u00e3o de parques com ciclovias. De acordo com a secret\u00e1ria da Cultura, Adriana Silva, trata-se um projeto inicial, elaborado por um <\/p>\n","protected":false},"author":1,"featured_media":0,"comment_status":"open","ping_status":"closed","sticky":false,"template":"","format":"standard","meta":{"footnotes":""},"categories":[6],"tags":[14],"class_list":["post-909","post","type-post","status-publish","format-standard","hentry","category-noticias-em-ribeirao-preto","tag-ribeirao-preto"],"aioseo_notices":[],"aioseo_head":"\n\t\t<!-- All in One SEO 5.0.0.1 - aioseo.com -->\n\t<meta name=\"description\" content=\"A Prefeitura de Ribeir\u00e3o Preto (313 km de S\u00e3o Paulo) apresentou na \u00faltima sexta-feira (22) um plano de diretrizes urbanas que alia revitaliza\u00e7\u00e3o e preserva\u00e7\u00e3o hist\u00f3rica do distrito de Bonfim Paulista. Entre as propostas est\u00e1 a valoriza\u00e7\u00e3o dos espa\u00e7os para pedestres --integrando pra\u00e7as e \u00e1reas comerciais--, remodela\u00e7\u00e3o das vias, cria\u00e7\u00e3o de centro c\u00edvico para apoio\" \/>\n\t<meta name=\"robots\" content=\"max-image-preview:large\" \/>\n\t<meta name=\"author\" content=\"Encontra Ribeir\u00e3o Preto\"\/>\n\t<link rel=\"canonical\" href=\"https:\/\/www.encontraribeiraopreto.com.br\/sobre\/acao-revitalizara-locais-historicos-de-distrito-de-ribeirao-preto\/\" \/>\n\t<meta name=\"generator\" content=\"All in One SEO (AIOSEO) 5.0.0.1\" \/>\n\t\t<meta property=\"og:locale\" content=\"pt_BR\" \/>\n\t\t<meta property=\"og:site_name\" content=\"Encontra Ribeir\u00e3o Preto - Not\u00edcias, eventos, informa\u00e7\u00f5es e dicas na cidade Ribeir\u00e3o Preto e regi\u00e3o.\" \/>\n\t\t<meta property=\"og:type\" content=\"article\" \/>\n\t\t<meta property=\"og:title\" content=\"A\u00e7\u00e3o revitalizar\u00e1 locais hist\u00f3ricos de distrito de Ribeir\u00e3o Preto - Encontra Ribeir\u00e3o Preto\" \/>\n\t\t<meta property=\"og:description\" content=\"A Prefeitura de Ribeir\u00e3o Preto (313 km de S\u00e3o Paulo) apresentou na \u00faltima sexta-feira (22) um plano de diretrizes urbanas que alia revitaliza\u00e7\u00e3o e preserva\u00e7\u00e3o hist\u00f3rica do distrito de Bonfim Paulista. Entre as propostas est\u00e1 a valoriza\u00e7\u00e3o dos espa\u00e7os para pedestres --integrando pra\u00e7as e \u00e1reas comerciais--, remodela\u00e7\u00e3o das vias, cria\u00e7\u00e3o de centro c\u00edvico para apoio\" \/>\n\t\t<meta property=\"og:url\" content=\"https:\/\/www.encontraribeiraopreto.com.br\/sobre\/acao-revitalizara-locais-historicos-de-distrito-de-ribeirao-preto\/\" \/>\n\t\t<meta property=\"article:published_time\" content=\"2012-06-25T03:01:45+00:00\" \/>\n\t\t<meta property=\"article:modified_time\" content=\"2019-04-15T14:27:06+00:00\" \/>\n\t\t<meta name=\"twitter:card\" content=\"summary_large_image\" \/>\n\t\t<meta name=\"twitter:title\" content=\"A\u00e7\u00e3o revitalizar\u00e1 locais hist\u00f3ricos de distrito de Ribeir\u00e3o Preto - Encontra Ribeir\u00e3o Preto\" \/>\n\t\t<meta name=\"twitter:description\" content=\"A Prefeitura de Ribeir\u00e3o Preto (313 km de S\u00e3o Paulo) apresentou na \u00faltima sexta-feira (22) um plano de diretrizes urbanas que alia revitaliza\u00e7\u00e3o e preserva\u00e7\u00e3o hist\u00f3rica do distrito de Bonfim Paulista. Entre as propostas est\u00e1 a valoriza\u00e7\u00e3o dos espa\u00e7os para pedestres --integrando pra\u00e7as e \u00e1reas comerciais--, remodela\u00e7\u00e3o das vias, cria\u00e7\u00e3o de centro c\u00edvico para apoio\" \/>\n\t\t<script type=\"application\/ld+json\" class=\"aioseo-schema\">\n\t\t\t{\"@context\":\"https:\\\/\\\/schema.org\",\"@graph\":[{\"@type\":\"BlogPosting\",\"@id\":\"https:\\\/\\\/www.encontraribeiraopreto.com.br\\\/sobre\\\/acao-revitalizara-locais-historicos-de-distrito-de-ribeirao-preto\\\/#blogposting\",\"name\":\"A\\u00e7\\u00e3o revitalizar\\u00e1 locais hist\\u00f3ricos de distrito de Ribeir\\u00e3o Preto - Encontra Ribeir\\u00e3o Preto\",\"headline\":\"A\\u00e7\\u00e3o revitalizar\\u00e1 locais hist\\u00f3ricos de distrito de Ribeir\\u00e3o Preto\",\"author\":{\"@id\":\"https:\\\/\\\/www.encontraribeiraopreto.com.br\\\/sobre\\\/author\\\/eribeiraopreto\\\/#author\"},\"publisher\":{\"@id\":\"https:\\\/\\\/www.encontraribeiraopreto.com.br\\\/sobre\\\/#organization\"},\"datePublished\":\"2012-06-25T00:01:45-03:00\",\"dateModified\":\"2019-04-15T11:27:06-03:00\",\"inLanguage\":\"pt-BR\",\"mainEntityOfPage\":{\"@id\":\"https:\\\/\\\/www.encontraribeiraopreto.com.br\\\/sobre\\\/acao-revitalizara-locais-historicos-de-distrito-de-ribeirao-preto\\\/#webpage\"},\"isPartOf\":{\"@id\":\"https:\\\/\\\/www.encontraribeiraopreto.com.br\\\/sobre\\\/acao-revitalizara-locais-historicos-de-distrito-de-ribeirao-preto\\\/#webpage\"},\"articleSection\":\"Not\\u00edcias Ribeir\\u00e3o Preto, Ribeir\\u00e3o Preto\"},{\"@type\":\"BreadcrumbList\",\"@id\":\"https:\\\/\\\/www.encontraribeiraopreto.com.br\\\/sobre\\\/acao-revitalizara-locais-historicos-de-distrito-de-ribeirao-preto\\\/#breadcrumblist\",\"itemListElement\":[{\"@type\":\"ListItem\",\"@id\":\"https:\\\/\\\/www.encontraribeiraopreto.com.br\\\/sobre#listItem\",\"position\":1,\"name\":\"In\\u00edcio\",\"item\":\"https:\\\/\\\/www.encontraribeiraopreto.com.br\\\/sobre\",\"nextItem\":{\"@type\":\"ListItem\",\"@id\":\"https:\\\/\\\/www.encontraribeiraopreto.com.br\\\/sobre\\\/noticias-em-ribeirao-preto\\\/#listItem\",\"name\":\"Not\\u00edcias Ribeir\\u00e3o Preto\"}},{\"@type\":\"ListItem\",\"@id\":\"https:\\\/\\\/www.encontraribeiraopreto.com.br\\\/sobre\\\/noticias-em-ribeirao-preto\\\/#listItem\",\"position\":2,\"name\":\"Not\\u00edcias Ribeir\\u00e3o Preto\",\"item\":\"https:\\\/\\\/www.encontraribeiraopreto.com.br\\\/sobre\\\/noticias-em-ribeirao-preto\\\/\",\"nextItem\":{\"@type\":\"ListItem\",\"@id\":\"https:\\\/\\\/www.encontraribeiraopreto.com.br\\\/sobre\\\/acao-revitalizara-locais-historicos-de-distrito-de-ribeirao-preto\\\/#listItem\",\"name\":\"A\\u00e7\\u00e3o revitalizar\\u00e1 locais hist\\u00f3ricos de distrito de Ribeir\\u00e3o Preto\"},\"previousItem\":{\"@type\":\"ListItem\",\"@id\":\"https:\\\/\\\/www.encontraribeiraopreto.com.br\\\/sobre#listItem\",\"name\":\"In\\u00edcio\"}},{\"@type\":\"ListItem\",\"@id\":\"https:\\\/\\\/www.encontraribeiraopreto.com.br\\\/sobre\\\/acao-revitalizara-locais-historicos-de-distrito-de-ribeirao-preto\\\/#listItem\",\"position\":3,\"name\":\"A\\u00e7\\u00e3o revitalizar\\u00e1 locais hist\\u00f3ricos de distrito de Ribeir\\u00e3o Preto\",\"previousItem\":{\"@type\":\"ListItem\",\"@id\":\"https:\\\/\\\/www.encontraribeiraopreto.com.br\\\/sobre\\\/noticias-em-ribeirao-preto\\\/#listItem\",\"name\":\"Not\\u00edcias Ribeir\\u00e3o Preto\"}}]},{\"@type\":\"Organization\",\"@id\":\"https:\\\/\\\/www.encontraribeiraopreto.com.br\\\/sobre\\\/#organization\",\"name\":\"Encontra Ribeir\\u00e3o Preto\",\"description\":\"Not\\u00edcias, eventos, informa\\u00e7\\u00f5es e dicas na cidade Ribeir\\u00e3o Preto e regi\\u00e3o.\",\"url\":\"https:\\\/\\\/www.encontraribeiraopreto.com.br\\\/sobre\\\/\"},{\"@type\":\"Person\",\"@id\":\"https:\\\/\\\/www.encontraribeiraopreto.com.br\\\/sobre\\\/author\\\/eribeiraopreto\\\/#author\",\"url\":\"https:\\\/\\\/www.encontraribeiraopreto.com.br\\\/sobre\\\/author\\\/eribeiraopreto\\\/\",\"name\":\"Encontra Ribeir\\u00e3o Preto\",\"image\":{\"@type\":\"ImageObject\",\"@id\":\"https:\\\/\\\/www.encontraribeiraopreto.com.br\\\/sobre\\\/acao-revitalizara-locais-historicos-de-distrito-de-ribeirao-preto\\\/#authorImage\",\"url\":\"https:\\\/\\\/secure.gravatar.com\\\/avatar\\\/507340682b8270222e1f208e23198b6ae7e2c6a1033ae84e99bc6bce4f82a387?s=96&d=mm&r=g\",\"width\":96,\"height\":96,\"caption\":\"Encontra Ribeir\\u00e3o Preto\"}},{\"@type\":\"WebPage\",\"@id\":\"https:\\\/\\\/www.encontraribeiraopreto.com.br\\\/sobre\\\/acao-revitalizara-locais-historicos-de-distrito-de-ribeirao-preto\\\/#webpage\",\"url\":\"https:\\\/\\\/www.encontraribeiraopreto.com.br\\\/sobre\\\/acao-revitalizara-locais-historicos-de-distrito-de-ribeirao-preto\\\/\",\"name\":\"A\\u00e7\\u00e3o revitalizar\\u00e1 locais hist\\u00f3ricos de distrito de Ribeir\\u00e3o Preto - Encontra Ribeir\\u00e3o Preto\",\"description\":\"A Prefeitura de Ribeir\\u00e3o Preto (313 km de S\\u00e3o Paulo) apresentou na \\u00faltima sexta-feira (22) um plano de diretrizes urbanas que alia revitaliza\\u00e7\\u00e3o e preserva\\u00e7\\u00e3o hist\\u00f3rica do distrito de Bonfim Paulista. Entre as propostas est\\u00e1 a valoriza\\u00e7\\u00e3o dos espa\\u00e7os para pedestres --integrando pra\\u00e7as e \\u00e1reas comerciais--, remodela\\u00e7\\u00e3o das vias, cria\\u00e7\\u00e3o de centro c\\u00edvico para apoio\",\"inLanguage\":\"pt-BR\",\"isPartOf\":{\"@id\":\"https:\\\/\\\/www.encontraribeiraopreto.com.br\\\/sobre\\\/#website\"},\"breadcrumb\":{\"@id\":\"https:\\\/\\\/www.encontraribeiraopreto.com.br\\\/sobre\\\/acao-revitalizara-locais-historicos-de-distrito-de-ribeirao-preto\\\/#breadcrumblist\"},\"author\":{\"@id\":\"https:\\\/\\\/www.encontraribeiraopreto.com.br\\\/sobre\\\/author\\\/eribeiraopreto\\\/#author\"},\"creator\":{\"@id\":\"https:\\\/\\\/www.encontraribeiraopreto.com.br\\\/sobre\\\/author\\\/eribeiraopreto\\\/#author\"},\"datePublished\":\"2012-06-25T00:01:45-03:00\",\"dateModified\":\"2019-04-15T11:27:06-03:00\"},{\"@type\":\"WebSite\",\"@id\":\"https:\\\/\\\/www.encontraribeiraopreto.com.br\\\/sobre\\\/#website\",\"url\":\"https:\\\/\\\/www.encontraribeiraopreto.com.br\\\/sobre\\\/\",\"name\":\"Encontra Ribeir\\u00e3o Preto\",\"description\":\"Not\\u00edcias, eventos, informa\\u00e7\\u00f5es e dicas na cidade Ribeir\\u00e3o Preto e regi\\u00e3o.\",\"inLanguage\":\"pt-BR\",\"publisher\":{\"@id\":\"https:\\\/\\\/www.encontraribeiraopreto.com.br\\\/sobre\\\/#organization\"}}]}\n\t\t<\/script>\n\t\t<!-- All in One SEO -->\n\n","aioseo_head_json":{"title":"A\u00e7\u00e3o revitalizar\u00e1 locais hist\u00f3ricos de distrito de Ribeir\u00e3o Preto - Encontra Ribeir\u00e3o Preto","description":"A Prefeitura de Ribeir\u00e3o Preto (313 km de S\u00e3o Paulo) apresentou na \u00faltima sexta-feira (22) um plano de diretrizes urbanas que alia revitaliza\u00e7\u00e3o e preserva\u00e7\u00e3o hist\u00f3rica do distrito de Bonfim Paulista. Entre as propostas est\u00e1 a valoriza\u00e7\u00e3o dos espa\u00e7os para pedestres --integrando pra\u00e7as e \u00e1reas comerciais--, remodela\u00e7\u00e3o das vias, cria\u00e7\u00e3o de centro c\u00edvico para apoio","canonical_url":"https:\/\/www.encontraribeiraopreto.com.br\/sobre\/acao-revitalizara-locais-historicos-de-distrito-de-ribeirao-preto\/","robots":"max-image-preview:large","keywords":"","webmasterTools":{"miscellaneous":""},"schema":{"@context":"https:\/\/schema.org","@graph":[{"@type":"BlogPosting","@id":"https:\/\/www.encontraribeiraopreto.com.br\/sobre\/acao-revitalizara-locais-historicos-de-distrito-de-ribeirao-preto\/#blogposting","name":"A\u00e7\u00e3o revitalizar\u00e1 locais hist\u00f3ricos de distrito de Ribeir\u00e3o Preto - Encontra Ribeir\u00e3o Preto","headline":"A\u00e7\u00e3o revitalizar\u00e1 locais hist\u00f3ricos de distrito de Ribeir\u00e3o Preto","author":{"@id":"https:\/\/www.encontraribeiraopreto.com.br\/sobre\/author\/eribeiraopreto\/#author"},"publisher":{"@id":"https:\/\/www.encontraribeiraopreto.com.br\/sobre\/#organization"},"datePublished":"2012-06-25T00:01:45-03:00","dateModified":"2019-04-15T11:27:06-03:00","inLanguage":"pt-BR","mainEntityOfPage":{"@id":"https:\/\/www.encontraribeiraopreto.com.br\/sobre\/acao-revitalizara-locais-historicos-de-distrito-de-ribeirao-preto\/#webpage"},"isPartOf":{"@id":"https:\/\/www.encontraribeiraopreto.com.br\/sobre\/acao-revitalizara-locais-historicos-de-distrito-de-ribeirao-preto\/#webpage"},"articleSection":"Not\u00edcias Ribeir\u00e3o Preto, Ribeir\u00e3o Preto"},{"@type":"BreadcrumbList","@id":"https:\/\/www.encontraribeiraopreto.com.br\/sobre\/acao-revitalizara-locais-historicos-de-distrito-de-ribeirao-preto\/#breadcrumblist","itemListElement":[{"@type":"ListItem","@id":"https:\/\/www.encontraribeiraopreto.com.br\/sobre#listItem","position":1,"name":"In\u00edcio","item":"https:\/\/www.encontraribeiraopreto.com.br\/sobre","nextItem":{"@type":"ListItem","@id":"https:\/\/www.encontraribeiraopreto.com.br\/sobre\/noticias-em-ribeirao-preto\/#listItem","name":"Not\u00edcias Ribeir\u00e3o Preto"}},{"@type":"ListItem","@id":"https:\/\/www.encontraribeiraopreto.com.br\/sobre\/noticias-em-ribeirao-preto\/#listItem","position":2,"name":"Not\u00edcias Ribeir\u00e3o Preto","item":"https:\/\/www.encontraribeiraopreto.com.br\/sobre\/noticias-em-ribeirao-preto\/","nextItem":{"@type":"ListItem","@id":"https:\/\/www.encontraribeiraopreto.com.br\/sobre\/acao-revitalizara-locais-historicos-de-distrito-de-ribeirao-preto\/#listItem","name":"A\u00e7\u00e3o revitalizar\u00e1 locais hist\u00f3ricos de distrito de Ribeir\u00e3o Preto"},"previousItem":{"@type":"ListItem","@id":"https:\/\/www.encontraribeiraopreto.com.br\/sobre#listItem","name":"In\u00edcio"}},{"@type":"ListItem","@id":"https:\/\/www.encontraribeiraopreto.com.br\/sobre\/acao-revitalizara-locais-historicos-de-distrito-de-ribeirao-preto\/#listItem","position":3,"name":"A\u00e7\u00e3o revitalizar\u00e1 locais hist\u00f3ricos de distrito de Ribeir\u00e3o Preto","previousItem":{"@type":"ListItem","@id":"https:\/\/www.encontraribeiraopreto.com.br\/sobre\/noticias-em-ribeirao-preto\/#listItem","name":"Not\u00edcias Ribeir\u00e3o Preto"}}]},{"@type":"Organization","@id":"https:\/\/www.encontraribeiraopreto.com.br\/sobre\/#organization","name":"Encontra Ribeir\u00e3o Preto","description":"Not\u00edcias, eventos, informa\u00e7\u00f5es e dicas na cidade Ribeir\u00e3o Preto e regi\u00e3o.","url":"https:\/\/www.encontraribeiraopreto.com.br\/sobre\/"},{"@type":"Person","@id":"https:\/\/www.encontraribeiraopreto.com.br\/sobre\/author\/eribeiraopreto\/#author","url":"https:\/\/www.encontraribeiraopreto.com.br\/sobre\/author\/eribeiraopreto\/","name":"Encontra Ribeir\u00e3o Preto","image":{"@type":"ImageObject","@id":"https:\/\/www.encontraribeiraopreto.com.br\/sobre\/acao-revitalizara-locais-historicos-de-distrito-de-ribeirao-preto\/#authorImage","url":"https:\/\/secure.gravatar.com\/avatar\/507340682b8270222e1f208e23198b6ae7e2c6a1033ae84e99bc6bce4f82a387?s=96&d=mm&r=g","width":96,"height":96,"caption":"Encontra Ribeir\u00e3o Preto"}},{"@type":"WebPage","@id":"https:\/\/www.encontraribeiraopreto.com.br\/sobre\/acao-revitalizara-locais-historicos-de-distrito-de-ribeirao-preto\/#webpage","url":"https:\/\/www.encontraribeiraopreto.com.br\/sobre\/acao-revitalizara-locais-historicos-de-distrito-de-ribeirao-preto\/","name":"A\u00e7\u00e3o revitalizar\u00e1 locais hist\u00f3ricos de distrito de Ribeir\u00e3o Preto - Encontra Ribeir\u00e3o Preto","description":"A Prefeitura de Ribeir\u00e3o Preto (313 km de S\u00e3o Paulo) apresentou na \u00faltima sexta-feira (22) um plano de diretrizes urbanas que alia revitaliza\u00e7\u00e3o e preserva\u00e7\u00e3o hist\u00f3rica do distrito de Bonfim Paulista. Entre as propostas est\u00e1 a valoriza\u00e7\u00e3o dos espa\u00e7os para pedestres --integrando pra\u00e7as e \u00e1reas comerciais--, remodela\u00e7\u00e3o das vias, cria\u00e7\u00e3o de centro c\u00edvico para apoio","inLanguage":"pt-BR","isPartOf":{"@id":"https:\/\/www.encontraribeiraopreto.com.br\/sobre\/#website"},"breadcrumb":{"@id":"https:\/\/www.encontraribeiraopreto.com.br\/sobre\/acao-revitalizara-locais-historicos-de-distrito-de-ribeirao-preto\/#breadcrumblist"},"author":{"@id":"https:\/\/www.encontraribeiraopreto.com.br\/sobre\/author\/eribeiraopreto\/#author"},"creator":{"@id":"https:\/\/www.encontraribeiraopreto.com.br\/sobre\/author\/eribeiraopreto\/#author"},"datePublished":"2012-06-25T00:01:45-03:00","dateModified":"2019-04-15T11:27:06-03:00"},{"@type":"WebSite","@id":"https:\/\/www.encontraribeiraopreto.com.br\/sobre\/#website","url":"https:\/\/www.encontraribeiraopreto.com.br\/sobre\/","name":"Encontra Ribeir\u00e3o Preto","description":"Not\u00edcias, eventos, informa\u00e7\u00f5es e dicas na cidade Ribeir\u00e3o Preto e regi\u00e3o.","inLanguage":"pt-BR","publisher":{"@id":"https:\/\/www.encontraribeiraopreto.com.br\/sobre\/#organization"}}]},"og:locale":"pt_BR","og:site_name":"Encontra Ribeir\u00e3o Preto - Not\u00edcias, eventos, informa\u00e7\u00f5es e dicas na cidade Ribeir\u00e3o Preto e regi\u00e3o.","og:type":"article","og:title":"A\u00e7\u00e3o revitalizar\u00e1 locais hist\u00f3ricos de distrito de Ribeir\u00e3o Preto - Encontra Ribeir\u00e3o Preto","og:description":"A Prefeitura de Ribeir\u00e3o Preto (313 km de S\u00e3o Paulo) apresentou na \u00faltima sexta-feira (22) um plano de diretrizes urbanas que alia revitaliza\u00e7\u00e3o e preserva\u00e7\u00e3o hist\u00f3rica do distrito de Bonfim Paulista. Entre as propostas est\u00e1 a valoriza\u00e7\u00e3o dos espa\u00e7os para pedestres --integrando pra\u00e7as e \u00e1reas comerciais--, remodela\u00e7\u00e3o das vias, cria\u00e7\u00e3o de centro c\u00edvico para apoio","og:url":"https:\/\/www.encontraribeiraopreto.com.br\/sobre\/acao-revitalizara-locais-historicos-de-distrito-de-ribeirao-preto\/","article:published_time":"2012-06-25T03:01:45+00:00","article:modified_time":"2019-04-15T14:27:06+00:00","twitter:card":"summary_large_image","twitter:title":"A\u00e7\u00e3o revitalizar\u00e1 locais hist\u00f3ricos de distrito de Ribeir\u00e3o Preto - Encontra Ribeir\u00e3o Preto","twitter:description":"A Prefeitura de Ribeir\u00e3o Preto (313 km de S\u00e3o Paulo) apresentou na \u00faltima sexta-feira (22) um plano de diretrizes urbanas que alia revitaliza\u00e7\u00e3o e preserva\u00e7\u00e3o hist\u00f3rica do distrito de Bonfim Paulista. Entre as propostas est\u00e1 a valoriza\u00e7\u00e3o dos espa\u00e7os para pedestres --integrando pra\u00e7as e \u00e1reas comerciais--, remodela\u00e7\u00e3o das vias, cria\u00e7\u00e3o de centro c\u00edvico para apoio"},"aioseo_meta_data":{"post_id":"909","title":null,"description":null,"keywords":null,"keyphrases":null,"primary_term":null,"canonical_url":null,"og_title":null,"og_description":null,"og_object_type":"default","og_image_type":"default","og_image_url":null,"og_image_width":null,"og_image_height":null,"og_image_custom_url":null,"og_image_custom_fields":null,"og_video":null,"og_custom_url":null,"og_article_section":null,"og_article_tags":null,"twitter_use_og":false,"twitter_card":"default","twitter_image_type":"default","twitter_image_url":null,"twitter_image_custom_url":null,"twitter_image_custom_fields":null,"twitter_title":null,"twitter_description":null,"schema":{"blockGraphs":[],"customGraphs":[],"default":{"data":{"Article":[],"Course":[],"Dataset":[],"FAQPage":[],"Movie":[],"Person":[],"Product":[],"ProductReview":[],"Car":[],"Recipe":[],"Service":[],"SoftwareApplication":[],"WebPage":[]},"graphName":"BlogPosting","isEnabled":true},"graphs":[]},"schema_type":null,"schema_type_options":null,"pillar_content":false,"robots_default":true,"robots_noindex":false,"robots_noarchive":false,"robots_nosnippet":false,"robots_nofollow":false,"robots_noimageindex":false,"robots_noodp":false,"robots_notranslate":false,"robots_max_snippet":null,"robots_max_videopreview":null,"robots_max_imagepreview":"large","priority":null,"frequency":null,"local_seo":null,"limit_modified_date":false,"created":"2021-02-24 13:35:01","updated":"2023-03-05 22:41:02","focus_keyword":null,"additional_keywords":null,"truseo_locale":null,"ai":null,"breadcrumb_settings":null,"seo_analyzer_scan_date":null},"aioseo_breadcrumb":"<div class=\"aioseo-breadcrumbs\"><span class=\"aioseo-breadcrumb\">\n\t\t\t<a href=\"https:\/\/www.encontraribeiraopreto.com.br\/sobre\" title=\"In\u00edcio\">In\u00edcio<\/a>\n\t\t<\/span><span class=\"aioseo-breadcrumb-separator\">&raquo;<\/span><span class=\"aioseo-breadcrumb\">\n\t\t\t<a href=\"https:\/\/www.encontraribeiraopreto.com.br\/sobre\/noticias-em-ribeirao-preto\/\" title=\"Not\u00edcias Ribeir\u00e3o Preto\">Not\u00edcias Ribeir\u00e3o Preto<\/a>\n\t\t<\/span><span class=\"aioseo-breadcrumb-separator\">&raquo;<\/span><span class=\"aioseo-breadcrumb\">\n\t\t\tA\u00e7\u00e3o revitalizar\u00e1 locais hist\u00f3ricos de distrito de Ribeir\u00e3o Preto\n\t\t<\/span><\/div>","aioseo_breadcrumb_json":[{"label":"In\u00edcio","link":"https:\/\/www.encontraribeiraopreto.com.br\/sobre"},{"label":"Not\u00edcias Ribeir\u00e3o Preto","link":"https:\/\/www.encontraribeiraopreto.com.br\/sobre\/noticias-em-ribeirao-preto\/"},{"label":"A\u00e7\u00e3o revitalizar\u00e1 locais hist\u00f3ricos de distrito de Ribeir\u00e3o Preto","link":"https:\/\/www.encontraribeiraopreto.com.br\/sobre\/acao-revitalizara-locais-historicos-de-distrito-de-ribeirao-preto\/"}],"_links":{"self":[{"href":"https:\/\/www.encontraribeiraopreto.com.br\/sobre\/wp-json\/wp\/v2\/posts\/909","targetHints":{"allow":["GET"]}}],"collection":[{"href":"https:\/\/www.encontraribeiraopreto.com.br\/sobre\/wp-json\/wp\/v2\/posts"}],"about":[{"href":"https:\/\/www.encontraribeiraopreto.com.br\/sobre\/wp-json\/wp\/v2\/types\/post"}],"author":[{"embeddable":true,"href":"https:\/\/www.encontraribeiraopreto.com.br\/sobre\/wp-json\/wp\/v2\/users\/1"}],"replies":[{"embeddable":true,"href":"https:\/\/www.encontraribeiraopreto.com.br\/sobre\/wp-json\/wp\/v2\/comments?post=909"}],"version-history":[{"count":0,"href":"https:\/\/www.encontraribeiraopreto.com.br\/sobre\/wp-json\/wp\/v2\/posts\/909\/revisions"}],"wp:attachment":[{"href":"https:\/\/www.encontraribeiraopreto.com.br\/sobre\/wp-json\/wp\/v2\/media?parent=909"}],"wp:term":[{"taxonomy":"category","embeddable":true,"href":"https:\/\/www.encontraribeiraopreto.com.br\/sobre\/wp-json\/wp\/v2\/categories?post=909"},{"taxonomy":"post_tag","embeddable":true,"href":"https:\/\/www.encontraribeiraopreto.com.br\/sobre\/wp-json\/wp\/v2\/tags?post=909"}],"curies":[{"name":"wp","href":"https:\/\/api.w.org\/{rel}","templated":true}]}}